{"id":21384,"date":"2018-09-04T06:50:00","date_gmt":"2018-09-04T04:50:00","guid":{"rendered":"https:\/\/4000mil.se\/?p=21384"},"modified":"2025-09-04T21:12:25","modified_gmt":"2025-09-04T19:12:25","slug":"vandring-i-dolomiterna-seiser-alm-zallingerhytte-och-sasso-piatto","status":"publish","type":"post","link":"https:\/\/4000mil.se\/index.php\/vandring-i-dolomiterna-seiser-alm-zallingerhytte-och-sasso-piatto\/","title":{"rendered":"Vandring i Dolomiterna: Seiser Alm, Zallingerhytte och Sasso Piatto"},"content":{"rendered":"\n<p>Vi har haft tv\u00e5 helt sjukt perfekta vandringsdagar i Dolomiterna. Vi har g\u00e5tt l\u00e5ngt och mycket. V\u00e5ra ben, kn\u00e4n och leder \u00e4r kl\u00e4dsamt m\u00f6ra. Nu \u00e4r det tredje och sista vandringsdagen. Sista chansen att uppleva. Och samtidigt en viss <em>n\u00f6jdhet<\/em> \u00e4nd\u00e5. I och med att vi redan f\u00e5tt uppleva s\u00e5 mycket.<\/p>\n\n\n\n<figure class=\"wp-block-image\"><img loading=\"lazy\" decoding=\"async\" width=\"1024\" height=\"768\" src=\"https:\/\/4000mil.se\/wp-content\/uploads\/2018\/09\/P1240374-1024x768.jpg\" alt=\"\" class=\"wp-image-21596\" srcset=\"https:\/\/4000mil.se\/wp-content\/uploads\/2018\/09\/P1240374-1024x768.jpg 1024w, https:\/\/4000mil.se\/wp-content\/uploads\/2018\/09\/P1240374-300x225.jpg 300w, https:\/\/4000mil.se\/wp-content\/uploads\/2018\/09\/P1240374-768x576.jpg 768w, https:\/\/4000mil.se\/wp-content\/uploads\/2018\/09\/P1240374-2000x1500.jpg 2000w, https:\/\/4000mil.se\/wp-content\/uploads\/2018\/09\/P1240374-800x600.jpg 800w, https:\/\/4000mil.se\/wp-content\/uploads\/2018\/09\/P1240374.jpg 2048w\" sizes=\"auto, (max-width: 1024px) 100vw, 1024px\" \/><\/figure>\n\n\n\n<p>Vi \u00f6verger inte ett vinnande koncept i f\u00f6rsta taget. \u00c4ven denna morgon avslutar vi frukosten p\u00e5 <a href=\"https:\/\/4000mil.se\/index.php\/hotel-fanes-i-val-gardena\/\">Hotel Fanes<\/a> genom att l\u00e5ta \u00e4garen, Simon avg\u00f6ra vart dagens vandring b\u00f6r g\u00e5.<\/p>\n\n\n\n<p>Ny karta fram, nya tuschpennor och skisser.<\/p>\n\n\n\n<p>Dagens vandring startar i Monte Pana. H\u00e4r parkerar vi bilen. Med facit i hand hade det varit b\u00e4ttre att parkera nere i St Christina. D\u00e5 hade vi bara kunnat ta buss tillbaka till bilen i slutet av dagen. Som det nu var blev vi tvungna att vandra tillbaka samma v\u00e4g hem. Inte 100% optimalt.<\/p>\n\n\n\n<figure class=\"wp-block-image\"><img loading=\"lazy\" decoding=\"async\" width=\"1024\" height=\"683\" src=\"https:\/\/4000mil.se\/wp-content\/uploads\/2018\/09\/IMG_7067-1024x683.jpg\" alt=\"\" class=\"wp-image-21597\" srcset=\"https:\/\/4000mil.se\/wp-content\/uploads\/2018\/09\/IMG_7067-1024x683.jpg 1024w, https:\/\/4000mil.se\/wp-content\/uploads\/2018\/09\/IMG_7067-300x200.jpg 300w, https:\/\/4000mil.se\/wp-content\/uploads\/2018\/09\/IMG_7067-768x512.jpg 768w, https:\/\/4000mil.se\/wp-content\/uploads\/2018\/09\/IMG_7067-2000x1333.jpg 2000w, https:\/\/4000mil.se\/wp-content\/uploads\/2018\/09\/IMG_7067-800x533.jpg 800w, https:\/\/4000mil.se\/wp-content\/uploads\/2018\/09\/IMG_7067.jpg 2048w\" sizes=\"auto, (max-width: 1024px) 100vw, 1024px\" \/><\/figure>\n\n\n\n<p>F\u00f6rsta timmen av vandringen g\u00e5r genom granskog. Ungef\u00e4r en timme tar det till <strong><em>Saltria<\/em><\/strong>. H\u00e4r tar vi stolsliften upp till. <strong><em>Williamshytte<\/em><\/strong>. Nu b\u00f6rjar vi komma upp p\u00e5 komforth\u00f6jd f\u00f6r lite sjyssta vyer. Sasslungo-massivet fr\u00e5n andra h\u00e5llet nu.<\/p>\n\n\n\n<p>H\u00e4r uppifr\u00e5n \u00e4r det enkelt att se hur vandringarna g\u00e5r. Om vi sv\u00e4ngt v\u00e4ster i st\u00e4llet f\u00f6r tillbaka h\u00f6ger efter <strong><em>Langkopfelhytte&nbsp;<\/em><\/strong>v\u00e5r f\u00f6rsta dag, s\u00e5 hade vi s\u00e5 sm\u00e5ningom hamnat h\u00e4r d\u00e4r vi \u00e4r nu.<\/p>\n\n\n\n<figure class=\"wp-block-image alignnone size-large wp-image-21598\"><img loading=\"lazy\" decoding=\"async\" width=\"1024\" height=\"768\" src=\"https:\/\/4000mil.se\/wp-content\/uploads\/2018\/09\/P1240314-1024x768.jpg\" alt=\"\" class=\"wp-image-21598\" srcset=\"https:\/\/4000mil.se\/wp-content\/uploads\/2018\/09\/P1240314-1024x768.jpg 1024w, https:\/\/4000mil.se\/wp-content\/uploads\/2018\/09\/P1240314-300x225.jpg 300w, https:\/\/4000mil.se\/wp-content\/uploads\/2018\/09\/P1240314-768x576.jpg 768w, https:\/\/4000mil.se\/wp-content\/uploads\/2018\/09\/P1240314-2000x1500.jpg 2000w, https:\/\/4000mil.se\/wp-content\/uploads\/2018\/09\/P1240314-800x600.jpg 800w, https:\/\/4000mil.se\/wp-content\/uploads\/2018\/09\/P1240314.jpg 2048w\" sizes=\"auto, (max-width: 1024px) 100vw, 1024px\" \/><figcaption class=\"wp-element-caption\">D\u00e4r borta gick vi ju ig\u00e5r!<\/figcaption><\/figure>\n\n\n\n<p>N\u00e5gra alp\u00e4ngar och betande ko-hjordar senare n\u00e5r vi den helt nybyggda&nbsp;<em><strong>Zallingerhytte<\/strong><\/em>. Den s\u00f6ta kyrkan, utsikten och den trevliga <em>tyrolertallriken<\/em> f\u00e5r oss att k\u00e4nna ett akut behov av lunch.<\/p>\n\n\n\n<figure class=\"wp-block-image\"><img loading=\"lazy\" decoding=\"async\" width=\"1024\" height=\"768\" src=\"https:\/\/4000mil.se\/wp-content\/uploads\/2018\/09\/P1240327-1024x768.jpg\" alt=\"\" class=\"wp-image-21599\" srcset=\"https:\/\/4000mil.se\/wp-content\/uploads\/2018\/09\/P1240327-1024x768.jpg 1024w, https:\/\/4000mil.se\/wp-content\/uploads\/2018\/09\/P1240327-300x225.jpg 300w, https:\/\/4000mil.se\/wp-content\/uploads\/2018\/09\/P1240327-768x576.jpg 768w, https:\/\/4000mil.se\/wp-content\/uploads\/2018\/09\/P1240327-2000x1500.jpg 2000w, https:\/\/4000mil.se\/wp-content\/uploads\/2018\/09\/P1240327-800x600.jpg 800w, https:\/\/4000mil.se\/wp-content\/uploads\/2018\/09\/P1240327.jpg 2048w\" sizes=\"auto, (max-width: 1024px) 100vw, 1024px\" \/><\/figure>\n\n\n\n<figure class=\"wp-block-image\"><img loading=\"lazy\" decoding=\"async\" width=\"1024\" height=\"768\" src=\"https:\/\/4000mil.se\/wp-content\/uploads\/2018\/09\/P1240302-1-1024x768.jpg\" alt=\"\" class=\"wp-image-21614\" srcset=\"https:\/\/4000mil.se\/wp-content\/uploads\/2018\/09\/P1240302-1-1024x768.jpg 1024w, https:\/\/4000mil.se\/wp-content\/uploads\/2018\/09\/P1240302-1-300x225.jpg 300w, https:\/\/4000mil.se\/wp-content\/uploads\/2018\/09\/P1240302-1-768x576.jpg 768w, https:\/\/4000mil.se\/wp-content\/uploads\/2018\/09\/P1240302-1-2000x1500.jpg 2000w, https:\/\/4000mil.se\/wp-content\/uploads\/2018\/09\/P1240302-1-800x600.jpg 800w, https:\/\/4000mil.se\/wp-content\/uploads\/2018\/09\/P1240302-1.jpg 2048w\" sizes=\"auto, (max-width: 1024px) 100vw, 1024px\" \/><\/figure>\n\n\n\n<figure class=\"wp-block-image\"><img loading=\"lazy\" decoding=\"async\" width=\"1024\" height=\"768\" src=\"https:\/\/4000mil.se\/wp-content\/uploads\/2018\/09\/P1240330-1024x768.jpg\" alt=\"\" class=\"wp-image-21600\" srcset=\"https:\/\/4000mil.se\/wp-content\/uploads\/2018\/09\/P1240330-1024x768.jpg 1024w, https:\/\/4000mil.se\/wp-content\/uploads\/2018\/09\/P1240330-300x225.jpg 300w, https:\/\/4000mil.se\/wp-content\/uploads\/2018\/09\/P1240330-768x576.jpg 768w, https:\/\/4000mil.se\/wp-content\/uploads\/2018\/09\/P1240330-2000x1500.jpg 2000w, https:\/\/4000mil.se\/wp-content\/uploads\/2018\/09\/P1240330-800x600.jpg 800w, https:\/\/4000mil.se\/wp-content\/uploads\/2018\/09\/P1240330.jpg 2048w\" sizes=\"auto, (max-width: 1024px) 100vw, 1024px\" \/><\/figure>\n\n\n\n<figure class=\"wp-block-image\"><img loading=\"lazy\" decoding=\"async\" width=\"1024\" height=\"800\" src=\"https:\/\/4000mil.se\/wp-content\/uploads\/2018\/09\/P1240332-1024x800.jpg\" alt=\"\" class=\"wp-image-21595\" srcset=\"https:\/\/4000mil.se\/wp-content\/uploads\/2018\/09\/P1240332-1024x800.jpg 1024w, https:\/\/4000mil.se\/wp-content\/uploads\/2018\/09\/P1240332-300x234.jpg 300w, https:\/\/4000mil.se\/wp-content\/uploads\/2018\/09\/P1240332-768x600.jpg 768w, https:\/\/4000mil.se\/wp-content\/uploads\/2018\/09\/P1240332-2000x1562.jpg 2000w, https:\/\/4000mil.se\/wp-content\/uploads\/2018\/09\/P1240332-800x625.jpg 800w, https:\/\/4000mil.se\/wp-content\/uploads\/2018\/09\/P1240332-90x70.jpg 90w, https:\/\/4000mil.se\/wp-content\/uploads\/2018\/09\/P1240332.jpg 2048w\" sizes=\"auto, (max-width: 1024px) 100vw, 1024px\" \/><\/figure>\n\n\n\n<p>Vi vandrar upp\u00e5t mot Sasso Piatto Rifugio. Det fantastiska sommarv\u00e4dret har lite grann \u00f6vergett oss idag. Sol fortfarande visserligen, men f\u00f6rv\u00e5nade l\u00e5ga temperaturer och en isande vind som tvingar p\u00e5 oss l\u00e5ngbyxor, jackor och vindt\u00e4t huva.<\/p>\n\n\n\n<figure class=\"wp-block-image\"><img loading=\"lazy\" decoding=\"async\" width=\"1024\" height=\"683\" src=\"https:\/\/4000mil.se\/wp-content\/uploads\/2018\/09\/IMG_7152-1024x683.jpg\" alt=\"\" class=\"wp-image-21601\" srcset=\"https:\/\/4000mil.se\/wp-content\/uploads\/2018\/09\/IMG_7152-1024x683.jpg 1024w, https:\/\/4000mil.se\/wp-content\/uploads\/2018\/09\/IMG_7152-300x200.jpg 300w, https:\/\/4000mil.se\/wp-content\/uploads\/2018\/09\/IMG_7152-768x512.jpg 768w, https:\/\/4000mil.se\/wp-content\/uploads\/2018\/09\/IMG_7152-2000x1333.jpg 2000w, https:\/\/4000mil.se\/wp-content\/uploads\/2018\/09\/IMG_7152-800x533.jpg 800w, https:\/\/4000mil.se\/wp-content\/uploads\/2018\/09\/IMG_7152.jpg 2048w\" sizes=\"auto, (max-width: 1024px) 100vw, 1024px\" \/><\/figure>\n\n\n\n<figure class=\"wp-block-image\"><img loading=\"lazy\" decoding=\"async\" width=\"1024\" height=\"683\" src=\"https:\/\/4000mil.se\/wp-content\/uploads\/2018\/09\/IMG_7162-1024x683.jpg\" alt=\"\" class=\"wp-image-21612\" srcset=\"https:\/\/4000mil.se\/wp-content\/uploads\/2018\/09\/IMG_7162-1024x683.jpg 1024w, https:\/\/4000mil.se\/wp-content\/uploads\/2018\/09\/IMG_7162-300x200.jpg 300w, https:\/\/4000mil.se\/wp-content\/uploads\/2018\/09\/IMG_7162-768x512.jpg 768w, https:\/\/4000mil.se\/wp-content\/uploads\/2018\/09\/IMG_7162-2000x1333.jpg 2000w, https:\/\/4000mil.se\/wp-content\/uploads\/2018\/09\/IMG_7162-800x533.jpg 800w, https:\/\/4000mil.se\/wp-content\/uploads\/2018\/09\/IMG_7162.jpg 2048w\" sizes=\"auto, (max-width: 1024px) 100vw, 1024px\" \/><\/figure>\n\n\n\n<figure class=\"wp-block-image\"><img loading=\"lazy\" decoding=\"async\" width=\"1024\" height=\"768\" src=\"https:\/\/4000mil.se\/wp-content\/uploads\/2018\/09\/P1240353-1024x768.jpg\" alt=\"\" class=\"wp-image-21613\" srcset=\"https:\/\/4000mil.se\/wp-content\/uploads\/2018\/09\/P1240353-1024x768.jpg 1024w, https:\/\/4000mil.se\/wp-content\/uploads\/2018\/09\/P1240353-300x225.jpg 300w, https:\/\/4000mil.se\/wp-content\/uploads\/2018\/09\/P1240353-768x576.jpg 768w, https:\/\/4000mil.se\/wp-content\/uploads\/2018\/09\/P1240353-2000x1500.jpg 2000w, https:\/\/4000mil.se\/wp-content\/uploads\/2018\/09\/P1240353-800x600.jpg 800w, https:\/\/4000mil.se\/wp-content\/uploads\/2018\/09\/P1240353.jpg 2048w\" sizes=\"auto, (max-width: 1024px) 100vw, 1024px\" \/><\/figure>\n\n\n\n<figure class=\"wp-block-image\"><img loading=\"lazy\" decoding=\"async\" width=\"1024\" height=\"768\" src=\"https:\/\/4000mil.se\/wp-content\/uploads\/2018\/09\/P1240366-1024x768.jpg\" alt=\"\" class=\"wp-image-21604\" srcset=\"https:\/\/4000mil.se\/wp-content\/uploads\/2018\/09\/P1240366-1024x768.jpg 1024w, https:\/\/4000mil.se\/wp-content\/uploads\/2018\/09\/P1240366-300x225.jpg 300w, https:\/\/4000mil.se\/wp-content\/uploads\/2018\/09\/P1240366-768x576.jpg 768w, https:\/\/4000mil.se\/wp-content\/uploads\/2018\/09\/P1240366-2000x1500.jpg 2000w, https:\/\/4000mil.se\/wp-content\/uploads\/2018\/09\/P1240366-800x600.jpg 800w, https:\/\/4000mil.se\/wp-content\/uploads\/2018\/09\/P1240366.jpg 2048w\" sizes=\"auto, (max-width: 1024px) 100vw, 1024px\" \/><\/figure>\n\n\n\n<p>Det blir samma v\u00e4g tillbaka. En n\u00e4rg\u00e5ngen \u00e5sna genomf\u00f6r kroppsvisitation p\u00e5 b\u00e5de Christofer och hans kamera.<\/p>\n\n\n\n<figure class=\"wp-block-image\"><img loading=\"lazy\" decoding=\"async\" width=\"1024\" height=\"765\" src=\"https:\/\/4000mil.se\/wp-content\/uploads\/2018\/09\/donkeyCollage-1024x765.jpg\" alt=\"\" class=\"wp-image-21607\" srcset=\"https:\/\/4000mil.se\/wp-content\/uploads\/2018\/09\/donkeyCollage-1024x765.jpg 1024w, https:\/\/4000mil.se\/wp-content\/uploads\/2018\/09\/donkeyCollage-300x224.jpg 300w, https:\/\/4000mil.se\/wp-content\/uploads\/2018\/09\/donkeyCollage-768x574.jpg 768w, https:\/\/4000mil.se\/wp-content\/uploads\/2018\/09\/donkeyCollage-2000x1494.jpg 2000w, https:\/\/4000mil.se\/wp-content\/uploads\/2018\/09\/donkeyCollage-800x598.jpg 800w\" sizes=\"auto, (max-width: 1024px) 100vw, 1024px\" \/><\/figure>\n\n\n\n<figure class=\"wp-block-image\"><img loading=\"lazy\" decoding=\"async\" width=\"1024\" height=\"604\" src=\"https:\/\/4000mil.se\/wp-content\/uploads\/2018\/09\/donkeyCollage2-1024x604.jpg\" alt=\"\" class=\"wp-image-21608\" srcset=\"https:\/\/4000mil.se\/wp-content\/uploads\/2018\/09\/donkeyCollage2-1024x604.jpg 1024w, https:\/\/4000mil.se\/wp-content\/uploads\/2018\/09\/donkeyCollage2-300x177.jpg 300w, https:\/\/4000mil.se\/wp-content\/uploads\/2018\/09\/donkeyCollage2-768x453.jpg 768w, https:\/\/4000mil.se\/wp-content\/uploads\/2018\/09\/donkeyCollage2-2000x1179.jpg 2000w, https:\/\/4000mil.se\/wp-content\/uploads\/2018\/09\/donkeyCollage2-800x472.jpg 800w\" sizes=\"auto, (max-width: 1024px) 100vw, 1024px\" \/><\/figure>\n\n\n\n<p>Tillbaka i Saltria skulle vi nu ha velat forts\u00e4tta bort \u00f6ver Seiser Alm och h\u00f6gplat\u00e5n h\u00e4r uppe. Om det inte varit f\u00f6r bilen som st\u00e5r uppe vid&nbsp;Monte Pana. Dit tar vi oss inte till fots om vi anl\u00e4nder till St Christina efter 17, d\u00e5 liften slutat g\u00e5. Det blir en promenad genom skogen igen tillbaka. Vi \u00e4r \u00e4nd\u00e5 ganska n\u00f6jda. Som sagt.<\/p>\n\n\n\n<p>F\u00f6rmodligen skulle man modifiera lite i rutten och g\u00e5 delvis andra v\u00e4gar \u00e4n de vi valde idag, men vyerna var vackra och <em>after all<\/em> vad kan man mer beg\u00e4ra?<\/p>\n\n\n\n<figure class=\"wp-block-image alignnone wp-image-21606 size-large\"><img loading=\"lazy\" decoding=\"async\" width=\"1024\" height=\"683\" src=\"https:\/\/4000mil.se\/wp-content\/uploads\/2018\/09\/IMG_7193-1024x683.jpg\" alt=\"\" class=\"wp-image-21606\" srcset=\"https:\/\/4000mil.se\/wp-content\/uploads\/2018\/09\/IMG_7193-1024x683.jpg 1024w, https:\/\/4000mil.se\/wp-content\/uploads\/2018\/09\/IMG_7193-300x200.jpg 300w, https:\/\/4000mil.se\/wp-content\/uploads\/2018\/09\/IMG_7193-768x512.jpg 768w, https:\/\/4000mil.se\/wp-content\/uploads\/2018\/09\/IMG_7193-2000x1333.jpg 2000w, https:\/\/4000mil.se\/wp-content\/uploads\/2018\/09\/IMG_7193-800x533.jpg 800w, https:\/\/4000mil.se\/wp-content\/uploads\/2018\/09\/IMG_7193.jpg 2048w\" sizes=\"auto, (max-width: 1024px) 100vw, 1024px\" \/><figcaption class=\"wp-element-caption\">Man f\u00e5r aldrig ge upp, just den h\u00e4r fotbilden kan bli perfektion.<\/figcaption><\/figure>\n\n\n\n<figure class=\"wp-block-image\"><img loading=\"lazy\" decoding=\"async\" width=\"1024\" height=\"683\" src=\"https:\/\/4000mil.se\/wp-content\/uploads\/2018\/09\/IMG_7126-1024x683.jpg\" alt=\"\" class=\"wp-image-21605\" srcset=\"https:\/\/4000mil.se\/wp-content\/uploads\/2018\/09\/IMG_7126-1024x683.jpg 1024w, https:\/\/4000mil.se\/wp-content\/uploads\/2018\/09\/IMG_7126-300x200.jpg 300w, https:\/\/4000mil.se\/wp-content\/uploads\/2018\/09\/IMG_7126-768x512.jpg 768w, https:\/\/4000mil.se\/wp-content\/uploads\/2018\/09\/IMG_7126-2000x1333.jpg 2000w, https:\/\/4000mil.se\/wp-content\/uploads\/2018\/09\/IMG_7126-800x533.jpg 800w, https:\/\/4000mil.se\/wp-content\/uploads\/2018\/09\/IMG_7126.jpg 2048w\" sizes=\"auto, (max-width: 1024px) 100vw, 1024px\" \/><\/figure>\n\n\n\n<figure class=\"wp-block-image\"><img loading=\"lazy\" decoding=\"async\" width=\"1024\" height=\"768\" src=\"https:\/\/4000mil.se\/wp-content\/uploads\/2018\/09\/P1240435-1024x768.jpg\" alt=\"\" class=\"wp-image-21609\" srcset=\"https:\/\/4000mil.se\/wp-content\/uploads\/2018\/09\/P1240435-1024x768.jpg 1024w, https:\/\/4000mil.se\/wp-content\/uploads\/2018\/09\/P1240435-300x225.jpg 300w, https:\/\/4000mil.se\/wp-content\/uploads\/2018\/09\/P1240435-768x576.jpg 768w, https:\/\/4000mil.se\/wp-content\/uploads\/2018\/09\/P1240435-2000x1500.jpg 2000w, https:\/\/4000mil.se\/wp-content\/uploads\/2018\/09\/P1240435-800x600.jpg 800w, https:\/\/4000mil.se\/wp-content\/uploads\/2018\/09\/P1240435.jpg 2048w\" sizes=\"auto, (max-width: 1024px) 100vw, 1024px\" \/><\/figure>\n\n\n\n<figure class=\"wp-block-image\"><img loading=\"lazy\" decoding=\"async\" width=\"1024\" height=\"768\" src=\"https:\/\/4000mil.se\/wp-content\/uploads\/2018\/06\/rsz_p1240298-1024x768.jpg\" alt=\"\" class=\"wp-image-20187\" srcset=\"https:\/\/4000mil.se\/wp-content\/uploads\/2018\/06\/rsz_p1240298-1024x768.jpg 1024w, https:\/\/4000mil.se\/wp-content\/uploads\/2018\/06\/rsz_p1240298-300x225.jpg 300w, https:\/\/4000mil.se\/wp-content\/uploads\/2018\/06\/rsz_p1240298-768x576.jpg 768w, https:\/\/4000mil.se\/wp-content\/uploads\/2018\/06\/rsz_p1240298-800x600.jpg 800w, https:\/\/4000mil.se\/wp-content\/uploads\/2018\/06\/rsz_p1240298.jpg 1280w\" sizes=\"auto, (max-width: 1024px) 100vw, 1024px\" \/><\/figure>\n\n\n\n<p>Gl\u00f6m inte att <a href=\"https:\/\/www.facebook.com\/4000mil\/\" target=\"_blank\" rel=\"noopener noreferrer\">gilla 4000mil p\u00e5 Facebook<\/a> och <a href=\"https:\/\/www.instagram.com\/4000mil.se\/?hl=sv\" target=\"_blank\" rel=\"noopener noreferrer\">Instagram<\/a> om du vill l\u00e4sa om mer vandring.<\/p>\n\n\n\n<hr class=\"wp-block-separator has-alpha-channel-opacity\"\/>\n\n\n\n<p class=\"has-text-align-center\"><em>Italienska turistbyr\u00e5n\u00a0och\u00a0<a href=\"https:\/\/www.valgardena.it\/en\/\" target=\"_blank\" rel=\"noopener noreferrer\">Val Gardena<\/a>\u00a0bidrog till denna resa med en hotellvistelse.<\/em><\/p>\n","protected":false},"excerpt":{"rendered":"<p>Vi har haft tv\u00e5 helt sjukt perfekta vandringsdagar i Dolomiterna. Vi har g\u00e5tt l\u00e5ngt och mycket. V\u00e5ra ben, kn\u00e4n och leder \u00e4r kl\u00e4dsamt m\u00f6ra. Nu \u00e4r det tredje och sista vandringsdagen. Sista chansen att uppleva. Och samtidigt en viss n\u00f6jdhet \u00e4nd\u00e5. I och med att vi redan f\u00e5tt uppleva s\u00e5 [&hellip;]<\/p>\n","protected":false},"author":3,"featured_media":21605,"comment_status":"open","ping_status":"open","sticky":false,"template":"","format":"standard","meta":{"_monsterinsights_skip_tracking":false,"_monsterinsights_sitenote_active":false,"_monsterinsights_sitenote_note":"","_monsterinsights_sitenote_category":0,"footnotes":""},"categories":[61,2],"tags":[1658,12683],"class_list":["post-21384","post","type-post","status-publish","format-standard","has-post-thumbnail","hentry","category-italien","category-vandring","tag-dolomiterna","tag-vandring-i-europa"],"yoast_head":"<!-- This site is optimized with the Yoast SEO plugin v27.5 - https:\/\/yoast.com\/product\/yoast-seo-wordpress\/ -->\n<title>Vandring i Dolomiterna: Seiser Alm, Zallingerhytte och Sasso Piatto<\/title>\n<meta name=\"description\" content=\"Vi har haft tv\u00e5 helt sjukt perfekta vandringsdagar i Dolomiterna. Vi har g\u00e5tt l\u00e5ngt och mycket. V\u00e5ra ben, kn\u00e4n och leder \u00e4r kl\u00e4dsamt m\u00f6ra. Nu \u00e4r det\" \/>\n<meta name=\"robots\" content=\"index, follow, max-snippet:-1, max-image-preview:large, max-video-preview:-1\" \/>\n<link rel=\"canonical\" href=\"https:\/\/4000mil.se\/index.php\/vandring-i-dolomiterna-seiser-alm-zallingerhytte-och-sasso-piatto\/\" \/>\n<meta property=\"og:locale\" content=\"sv_SE\" \/>\n<meta property=\"og:type\" content=\"article\" \/>\n<meta property=\"og:title\" content=\"Vandring i Dolomiterna: Seiser Alm, Zallingerhytte och Sasso Piatto\" \/>\n<meta property=\"og:description\" content=\"Vi har haft tv\u00e5 helt sjukt perfekta vandringsdagar i Dolomiterna. Vi har g\u00e5tt l\u00e5ngt och mycket. V\u00e5ra ben, kn\u00e4n och leder \u00e4r kl\u00e4dsamt m\u00f6ra. Nu \u00e4r det\" \/>\n<meta property=\"og:url\" content=\"https:\/\/4000mil.se\/index.php\/vandring-i-dolomiterna-seiser-alm-zallingerhytte-och-sasso-piatto\/\" \/>\n<meta property=\"og:site_name\" content=\"4000 mil - en reseblogg\" \/>\n<meta property=\"article:publisher\" content=\"https:\/\/www.facebook.com\/4000mil\/\" \/>\n<meta property=\"article:published_time\" content=\"2018-09-04T04:50:00+00:00\" \/>\n<meta property=\"article:modified_time\" content=\"2025-09-04T19:12:25+00:00\" \/>\n<meta property=\"og:image\" content=\"https:\/\/4000mil.se\/wp-content\/uploads\/2018\/09\/IMG_7126.jpg\" \/>\n\t<meta property=\"og:image:width\" content=\"2048\" \/>\n\t<meta property=\"og:image:height\" content=\"1365\" \/>\n\t<meta property=\"og:image:type\" content=\"image\/jpeg\" \/>\n<meta name=\"author\" content=\"Gunilla Yourstone\" \/>\n<meta name=\"twitter:card\" content=\"summary_large_image\" \/>\n<meta name=\"twitter:creator\" content=\"@4000mil_se\" \/>\n<meta name=\"twitter:site\" content=\"@4000mil_se\" \/>\n<meta name=\"twitter:label1\" content=\"Skriven av\" \/>\n\t<meta name=\"twitter:data1\" content=\"Gunilla Yourstone\" \/>\n\t<meta name=\"twitter:label2\" content=\"Ber\u00e4knad l\u00e4stid\" \/>\n\t<meta name=\"twitter:data2\" content=\"6 minuter\" \/>\n<script type=\"application\/ld+json\" class=\"yoast-schema-graph\">{\"@context\":\"https:\\\/\\\/schema.org\",\"@graph\":[{\"@type\":\"Article\",\"@id\":\"https:\\\/\\\/4000mil.se\\\/index.php\\\/vandring-i-dolomiterna-seiser-alm-zallingerhytte-och-sasso-piatto\\\/#article\",\"isPartOf\":{\"@id\":\"https:\\\/\\\/4000mil.se\\\/index.php\\\/vandring-i-dolomiterna-seiser-alm-zallingerhytte-och-sasso-piatto\\\/\"},\"author\":{\"name\":\"Gunilla Yourstone\",\"@id\":\"https:\\\/\\\/4000mil.se\\\/#\\\/schema\\\/person\\\/cda463da9f6f2c4d9bbc173471184a73\"},\"headline\":\"Vandring i Dolomiterna: Seiser Alm, Zallingerhytte och Sasso Piatto\",\"datePublished\":\"2018-09-04T04:50:00+00:00\",\"dateModified\":\"2025-09-04T19:12:25+00:00\",\"mainEntityOfPage\":{\"@id\":\"https:\\\/\\\/4000mil.se\\\/index.php\\\/vandring-i-dolomiterna-seiser-alm-zallingerhytte-och-sasso-piatto\\\/\"},\"wordCount\":515,\"commentCount\":4,\"publisher\":{\"@id\":\"https:\\\/\\\/4000mil.se\\\/#organization\"},\"image\":{\"@id\":\"https:\\\/\\\/4000mil.se\\\/index.php\\\/vandring-i-dolomiterna-seiser-alm-zallingerhytte-och-sasso-piatto\\\/#primaryimage\"},\"thumbnailUrl\":\"https:\\\/\\\/4000mil.se\\\/wp-content\\\/uploads\\\/2018\\\/09\\\/IMG_7126.jpg\",\"keywords\":[\"Dolomiterna\",\"Vandring i Europa\"],\"articleSection\":[\"Italien\",\"Vandring\"],\"inLanguage\":\"sv-SE\",\"potentialAction\":[{\"@type\":\"CommentAction\",\"name\":\"Comment\",\"target\":[\"https:\\\/\\\/4000mil.se\\\/index.php\\\/vandring-i-dolomiterna-seiser-alm-zallingerhytte-och-sasso-piatto\\\/#respond\"]}]},{\"@type\":\"WebPage\",\"@id\":\"https:\\\/\\\/4000mil.se\\\/index.php\\\/vandring-i-dolomiterna-seiser-alm-zallingerhytte-och-sasso-piatto\\\/\",\"url\":\"https:\\\/\\\/4000mil.se\\\/index.php\\\/vandring-i-dolomiterna-seiser-alm-zallingerhytte-och-sasso-piatto\\\/\",\"name\":\"Vandring i Dolomiterna: Seiser Alm, Zallingerhytte och Sasso Piatto\",\"isPartOf\":{\"@id\":\"https:\\\/\\\/4000mil.se\\\/#website\"},\"primaryImageOfPage\":{\"@id\":\"https:\\\/\\\/4000mil.se\\\/index.php\\\/vandring-i-dolomiterna-seiser-alm-zallingerhytte-och-sasso-piatto\\\/#primaryimage\"},\"image\":{\"@id\":\"https:\\\/\\\/4000mil.se\\\/index.php\\\/vandring-i-dolomiterna-seiser-alm-zallingerhytte-och-sasso-piatto\\\/#primaryimage\"},\"thumbnailUrl\":\"https:\\\/\\\/4000mil.se\\\/wp-content\\\/uploads\\\/2018\\\/09\\\/IMG_7126.jpg\",\"datePublished\":\"2018-09-04T04:50:00+00:00\",\"dateModified\":\"2025-09-04T19:12:25+00:00\",\"description\":\"Vi har haft tv\u00e5 helt sjukt perfekta vandringsdagar i Dolomiterna. Vi har g\u00e5tt l\u00e5ngt och mycket. V\u00e5ra ben, kn\u00e4n och leder \u00e4r kl\u00e4dsamt m\u00f6ra. Nu \u00e4r det\",\"breadcrumb\":{\"@id\":\"https:\\\/\\\/4000mil.se\\\/index.php\\\/vandring-i-dolomiterna-seiser-alm-zallingerhytte-och-sasso-piatto\\\/#breadcrumb\"},\"inLanguage\":\"sv-SE\",\"potentialAction\":[{\"@type\":\"ReadAction\",\"target\":[\"https:\\\/\\\/4000mil.se\\\/index.php\\\/vandring-i-dolomiterna-seiser-alm-zallingerhytte-och-sasso-piatto\\\/\"]}]},{\"@type\":\"ImageObject\",\"inLanguage\":\"sv-SE\",\"@id\":\"https:\\\/\\\/4000mil.se\\\/index.php\\\/vandring-i-dolomiterna-seiser-alm-zallingerhytte-och-sasso-piatto\\\/#primaryimage\",\"url\":\"https:\\\/\\\/4000mil.se\\\/wp-content\\\/uploads\\\/2018\\\/09\\\/IMG_7126.jpg\",\"contentUrl\":\"https:\\\/\\\/4000mil.se\\\/wp-content\\\/uploads\\\/2018\\\/09\\\/IMG_7126.jpg\",\"width\":2048,\"height\":1365},{\"@type\":\"BreadcrumbList\",\"@id\":\"https:\\\/\\\/4000mil.se\\\/index.php\\\/vandring-i-dolomiterna-seiser-alm-zallingerhytte-och-sasso-piatto\\\/#breadcrumb\",\"itemListElement\":[{\"@type\":\"ListItem\",\"position\":1,\"name\":\"Home\",\"item\":\"https:\\\/\\\/4000mil.se\\\/\"},{\"@type\":\"ListItem\",\"position\":2,\"name\":\"Vandring i Dolomiterna: Seiser Alm, Zallingerhytte och Sasso Piatto\"}]},{\"@type\":\"WebSite\",\"@id\":\"https:\\\/\\\/4000mil.se\\\/#website\",\"url\":\"https:\\\/\\\/4000mil.se\\\/\",\"name\":\"4000 mil - en reseblogg\",\"description\":\"We haven&#039;t been everywhere, but it is on our list.\",\"publisher\":{\"@id\":\"https:\\\/\\\/4000mil.se\\\/#organization\"},\"potentialAction\":[{\"@type\":\"SearchAction\",\"target\":{\"@type\":\"EntryPoint\",\"urlTemplate\":\"https:\\\/\\\/4000mil.se\\\/?s={search_term_string}\"},\"query-input\":{\"@type\":\"PropertyValueSpecification\",\"valueRequired\":true,\"valueName\":\"search_term_string\"}}],\"inLanguage\":\"sv-SE\"},{\"@type\":\"Organization\",\"@id\":\"https:\\\/\\\/4000mil.se\\\/#organization\",\"name\":\"4000mil\",\"url\":\"https:\\\/\\\/4000mil.se\\\/\",\"logo\":{\"@type\":\"ImageObject\",\"inLanguage\":\"sv-SE\",\"@id\":\"https:\\\/\\\/4000mil.se\\\/#\\\/schema\\\/logo\\\/image\\\/\",\"url\":\"https:\\\/\\\/4000mil.se\\\/wp-content\\\/uploads\\\/2017\\\/07\\\/rsz_img_5178-e1511641744338.jpg\",\"contentUrl\":\"https:\\\/\\\/4000mil.se\\\/wp-content\\\/uploads\\\/2017\\\/07\\\/rsz_img_5178-e1511641744338.jpg\",\"width\":1000,\"height\":667,\"caption\":\"4000mil\"},\"image\":{\"@id\":\"https:\\\/\\\/4000mil.se\\\/#\\\/schema\\\/logo\\\/image\\\/\"},\"sameAs\":[\"https:\\\/\\\/www.facebook.com\\\/4000mil\\\/\",\"https:\\\/\\\/x.com\\\/4000mil_se\",\"https:\\\/\\\/www.instagram.com\\\/4000mil.se\\\/\",\"https:\\\/\\\/www.youtube.com\\\/channel\\\/UCJ-arZd2a7dT4Kqq5GtVbXQ\"]},{\"@type\":\"Person\",\"@id\":\"https:\\\/\\\/4000mil.se\\\/#\\\/schema\\\/person\\\/cda463da9f6f2c4d9bbc173471184a73\",\"name\":\"Gunilla Yourstone\",\"image\":{\"@type\":\"ImageObject\",\"inLanguage\":\"sv-SE\",\"@id\":\"https:\\\/\\\/secure.gravatar.com\\\/avatar\\\/2df85d0820b33bffdd86a729d25273c6153c1cc9b1338f26ef0c98d01163520d?s=96&d=mm&r=g\",\"url\":\"https:\\\/\\\/secure.gravatar.com\\\/avatar\\\/2df85d0820b33bffdd86a729d25273c6153c1cc9b1338f26ef0c98d01163520d?s=96&d=mm&r=g\",\"contentUrl\":\"https:\\\/\\\/secure.gravatar.com\\\/avatar\\\/2df85d0820b33bffdd86a729d25273c6153c1cc9b1338f26ef0c98d01163520d?s=96&d=mm&r=g\",\"caption\":\"Gunilla Yourstone\"},\"url\":\"https:\\\/\\\/4000mil.se\\\/index.php\\\/author\\\/gunillay\\\/\"}]}<\/script>\n<!-- \/ Yoast SEO plugin. -->","yoast_head_json":{"title":"Vandring i Dolomiterna: Seiser Alm, Zallingerhytte och Sasso Piatto","description":"Vi har haft tv\u00e5 helt sjukt perfekta vandringsdagar i Dolomiterna. Vi har g\u00e5tt l\u00e5ngt och mycket. V\u00e5ra ben, kn\u00e4n och leder \u00e4r kl\u00e4dsamt m\u00f6ra. Nu \u00e4r det","robots":{"index":"index","follow":"follow","max-snippet":"max-snippet:-1","max-image-preview":"max-image-preview:large","max-video-preview":"max-video-preview:-1"},"canonical":"https:\/\/4000mil.se\/index.php\/vandring-i-dolomiterna-seiser-alm-zallingerhytte-och-sasso-piatto\/","og_locale":"sv_SE","og_type":"article","og_title":"Vandring i Dolomiterna: Seiser Alm, Zallingerhytte och Sasso Piatto","og_description":"Vi har haft tv\u00e5 helt sjukt perfekta vandringsdagar i Dolomiterna. Vi har g\u00e5tt l\u00e5ngt och mycket. V\u00e5ra ben, kn\u00e4n och leder \u00e4r kl\u00e4dsamt m\u00f6ra. Nu \u00e4r det","og_url":"https:\/\/4000mil.se\/index.php\/vandring-i-dolomiterna-seiser-alm-zallingerhytte-och-sasso-piatto\/","og_site_name":"4000 mil - en reseblogg","article_publisher":"https:\/\/www.facebook.com\/4000mil\/","article_published_time":"2018-09-04T04:50:00+00:00","article_modified_time":"2025-09-04T19:12:25+00:00","og_image":[{"width":2048,"height":1365,"url":"https:\/\/4000mil.se\/wp-content\/uploads\/2018\/09\/IMG_7126.jpg","type":"image\/jpeg"}],"author":"Gunilla Yourstone","twitter_card":"summary_large_image","twitter_creator":"@4000mil_se","twitter_site":"@4000mil_se","twitter_misc":{"Skriven av":"Gunilla Yourstone","Ber\u00e4knad l\u00e4stid":"6 minuter"},"schema":{"@context":"https:\/\/schema.org","@graph":[{"@type":"Article","@id":"https:\/\/4000mil.se\/index.php\/vandring-i-dolomiterna-seiser-alm-zallingerhytte-och-sasso-piatto\/#article","isPartOf":{"@id":"https:\/\/4000mil.se\/index.php\/vandring-i-dolomiterna-seiser-alm-zallingerhytte-och-sasso-piatto\/"},"author":{"name":"Gunilla Yourstone","@id":"https:\/\/4000mil.se\/#\/schema\/person\/cda463da9f6f2c4d9bbc173471184a73"},"headline":"Vandring i Dolomiterna: Seiser Alm, Zallingerhytte och Sasso Piatto","datePublished":"2018-09-04T04:50:00+00:00","dateModified":"2025-09-04T19:12:25+00:00","mainEntityOfPage":{"@id":"https:\/\/4000mil.se\/index.php\/vandring-i-dolomiterna-seiser-alm-zallingerhytte-och-sasso-piatto\/"},"wordCount":515,"commentCount":4,"publisher":{"@id":"https:\/\/4000mil.se\/#organization"},"image":{"@id":"https:\/\/4000mil.se\/index.php\/vandring-i-dolomiterna-seiser-alm-zallingerhytte-och-sasso-piatto\/#primaryimage"},"thumbnailUrl":"https:\/\/4000mil.se\/wp-content\/uploads\/2018\/09\/IMG_7126.jpg","keywords":["Dolomiterna","Vandring i Europa"],"articleSection":["Italien","Vandring"],"inLanguage":"sv-SE","potentialAction":[{"@type":"CommentAction","name":"Comment","target":["https:\/\/4000mil.se\/index.php\/vandring-i-dolomiterna-seiser-alm-zallingerhytte-och-sasso-piatto\/#respond"]}]},{"@type":"WebPage","@id":"https:\/\/4000mil.se\/index.php\/vandring-i-dolomiterna-seiser-alm-zallingerhytte-och-sasso-piatto\/","url":"https:\/\/4000mil.se\/index.php\/vandring-i-dolomiterna-seiser-alm-zallingerhytte-och-sasso-piatto\/","name":"Vandring i Dolomiterna: Seiser Alm, Zallingerhytte och Sasso Piatto","isPartOf":{"@id":"https:\/\/4000mil.se\/#website"},"primaryImageOfPage":{"@id":"https:\/\/4000mil.se\/index.php\/vandring-i-dolomiterna-seiser-alm-zallingerhytte-och-sasso-piatto\/#primaryimage"},"image":{"@id":"https:\/\/4000mil.se\/index.php\/vandring-i-dolomiterna-seiser-alm-zallingerhytte-och-sasso-piatto\/#primaryimage"},"thumbnailUrl":"https:\/\/4000mil.se\/wp-content\/uploads\/2018\/09\/IMG_7126.jpg","datePublished":"2018-09-04T04:50:00+00:00","dateModified":"2025-09-04T19:12:25+00:00","description":"Vi har haft tv\u00e5 helt sjukt perfekta vandringsdagar i Dolomiterna. Vi har g\u00e5tt l\u00e5ngt och mycket. V\u00e5ra ben, kn\u00e4n och leder \u00e4r kl\u00e4dsamt m\u00f6ra. Nu \u00e4r det","breadcrumb":{"@id":"https:\/\/4000mil.se\/index.php\/vandring-i-dolomiterna-seiser-alm-zallingerhytte-och-sasso-piatto\/#breadcrumb"},"inLanguage":"sv-SE","potentialAction":[{"@type":"ReadAction","target":["https:\/\/4000mil.se\/index.php\/vandring-i-dolomiterna-seiser-alm-zallingerhytte-och-sasso-piatto\/"]}]},{"@type":"ImageObject","inLanguage":"sv-SE","@id":"https:\/\/4000mil.se\/index.php\/vandring-i-dolomiterna-seiser-alm-zallingerhytte-och-sasso-piatto\/#primaryimage","url":"https:\/\/4000mil.se\/wp-content\/uploads\/2018\/09\/IMG_7126.jpg","contentUrl":"https:\/\/4000mil.se\/wp-content\/uploads\/2018\/09\/IMG_7126.jpg","width":2048,"height":1365},{"@type":"BreadcrumbList","@id":"https:\/\/4000mil.se\/index.php\/vandring-i-dolomiterna-seiser-alm-zallingerhytte-och-sasso-piatto\/#breadcrumb","itemListElement":[{"@type":"ListItem","position":1,"name":"Home","item":"https:\/\/4000mil.se\/"},{"@type":"ListItem","position":2,"name":"Vandring i Dolomiterna: Seiser Alm, Zallingerhytte och Sasso Piatto"}]},{"@type":"WebSite","@id":"https:\/\/4000mil.se\/#website","url":"https:\/\/4000mil.se\/","name":"4000 mil - en reseblogg","description":"We haven&#039;t been everywhere, but it is on our list.","publisher":{"@id":"https:\/\/4000mil.se\/#organization"},"potentialAction":[{"@type":"SearchAction","target":{"@type":"EntryPoint","urlTemplate":"https:\/\/4000mil.se\/?s={search_term_string}"},"query-input":{"@type":"PropertyValueSpecification","valueRequired":true,"valueName":"search_term_string"}}],"inLanguage":"sv-SE"},{"@type":"Organization","@id":"https:\/\/4000mil.se\/#organization","name":"4000mil","url":"https:\/\/4000mil.se\/","logo":{"@type":"ImageObject","inLanguage":"sv-SE","@id":"https:\/\/4000mil.se\/#\/schema\/logo\/image\/","url":"https:\/\/4000mil.se\/wp-content\/uploads\/2017\/07\/rsz_img_5178-e1511641744338.jpg","contentUrl":"https:\/\/4000mil.se\/wp-content\/uploads\/2017\/07\/rsz_img_5178-e1511641744338.jpg","width":1000,"height":667,"caption":"4000mil"},"image":{"@id":"https:\/\/4000mil.se\/#\/schema\/logo\/image\/"},"sameAs":["https:\/\/www.facebook.com\/4000mil\/","https:\/\/x.com\/4000mil_se","https:\/\/www.instagram.com\/4000mil.se\/","https:\/\/www.youtube.com\/channel\/UCJ-arZd2a7dT4Kqq5GtVbXQ"]},{"@type":"Person","@id":"https:\/\/4000mil.se\/#\/schema\/person\/cda463da9f6f2c4d9bbc173471184a73","name":"Gunilla Yourstone","image":{"@type":"ImageObject","inLanguage":"sv-SE","@id":"https:\/\/secure.gravatar.com\/avatar\/2df85d0820b33bffdd86a729d25273c6153c1cc9b1338f26ef0c98d01163520d?s=96&d=mm&r=g","url":"https:\/\/secure.gravatar.com\/avatar\/2df85d0820b33bffdd86a729d25273c6153c1cc9b1338f26ef0c98d01163520d?s=96&d=mm&r=g","contentUrl":"https:\/\/secure.gravatar.com\/avatar\/2df85d0820b33bffdd86a729d25273c6153c1cc9b1338f26ef0c98d01163520d?s=96&d=mm&r=g","caption":"Gunilla Yourstone"},"url":"https:\/\/4000mil.se\/index.php\/author\/gunillay\/"}]}},"_links":{"self":[{"href":"https:\/\/4000mil.se\/index.php\/wp-json\/wp\/v2\/posts\/21384","targetHints":{"allow":["GET"]}}],"collection":[{"href":"https:\/\/4000mil.se\/index.php\/wp-json\/wp\/v2\/posts"}],"about":[{"href":"https:\/\/4000mil.se\/index.php\/wp-json\/wp\/v2\/types\/post"}],"author":[{"embeddable":true,"href":"https:\/\/4000mil.se\/index.php\/wp-json\/wp\/v2\/users\/3"}],"replies":[{"embeddable":true,"href":"https:\/\/4000mil.se\/index.php\/wp-json\/wp\/v2\/comments?post=21384"}],"version-history":[{"count":12,"href":"https:\/\/4000mil.se\/index.php\/wp-json\/wp\/v2\/posts\/21384\/revisions"}],"predecessor-version":[{"id":79592,"href":"https:\/\/4000mil.se\/index.php\/wp-json\/wp\/v2\/posts\/21384\/revisions\/79592"}],"wp:featuredmedia":[{"embeddable":true,"href":"https:\/\/4000mil.se\/index.php\/wp-json\/wp\/v2\/media\/21605"}],"wp:attachment":[{"href":"https:\/\/4000mil.se\/index.php\/wp-json\/wp\/v2\/media?parent=21384"}],"wp:term":[{"taxonomy":"category","embeddable":true,"href":"https:\/\/4000mil.se\/index.php\/wp-json\/wp\/v2\/categories?post=21384"},{"taxonomy":"post_tag","embeddable":true,"href":"https:\/\/4000mil.se\/index.php\/wp-json\/wp\/v2\/tags?post=21384"}],"curies":[{"name":"wp","href":"https:\/\/api.w.org\/{rel}","templated":true}]}}