{"id":22080,"date":"2018-10-23T06:48:00","date_gmt":"2018-10-23T04:48:00","guid":{"rendered":"https:\/\/4000mil.se\/?p=22080"},"modified":"2024-09-18T16:55:56","modified_gmt":"2024-09-18T14:55:56","slug":"varfor-aker-ingen-till-slovenien","status":"publish","type":"post","link":"https:\/\/4000mil.se\/index.php\/varfor-aker-ingen-till-slovenien\/","title":{"rendered":"Varf\u00f6r \u00e5ker ingen till Slovenien?"},"content":{"rendered":"\n<p>Vi l\u00e4ser oerh\u00f6rda m\u00e4ngder resebloggar, researtiklar och inl\u00e4gg p\u00e5 reseforum och i rese-Facebook-grupper. Utan att \u00f6verdriva alltf\u00f6r mycket kan vi v\u00e4l konstatera att ett av de allra minst uppm\u00e4rksammade l\u00e4nderna i Europa \u00e4r Slovenien.<\/p>\n\n\n\n<p>P\u00e5 Reseguiden, Sveriges st\u00f6rsta reseforum, finns endast 8 st fr\u00e5gor st\u00e4llda om Slovenien sedan forumets start f\u00f6r 12 \u00e5r sedan. Vid sidan av mikrostaterna \u00e4r det bara Vitryssland som renderar ett mindre intresse p\u00e5 Reseguidens diskussionsforum. Av Europas l\u00e4nder allts\u00e5.<\/p>\n\n\n\n<p>Men varf\u00f6r \u00e4r landet s\u00e5 bortgl\u00f6mt?<\/p>\n\n\n\n<figure class=\"wp-block-image\"><img loading=\"lazy\" decoding=\"async\" width=\"1024\" height=\"683\" src=\"https:\/\/4000mil.se\/wp-content\/uploads\/2018\/09\/IMG_0960-1024x683.jpg\" alt=\"\" class=\"wp-image-22061\" srcset=\"https:\/\/4000mil.se\/wp-content\/uploads\/2018\/09\/IMG_0960-1024x683.jpg 1024w, https:\/\/4000mil.se\/wp-content\/uploads\/2018\/09\/IMG_0960-300x200.jpg 300w, https:\/\/4000mil.se\/wp-content\/uploads\/2018\/09\/IMG_0960-768x512.jpg 768w, https:\/\/4000mil.se\/wp-content\/uploads\/2018\/09\/IMG_0960-2000x1333.jpg 2000w, https:\/\/4000mil.se\/wp-content\/uploads\/2018\/09\/IMG_0960-800x533.jpg 800w, https:\/\/4000mil.se\/wp-content\/uploads\/2018\/09\/IMG_0960.jpg 2048w\" sizes=\"auto, (max-width: 1024px) 100vw, 1024px\" \/><\/figure>\n\n\n\n<p>Vi kan t\u00e4nka oss flera olika orsaker. Dels \u00e4r det fortfarande ett relativt nytt land, sprunget ur det forna Jugoslavien, dels f\u00f6refaller det enligt kartan att ligga i det gamla \u00d6steuropa. \u00c4ven om man, v\u00e4l p\u00e5 plats inser att detta \u00e4r V\u00e4steuropa. Infrastruktur osv \u00e4r lika modernt som i vilket v\u00e4steuropeiskt land som helst. Landet ligger dessutom relativt l\u00e5ngt fr\u00e5n Sverige om man j\u00e4mf\u00f6r med tex Alperna.<\/p>\n\n\n\n<p>Medelhavskusten \u00e4r relativt kort och v\u00e4dret instabilt \u00e4ven mitt i h\u00f6gsommaren. Och vi svenskar har ju som bekant en f\u00e4bless f\u00f6r sol, bad och vackert v\u00e4der. P\u00e5verkar s\u00e4kert ocks\u00e5.<\/p>\n\n\n\n<p>Det var allts\u00e5 med en p\u00e5taglig k\u00e4nsla av att bryta ny mark, som vi anl\u00e4nde till Slovenien i somras.<\/p>\n\n\n\n<figure class=\"wp-block-image\"><img loading=\"lazy\" decoding=\"async\" width=\"1024\" height=\"683\" src=\"https:\/\/4000mil.se\/wp-content\/uploads\/2018\/09\/IMG_0909-1024x683.jpg\" alt=\"\" class=\"wp-image-22059\" srcset=\"https:\/\/4000mil.se\/wp-content\/uploads\/2018\/09\/IMG_0909-1024x683.jpg 1024w, https:\/\/4000mil.se\/wp-content\/uploads\/2018\/09\/IMG_0909-300x200.jpg 300w, https:\/\/4000mil.se\/wp-content\/uploads\/2018\/09\/IMG_0909-768x512.jpg 768w, https:\/\/4000mil.se\/wp-content\/uploads\/2018\/09\/IMG_0909-2000x1333.jpg 2000w, https:\/\/4000mil.se\/wp-content\/uploads\/2018\/09\/IMG_0909-800x533.jpg 800w, https:\/\/4000mil.se\/wp-content\/uploads\/2018\/09\/IMG_0909.jpg 2048w\" sizes=\"auto, (max-width: 1024px) 100vw, 1024px\" \/><\/figure>\n\n\n\n<p>F\u00f6rv\u00e5nade blev ju vi, n\u00e4r vi h\u00f6rde svenska pratas i varje del av landet. Bled, Postonja, Piran. \u00d6verallt m\u00f6tte vi svenskar i en omfattning som faktiskt s\u00e4llan h\u00e4nder oss p\u00e5 resa. Hur g\u00e5r det h\u00e4r ihop?<\/p>\n\n\n\n<p>Vi kan egentligen bara t\u00e4nka oss en f\u00f6rklaring. Kan det vara s\u00e5 att v\u00e4ldigt m\u00e5nga svenskar bilar ner till tex Kroatien och stannar till n\u00e5gra dagar i Slovenien p\u00e5 v\u00e4gen? Att det inte \u00e4r huvuddestinationen, utan bara ett stopp? Fast det borde v\u00e4l vara v\u00e4rt att fr\u00e5ga om p\u00e5 reseforumen \u00e4nd\u00e5? Eller?<\/p>\n\n\n\n<p>Har du n\u00e5gon b\u00e4ttre f\u00f6rklaring, varf\u00f6r Slovenien \u00e4r s\u00e5 ok\u00e4nt och osynligt som destination i Sverige, samtidigt som \u00e4nd\u00e5 ganska m\u00e5nga svenskar faktiskt verkar resa dit?<\/p>\n\n\n\n<p><strong>L\u00e4s ocks\u00e5: <\/strong><br><a href=\"https:\/\/4000mil.se\/index.php\/att-se-och-gora-i-slovenien\/\">9 b\u00e4sta sakerna att se och g\u00f6ra i Slovenien \u2013 v\u00e5ra tips till Europas mesta sagoland<\/a><br><a href=\"https:\/\/4000mil.se\/index.php\/guide-till-bled\/\">Guide till Bled \u2013 Sloveniens turkosgr\u00f6na turistmagnet till sj\u00f6<\/a><\/p>\n\n\n\n<figure class=\"wp-block-image\"><img loading=\"lazy\" decoding=\"async\" width=\"1024\" height=\"683\" src=\"https:\/\/4000mil.se\/wp-content\/uploads\/2018\/09\/IMG_1942-1024x683.jpg\" alt=\"\" class=\"wp-image-22056\" srcset=\"https:\/\/4000mil.se\/wp-content\/uploads\/2018\/09\/IMG_1942-1024x683.jpg 1024w, https:\/\/4000mil.se\/wp-content\/uploads\/2018\/09\/IMG_1942-300x200.jpg 300w, https:\/\/4000mil.se\/wp-content\/uploads\/2018\/09\/IMG_1942-768x512.jpg 768w, https:\/\/4000mil.se\/wp-content\/uploads\/2018\/09\/IMG_1942-2000x1333.jpg 2000w, https:\/\/4000mil.se\/wp-content\/uploads\/2018\/09\/IMG_1942-800x533.jpg 800w, https:\/\/4000mil.se\/wp-content\/uploads\/2018\/09\/IMG_1942.jpg 2048w\" sizes=\"auto, (max-width: 1024px) 100vw, 1024px\" \/><\/figure>\n","protected":false},"excerpt":{"rendered":"<p>Vi l\u00e4ser oerh\u00f6rda m\u00e4ngder resebloggar, researtiklar och inl\u00e4gg p\u00e5 reseforum och i rese-Facebook-grupper. Utan att \u00f6verdriva alltf\u00f6r mycket kan vi v\u00e4l konstatera att ett av de allra minst uppm\u00e4rksammade l\u00e4nderna i Europa \u00e4r Slovenien. P\u00e5 Reseguiden, Sveriges st\u00f6rsta reseforum, finns endast 8 st fr\u00e5gor st\u00e4llda om Slovenien sedan forumets start [&hellip;]<\/p>\n","protected":false},"author":3,"featured_media":22049,"comment_status":"open","ping_status":"open","sticky":false,"template":"","format":"standard","meta":{"_monsterinsights_skip_tracking":false,"_monsterinsights_sitenote_active":false,"_monsterinsights_sitenote_note":"","_monsterinsights_sitenote_category":0,"footnotes":""},"categories":[1588],"tags":[],"class_list":["post-22080","post","type-post","status-publish","format-standard","has-post-thumbnail","hentry","category-slovenien"],"yoast_head":"<!-- This site is optimized with the Yoast SEO plugin v27.5 - https:\/\/yoast.com\/product\/yoast-seo-wordpress\/ -->\n<title>Varf\u00f6r \u00e5ker ingen till Slovenien?<\/title>\n<meta name=\"description\" content=\"Vi l\u00e4ser oerh\u00f6rda m\u00e4ngder resebloggar, researtiklar och inl\u00e4gg p\u00e5 reseforum och i rese-Facebook-grupper. Utan att \u00f6verdriva alltf\u00f6r mycket kan vi v\u00e4l\" \/>\n<meta name=\"robots\" content=\"index, follow, max-snippet:-1, max-image-preview:large, max-video-preview:-1\" \/>\n<link rel=\"canonical\" href=\"https:\/\/4000mil.se\/index.php\/varfor-aker-ingen-till-slovenien\/\" \/>\n<meta property=\"og:locale\" content=\"sv_SE\" \/>\n<meta property=\"og:type\" content=\"article\" \/>\n<meta property=\"og:title\" content=\"Varf\u00f6r \u00e5ker ingen till Slovenien?\" \/>\n<meta property=\"og:description\" content=\"Vi l\u00e4ser oerh\u00f6rda m\u00e4ngder resebloggar, researtiklar och inl\u00e4gg p\u00e5 reseforum och i rese-Facebook-grupper. Utan att \u00f6verdriva alltf\u00f6r mycket kan vi v\u00e4l\" \/>\n<meta property=\"og:url\" content=\"https:\/\/4000mil.se\/index.php\/varfor-aker-ingen-till-slovenien\/\" \/>\n<meta property=\"og:site_name\" content=\"4000 mil - en reseblogg\" \/>\n<meta property=\"article:publisher\" content=\"https:\/\/www.facebook.com\/4000mil\/\" \/>\n<meta property=\"article:published_time\" content=\"2018-10-23T04:48:00+00:00\" \/>\n<meta property=\"article:modified_time\" content=\"2024-09-18T14:55:56+00:00\" \/>\n<meta property=\"og:image\" content=\"https:\/\/4000mil.se\/wp-content\/uploads\/2018\/09\/IMG_1468.jpg\" \/>\n\t<meta property=\"og:image:width\" content=\"2048\" \/>\n\t<meta property=\"og:image:height\" content=\"1365\" \/>\n\t<meta property=\"og:image:type\" content=\"image\/jpeg\" \/>\n<meta name=\"author\" content=\"Gunilla Yourstone\" \/>\n<meta name=\"twitter:card\" content=\"summary_large_image\" \/>\n<meta name=\"twitter:creator\" content=\"@4000mil_se\" \/>\n<meta name=\"twitter:site\" content=\"@4000mil_se\" \/>\n<meta name=\"twitter:label1\" content=\"Skriven av\" \/>\n\t<meta name=\"twitter:data1\" content=\"Gunilla Yourstone\" \/>\n\t<meta name=\"twitter:label2\" content=\"Ber\u00e4knad l\u00e4stid\" \/>\n\t<meta name=\"twitter:data2\" content=\"3 minuter\" \/>\n<script type=\"application\/ld+json\" class=\"yoast-schema-graph\">{\"@context\":\"https:\\\/\\\/schema.org\",\"@graph\":[{\"@type\":\"Article\",\"@id\":\"https:\\\/\\\/4000mil.se\\\/index.php\\\/varfor-aker-ingen-till-slovenien\\\/#article\",\"isPartOf\":{\"@id\":\"https:\\\/\\\/4000mil.se\\\/index.php\\\/varfor-aker-ingen-till-slovenien\\\/\"},\"author\":{\"name\":\"Gunilla Yourstone\",\"@id\":\"https:\\\/\\\/4000mil.se\\\/#\\\/schema\\\/person\\\/cda463da9f6f2c4d9bbc173471184a73\"},\"headline\":\"Varf\u00f6r \u00e5ker ingen till Slovenien?\",\"datePublished\":\"2018-10-23T04:48:00+00:00\",\"dateModified\":\"2024-09-18T14:55:56+00:00\",\"mainEntityOfPage\":{\"@id\":\"https:\\\/\\\/4000mil.se\\\/index.php\\\/varfor-aker-ingen-till-slovenien\\\/\"},\"wordCount\":400,\"commentCount\":14,\"publisher\":{\"@id\":\"https:\\\/\\\/4000mil.se\\\/#organization\"},\"image\":{\"@id\":\"https:\\\/\\\/4000mil.se\\\/index.php\\\/varfor-aker-ingen-till-slovenien\\\/#primaryimage\"},\"thumbnailUrl\":\"https:\\\/\\\/4000mil.se\\\/wp-content\\\/uploads\\\/2018\\\/09\\\/IMG_1468.jpg\",\"articleSection\":[\"Slovenien\"],\"inLanguage\":\"sv-SE\",\"potentialAction\":[{\"@type\":\"CommentAction\",\"name\":\"Comment\",\"target\":[\"https:\\\/\\\/4000mil.se\\\/index.php\\\/varfor-aker-ingen-till-slovenien\\\/#respond\"]}]},{\"@type\":\"WebPage\",\"@id\":\"https:\\\/\\\/4000mil.se\\\/index.php\\\/varfor-aker-ingen-till-slovenien\\\/\",\"url\":\"https:\\\/\\\/4000mil.se\\\/index.php\\\/varfor-aker-ingen-till-slovenien\\\/\",\"name\":\"Varf\u00f6r \u00e5ker ingen till Slovenien?\",\"isPartOf\":{\"@id\":\"https:\\\/\\\/4000mil.se\\\/#website\"},\"primaryImageOfPage\":{\"@id\":\"https:\\\/\\\/4000mil.se\\\/index.php\\\/varfor-aker-ingen-till-slovenien\\\/#primaryimage\"},\"image\":{\"@id\":\"https:\\\/\\\/4000mil.se\\\/index.php\\\/varfor-aker-ingen-till-slovenien\\\/#primaryimage\"},\"thumbnailUrl\":\"https:\\\/\\\/4000mil.se\\\/wp-content\\\/uploads\\\/2018\\\/09\\\/IMG_1468.jpg\",\"datePublished\":\"2018-10-23T04:48:00+00:00\",\"dateModified\":\"2024-09-18T14:55:56+00:00\",\"description\":\"Vi l\u00e4ser oerh\u00f6rda m\u00e4ngder resebloggar, researtiklar och inl\u00e4gg p\u00e5 reseforum och i rese-Facebook-grupper. Utan att \u00f6verdriva alltf\u00f6r mycket kan vi v\u00e4l\",\"breadcrumb\":{\"@id\":\"https:\\\/\\\/4000mil.se\\\/index.php\\\/varfor-aker-ingen-till-slovenien\\\/#breadcrumb\"},\"inLanguage\":\"sv-SE\",\"potentialAction\":[{\"@type\":\"ReadAction\",\"target\":[\"https:\\\/\\\/4000mil.se\\\/index.php\\\/varfor-aker-ingen-till-slovenien\\\/\"]}]},{\"@type\":\"ImageObject\",\"inLanguage\":\"sv-SE\",\"@id\":\"https:\\\/\\\/4000mil.se\\\/index.php\\\/varfor-aker-ingen-till-slovenien\\\/#primaryimage\",\"url\":\"https:\\\/\\\/4000mil.se\\\/wp-content\\\/uploads\\\/2018\\\/09\\\/IMG_1468.jpg\",\"contentUrl\":\"https:\\\/\\\/4000mil.se\\\/wp-content\\\/uploads\\\/2018\\\/09\\\/IMG_1468.jpg\",\"width\":2048,\"height\":1365,\"caption\":\"Slovenien\"},{\"@type\":\"BreadcrumbList\",\"@id\":\"https:\\\/\\\/4000mil.se\\\/index.php\\\/varfor-aker-ingen-till-slovenien\\\/#breadcrumb\",\"itemListElement\":[{\"@type\":\"ListItem\",\"position\":1,\"name\":\"Home\",\"item\":\"https:\\\/\\\/4000mil.se\\\/\"},{\"@type\":\"ListItem\",\"position\":2,\"name\":\"Varf\u00f6r \u00e5ker ingen till Slovenien?\"}]},{\"@type\":\"WebSite\",\"@id\":\"https:\\\/\\\/4000mil.se\\\/#website\",\"url\":\"https:\\\/\\\/4000mil.se\\\/\",\"name\":\"4000 mil - en reseblogg\",\"description\":\"We haven&#039;t been everywhere, but it is on our list.\",\"publisher\":{\"@id\":\"https:\\\/\\\/4000mil.se\\\/#organization\"},\"potentialAction\":[{\"@type\":\"SearchAction\",\"target\":{\"@type\":\"EntryPoint\",\"urlTemplate\":\"https:\\\/\\\/4000mil.se\\\/?s={search_term_string}\"},\"query-input\":{\"@type\":\"PropertyValueSpecification\",\"valueRequired\":true,\"valueName\":\"search_term_string\"}}],\"inLanguage\":\"sv-SE\"},{\"@type\":\"Organization\",\"@id\":\"https:\\\/\\\/4000mil.se\\\/#organization\",\"name\":\"4000mil\",\"url\":\"https:\\\/\\\/4000mil.se\\\/\",\"logo\":{\"@type\":\"ImageObject\",\"inLanguage\":\"sv-SE\",\"@id\":\"https:\\\/\\\/4000mil.se\\\/#\\\/schema\\\/logo\\\/image\\\/\",\"url\":\"https:\\\/\\\/4000mil.se\\\/wp-content\\\/uploads\\\/2017\\\/07\\\/rsz_img_5178-e1511641744338.jpg\",\"contentUrl\":\"https:\\\/\\\/4000mil.se\\\/wp-content\\\/uploads\\\/2017\\\/07\\\/rsz_img_5178-e1511641744338.jpg\",\"width\":1000,\"height\":667,\"caption\":\"4000mil\"},\"image\":{\"@id\":\"https:\\\/\\\/4000mil.se\\\/#\\\/schema\\\/logo\\\/image\\\/\"},\"sameAs\":[\"https:\\\/\\\/www.facebook.com\\\/4000mil\\\/\",\"https:\\\/\\\/x.com\\\/4000mil_se\",\"https:\\\/\\\/www.instagram.com\\\/4000mil.se\\\/\",\"https:\\\/\\\/www.youtube.com\\\/channel\\\/UCJ-arZd2a7dT4Kqq5GtVbXQ\"]},{\"@type\":\"Person\",\"@id\":\"https:\\\/\\\/4000mil.se\\\/#\\\/schema\\\/person\\\/cda463da9f6f2c4d9bbc173471184a73\",\"name\":\"Gunilla Yourstone\",\"image\":{\"@type\":\"ImageObject\",\"inLanguage\":\"sv-SE\",\"@id\":\"https:\\\/\\\/secure.gravatar.com\\\/avatar\\\/2df85d0820b33bffdd86a729d25273c6153c1cc9b1338f26ef0c98d01163520d?s=96&d=mm&r=g\",\"url\":\"https:\\\/\\\/secure.gravatar.com\\\/avatar\\\/2df85d0820b33bffdd86a729d25273c6153c1cc9b1338f26ef0c98d01163520d?s=96&d=mm&r=g\",\"contentUrl\":\"https:\\\/\\\/secure.gravatar.com\\\/avatar\\\/2df85d0820b33bffdd86a729d25273c6153c1cc9b1338f26ef0c98d01163520d?s=96&d=mm&r=g\",\"caption\":\"Gunilla Yourstone\"},\"url\":\"https:\\\/\\\/4000mil.se\\\/index.php\\\/author\\\/gunillay\\\/\"}]}<\/script>\n<!-- \/ Yoast SEO plugin. -->","yoast_head_json":{"title":"Varf\u00f6r \u00e5ker ingen till Slovenien?","description":"Vi l\u00e4ser oerh\u00f6rda m\u00e4ngder resebloggar, researtiklar och inl\u00e4gg p\u00e5 reseforum och i rese-Facebook-grupper. Utan att \u00f6verdriva alltf\u00f6r mycket kan vi v\u00e4l","robots":{"index":"index","follow":"follow","max-snippet":"max-snippet:-1","max-image-preview":"max-image-preview:large","max-video-preview":"max-video-preview:-1"},"canonical":"https:\/\/4000mil.se\/index.php\/varfor-aker-ingen-till-slovenien\/","og_locale":"sv_SE","og_type":"article","og_title":"Varf\u00f6r \u00e5ker ingen till Slovenien?","og_description":"Vi l\u00e4ser oerh\u00f6rda m\u00e4ngder resebloggar, researtiklar och inl\u00e4gg p\u00e5 reseforum och i rese-Facebook-grupper. Utan att \u00f6verdriva alltf\u00f6r mycket kan vi v\u00e4l","og_url":"https:\/\/4000mil.se\/index.php\/varfor-aker-ingen-till-slovenien\/","og_site_name":"4000 mil - en reseblogg","article_publisher":"https:\/\/www.facebook.com\/4000mil\/","article_published_time":"2018-10-23T04:48:00+00:00","article_modified_time":"2024-09-18T14:55:56+00:00","og_image":[{"width":2048,"height":1365,"url":"https:\/\/4000mil.se\/wp-content\/uploads\/2018\/09\/IMG_1468.jpg","type":"image\/jpeg"}],"author":"Gunilla Yourstone","twitter_card":"summary_large_image","twitter_creator":"@4000mil_se","twitter_site":"@4000mil_se","twitter_misc":{"Skriven av":"Gunilla Yourstone","Ber\u00e4knad l\u00e4stid":"3 minuter"},"schema":{"@context":"https:\/\/schema.org","@graph":[{"@type":"Article","@id":"https:\/\/4000mil.se\/index.php\/varfor-aker-ingen-till-slovenien\/#article","isPartOf":{"@id":"https:\/\/4000mil.se\/index.php\/varfor-aker-ingen-till-slovenien\/"},"author":{"name":"Gunilla Yourstone","@id":"https:\/\/4000mil.se\/#\/schema\/person\/cda463da9f6f2c4d9bbc173471184a73"},"headline":"Varf\u00f6r \u00e5ker ingen till Slovenien?","datePublished":"2018-10-23T04:48:00+00:00","dateModified":"2024-09-18T14:55:56+00:00","mainEntityOfPage":{"@id":"https:\/\/4000mil.se\/index.php\/varfor-aker-ingen-till-slovenien\/"},"wordCount":400,"commentCount":14,"publisher":{"@id":"https:\/\/4000mil.se\/#organization"},"image":{"@id":"https:\/\/4000mil.se\/index.php\/varfor-aker-ingen-till-slovenien\/#primaryimage"},"thumbnailUrl":"https:\/\/4000mil.se\/wp-content\/uploads\/2018\/09\/IMG_1468.jpg","articleSection":["Slovenien"],"inLanguage":"sv-SE","potentialAction":[{"@type":"CommentAction","name":"Comment","target":["https:\/\/4000mil.se\/index.php\/varfor-aker-ingen-till-slovenien\/#respond"]}]},{"@type":"WebPage","@id":"https:\/\/4000mil.se\/index.php\/varfor-aker-ingen-till-slovenien\/","url":"https:\/\/4000mil.se\/index.php\/varfor-aker-ingen-till-slovenien\/","name":"Varf\u00f6r \u00e5ker ingen till Slovenien?","isPartOf":{"@id":"https:\/\/4000mil.se\/#website"},"primaryImageOfPage":{"@id":"https:\/\/4000mil.se\/index.php\/varfor-aker-ingen-till-slovenien\/#primaryimage"},"image":{"@id":"https:\/\/4000mil.se\/index.php\/varfor-aker-ingen-till-slovenien\/#primaryimage"},"thumbnailUrl":"https:\/\/4000mil.se\/wp-content\/uploads\/2018\/09\/IMG_1468.jpg","datePublished":"2018-10-23T04:48:00+00:00","dateModified":"2024-09-18T14:55:56+00:00","description":"Vi l\u00e4ser oerh\u00f6rda m\u00e4ngder resebloggar, researtiklar och inl\u00e4gg p\u00e5 reseforum och i rese-Facebook-grupper. Utan att \u00f6verdriva alltf\u00f6r mycket kan vi v\u00e4l","breadcrumb":{"@id":"https:\/\/4000mil.se\/index.php\/varfor-aker-ingen-till-slovenien\/#breadcrumb"},"inLanguage":"sv-SE","potentialAction":[{"@type":"ReadAction","target":["https:\/\/4000mil.se\/index.php\/varfor-aker-ingen-till-slovenien\/"]}]},{"@type":"ImageObject","inLanguage":"sv-SE","@id":"https:\/\/4000mil.se\/index.php\/varfor-aker-ingen-till-slovenien\/#primaryimage","url":"https:\/\/4000mil.se\/wp-content\/uploads\/2018\/09\/IMG_1468.jpg","contentUrl":"https:\/\/4000mil.se\/wp-content\/uploads\/2018\/09\/IMG_1468.jpg","width":2048,"height":1365,"caption":"Slovenien"},{"@type":"BreadcrumbList","@id":"https:\/\/4000mil.se\/index.php\/varfor-aker-ingen-till-slovenien\/#breadcrumb","itemListElement":[{"@type":"ListItem","position":1,"name":"Home","item":"https:\/\/4000mil.se\/"},{"@type":"ListItem","position":2,"name":"Varf\u00f6r \u00e5ker ingen till Slovenien?"}]},{"@type":"WebSite","@id":"https:\/\/4000mil.se\/#website","url":"https:\/\/4000mil.se\/","name":"4000 mil - en reseblogg","description":"We haven&#039;t been everywhere, but it is on our list.","publisher":{"@id":"https:\/\/4000mil.se\/#organization"},"potentialAction":[{"@type":"SearchAction","target":{"@type":"EntryPoint","urlTemplate":"https:\/\/4000mil.se\/?s={search_term_string}"},"query-input":{"@type":"PropertyValueSpecification","valueRequired":true,"valueName":"search_term_string"}}],"inLanguage":"sv-SE"},{"@type":"Organization","@id":"https:\/\/4000mil.se\/#organization","name":"4000mil","url":"https:\/\/4000mil.se\/","logo":{"@type":"ImageObject","inLanguage":"sv-SE","@id":"https:\/\/4000mil.se\/#\/schema\/logo\/image\/","url":"https:\/\/4000mil.se\/wp-content\/uploads\/2017\/07\/rsz_img_5178-e1511641744338.jpg","contentUrl":"https:\/\/4000mil.se\/wp-content\/uploads\/2017\/07\/rsz_img_5178-e1511641744338.jpg","width":1000,"height":667,"caption":"4000mil"},"image":{"@id":"https:\/\/4000mil.se\/#\/schema\/logo\/image\/"},"sameAs":["https:\/\/www.facebook.com\/4000mil\/","https:\/\/x.com\/4000mil_se","https:\/\/www.instagram.com\/4000mil.se\/","https:\/\/www.youtube.com\/channel\/UCJ-arZd2a7dT4Kqq5GtVbXQ"]},{"@type":"Person","@id":"https:\/\/4000mil.se\/#\/schema\/person\/cda463da9f6f2c4d9bbc173471184a73","name":"Gunilla Yourstone","image":{"@type":"ImageObject","inLanguage":"sv-SE","@id":"https:\/\/secure.gravatar.com\/avatar\/2df85d0820b33bffdd86a729d25273c6153c1cc9b1338f26ef0c98d01163520d?s=96&d=mm&r=g","url":"https:\/\/secure.gravatar.com\/avatar\/2df85d0820b33bffdd86a729d25273c6153c1cc9b1338f26ef0c98d01163520d?s=96&d=mm&r=g","contentUrl":"https:\/\/secure.gravatar.com\/avatar\/2df85d0820b33bffdd86a729d25273c6153c1cc9b1338f26ef0c98d01163520d?s=96&d=mm&r=g","caption":"Gunilla Yourstone"},"url":"https:\/\/4000mil.se\/index.php\/author\/gunillay\/"}]}},"_links":{"self":[{"href":"https:\/\/4000mil.se\/index.php\/wp-json\/wp\/v2\/posts\/22080","targetHints":{"allow":["GET"]}}],"collection":[{"href":"https:\/\/4000mil.se\/index.php\/wp-json\/wp\/v2\/posts"}],"about":[{"href":"https:\/\/4000mil.se\/index.php\/wp-json\/wp\/v2\/types\/post"}],"author":[{"embeddable":true,"href":"https:\/\/4000mil.se\/index.php\/wp-json\/wp\/v2\/users\/3"}],"replies":[{"embeddable":true,"href":"https:\/\/4000mil.se\/index.php\/wp-json\/wp\/v2\/comments?post=22080"}],"version-history":[{"count":10,"href":"https:\/\/4000mil.se\/index.php\/wp-json\/wp\/v2\/posts\/22080\/revisions"}],"predecessor-version":[{"id":73340,"href":"https:\/\/4000mil.se\/index.php\/wp-json\/wp\/v2\/posts\/22080\/revisions\/73340"}],"wp:featuredmedia":[{"embeddable":true,"href":"https:\/\/4000mil.se\/index.php\/wp-json\/wp\/v2\/media\/22049"}],"wp:attachment":[{"href":"https:\/\/4000mil.se\/index.php\/wp-json\/wp\/v2\/media?parent=22080"}],"wp:term":[{"taxonomy":"category","embeddable":true,"href":"https:\/\/4000mil.se\/index.php\/wp-json\/wp\/v2\/categories?post=22080"},{"taxonomy":"post_tag","embeddable":true,"href":"https:\/\/4000mil.se\/index.php\/wp-json\/wp\/v2\/tags?post=22080"}],"curies":[{"name":"wp","href":"https:\/\/api.w.org\/{rel}","templated":true}]}}