{"id":22935,"date":"2018-11-13T06:48:45","date_gmt":"2018-11-13T05:48:45","guid":{"rendered":"https:\/\/4000mil.se\/?p=22935"},"modified":"2018-11-18T17:22:15","modified_gmt":"2018-11-18T16:22:15","slug":"dykning-pa-madeira","status":"publish","type":"post","link":"https:\/\/4000mil.se\/index.php\/dykning-pa-madeira\/","title":{"rendered":"Dykning p\u00e5 Madeira &#8211; Christofer \u00e4r tillbaka i v\u00e5tdr\u00e4kten igen efter 19 \u00e5rs uppeh\u00e5ll"},"content":{"rendered":"<p><span style=\"color: #993300;\"><em>Idag skriver Christofer p\u00e5 bloggen om sitt dyk p\u00e5 Madeira. Det f\u00f6rsta p\u00e5 n\u00e4stan 20 \u00e5r.<\/em><\/span><\/p>\n<p>Jag l\u00e4ser i mina gamla dyklogg om mitt senaste dyk:<\/p>\n<blockquote><p>1999-11-05, Dominikanska Republiken, Sos\u00faa, 18 meters djup, 45 minuter, grupp efter dyk H, fr\u00f6s som vanligt.<\/p><\/blockquote>\n<p>H\u00e4r st\u00e5r jag nu n\u00e4stan 19 \u00e5r senare, f\u00f6rv\u00e4ntansfull men ocks\u00e5 lite os\u00e4ker. Hur var det nu man gjorde? D\u00e5 var jag 29 \u00e5r nu \u00e4r jag 48, kommer kroppen h\u00e5lla? L\u00e4karunders\u00f6kning varje \u00e5r efter 45 har jag f\u00f6r mig. Fan&#8230;Esbj\u00f6rn Svensson dog ju i en dykolycka.<\/p>\n<h2>Hur det b\u00f6rjade<\/h2>\n<p>1991 p\u00e5b\u00f6rjade jag min dykutbildning i en bass\u00e4ng utanf\u00f6r \u00d6stersund. Kursen som anordnades av sportdykarf\u00f6rbundet genomf\u00f6rdes en kv\u00e4ll i veckan. Jag minns inte hur l\u00e5ng kursen var, men de 6 f\u00f6rsta tillf\u00e4llena simmade vi med bara mask, snorkel och fenor. Alla i gruppen kunde utan problem dyka ner till botten, s\u00e4tta p\u00e5 sig mask och snorkel, t\u00f6mma masken p\u00e5 vatten samt simma \u00f6ver till andra sidan bass\u00e4ngen innan vi ens fick b\u00f6rja k\u00e4nna p\u00e5 \u00f6vrig dykutrustning.<\/p>\n<p>Uppdyk i Storsj\u00f6n och sedan direkt en dykresa till Lys\u00f6ya i Norge som nyexaminerade enstj\u00e4rninga <a href=\"http:\/\/www.cmas.org\/\">CMAS<\/a>-dykare. Varmt i luften och inte en v\u00e5g p\u00e5 havet. 6 h\u00e4rliga dyk i det iskalla Norska havet.<\/p>\n<p>Ett g\u00e4ng dyk till hann jag med, men p\u00e5 slutet av 90-talet blev det familj och barn plus att jag lessnade lite p\u00e5 att sl\u00e4pa dykutrustning f\u00f6r dyk i Bottenviken &#8221;<em><strong>Cirkulera! H\u00e4r finns inget att se!<\/strong><\/em>&#8221;, typ.<\/p>\n<figure id=\"attachment_22937\" aria-describedby=\"caption-attachment-22937\" style=\"width: 768px\" class=\"wp-caption alignnone\"><img loading=\"lazy\" decoding=\"async\" class=\"wp-image-22937 size-large\" src=\"https:\/\/4000mil.se\/wp-content\/uploads\/2018\/10\/IMG_4277-768x1024.jpg\" alt=\"Dykning p\u00e5 Madeira\" width=\"768\" height=\"1024\" srcset=\"https:\/\/4000mil.se\/wp-content\/uploads\/2018\/10\/IMG_4277-768x1024.jpg 768w, https:\/\/4000mil.se\/wp-content\/uploads\/2018\/10\/IMG_4277-225x300.jpg 225w, https:\/\/4000mil.se\/wp-content\/uploads\/2018\/10\/IMG_4277-800x1067.jpg 800w, https:\/\/4000mil.se\/wp-content\/uploads\/2018\/10\/IMG_4277.jpg 1536w\" sizes=\"auto, (max-width: 768px) 100vw, 768px\" \/><figcaption id=\"caption-attachment-22937\" class=\"wp-caption-text\">Kolla datumet!!!<\/figcaption><\/figure>\n<p><img loading=\"lazy\" decoding=\"async\" class=\"alignnone wp-image-22936 size-large\" src=\"https:\/\/4000mil.se\/wp-content\/uploads\/2018\/10\/IMG_4276-2-768x1024.jpg\" alt=\"Dykning p\u00e5 Madeira\" width=\"768\" height=\"1024\" srcset=\"https:\/\/4000mil.se\/wp-content\/uploads\/2018\/10\/IMG_4276-2-768x1024.jpg 768w, https:\/\/4000mil.se\/wp-content\/uploads\/2018\/10\/IMG_4276-2-225x300.jpg 225w, https:\/\/4000mil.se\/wp-content\/uploads\/2018\/10\/IMG_4276-2-800x1067.jpg 800w, https:\/\/4000mil.se\/wp-content\/uploads\/2018\/10\/IMG_4276-2.jpg 1536w\" sizes=\"auto, (max-width: 768px) 100vw, 768px\" \/><\/p>\n<p>Nu st\u00e5r jag i alla fall h\u00e4r. Gunilla <a href=\"https:\/\/4000mil.se\/index.php\/madeiras-basta-vandring-pico-ruivo\/\">vandrar som b\u00e4st mellan Madeiras h\u00f6gsta toppar<\/a> s\u00e5 jag \u00e4r h\u00e4r ensam.<\/p>\n<h2>Manta Diving<\/h2>\n<p><a href=\"https:\/\/www.mantadiving.com\/en\/\">Manta Diving Centre<\/a> har funnits p\u00e5 Maderia sedan 1982 och \u00e4r \u00f6ns \u00e4ldsta dykcenter. Storheten med Manta Diving \u00e4r att man ligger vid och har direkt tillg\u00e5ng till en marin nationalpark. Centret ligger i anslutning till <a href=\"https:\/\/www.booking.com\/hotel\/pt\/galo-resort-galomar.sv.html?aid=950752;sid=6079256ea2b75fbd624ec0e51ecd03bc;all_sr_blocks=3911703_117859579_0_33_0;checkin=2019-06-11;checkout=2019-06-12;dest_id=-2161203;dest_type=city;dist=0;hapos=1;highlighted_blocks=3911703_117859579_0_33_0;hpos=1;room1=A%2CA;sb_price_type=total;srepoch=1541263109;srfid=6d03ce6dfbc2d958f3df8116aeb67132aeda6d6aX1;srpvid=324275007dee0137;type=total;ucfs=1&amp;#hotelTmpl\" target=\"_blank\" rel=\"noopener\">Hotel Galomar<\/a> och man ber\u00e4ttar att c:a 30% av hotellets g\u00e4ster bor d\u00e4r just f\u00f6r dykm\u00f6jligheterna. Man utbildar fr\u00e4mst enligt SSI men accepterar givetvis \u00e4ven Padi, CMAS, VDST och IAC. Man \u00e4r ocks\u00e5 specialiserad p\u00e5 fridykning.<\/p>\n<figure id=\"attachment_22998\" aria-describedby=\"caption-attachment-22998\" style=\"width: 770px\" class=\"wp-caption alignnone\"><img loading=\"lazy\" decoding=\"async\" class=\"wp-image-22998 size-large\" src=\"https:\/\/4000mil.se\/wp-content\/uploads\/2018\/11\/PA240130-1024x768.jpg\" alt=\"Dykning p\u00e5 Madeira\" width=\"770\" height=\"578\" srcset=\"https:\/\/4000mil.se\/wp-content\/uploads\/2018\/11\/PA240130-1024x768.jpg 1024w, https:\/\/4000mil.se\/wp-content\/uploads\/2018\/11\/PA240130-300x225.jpg 300w, https:\/\/4000mil.se\/wp-content\/uploads\/2018\/11\/PA240130-768x576.jpg 768w, https:\/\/4000mil.se\/wp-content\/uploads\/2018\/11\/PA240130-2000x1500.jpg 2000w, https:\/\/4000mil.se\/wp-content\/uploads\/2018\/11\/PA240130-800x600.jpg 800w, https:\/\/4000mil.se\/wp-content\/uploads\/2018\/11\/PA240130.jpg 2048w\" sizes=\"auto, (max-width: 770px) 100vw, 770px\" \/><figcaption id=\"caption-attachment-22998\" class=\"wp-caption-text\">Manta Diving<\/figcaption><\/figure>\n<figure id=\"attachment_22999\" aria-describedby=\"caption-attachment-22999\" style=\"width: 770px\" class=\"wp-caption alignnone\"><img loading=\"lazy\" decoding=\"async\" class=\"wp-image-22999 size-large\" src=\"https:\/\/4000mil.se\/wp-content\/uploads\/2018\/11\/PA240129-1024x768.jpg\" alt=\"Dykning p\u00e5 Madeira\" width=\"770\" height=\"578\" srcset=\"https:\/\/4000mil.se\/wp-content\/uploads\/2018\/11\/PA240129-1024x768.jpg 1024w, https:\/\/4000mil.se\/wp-content\/uploads\/2018\/11\/PA240129-300x225.jpg 300w, https:\/\/4000mil.se\/wp-content\/uploads\/2018\/11\/PA240129-768x576.jpg 768w, https:\/\/4000mil.se\/wp-content\/uploads\/2018\/11\/PA240129-2000x1500.jpg 2000w, https:\/\/4000mil.se\/wp-content\/uploads\/2018\/11\/PA240129-800x600.jpg 800w, https:\/\/4000mil.se\/wp-content\/uploads\/2018\/11\/PA240129.jpg 2048w\" sizes=\"auto, (max-width: 770px) 100vw, 770px\" \/><figcaption id=\"caption-attachment-22999\" class=\"wp-caption-text\">Gott om Nitrox<\/figcaption><\/figure>\n<p>Min dykledare idag \u00e4r Pedro fr\u00e5n Brasilien. Med oss har vi ocks\u00e5 en tysk dykare som, liksom jag, beh\u00f6ver friska upp minnet lite. Han och Pedro kommer b\u00f6rja med n\u00e5gra \u00f6vningar i bass\u00e4ngen. Jag f\u00e5r v\u00e4lja om jag vill vara med eller v\u00e4nta p\u00e5 land. Jag kan g\u00e4rna vara med. Vi \u00f6var avv\u00e4gning, cyklopt\u00f6mning samt \u00e5tg\u00e4rder i olika n\u00f6dsituationer. Handgreppen k\u00e4nns bekanta. Minnet b\u00f6rjar \u00e5terv\u00e4nda. Kroppen vet hur den ska g\u00f6ra.<\/p>\n<figure id=\"attachment_23000\" aria-describedby=\"caption-attachment-23000\" style=\"width: 770px\" class=\"wp-caption alignnone\"><img loading=\"lazy\" decoding=\"async\" class=\"wp-image-23000 size-large\" src=\"https:\/\/4000mil.se\/wp-content\/uploads\/2018\/11\/PA240140-1024x768.jpg\" alt=\"Dykning p\u00e5 Madeira\" width=\"770\" height=\"578\" srcset=\"https:\/\/4000mil.se\/wp-content\/uploads\/2018\/11\/PA240140-1024x768.jpg 1024w, https:\/\/4000mil.se\/wp-content\/uploads\/2018\/11\/PA240140-300x225.jpg 300w, https:\/\/4000mil.se\/wp-content\/uploads\/2018\/11\/PA240140-768x576.jpg 768w, https:\/\/4000mil.se\/wp-content\/uploads\/2018\/11\/PA240140-2000x1500.jpg 2000w, https:\/\/4000mil.se\/wp-content\/uploads\/2018\/11\/PA240140-800x600.jpg 800w, https:\/\/4000mil.se\/wp-content\/uploads\/2018\/11\/PA240140.jpg 2048w\" sizes=\"auto, (max-width: 770px) 100vw, 770px\" \/><figcaption id=\"caption-attachment-23000\" class=\"wp-caption-text\">Refresh i bass\u00e4ng<\/figcaption><\/figure>\n<figure id=\"attachment_23001\" aria-describedby=\"caption-attachment-23001\" style=\"width: 770px\" class=\"wp-caption alignnone\"><img loading=\"lazy\" decoding=\"async\" class=\"wp-image-23001 size-large\" src=\"https:\/\/4000mil.se\/wp-content\/uploads\/2018\/11\/PA240147-1024x768.jpg\" alt=\"Dykning p\u00e5 Madeira\" width=\"770\" height=\"578\" srcset=\"https:\/\/4000mil.se\/wp-content\/uploads\/2018\/11\/PA240147-1024x768.jpg 1024w, https:\/\/4000mil.se\/wp-content\/uploads\/2018\/11\/PA240147-300x225.jpg 300w, https:\/\/4000mil.se\/wp-content\/uploads\/2018\/11\/PA240147-768x576.jpg 768w, https:\/\/4000mil.se\/wp-content\/uploads\/2018\/11\/PA240147-2000x1500.jpg 2000w, https:\/\/4000mil.se\/wp-content\/uploads\/2018\/11\/PA240147-800x600.jpg 800w, https:\/\/4000mil.se\/wp-content\/uploads\/2018\/11\/PA240147.jpg 2048w\" sizes=\"auto, (max-width: 770px) 100vw, 770px\" \/><figcaption id=\"caption-attachment-23001\" class=\"wp-caption-text\">En tysk, en svensk och Pedro.<\/figcaption><\/figure>\n<h2>Dags f\u00f6r havet<\/h2>\n<p>Det g\u00e5r v\u00e5gor! Ett hopp fr\u00e5n kanten och sedan ner p\u00e5 djupet fast&#8230;jag \u00e4r f\u00f6r l\u00e4tt&#8230;har f\u00f6r lite vikter. Fan, jag kommer inte ner. Var det h\u00e4r en s\u00e5n bra id\u00e9 egentligen? Harvandet i bass\u00e4ngen i J\u00e4mtland gav resultat, jag \u00e5terf\u00e5r sj\u00e4lvf\u00f6rtroendet, &#8221;jag kan ju det h\u00e4r!&#8221;. T\u00e4nk att de finns de som tar dykcertifikat p\u00e5 4 dagar!?! Pedro kommer simmande och fyller mina fickor med en v\u00e4l avv\u00e4gd m\u00e4ngd bly. S\u00e5d\u00e4rja! \u00c4ntligen! Jag sjunker.<\/p>\n<p>Ah! Viktl\u00f6s igen. Fri&#8230;..fri som en&#8230;..fisk.<\/p>\n<p>Vid mottagandet p\u00e5 Manta Diving tidigare idag, tittade man lite uppgivet p\u00e5 mig och konstaterade att sikten var s\u00e5d\u00e4r. Hoppas inte p\u00e5 f\u00f6r mycket. Men jag, som dykt s\u00e5 mycket i Norden, \u00e4r inte bortsk\u00e4md med bra sikt. Det h\u00e4r \u00e4r ju j\u00e4ttebra!<\/p>\n<p>Bl\u00e4ckfiskar, mur\u00e4nor och papegojfiskar. Havet myllrar av liv. Pedro riktar sin lampa, kallar p\u00e5 uppm\u00e4rksamhet, vi tittar f\u00f6rundrat. Vi simmar runt ett kr\u00f6n men str\u00f6mmen \u00e4r f\u00f6r stark. Som att simma in i en v\u00e4gg, tv\u00e4rstopp, s\u00e5 vi v\u00e4nder. Vi dyker p\u00e5 en stund till, tittar, leker med en bl\u00e4ckfisk och sedan upp. 50 bar kvar i flaskan.<\/p>\n<figure id=\"attachment_23002\" aria-describedby=\"caption-attachment-23002\" style=\"width: 770px\" class=\"wp-caption alignnone\"><img loading=\"lazy\" decoding=\"async\" class=\"wp-image-23002 size-large\" title=\"Bild fr\u00e5n Manta Diving\" src=\"https:\/\/4000mil.se\/wp-content\/uploads\/2018\/11\/WWI_4830-1024x684.jpg\" alt=\"Dykning p\u00e5 Madeira\" width=\"770\" height=\"514\" srcset=\"https:\/\/4000mil.se\/wp-content\/uploads\/2018\/11\/WWI_4830-1024x684.jpg 1024w, https:\/\/4000mil.se\/wp-content\/uploads\/2018\/11\/WWI_4830-300x200.jpg 300w, https:\/\/4000mil.se\/wp-content\/uploads\/2018\/11\/WWI_4830-768x513.jpg 768w, https:\/\/4000mil.se\/wp-content\/uploads\/2018\/11\/WWI_4830-2000x1335.jpg 2000w, https:\/\/4000mil.se\/wp-content\/uploads\/2018\/11\/WWI_4830-800x534.jpg 800w, https:\/\/4000mil.se\/wp-content\/uploads\/2018\/11\/WWI_4830.jpg 2048w\" sizes=\"auto, (max-width: 770px) 100vw, 770px\" \/><figcaption id=\"caption-attachment-23002\" class=\"wp-caption-text\">Bild fr\u00e5n Manta Diving<\/figcaption><\/figure>\n<figure id=\"attachment_23003\" aria-describedby=\"caption-attachment-23003\" style=\"width: 770px\" class=\"wp-caption alignnone\"><img loading=\"lazy\" decoding=\"async\" class=\"wp-image-23003 size-large\" title=\"Bild fr\u00e5n Manta Diving\" src=\"https:\/\/4000mil.se\/wp-content\/uploads\/2018\/11\/rochen_DSC0976-1024x683.jpg\" alt=\"Dykning p\u00e5 Madeira\" width=\"770\" height=\"514\" srcset=\"https:\/\/4000mil.se\/wp-content\/uploads\/2018\/11\/rochen_DSC0976.jpg 1024w, https:\/\/4000mil.se\/wp-content\/uploads\/2018\/11\/rochen_DSC0976-300x200.jpg 300w, https:\/\/4000mil.se\/wp-content\/uploads\/2018\/11\/rochen_DSC0976-768x512.jpg 768w, https:\/\/4000mil.se\/wp-content\/uploads\/2018\/11\/rochen_DSC0976-800x534.jpg 800w\" sizes=\"auto, (max-width: 770px) 100vw, 770px\" \/><figcaption id=\"caption-attachment-23003\" class=\"wp-caption-text\">Bild fr\u00e5n Manta Diving<\/figcaption><\/figure>\n<p>V\u00e4l uppe konstaterar jag \u00e5terigen hur tungt det \u00e4r att b\u00e4ra all utrustning p\u00e5 land.<\/p>\n<p>Efter dyket s\u00e4tter vi oss ned och sammanfattar det hela tillsammans. &#8221;Nu f\u00e5r du ytterligare ett dyk att skriva in i din dyklogg&#8221; s\u00e4ger jag till v\u00e5r tyske dykkamrat. Pedro tittar p\u00e5 mig och ler.<\/p>\n<p>&#8211; Christofer, noone writes diving logs anymore. It&#8217;s all in your diving computer.<\/p>\n<p>N\u00e4r jag kommer hem noterar jag i min dyklogg<\/p>\n<blockquote><p>2018-10-24, Maderia, Manta Diving, 17 meters djup, 48 minuter, grupp efter dyk H, fr\u00f6s lite mot slutet.<\/p><\/blockquote>\n<p>Jod\u00e5, <em>en<\/em> skriver fortfarande dyklogg, N\u00e4mligen <em>jag<\/em>.<\/p>\n<figure id=\"attachment_23006\" aria-describedby=\"caption-attachment-23006\" style=\"width: 770px\" class=\"wp-caption alignnone\"><img loading=\"lazy\" decoding=\"async\" class=\"wp-image-23006 size-large\" src=\"https:\/\/4000mil.se\/wp-content\/uploads\/2018\/11\/Boat_diver_sittika_DSC8997_1-1024x683.jpg\" alt=\"Dykning p\u00e5 Madeira\" width=\"770\" height=\"514\" srcset=\"https:\/\/4000mil.se\/wp-content\/uploads\/2018\/11\/Boat_diver_sittika_DSC8997_1-1024x683.jpg 1024w, https:\/\/4000mil.se\/wp-content\/uploads\/2018\/11\/Boat_diver_sittika_DSC8997_1-300x200.jpg 300w, https:\/\/4000mil.se\/wp-content\/uploads\/2018\/11\/Boat_diver_sittika_DSC8997_1-768x512.jpg 768w, https:\/\/4000mil.se\/wp-content\/uploads\/2018\/11\/Boat_diver_sittika_DSC8997_1-2000x1333.jpg 2000w, https:\/\/4000mil.se\/wp-content\/uploads\/2018\/11\/Boat_diver_sittika_DSC8997_1-800x533.jpg 800w, https:\/\/4000mil.se\/wp-content\/uploads\/2018\/11\/Boat_diver_sittika_DSC8997_1.jpg 2048w\" sizes=\"auto, (max-width: 770px) 100vw, 770px\" \/><figcaption id=\"caption-attachment-23006\" class=\"wp-caption-text\">Bild fr\u00e5n Manta Diving<\/figcaption><\/figure>\n<p><a href=\"https:\/\/4000mil.se\/index.php\/tag\/madeira\/\">L\u00e4s alla v\u00e5ra inl\u00e4gg om Madeira h\u00e4r.<\/a><\/p>\n<hr \/>\n<p style=\"text-align: center;\">Resan genomf\u00f6rdes som en pressresa i samarbete med\u00a0<a href=\"https:\/\/www.visitportugal.com\/en\" target=\"_blank\" rel=\"noopener\">VisitPortugal<\/a>\u00a0och\u00a0<a href=\"http:\/\/www.apmadeira.pt\/en\/\" target=\"_blank\" rel=\"noopener\">Madeira Promotion Bureau<\/a>.<\/p>\n","protected":false},"excerpt":{"rendered":"<p>Idag skriver Christofer p\u00e5 bloggen om sitt dyk p\u00e5 Madeira. Det f\u00f6rsta p\u00e5 n\u00e4stan 20 \u00e5r. Jag l\u00e4ser i mina gamla dyklogg om mitt senaste dyk: 1999-11-05, Dominikanska Republiken, Sos\u00faa, 18 meters djup, 45 minuter, grupp efter dyk H, fr\u00f6s som vanligt. H\u00e4r st\u00e5r jag nu n\u00e4stan 19 \u00e5r senare, [&hellip;]<\/p>\n","protected":false},"author":2,"featured_media":23002,"comment_status":"open","ping_status":"open","sticky":false,"template":"","format":"standard","meta":{"_monsterinsights_skip_tracking":false,"_monsterinsights_sitenote_active":false,"_monsterinsights_sitenote_note":"","_monsterinsights_sitenote_category":0,"footnotes":""},"categories":[1497],"tags":[1571,1672],"class_list":["post-22935","post","type-post","status-publish","format-standard","has-post-thumbnail","hentry","category-portugal","tag-aventyr","tag-madeira"],"yoast_head":"<!-- This site is optimized with the Yoast SEO plugin v27.5 - https:\/\/yoast.com\/product\/yoast-seo-wordpress\/ -->\n<title>Dykning p\u00e5 Madeira - Christofer \u00e4r tillbaka i v\u00e5tdr\u00e4kten igen efter 19 \u00e5rs uppeh\u00e5ll<\/title>\n<meta name=\"description\" content=\"Dykning p\u00e5 Madeira. Vi bor precis intill en marin nationalpark och Christofer passar p\u00e5 att \u00e5teruppta sitt gamla intresse dykning.\" \/>\n<meta name=\"robots\" content=\"index, follow, max-snippet:-1, max-image-preview:large, max-video-preview:-1\" \/>\n<link rel=\"canonical\" href=\"https:\/\/4000mil.se\/index.php\/dykning-pa-madeira\/\" \/>\n<meta property=\"og:locale\" content=\"sv_SE\" \/>\n<meta property=\"og:type\" content=\"article\" \/>\n<meta property=\"og:title\" content=\"Dykning p\u00e5 Madeira - Christofer \u00e4r tillbaka i v\u00e5tdr\u00e4kten igen efter 19 \u00e5rs uppeh\u00e5ll\" \/>\n<meta property=\"og:description\" content=\"Dykning p\u00e5 Madeira. Vi bor precis intill en marin nationalpark och Christofer passar p\u00e5 att \u00e5teruppta sitt gamla intresse dykning.\" \/>\n<meta property=\"og:url\" content=\"https:\/\/4000mil.se\/index.php\/dykning-pa-madeira\/\" \/>\n<meta property=\"og:site_name\" content=\"4000 mil - en reseblogg\" \/>\n<meta property=\"article:publisher\" content=\"https:\/\/www.facebook.com\/4000mil\/\" \/>\n<meta property=\"article:published_time\" content=\"2018-11-13T05:48:45+00:00\" \/>\n<meta property=\"article:modified_time\" content=\"2018-11-18T16:22:15+00:00\" \/>\n<meta property=\"og:image\" content=\"https:\/\/4000mil.se\/wp-content\/uploads\/2018\/11\/WWI_4830.jpg\" \/>\n\t<meta property=\"og:image:width\" content=\"2048\" \/>\n\t<meta property=\"og:image:height\" content=\"1367\" \/>\n\t<meta property=\"og:image:type\" content=\"image\/jpeg\" \/>\n<meta name=\"author\" content=\"christofery\" \/>\n<meta name=\"twitter:card\" content=\"summary_large_image\" \/>\n<meta name=\"twitter:creator\" content=\"@4000mil_se\" \/>\n<meta name=\"twitter:site\" content=\"@4000mil_se\" \/>\n<meta name=\"twitter:label1\" content=\"Skriven av\" \/>\n\t<meta name=\"twitter:data1\" content=\"christofery\" \/>\n\t<meta name=\"twitter:label2\" content=\"Ber\u00e4knad l\u00e4stid\" \/>\n\t<meta name=\"twitter:data2\" content=\"5 minuter\" \/>\n<script type=\"application\/ld+json\" class=\"yoast-schema-graph\">{\"@context\":\"https:\\\/\\\/schema.org\",\"@graph\":[{\"@type\":\"Article\",\"@id\":\"https:\\\/\\\/4000mil.se\\\/index.php\\\/dykning-pa-madeira\\\/#article\",\"isPartOf\":{\"@id\":\"https:\\\/\\\/4000mil.se\\\/index.php\\\/dykning-pa-madeira\\\/\"},\"author\":{\"name\":\"christofery\",\"@id\":\"https:\\\/\\\/4000mil.se\\\/#\\\/schema\\\/person\\\/6d37ad5d6d8ba011fa557d6ce5dad3ba\"},\"headline\":\"Dykning p\u00e5 Madeira &#8211; Christofer \u00e4r tillbaka i v\u00e5tdr\u00e4kten igen efter 19 \u00e5rs uppeh\u00e5ll\",\"datePublished\":\"2018-11-13T05:48:45+00:00\",\"dateModified\":\"2018-11-18T16:22:15+00:00\",\"mainEntityOfPage\":{\"@id\":\"https:\\\/\\\/4000mil.se\\\/index.php\\\/dykning-pa-madeira\\\/\"},\"wordCount\":924,\"commentCount\":2,\"publisher\":{\"@id\":\"https:\\\/\\\/4000mil.se\\\/#organization\"},\"image\":{\"@id\":\"https:\\\/\\\/4000mil.se\\\/index.php\\\/dykning-pa-madeira\\\/#primaryimage\"},\"thumbnailUrl\":\"https:\\\/\\\/4000mil.se\\\/wp-content\\\/uploads\\\/2018\\\/11\\\/WWI_4830.jpg\",\"keywords\":[\"\u00e4ventyr\",\"Madeira\"],\"articleSection\":[\"Portugal\"],\"inLanguage\":\"sv-SE\",\"potentialAction\":[{\"@type\":\"CommentAction\",\"name\":\"Comment\",\"target\":[\"https:\\\/\\\/4000mil.se\\\/index.php\\\/dykning-pa-madeira\\\/#respond\"]}]},{\"@type\":\"WebPage\",\"@id\":\"https:\\\/\\\/4000mil.se\\\/index.php\\\/dykning-pa-madeira\\\/\",\"url\":\"https:\\\/\\\/4000mil.se\\\/index.php\\\/dykning-pa-madeira\\\/\",\"name\":\"Dykning p\u00e5 Madeira - Christofer \u00e4r tillbaka i v\u00e5tdr\u00e4kten igen efter 19 \u00e5rs uppeh\u00e5ll\",\"isPartOf\":{\"@id\":\"https:\\\/\\\/4000mil.se\\\/#website\"},\"primaryImageOfPage\":{\"@id\":\"https:\\\/\\\/4000mil.se\\\/index.php\\\/dykning-pa-madeira\\\/#primaryimage\"},\"image\":{\"@id\":\"https:\\\/\\\/4000mil.se\\\/index.php\\\/dykning-pa-madeira\\\/#primaryimage\"},\"thumbnailUrl\":\"https:\\\/\\\/4000mil.se\\\/wp-content\\\/uploads\\\/2018\\\/11\\\/WWI_4830.jpg\",\"datePublished\":\"2018-11-13T05:48:45+00:00\",\"dateModified\":\"2018-11-18T16:22:15+00:00\",\"description\":\"Dykning p\u00e5 Madeira. Vi bor precis intill en marin nationalpark och Christofer passar p\u00e5 att \u00e5teruppta sitt gamla intresse dykning.\",\"breadcrumb\":{\"@id\":\"https:\\\/\\\/4000mil.se\\\/index.php\\\/dykning-pa-madeira\\\/#breadcrumb\"},\"inLanguage\":\"sv-SE\",\"potentialAction\":[{\"@type\":\"ReadAction\",\"target\":[\"https:\\\/\\\/4000mil.se\\\/index.php\\\/dykning-pa-madeira\\\/\"]}]},{\"@type\":\"ImageObject\",\"inLanguage\":\"sv-SE\",\"@id\":\"https:\\\/\\\/4000mil.se\\\/index.php\\\/dykning-pa-madeira\\\/#primaryimage\",\"url\":\"https:\\\/\\\/4000mil.se\\\/wp-content\\\/uploads\\\/2018\\\/11\\\/WWI_4830.jpg\",\"contentUrl\":\"https:\\\/\\\/4000mil.se\\\/wp-content\\\/uploads\\\/2018\\\/11\\\/WWI_4830.jpg\",\"width\":2048,\"height\":1367},{\"@type\":\"BreadcrumbList\",\"@id\":\"https:\\\/\\\/4000mil.se\\\/index.php\\\/dykning-pa-madeira\\\/#breadcrumb\",\"itemListElement\":[{\"@type\":\"ListItem\",\"position\":1,\"name\":\"Home\",\"item\":\"https:\\\/\\\/4000mil.se\\\/\"},{\"@type\":\"ListItem\",\"position\":2,\"name\":\"Dykning p\u00e5 Madeira &#8211; Christofer \u00e4r tillbaka i v\u00e5tdr\u00e4kten igen efter 19 \u00e5rs uppeh\u00e5ll\"}]},{\"@type\":\"WebSite\",\"@id\":\"https:\\\/\\\/4000mil.se\\\/#website\",\"url\":\"https:\\\/\\\/4000mil.se\\\/\",\"name\":\"4000 mil - en reseblogg\",\"description\":\"We haven&#039;t been everywhere, but it is on our list.\",\"publisher\":{\"@id\":\"https:\\\/\\\/4000mil.se\\\/#organization\"},\"potentialAction\":[{\"@type\":\"SearchAction\",\"target\":{\"@type\":\"EntryPoint\",\"urlTemplate\":\"https:\\\/\\\/4000mil.se\\\/?s={search_term_string}\"},\"query-input\":{\"@type\":\"PropertyValueSpecification\",\"valueRequired\":true,\"valueName\":\"search_term_string\"}}],\"inLanguage\":\"sv-SE\"},{\"@type\":\"Organization\",\"@id\":\"https:\\\/\\\/4000mil.se\\\/#organization\",\"name\":\"4000mil\",\"url\":\"https:\\\/\\\/4000mil.se\\\/\",\"logo\":{\"@type\":\"ImageObject\",\"inLanguage\":\"sv-SE\",\"@id\":\"https:\\\/\\\/4000mil.se\\\/#\\\/schema\\\/logo\\\/image\\\/\",\"url\":\"https:\\\/\\\/4000mil.se\\\/wp-content\\\/uploads\\\/2017\\\/07\\\/rsz_img_5178-e1511641744338.jpg\",\"contentUrl\":\"https:\\\/\\\/4000mil.se\\\/wp-content\\\/uploads\\\/2017\\\/07\\\/rsz_img_5178-e1511641744338.jpg\",\"width\":1000,\"height\":667,\"caption\":\"4000mil\"},\"image\":{\"@id\":\"https:\\\/\\\/4000mil.se\\\/#\\\/schema\\\/logo\\\/image\\\/\"},\"sameAs\":[\"https:\\\/\\\/www.facebook.com\\\/4000mil\\\/\",\"https:\\\/\\\/x.com\\\/4000mil_se\",\"https:\\\/\\\/www.instagram.com\\\/4000mil.se\\\/\",\"https:\\\/\\\/www.youtube.com\\\/channel\\\/UCJ-arZd2a7dT4Kqq5GtVbXQ\"]},{\"@type\":\"Person\",\"@id\":\"https:\\\/\\\/4000mil.se\\\/#\\\/schema\\\/person\\\/6d37ad5d6d8ba011fa557d6ce5dad3ba\",\"name\":\"christofery\",\"image\":{\"@type\":\"ImageObject\",\"inLanguage\":\"sv-SE\",\"@id\":\"https:\\\/\\\/secure.gravatar.com\\\/avatar\\\/efb671b914e1a6a39667fe4e133651819b9df71f14559cef065c64297c9f4d6f?s=96&d=mm&r=g\",\"url\":\"https:\\\/\\\/secure.gravatar.com\\\/avatar\\\/efb671b914e1a6a39667fe4e133651819b9df71f14559cef065c64297c9f4d6f?s=96&d=mm&r=g\",\"contentUrl\":\"https:\\\/\\\/secure.gravatar.com\\\/avatar\\\/efb671b914e1a6a39667fe4e133651819b9df71f14559cef065c64297c9f4d6f?s=96&d=mm&r=g\",\"caption\":\"christofery\"},\"url\":\"https:\\\/\\\/4000mil.se\\\/index.php\\\/author\\\/christofer\\\/\"}]}<\/script>\n<!-- \/ Yoast SEO plugin. -->","yoast_head_json":{"title":"Dykning p\u00e5 Madeira - Christofer \u00e4r tillbaka i v\u00e5tdr\u00e4kten igen efter 19 \u00e5rs uppeh\u00e5ll","description":"Dykning p\u00e5 Madeira. Vi bor precis intill en marin nationalpark och Christofer passar p\u00e5 att \u00e5teruppta sitt gamla intresse dykning.","robots":{"index":"index","follow":"follow","max-snippet":"max-snippet:-1","max-image-preview":"max-image-preview:large","max-video-preview":"max-video-preview:-1"},"canonical":"https:\/\/4000mil.se\/index.php\/dykning-pa-madeira\/","og_locale":"sv_SE","og_type":"article","og_title":"Dykning p\u00e5 Madeira - Christofer \u00e4r tillbaka i v\u00e5tdr\u00e4kten igen efter 19 \u00e5rs uppeh\u00e5ll","og_description":"Dykning p\u00e5 Madeira. Vi bor precis intill en marin nationalpark och Christofer passar p\u00e5 att \u00e5teruppta sitt gamla intresse dykning.","og_url":"https:\/\/4000mil.se\/index.php\/dykning-pa-madeira\/","og_site_name":"4000 mil - en reseblogg","article_publisher":"https:\/\/www.facebook.com\/4000mil\/","article_published_time":"2018-11-13T05:48:45+00:00","article_modified_time":"2018-11-18T16:22:15+00:00","og_image":[{"width":2048,"height":1367,"url":"https:\/\/4000mil.se\/wp-content\/uploads\/2018\/11\/WWI_4830.jpg","type":"image\/jpeg"}],"author":"christofery","twitter_card":"summary_large_image","twitter_creator":"@4000mil_se","twitter_site":"@4000mil_se","twitter_misc":{"Skriven av":"christofery","Ber\u00e4knad l\u00e4stid":"5 minuter"},"schema":{"@context":"https:\/\/schema.org","@graph":[{"@type":"Article","@id":"https:\/\/4000mil.se\/index.php\/dykning-pa-madeira\/#article","isPartOf":{"@id":"https:\/\/4000mil.se\/index.php\/dykning-pa-madeira\/"},"author":{"name":"christofery","@id":"https:\/\/4000mil.se\/#\/schema\/person\/6d37ad5d6d8ba011fa557d6ce5dad3ba"},"headline":"Dykning p\u00e5 Madeira &#8211; Christofer \u00e4r tillbaka i v\u00e5tdr\u00e4kten igen efter 19 \u00e5rs uppeh\u00e5ll","datePublished":"2018-11-13T05:48:45+00:00","dateModified":"2018-11-18T16:22:15+00:00","mainEntityOfPage":{"@id":"https:\/\/4000mil.se\/index.php\/dykning-pa-madeira\/"},"wordCount":924,"commentCount":2,"publisher":{"@id":"https:\/\/4000mil.se\/#organization"},"image":{"@id":"https:\/\/4000mil.se\/index.php\/dykning-pa-madeira\/#primaryimage"},"thumbnailUrl":"https:\/\/4000mil.se\/wp-content\/uploads\/2018\/11\/WWI_4830.jpg","keywords":["\u00e4ventyr","Madeira"],"articleSection":["Portugal"],"inLanguage":"sv-SE","potentialAction":[{"@type":"CommentAction","name":"Comment","target":["https:\/\/4000mil.se\/index.php\/dykning-pa-madeira\/#respond"]}]},{"@type":"WebPage","@id":"https:\/\/4000mil.se\/index.php\/dykning-pa-madeira\/","url":"https:\/\/4000mil.se\/index.php\/dykning-pa-madeira\/","name":"Dykning p\u00e5 Madeira - Christofer \u00e4r tillbaka i v\u00e5tdr\u00e4kten igen efter 19 \u00e5rs uppeh\u00e5ll","isPartOf":{"@id":"https:\/\/4000mil.se\/#website"},"primaryImageOfPage":{"@id":"https:\/\/4000mil.se\/index.php\/dykning-pa-madeira\/#primaryimage"},"image":{"@id":"https:\/\/4000mil.se\/index.php\/dykning-pa-madeira\/#primaryimage"},"thumbnailUrl":"https:\/\/4000mil.se\/wp-content\/uploads\/2018\/11\/WWI_4830.jpg","datePublished":"2018-11-13T05:48:45+00:00","dateModified":"2018-11-18T16:22:15+00:00","description":"Dykning p\u00e5 Madeira. Vi bor precis intill en marin nationalpark och Christofer passar p\u00e5 att \u00e5teruppta sitt gamla intresse dykning.","breadcrumb":{"@id":"https:\/\/4000mil.se\/index.php\/dykning-pa-madeira\/#breadcrumb"},"inLanguage":"sv-SE","potentialAction":[{"@type":"ReadAction","target":["https:\/\/4000mil.se\/index.php\/dykning-pa-madeira\/"]}]},{"@type":"ImageObject","inLanguage":"sv-SE","@id":"https:\/\/4000mil.se\/index.php\/dykning-pa-madeira\/#primaryimage","url":"https:\/\/4000mil.se\/wp-content\/uploads\/2018\/11\/WWI_4830.jpg","contentUrl":"https:\/\/4000mil.se\/wp-content\/uploads\/2018\/11\/WWI_4830.jpg","width":2048,"height":1367},{"@type":"BreadcrumbList","@id":"https:\/\/4000mil.se\/index.php\/dykning-pa-madeira\/#breadcrumb","itemListElement":[{"@type":"ListItem","position":1,"name":"Home","item":"https:\/\/4000mil.se\/"},{"@type":"ListItem","position":2,"name":"Dykning p\u00e5 Madeira &#8211; Christofer \u00e4r tillbaka i v\u00e5tdr\u00e4kten igen efter 19 \u00e5rs uppeh\u00e5ll"}]},{"@type":"WebSite","@id":"https:\/\/4000mil.se\/#website","url":"https:\/\/4000mil.se\/","name":"4000 mil - en reseblogg","description":"We haven&#039;t been everywhere, but it is on our list.","publisher":{"@id":"https:\/\/4000mil.se\/#organization"},"potentialAction":[{"@type":"SearchAction","target":{"@type":"EntryPoint","urlTemplate":"https:\/\/4000mil.se\/?s={search_term_string}"},"query-input":{"@type":"PropertyValueSpecification","valueRequired":true,"valueName":"search_term_string"}}],"inLanguage":"sv-SE"},{"@type":"Organization","@id":"https:\/\/4000mil.se\/#organization","name":"4000mil","url":"https:\/\/4000mil.se\/","logo":{"@type":"ImageObject","inLanguage":"sv-SE","@id":"https:\/\/4000mil.se\/#\/schema\/logo\/image\/","url":"https:\/\/4000mil.se\/wp-content\/uploads\/2017\/07\/rsz_img_5178-e1511641744338.jpg","contentUrl":"https:\/\/4000mil.se\/wp-content\/uploads\/2017\/07\/rsz_img_5178-e1511641744338.jpg","width":1000,"height":667,"caption":"4000mil"},"image":{"@id":"https:\/\/4000mil.se\/#\/schema\/logo\/image\/"},"sameAs":["https:\/\/www.facebook.com\/4000mil\/","https:\/\/x.com\/4000mil_se","https:\/\/www.instagram.com\/4000mil.se\/","https:\/\/www.youtube.com\/channel\/UCJ-arZd2a7dT4Kqq5GtVbXQ"]},{"@type":"Person","@id":"https:\/\/4000mil.se\/#\/schema\/person\/6d37ad5d6d8ba011fa557d6ce5dad3ba","name":"christofery","image":{"@type":"ImageObject","inLanguage":"sv-SE","@id":"https:\/\/secure.gravatar.com\/avatar\/efb671b914e1a6a39667fe4e133651819b9df71f14559cef065c64297c9f4d6f?s=96&d=mm&r=g","url":"https:\/\/secure.gravatar.com\/avatar\/efb671b914e1a6a39667fe4e133651819b9df71f14559cef065c64297c9f4d6f?s=96&d=mm&r=g","contentUrl":"https:\/\/secure.gravatar.com\/avatar\/efb671b914e1a6a39667fe4e133651819b9df71f14559cef065c64297c9f4d6f?s=96&d=mm&r=g","caption":"christofery"},"url":"https:\/\/4000mil.se\/index.php\/author\/christofer\/"}]}},"_links":{"self":[{"href":"https:\/\/4000mil.se\/index.php\/wp-json\/wp\/v2\/posts\/22935","targetHints":{"allow":["GET"]}}],"collection":[{"href":"https:\/\/4000mil.se\/index.php\/wp-json\/wp\/v2\/posts"}],"about":[{"href":"https:\/\/4000mil.se\/index.php\/wp-json\/wp\/v2\/types\/post"}],"author":[{"embeddable":true,"href":"https:\/\/4000mil.se\/index.php\/wp-json\/wp\/v2\/users\/2"}],"replies":[{"embeddable":true,"href":"https:\/\/4000mil.se\/index.php\/wp-json\/wp\/v2\/comments?post=22935"}],"version-history":[{"count":24,"href":"https:\/\/4000mil.se\/index.php\/wp-json\/wp\/v2\/posts\/22935\/revisions"}],"predecessor-version":[{"id":23387,"href":"https:\/\/4000mil.se\/index.php\/wp-json\/wp\/v2\/posts\/22935\/revisions\/23387"}],"wp:featuredmedia":[{"embeddable":true,"href":"https:\/\/4000mil.se\/index.php\/wp-json\/wp\/v2\/media\/23002"}],"wp:attachment":[{"href":"https:\/\/4000mil.se\/index.php\/wp-json\/wp\/v2\/media?parent=22935"}],"wp:term":[{"taxonomy":"category","embeddable":true,"href":"https:\/\/4000mil.se\/index.php\/wp-json\/wp\/v2\/categories?post=22935"},{"taxonomy":"post_tag","embeddable":true,"href":"https:\/\/4000mil.se\/index.php\/wp-json\/wp\/v2\/tags?post=22935"}],"curies":[{"name":"wp","href":"https:\/\/api.w.org\/{rel}","templated":true}]}}