{"id":25089,"date":"2026-03-04T08:00:00","date_gmt":"2026-03-04T07:00:00","guid":{"rendered":"https:\/\/4000mil.se\/?p=25089"},"modified":"2026-03-06T10:29:30","modified_gmt":"2026-03-06T09:29:30","slug":"hur-jag-trodde-att-livet-skulle-bli-nar-jag-blev-stor","status":"publish","type":"post","link":"https:\/\/4000mil.se\/index.php\/hur-jag-trodde-att-livet-skulle-bli-nar-jag-blev-stor\/","title":{"rendered":"Hur jag som barn trodde att livet skulle bli n\u00e4r jag blev stor &#8211; och hur det faktiskt blev"},"content":{"rendered":"\n<p>Jag kan ju sj\u00e4lv se redan p\u00e5 rubriken att det h\u00e4r l\u00e5ter som ett riktigt bittert inl\u00e4gg. Men faktiskt inte alls. Utan mer med glimten i \u00f6gat kanske och baserat p\u00e5 det faktum att jag ofta f\u00e5r flash-backs fr\u00e5n min barndom och minns hur jag d\u00e5 t\u00e4nkte mig att mitt liv, n\u00e4r jag blev stor, skulle arta sig.<\/p>\n\n\n\n<p>Och, kort sagt, det har ju f\u00f6rst\u00e5s inte alltid blivit precis s\u00e5 som jag t\u00e4nkte.<\/p>\n\n\n\n<h2 class=\"wp-block-heading\">Mexitegelvilla<\/h2>\n\n\n\n<p>En av de allra starkaste och mest \u00f6vertygande visualiseringarna jag som barn hade om mitt framtida vuxenliv, var att jag skulle bo i en vit mexitegelvilla. En s\u00e5n med platt tak och gillestuga, ni vet. Den ultimata bilden av framg\u00e5ng f\u00f6r mig. D\u00e5 allts\u00e5. N\u00e4r jag blev vuxen och bott i n\u00e5gra olika l\u00e4genheter, dr\u00f6mde jag ist\u00e4llet om sekelskiftesvilla. Med snickargl\u00e4dje och spr\u00f6js. Men inte heller denna dr\u00f6m ville realisera sig. Mitt f\u00f6rsta hus blev en 40-talsvilla i tr\u00e4. Utan snickargl\u00e4djen och spr\u00f6jset.<\/p>\n\n\n\n<p>Sedan f\u00f6ljde separation och 70-talsradhus. Med r\u00f6da tr\u00e4partier. Plus dessutom, h\u00e5ll i er nu, vita tegelpartier. Fast vi \u00e4r \u00e4nd\u00e5 inte i hamn, f\u00f6r det var absolut inte radhus jag t\u00e4nkte mig d\u00e5.<\/p>\n\n\n\n<figure class=\"wp-block-image alignnone size-full wp-image-25717\"><img loading=\"lazy\" decoding=\"async\" width=\"564\" height=\"385\" src=\"https:\/\/4000mil.se\/wp-content\/uploads\/2019\/04\/mexitegel.jpg\" alt=\"\" class=\"wp-image-25717\" srcset=\"https:\/\/4000mil.se\/wp-content\/uploads\/2019\/04\/mexitegel.jpg 564w, https:\/\/4000mil.se\/wp-content\/uploads\/2019\/04\/mexitegel-300x205.jpg 300w\" sizes=\"auto, (max-width: 564px) 100vw, 564px\" \/><figcaption class=\"wp-element-caption\">S\u00c5 glamor\u00f6st!<\/figcaption><\/figure>\n\n\n\n<h2 class=\"wp-block-heading\">Chicka kl\u00e4der, uppsatt h\u00e5r<\/h2>\n\n\n\n<p>Jag s\u00e5g alltid mig sj\u00e4lv kliva ut ut den d\u00e4r mexitegelvillan i lite chicka kl\u00e4der s\u00e5 d\u00e4r. Kavaj, kjol, h\u00f6gklackade skor. Och uppsatt h\u00e5r. Lite stil.<\/p>\n\n\n\n<p>Uppsatt h\u00e5r, hade jag i m\u00e5nga \u00e5r, n\u00e4r mitt h\u00e5r var tillr\u00e4ckligt l\u00e5ngt. Och lite chick i kl\u00e4dstilen s\u00e5 d\u00e4r var jag nog n\u00e4r jag var IT-konsult och bodde i Stockholm. Men jag \u00e4r ju \u00e4nd\u00e5 i botten en s\u00e5n som vill hoppa i jeansen och gympaskorna. Eller n\u00e5got annat bekv\u00e4mt.<\/p>\n\n\n\n<h2 class=\"wp-block-heading\">Barn vid 25 \u00e5r<\/h2>\n\n\n\n<p>Mina f\u00f6r\u00e4ldrar var gamla. 37 och 38 \u00e5r \u00e4ldre \u00e4n mig. Nuf\u00f6rtiden \u00e4r det inget ovanligt, men n\u00e4r jag var barn hade alla andra mammor som var 21 \u00e5r \u00e4ldre. Jag hade till och med en klasskompis vars mormor var j\u00e4mngammal med min mamma. Ni f\u00f6rst\u00e5r s\u00e5 pinsamt! S\u00e5 jag hade best\u00e4mt mig tidigt. Vid 25 skulle jag sj\u00e4lv bli mamma.<\/p>\n\n\n\n<p>25 \u00e4r ju j\u00e4tteungt, vet jag ju nu. D\u00e5 har man ju knappt g\u00e5tt ut skolan. Men 29 var jag n\u00e4r jag fick mitt f\u00f6rsta barn.<\/p>\n\n\n\n<figure class=\"wp-block-image\"><img loading=\"lazy\" decoding=\"async\" width=\"1024\" height=\"683\" src=\"https:\/\/4000mil.se\/wp-content\/uploads\/2019\/04\/1-maj-055-1024x683.jpg\" alt=\"\" class=\"wp-image-25722\" srcset=\"https:\/\/4000mil.se\/wp-content\/uploads\/2019\/04\/1-maj-055-1024x683.jpg 1024w, https:\/\/4000mil.se\/wp-content\/uploads\/2019\/04\/1-maj-055-300x200.jpg 300w, https:\/\/4000mil.se\/wp-content\/uploads\/2019\/04\/1-maj-055-768x512.jpg 768w, https:\/\/4000mil.se\/wp-content\/uploads\/2019\/04\/1-maj-055-2000x1333.jpg 2000w, https:\/\/4000mil.se\/wp-content\/uploads\/2019\/04\/1-maj-055-800x533.jpg 800w, https:\/\/4000mil.se\/wp-content\/uploads\/2019\/04\/1-maj-055.jpg 2048w\" sizes=\"auto, (max-width: 1024px) 100vw, 1024px\" \/><\/figure>\n\n\n\n<h2 class=\"wp-block-heading\">En servis med liljekonvaljer p\u00e5<\/h2>\n\n\n\n<p>En tidigt dr\u00f6m. Knappt att jag gick i skolan \u00e4n n\u00e4r jag str\u00f6k omkring p\u00e5 porslinsaff\u00e4ren i <a href=\"https:\/\/sv.wikipedia.org\/wiki\/Valbo_k%C3%B6pcentrum\" target=\"_blank\" rel=\"noopener noreferrer\">Valbo k\u00f6pcentrum, Sveriges f\u00f6rsta shoppinggalleria<\/a> och tr\u00e5nade efter den d\u00e4r vackra servisen med liljekonvaljerna p\u00e5.<\/p>\n\n\n\n<p>Och nej, det blev ju ingen s\u00e5n, vi k\u00f6rde l\u00e4nge med helvita tallrikar. \u00c4ven om vi nu skaffat tallrikar med Uzbekistan-inspirerat m\u00f6nster.<\/p>\n\n\n\n<figure class=\"wp-block-image\"><img loading=\"lazy\" decoding=\"async\" width=\"1024\" height=\"768\" src=\"https:\/\/4000mil.se\/wp-content\/uploads\/2019\/04\/liljekonvalj-1024x768.jpg\" alt=\"\" class=\"wp-image-25720\" srcset=\"https:\/\/4000mil.se\/wp-content\/uploads\/2019\/04\/liljekonvalj.jpg 1024w, https:\/\/4000mil.se\/wp-content\/uploads\/2019\/04\/liljekonvalj-300x225.jpg 300w, https:\/\/4000mil.se\/wp-content\/uploads\/2019\/04\/liljekonvalj-768x576.jpg 768w, https:\/\/4000mil.se\/wp-content\/uploads\/2019\/04\/liljekonvalj-800x600.jpg 800w\" sizes=\"auto, (max-width: 1024px) 100vw, 1024px\" \/><\/figure>\n\n\n\n<figure class=\"wp-block-image size-large\"><img loading=\"lazy\" decoding=\"async\" width=\"768\" height=\"1024\" src=\"https:\/\/4000mil.se\/wp-content\/uploads\/2025\/01\/IMG_1265-768x1024.jpeg\" alt=\"\" class=\"wp-image-76794\" srcset=\"https:\/\/4000mil.se\/wp-content\/uploads\/2025\/01\/IMG_1265-768x1024.jpeg 768w, https:\/\/4000mil.se\/wp-content\/uploads\/2025\/01\/IMG_1265-225x300.jpeg 225w, https:\/\/4000mil.se\/wp-content\/uploads\/2025\/01\/IMG_1265-1152x1536.jpeg 1152w, https:\/\/4000mil.se\/wp-content\/uploads\/2025\/01\/IMG_1265-800x1067.jpeg 800w, https:\/\/4000mil.se\/wp-content\/uploads\/2025\/01\/IMG_1265.jpeg 1536w\" sizes=\"auto, (max-width: 768px) 100vw, 768px\" \/><figcaption class=\"wp-element-caption\">Dessa blev det ist\u00e4llet, s\u00e5 sm\u00e5ningom<\/figcaption><\/figure>\n\n\n\n<h2 class=\"wp-block-heading\">Barn<\/h2>\n\n\n\n<p>Jag skulle ha tv\u00e5 barn, f\u00f6rst en pojke och sedan en flicka. De skulle f\u00f6rst\u00e5s vara v\u00e4lartade, duktiga i skolan och alltid v\u00e4lkl\u00e4dda.<\/p>\n\n\n\n<p>Hm. Jag <em>har<\/em> tv\u00e5 barn. F\u00f6rst en pojke och sedan en flicka. De \u00e4r och har varit duktiga i skolan. P\u00e5 sina respektive s\u00e4tt. Alva pluggar biologi och blev b\u00e5de nordisk m\u00e4stare i matematik och tv\u00e5 i Sverige i spr\u00e5kolympiaden i engelska, n\u00e4r det begav sig i h\u00f6gstadiet.<\/p>\n\n\n\n<p>\u00c5tminstone n\u00e4r jag hade n\u00e5got att s\u00e4ga till om var de alltid v\u00e4lkl\u00e4dda och v\u00e4lmatchade. Men det var ju l\u00e4nge sedan. Jag hade n\u00e5got att s\u00e4ga till om allts\u00e5.<\/p>\n\n\n\n<p>Men s\u00e5 klart, blev det ju inte som jag hade t\u00e4nkt mig det hela en g\u00e5ng. D\u00e5 n\u00e4r jag inte hade en aning om vad livet hade i beredskap i form av funktionsneds\u00e4ttningar, BUP, LSS osv.<\/p>\n\n\n\n<figure class=\"wp-block-image\"><img loading=\"lazy\" decoding=\"async\" width=\"1024\" height=\"768\" src=\"https:\/\/4000mil.se\/wp-content\/uploads\/2019\/04\/DSC00810-1024x768.jpg\" alt=\"\" class=\"wp-image-25718\" srcset=\"https:\/\/4000mil.se\/wp-content\/uploads\/2019\/04\/DSC00810-1024x768.jpg 1024w, https:\/\/4000mil.se\/wp-content\/uploads\/2019\/04\/DSC00810-300x225.jpg 300w, https:\/\/4000mil.se\/wp-content\/uploads\/2019\/04\/DSC00810-768x576.jpg 768w, https:\/\/4000mil.se\/wp-content\/uploads\/2019\/04\/DSC00810-2000x1500.jpg 2000w, https:\/\/4000mil.se\/wp-content\/uploads\/2019\/04\/DSC00810-800x600.jpg 800w, https:\/\/4000mil.se\/wp-content\/uploads\/2019\/04\/DSC00810.jpg 2048w\" sizes=\"auto, (max-width: 1024px) 100vw, 1024px\" \/><figcaption class=\"wp-element-caption\">S\u00f6ta som socker<\/figcaption><\/figure>\n\n\n\n<h2 class=\"wp-block-heading\">V\u00e4lbetalt jobb<\/h2>\n\n\n\n<p>Jag skulle definitivt ha ett &#8221;viktigt&#8221; och v\u00e4lbetalt jobb. Pengar p\u00e5 banken och trygghet.<\/p>\n\n\n\n<p>Beror ju p\u00e5 vem man \u00e4r och vad man j\u00e4mf\u00f6r med, men fr\u00e5n min arbetarklasshorisont  horisont blev det \u00e4nd\u00e5 s\u00e5? Universitetsutbildning och chefsjobb.<\/p>\n\n\n\n<h2 class=\"wp-block-heading\">Matchande gardiner<\/h2>\n\n\n\n<p>En lite udda och ganska detaljerad dr\u00f6m. N\u00e4r jag blev stor skulle jag ha matchande gardiner och f\u00f6nsterlampor i f\u00f6nstren mot gatan. F\u00f6r s\u00e5 hade alla tanterna p\u00e5 gatan som det var lite ordning p\u00e5. Och ordning p\u00e5 mig, ville ju jag att det skulle vara.<\/p>\n\n\n\n<figure class=\"wp-block-image alignnone size-full wp-image-25721\"><img loading=\"lazy\" decoding=\"async\" width=\"700\" height=\"457\" src=\"https:\/\/4000mil.se\/wp-content\/uploads\/2019\/04\/volanggardin.jpg\" alt=\"\" class=\"wp-image-25721\" srcset=\"https:\/\/4000mil.se\/wp-content\/uploads\/2019\/04\/volanggardin.jpg 700w, https:\/\/4000mil.se\/wp-content\/uploads\/2019\/04\/volanggardin-300x196.jpg 300w\" sizes=\"auto, (max-width: 700px) 100vw, 700px\" \/><figcaption class=\"wp-element-caption\">Kan det ha varit s\u00e5 h\u00e4r jag t\u00e4nkte?<\/figcaption><\/figure>\n\n\n\n<p>Men nej, i nya l\u00e4genheten har vi tv\u00e5 f\u00f6nster mot gatan och att matcha dem har faktiskt aldrig varit n\u00e5got jag ens funderat p\u00e5. Det k\u00e4nns som den matchade perioden i inredningstrenderna \u00e4r \u00f6ver? <br>Men i det d\u00e4r 40-tals huset, d\u00e4r matchade jag faktiskt, minns jag ju nu n\u00e4r saken kommer p\u00e5 tal. Vit och r\u00f6drutiga hissgardiner den g\u00e5ngen. Fast\u00e4n det var olika rum f\u00f6nstren befann sig i. Hallen respektive k\u00f6ket.<\/p>\n\n\n\n<h2 class=\"wp-block-heading\">G\u00e5 p\u00e5 fracktillst\u00e4llningar i l\u00e5ngkl\u00e4nning<\/h2>\n\n\n\n<p>Nu blir det ju roligt p\u00e5 riktigt. F\u00f6r p\u00e5 n\u00e5got s\u00e4tt trodde jag att jag skulle leva ett s\u00e5nt liv och i s\u00e5nna kretsar att jag med j\u00e4mna intervall gick p\u00e5 frackmiddagar if\u00f6rd l\u00e5ngkl\u00e4nning.<\/p>\n\n\n\n<p>Har jag bara gjort en g\u00e5ng, ganska nyligt p\u00e5 en milit\u00e4r bal. Men r\u00e4tt roligt var det ju?<\/p>\n\n\n\n<figure class=\"wp-block-image size-large\"><img loading=\"lazy\" decoding=\"async\" width=\"819\" height=\"1024\" src=\"https:\/\/4000mil.se\/wp-content\/uploads\/2022\/08\/F278052D-27C5-427F-AFC4-126662D55996-819x1024.jpeg\" alt=\"\" class=\"wp-image-53705\" srcset=\"https:\/\/4000mil.se\/wp-content\/uploads\/2022\/08\/F278052D-27C5-427F-AFC4-126662D55996-819x1024.jpeg 819w, https:\/\/4000mil.se\/wp-content\/uploads\/2022\/08\/F278052D-27C5-427F-AFC4-126662D55996-240x300.jpeg 240w, https:\/\/4000mil.se\/wp-content\/uploads\/2022\/08\/F278052D-27C5-427F-AFC4-126662D55996-768x960.jpeg 768w, https:\/\/4000mil.se\/wp-content\/uploads\/2022\/08\/F278052D-27C5-427F-AFC4-126662D55996-1229x1536.jpeg 1229w, https:\/\/4000mil.se\/wp-content\/uploads\/2022\/08\/F278052D-27C5-427F-AFC4-126662D55996-800x1000.jpeg 800w, https:\/\/4000mil.se\/wp-content\/uploads\/2022\/08\/F278052D-27C5-427F-AFC4-126662D55996.jpeg 1638w\" sizes=\"auto, (max-width: 819px) 100vw, 819px\" \/><figcaption class=\"wp-element-caption\">S\u00e5 h\u00e4r skulle man ha det j\u00e4mt<\/figcaption><\/figure>\n\n\n\n<h2 class=\"wp-block-heading\">Resor och upplevelser<\/h2>\n\n\n\n<p>Alla mina dr\u00f6mmar fr\u00e5n min barndom var sv\u00e5rt materialistiska. Pengar och status dr\u00f6mde jag om, som den lortiga lilla arbetarunge jag nu en g\u00e5ng var.&nbsp; Inte en endaste resa fanns det med, ens intryckt i ett litet h\u00f6rn av n\u00e5gon dr\u00f6m. Kanske visste jag inte ens att man kunde resa.<\/p>\n\n\n\n<p>Mitt vuxenliv b\u00f6rjade f\u00f6r all del materialistiskt nog s\u00e5 det r\u00e4ckte. Det var Kostaboda-glas, h\u00e4stens\u00e4ngar och lampor fr\u00e5n Svenskt tenn hela v\u00e4gen. Resorna kom in efter ett tag, n\u00e4r de v\u00e4rsta materialistiska behoven var stillade. Men sedan h\u00e4nde n\u00e5got. En separation s\u00e5 bitter och infekterad, att jag gick ifr\u00e5n i stort sett allt. F\u00f6r att jag inte orkade br\u00e5ka.<\/p>\n\n\n\n<p>Den f\u00f6rsta natten i mitt radhus hade jag inget. En madrass p\u00e5 golvet bara. N\u00e4sta dag kom mattan fr\u00e5n IKEA. Jag satt hela kv\u00e4llen p\u00e5 den och t\u00e4nkte p\u00e5 hur lyckligt lottad jag var som hade en matta. Sedan kom s\u00e4ng och matbord. Och jag k\u00e4nde mig rik som hade s\u00e5 mycket.&nbsp; F\u00f6rsta veckorna startade varje tanke med ett ink\u00f6p. &#8221;Vad gott det vore med kaffe&#8221;, blev ett ink\u00f6p av en kaffebryggare. Och filter, filterh\u00e5llare, sj\u00e4lva kaffet, kaffeburk och en mugg. &#8221;Kolla det sn\u00f6ar&#8221; blev ett ink\u00f6p av sn\u00f6skovel. Osv.<\/p>\n\n\n\n<p>Nu k\u00f6pte jag billigt och enkelt. &#8221;Hellre falukorv p\u00e5 IKEA-tallrik tillsammans med m\u00e4nniskor jag gillar \u00e4n oxfil\u00e9 p\u00e5 Royal Copenhagen med m\u00e4nniskor som vill begr\u00e4nsa mig och och trycka ner mig.&#8221;<\/p>\n\n\n\n<p>Tr\u00e4ffade Christofer som aldrig begr\u00e4nsat mig och alltid velat mitt b\u00e4sta. Vi satsade p\u00e5 upplevelser och resor i st\u00e4llet. Och struntade i det materiella.<\/p>\n\n\n\n<p>S\u00e5 livet blev inte som jag t\u00e4nkte mig d\u00e5. Och en j\u00e4kla tur \u00e4r v\u00e4l det.<\/p>\n\n\n\n<figure class=\"wp-block-image alignnone wp-image-25723 size-large\"><img loading=\"lazy\" decoding=\"async\" width=\"1024\" height=\"768\" src=\"https:\/\/4000mil.se\/wp-content\/uploads\/2019\/04\/DSC02517-1024x768.jpg\" alt=\"\" class=\"wp-image-25723\" srcset=\"https:\/\/4000mil.se\/wp-content\/uploads\/2019\/04\/DSC02517-1024x768.jpg 1024w, https:\/\/4000mil.se\/wp-content\/uploads\/2019\/04\/DSC02517-300x225.jpg 300w, https:\/\/4000mil.se\/wp-content\/uploads\/2019\/04\/DSC02517-768x576.jpg 768w, https:\/\/4000mil.se\/wp-content\/uploads\/2019\/04\/DSC02517-2000x1500.jpg 2000w, https:\/\/4000mil.se\/wp-content\/uploads\/2019\/04\/DSC02517-800x600.jpg 800w, https:\/\/4000mil.se\/wp-content\/uploads\/2019\/04\/DSC02517.jpg 2048w\" sizes=\"auto, (max-width: 1024px) 100vw, 1024px\" \/><figcaption class=\"wp-element-caption\">the early years<\/figcaption><\/figure>\n\n\n\n<p><\/p>\n\n\n\n<p>Missa inga inl\u00e4gg. Gl\u00f6m inte att&nbsp;<a href=\"https:\/\/www.facebook.com\/4000mil\/\" target=\"_blank\" rel=\"noreferrer noopener\">f\u00f6lja 4000mil p\u00e5 Facebook<\/a>&nbsp;och&nbsp;<a href=\"https:\/\/www.instagram.com\/4000mil.se\/\" target=\"_blank\" rel=\"noreferrer noopener\">p\u00e5 Instagram<\/a>.<\/p>\n\n\n\n<p><\/p>\n","protected":false},"excerpt":{"rendered":"<p>Jag kan ju sj\u00e4lv se redan p\u00e5 rubriken att det h\u00e4r l\u00e5ter som ett riktigt bittert inl\u00e4gg. Men faktiskt inte alls. Utan mer med glimten i \u00f6gat kanske och baserat p\u00e5 det faktum att jag ofta f\u00e5r flash-backs fr\u00e5n min barndom och minns hur jag d\u00e5 t\u00e4nkte mig att mitt [&hellip;]<\/p>\n","protected":false},"author":3,"featured_media":25726,"comment_status":"open","ping_status":"open","sticky":false,"template":"","format":"standard","meta":{"_monsterinsights_skip_tracking":false,"_monsterinsights_sitenote_active":false,"_monsterinsights_sitenote_note":"","_monsterinsights_sitenote_category":0,"footnotes":""},"categories":[1516],"tags":[],"class_list":["post-25089","post","type-post","status-publish","format-standard","has-post-thumbnail","hentry","category-personligt"],"yoast_head":"<!-- This site is optimized with the Yoast SEO plugin v27.5 - https:\/\/yoast.com\/product\/yoast-seo-wordpress\/ -->\n<title>Hur jag som barn trodde att livet skulle bli n\u00e4r jag blev stor - och hur det faktiskt blev<\/title>\n<meta name=\"description\" content=\"Jag kan ju sj\u00e4lv se redan p\u00e5 rubriken att det h\u00e4r l\u00e5ter som ett riktigt bittert inl\u00e4gg. Men faktiskt inte alls. Utan mer med glimten i \u00f6gat kanske och\" \/>\n<meta name=\"robots\" content=\"index, follow, max-snippet:-1, max-image-preview:large, max-video-preview:-1\" \/>\n<link rel=\"canonical\" href=\"https:\/\/4000mil.se\/index.php\/hur-jag-trodde-att-livet-skulle-bli-nar-jag-blev-stor\/\" \/>\n<meta property=\"og:locale\" content=\"sv_SE\" \/>\n<meta property=\"og:type\" content=\"article\" \/>\n<meta property=\"og:title\" content=\"Hur jag som barn trodde att livet skulle bli n\u00e4r jag blev stor - och hur det faktiskt blev\" \/>\n<meta property=\"og:description\" content=\"Jag kan ju sj\u00e4lv se redan p\u00e5 rubriken att det h\u00e4r l\u00e5ter som ett riktigt bittert inl\u00e4gg. Men faktiskt inte alls. Utan mer med glimten i \u00f6gat kanske och\" \/>\n<meta property=\"og:url\" content=\"https:\/\/4000mil.se\/index.php\/hur-jag-trodde-att-livet-skulle-bli-nar-jag-blev-stor\/\" \/>\n<meta property=\"og:site_name\" content=\"4000 mil - en reseblogg\" \/>\n<meta property=\"article:publisher\" content=\"https:\/\/www.facebook.com\/4000mil\/\" \/>\n<meta property=\"article:published_time\" content=\"2026-03-04T07:00:00+00:00\" \/>\n<meta property=\"article:modified_time\" content=\"2026-03-06T09:29:30+00:00\" \/>\n<meta property=\"og:image\" content=\"https:\/\/4000mil.se\/wp-content\/uploads\/2019\/04\/IMG_4503.jpg\" \/>\n\t<meta property=\"og:image:width\" content=\"2048\" \/>\n\t<meta property=\"og:image:height\" content=\"1365\" \/>\n\t<meta property=\"og:image:type\" content=\"image\/jpeg\" \/>\n<meta name=\"author\" content=\"Gunilla Yourstone\" \/>\n<meta name=\"twitter:card\" content=\"summary_large_image\" \/>\n<meta name=\"twitter:creator\" content=\"@4000mil_se\" \/>\n<meta name=\"twitter:site\" content=\"@4000mil_se\" \/>\n<meta name=\"twitter:label1\" content=\"Skriven av\" \/>\n\t<meta name=\"twitter:data1\" content=\"Gunilla Yourstone\" \/>\n\t<meta name=\"twitter:label2\" content=\"Ber\u00e4knad l\u00e4stid\" \/>\n\t<meta name=\"twitter:data2\" content=\"8 minuter\" \/>\n<script type=\"application\/ld+json\" class=\"yoast-schema-graph\">{\"@context\":\"https:\\\/\\\/schema.org\",\"@graph\":[{\"@type\":\"Article\",\"@id\":\"https:\\\/\\\/4000mil.se\\\/index.php\\\/hur-jag-trodde-att-livet-skulle-bli-nar-jag-blev-stor\\\/#article\",\"isPartOf\":{\"@id\":\"https:\\\/\\\/4000mil.se\\\/index.php\\\/hur-jag-trodde-att-livet-skulle-bli-nar-jag-blev-stor\\\/\"},\"author\":{\"name\":\"Gunilla Yourstone\",\"@id\":\"https:\\\/\\\/4000mil.se\\\/#\\\/schema\\\/person\\\/cda463da9f6f2c4d9bbc173471184a73\"},\"headline\":\"Hur jag som barn trodde att livet skulle bli n\u00e4r jag blev stor &#8211; och hur det faktiskt blev\",\"datePublished\":\"2026-03-04T07:00:00+00:00\",\"dateModified\":\"2026-03-06T09:29:30+00:00\",\"mainEntityOfPage\":{\"@id\":\"https:\\\/\\\/4000mil.se\\\/index.php\\\/hur-jag-trodde-att-livet-skulle-bli-nar-jag-blev-stor\\\/\"},\"wordCount\":1286,\"commentCount\":16,\"publisher\":{\"@id\":\"https:\\\/\\\/4000mil.se\\\/#organization\"},\"image\":{\"@id\":\"https:\\\/\\\/4000mil.se\\\/index.php\\\/hur-jag-trodde-att-livet-skulle-bli-nar-jag-blev-stor\\\/#primaryimage\"},\"thumbnailUrl\":\"https:\\\/\\\/4000mil.se\\\/wp-content\\\/uploads\\\/2019\\\/04\\\/IMG_4503.jpg\",\"articleSection\":[\"Personligt\"],\"inLanguage\":\"sv-SE\",\"potentialAction\":[{\"@type\":\"CommentAction\",\"name\":\"Comment\",\"target\":[\"https:\\\/\\\/4000mil.se\\\/index.php\\\/hur-jag-trodde-att-livet-skulle-bli-nar-jag-blev-stor\\\/#respond\"]}]},{\"@type\":\"WebPage\",\"@id\":\"https:\\\/\\\/4000mil.se\\\/index.php\\\/hur-jag-trodde-att-livet-skulle-bli-nar-jag-blev-stor\\\/\",\"url\":\"https:\\\/\\\/4000mil.se\\\/index.php\\\/hur-jag-trodde-att-livet-skulle-bli-nar-jag-blev-stor\\\/\",\"name\":\"Hur jag som barn trodde att livet skulle bli n\u00e4r jag blev stor - och hur det faktiskt blev\",\"isPartOf\":{\"@id\":\"https:\\\/\\\/4000mil.se\\\/#website\"},\"primaryImageOfPage\":{\"@id\":\"https:\\\/\\\/4000mil.se\\\/index.php\\\/hur-jag-trodde-att-livet-skulle-bli-nar-jag-blev-stor\\\/#primaryimage\"},\"image\":{\"@id\":\"https:\\\/\\\/4000mil.se\\\/index.php\\\/hur-jag-trodde-att-livet-skulle-bli-nar-jag-blev-stor\\\/#primaryimage\"},\"thumbnailUrl\":\"https:\\\/\\\/4000mil.se\\\/wp-content\\\/uploads\\\/2019\\\/04\\\/IMG_4503.jpg\",\"datePublished\":\"2026-03-04T07:00:00+00:00\",\"dateModified\":\"2026-03-06T09:29:30+00:00\",\"description\":\"Jag kan ju sj\u00e4lv se redan p\u00e5 rubriken att det h\u00e4r l\u00e5ter som ett riktigt bittert inl\u00e4gg. Men faktiskt inte alls. Utan mer med glimten i \u00f6gat kanske och\",\"breadcrumb\":{\"@id\":\"https:\\\/\\\/4000mil.se\\\/index.php\\\/hur-jag-trodde-att-livet-skulle-bli-nar-jag-blev-stor\\\/#breadcrumb\"},\"inLanguage\":\"sv-SE\",\"potentialAction\":[{\"@type\":\"ReadAction\",\"target\":[\"https:\\\/\\\/4000mil.se\\\/index.php\\\/hur-jag-trodde-att-livet-skulle-bli-nar-jag-blev-stor\\\/\"]}]},{\"@type\":\"ImageObject\",\"inLanguage\":\"sv-SE\",\"@id\":\"https:\\\/\\\/4000mil.se\\\/index.php\\\/hur-jag-trodde-att-livet-skulle-bli-nar-jag-blev-stor\\\/#primaryimage\",\"url\":\"https:\\\/\\\/4000mil.se\\\/wp-content\\\/uploads\\\/2019\\\/04\\\/IMG_4503.jpg\",\"contentUrl\":\"https:\\\/\\\/4000mil.se\\\/wp-content\\\/uploads\\\/2019\\\/04\\\/IMG_4503.jpg\",\"width\":2048,\"height\":1365},{\"@type\":\"BreadcrumbList\",\"@id\":\"https:\\\/\\\/4000mil.se\\\/index.php\\\/hur-jag-trodde-att-livet-skulle-bli-nar-jag-blev-stor\\\/#breadcrumb\",\"itemListElement\":[{\"@type\":\"ListItem\",\"position\":1,\"name\":\"Home\",\"item\":\"https:\\\/\\\/4000mil.se\\\/\"},{\"@type\":\"ListItem\",\"position\":2,\"name\":\"Hur jag som barn trodde att livet skulle bli n\u00e4r jag blev stor &#8211; och hur det faktiskt blev\"}]},{\"@type\":\"WebSite\",\"@id\":\"https:\\\/\\\/4000mil.se\\\/#website\",\"url\":\"https:\\\/\\\/4000mil.se\\\/\",\"name\":\"4000 mil - en reseblogg\",\"description\":\"We haven&#039;t been everywhere, but it is on our list.\",\"publisher\":{\"@id\":\"https:\\\/\\\/4000mil.se\\\/#organization\"},\"potentialAction\":[{\"@type\":\"SearchAction\",\"target\":{\"@type\":\"EntryPoint\",\"urlTemplate\":\"https:\\\/\\\/4000mil.se\\\/?s={search_term_string}\"},\"query-input\":{\"@type\":\"PropertyValueSpecification\",\"valueRequired\":true,\"valueName\":\"search_term_string\"}}],\"inLanguage\":\"sv-SE\"},{\"@type\":\"Organization\",\"@id\":\"https:\\\/\\\/4000mil.se\\\/#organization\",\"name\":\"4000mil\",\"url\":\"https:\\\/\\\/4000mil.se\\\/\",\"logo\":{\"@type\":\"ImageObject\",\"inLanguage\":\"sv-SE\",\"@id\":\"https:\\\/\\\/4000mil.se\\\/#\\\/schema\\\/logo\\\/image\\\/\",\"url\":\"https:\\\/\\\/4000mil.se\\\/wp-content\\\/uploads\\\/2017\\\/07\\\/rsz_img_5178-e1511641744338.jpg\",\"contentUrl\":\"https:\\\/\\\/4000mil.se\\\/wp-content\\\/uploads\\\/2017\\\/07\\\/rsz_img_5178-e1511641744338.jpg\",\"width\":1000,\"height\":667,\"caption\":\"4000mil\"},\"image\":{\"@id\":\"https:\\\/\\\/4000mil.se\\\/#\\\/schema\\\/logo\\\/image\\\/\"},\"sameAs\":[\"https:\\\/\\\/www.facebook.com\\\/4000mil\\\/\",\"https:\\\/\\\/x.com\\\/4000mil_se\",\"https:\\\/\\\/www.instagram.com\\\/4000mil.se\\\/\",\"https:\\\/\\\/www.youtube.com\\\/channel\\\/UCJ-arZd2a7dT4Kqq5GtVbXQ\"]},{\"@type\":\"Person\",\"@id\":\"https:\\\/\\\/4000mil.se\\\/#\\\/schema\\\/person\\\/cda463da9f6f2c4d9bbc173471184a73\",\"name\":\"Gunilla Yourstone\",\"image\":{\"@type\":\"ImageObject\",\"inLanguage\":\"sv-SE\",\"@id\":\"https:\\\/\\\/secure.gravatar.com\\\/avatar\\\/2df85d0820b33bffdd86a729d25273c6153c1cc9b1338f26ef0c98d01163520d?s=96&d=mm&r=g\",\"url\":\"https:\\\/\\\/secure.gravatar.com\\\/avatar\\\/2df85d0820b33bffdd86a729d25273c6153c1cc9b1338f26ef0c98d01163520d?s=96&d=mm&r=g\",\"contentUrl\":\"https:\\\/\\\/secure.gravatar.com\\\/avatar\\\/2df85d0820b33bffdd86a729d25273c6153c1cc9b1338f26ef0c98d01163520d?s=96&d=mm&r=g\",\"caption\":\"Gunilla Yourstone\"},\"url\":\"https:\\\/\\\/4000mil.se\\\/index.php\\\/author\\\/gunillay\\\/\"}]}<\/script>\n<!-- \/ Yoast SEO plugin. -->","yoast_head_json":{"title":"Hur jag som barn trodde att livet skulle bli n\u00e4r jag blev stor - och hur det faktiskt blev","description":"Jag kan ju sj\u00e4lv se redan p\u00e5 rubriken att det h\u00e4r l\u00e5ter som ett riktigt bittert inl\u00e4gg. Men faktiskt inte alls. Utan mer med glimten i \u00f6gat kanske och","robots":{"index":"index","follow":"follow","max-snippet":"max-snippet:-1","max-image-preview":"max-image-preview:large","max-video-preview":"max-video-preview:-1"},"canonical":"https:\/\/4000mil.se\/index.php\/hur-jag-trodde-att-livet-skulle-bli-nar-jag-blev-stor\/","og_locale":"sv_SE","og_type":"article","og_title":"Hur jag som barn trodde att livet skulle bli n\u00e4r jag blev stor - och hur det faktiskt blev","og_description":"Jag kan ju sj\u00e4lv se redan p\u00e5 rubriken att det h\u00e4r l\u00e5ter som ett riktigt bittert inl\u00e4gg. Men faktiskt inte alls. Utan mer med glimten i \u00f6gat kanske och","og_url":"https:\/\/4000mil.se\/index.php\/hur-jag-trodde-att-livet-skulle-bli-nar-jag-blev-stor\/","og_site_name":"4000 mil - en reseblogg","article_publisher":"https:\/\/www.facebook.com\/4000mil\/","article_published_time":"2026-03-04T07:00:00+00:00","article_modified_time":"2026-03-06T09:29:30+00:00","og_image":[{"width":2048,"height":1365,"url":"https:\/\/4000mil.se\/wp-content\/uploads\/2019\/04\/IMG_4503.jpg","type":"image\/jpeg"}],"author":"Gunilla Yourstone","twitter_card":"summary_large_image","twitter_creator":"@4000mil_se","twitter_site":"@4000mil_se","twitter_misc":{"Skriven av":"Gunilla Yourstone","Ber\u00e4knad l\u00e4stid":"8 minuter"},"schema":{"@context":"https:\/\/schema.org","@graph":[{"@type":"Article","@id":"https:\/\/4000mil.se\/index.php\/hur-jag-trodde-att-livet-skulle-bli-nar-jag-blev-stor\/#article","isPartOf":{"@id":"https:\/\/4000mil.se\/index.php\/hur-jag-trodde-att-livet-skulle-bli-nar-jag-blev-stor\/"},"author":{"name":"Gunilla Yourstone","@id":"https:\/\/4000mil.se\/#\/schema\/person\/cda463da9f6f2c4d9bbc173471184a73"},"headline":"Hur jag som barn trodde att livet skulle bli n\u00e4r jag blev stor &#8211; och hur det faktiskt blev","datePublished":"2026-03-04T07:00:00+00:00","dateModified":"2026-03-06T09:29:30+00:00","mainEntityOfPage":{"@id":"https:\/\/4000mil.se\/index.php\/hur-jag-trodde-att-livet-skulle-bli-nar-jag-blev-stor\/"},"wordCount":1286,"commentCount":16,"publisher":{"@id":"https:\/\/4000mil.se\/#organization"},"image":{"@id":"https:\/\/4000mil.se\/index.php\/hur-jag-trodde-att-livet-skulle-bli-nar-jag-blev-stor\/#primaryimage"},"thumbnailUrl":"https:\/\/4000mil.se\/wp-content\/uploads\/2019\/04\/IMG_4503.jpg","articleSection":["Personligt"],"inLanguage":"sv-SE","potentialAction":[{"@type":"CommentAction","name":"Comment","target":["https:\/\/4000mil.se\/index.php\/hur-jag-trodde-att-livet-skulle-bli-nar-jag-blev-stor\/#respond"]}]},{"@type":"WebPage","@id":"https:\/\/4000mil.se\/index.php\/hur-jag-trodde-att-livet-skulle-bli-nar-jag-blev-stor\/","url":"https:\/\/4000mil.se\/index.php\/hur-jag-trodde-att-livet-skulle-bli-nar-jag-blev-stor\/","name":"Hur jag som barn trodde att livet skulle bli n\u00e4r jag blev stor - och hur det faktiskt blev","isPartOf":{"@id":"https:\/\/4000mil.se\/#website"},"primaryImageOfPage":{"@id":"https:\/\/4000mil.se\/index.php\/hur-jag-trodde-att-livet-skulle-bli-nar-jag-blev-stor\/#primaryimage"},"image":{"@id":"https:\/\/4000mil.se\/index.php\/hur-jag-trodde-att-livet-skulle-bli-nar-jag-blev-stor\/#primaryimage"},"thumbnailUrl":"https:\/\/4000mil.se\/wp-content\/uploads\/2019\/04\/IMG_4503.jpg","datePublished":"2026-03-04T07:00:00+00:00","dateModified":"2026-03-06T09:29:30+00:00","description":"Jag kan ju sj\u00e4lv se redan p\u00e5 rubriken att det h\u00e4r l\u00e5ter som ett riktigt bittert inl\u00e4gg. Men faktiskt inte alls. Utan mer med glimten i \u00f6gat kanske och","breadcrumb":{"@id":"https:\/\/4000mil.se\/index.php\/hur-jag-trodde-att-livet-skulle-bli-nar-jag-blev-stor\/#breadcrumb"},"inLanguage":"sv-SE","potentialAction":[{"@type":"ReadAction","target":["https:\/\/4000mil.se\/index.php\/hur-jag-trodde-att-livet-skulle-bli-nar-jag-blev-stor\/"]}]},{"@type":"ImageObject","inLanguage":"sv-SE","@id":"https:\/\/4000mil.se\/index.php\/hur-jag-trodde-att-livet-skulle-bli-nar-jag-blev-stor\/#primaryimage","url":"https:\/\/4000mil.se\/wp-content\/uploads\/2019\/04\/IMG_4503.jpg","contentUrl":"https:\/\/4000mil.se\/wp-content\/uploads\/2019\/04\/IMG_4503.jpg","width":2048,"height":1365},{"@type":"BreadcrumbList","@id":"https:\/\/4000mil.se\/index.php\/hur-jag-trodde-att-livet-skulle-bli-nar-jag-blev-stor\/#breadcrumb","itemListElement":[{"@type":"ListItem","position":1,"name":"Home","item":"https:\/\/4000mil.se\/"},{"@type":"ListItem","position":2,"name":"Hur jag som barn trodde att livet skulle bli n\u00e4r jag blev stor &#8211; och hur det faktiskt blev"}]},{"@type":"WebSite","@id":"https:\/\/4000mil.se\/#website","url":"https:\/\/4000mil.se\/","name":"4000 mil - en reseblogg","description":"We haven&#039;t been everywhere, but it is on our list.","publisher":{"@id":"https:\/\/4000mil.se\/#organization"},"potentialAction":[{"@type":"SearchAction","target":{"@type":"EntryPoint","urlTemplate":"https:\/\/4000mil.se\/?s={search_term_string}"},"query-input":{"@type":"PropertyValueSpecification","valueRequired":true,"valueName":"search_term_string"}}],"inLanguage":"sv-SE"},{"@type":"Organization","@id":"https:\/\/4000mil.se\/#organization","name":"4000mil","url":"https:\/\/4000mil.se\/","logo":{"@type":"ImageObject","inLanguage":"sv-SE","@id":"https:\/\/4000mil.se\/#\/schema\/logo\/image\/","url":"https:\/\/4000mil.se\/wp-content\/uploads\/2017\/07\/rsz_img_5178-e1511641744338.jpg","contentUrl":"https:\/\/4000mil.se\/wp-content\/uploads\/2017\/07\/rsz_img_5178-e1511641744338.jpg","width":1000,"height":667,"caption":"4000mil"},"image":{"@id":"https:\/\/4000mil.se\/#\/schema\/logo\/image\/"},"sameAs":["https:\/\/www.facebook.com\/4000mil\/","https:\/\/x.com\/4000mil_se","https:\/\/www.instagram.com\/4000mil.se\/","https:\/\/www.youtube.com\/channel\/UCJ-arZd2a7dT4Kqq5GtVbXQ"]},{"@type":"Person","@id":"https:\/\/4000mil.se\/#\/schema\/person\/cda463da9f6f2c4d9bbc173471184a73","name":"Gunilla Yourstone","image":{"@type":"ImageObject","inLanguage":"sv-SE","@id":"https:\/\/secure.gravatar.com\/avatar\/2df85d0820b33bffdd86a729d25273c6153c1cc9b1338f26ef0c98d01163520d?s=96&d=mm&r=g","url":"https:\/\/secure.gravatar.com\/avatar\/2df85d0820b33bffdd86a729d25273c6153c1cc9b1338f26ef0c98d01163520d?s=96&d=mm&r=g","contentUrl":"https:\/\/secure.gravatar.com\/avatar\/2df85d0820b33bffdd86a729d25273c6153c1cc9b1338f26ef0c98d01163520d?s=96&d=mm&r=g","caption":"Gunilla Yourstone"},"url":"https:\/\/4000mil.se\/index.php\/author\/gunillay\/"}]}},"_links":{"self":[{"href":"https:\/\/4000mil.se\/index.php\/wp-json\/wp\/v2\/posts\/25089","targetHints":{"allow":["GET"]}}],"collection":[{"href":"https:\/\/4000mil.se\/index.php\/wp-json\/wp\/v2\/posts"}],"about":[{"href":"https:\/\/4000mil.se\/index.php\/wp-json\/wp\/v2\/types\/post"}],"author":[{"embeddable":true,"href":"https:\/\/4000mil.se\/index.php\/wp-json\/wp\/v2\/users\/3"}],"replies":[{"embeddable":true,"href":"https:\/\/4000mil.se\/index.php\/wp-json\/wp\/v2\/comments?post=25089"}],"version-history":[{"count":40,"href":"https:\/\/4000mil.se\/index.php\/wp-json\/wp\/v2\/posts\/25089\/revisions"}],"predecessor-version":[{"id":85640,"href":"https:\/\/4000mil.se\/index.php\/wp-json\/wp\/v2\/posts\/25089\/revisions\/85640"}],"wp:featuredmedia":[{"embeddable":true,"href":"https:\/\/4000mil.se\/index.php\/wp-json\/wp\/v2\/media\/25726"}],"wp:attachment":[{"href":"https:\/\/4000mil.se\/index.php\/wp-json\/wp\/v2\/media?parent=25089"}],"wp:term":[{"taxonomy":"category","embeddable":true,"href":"https:\/\/4000mil.se\/index.php\/wp-json\/wp\/v2\/categories?post=25089"},{"taxonomy":"post_tag","embeddable":true,"href":"https:\/\/4000mil.se\/index.php\/wp-json\/wp\/v2\/tags?post=25089"}],"curies":[{"name":"wp","href":"https:\/\/api.w.org\/{rel}","templated":true}]}}