{"id":29734,"date":"2019-10-12T08:00:00","date_gmt":"2019-10-12T06:00:00","guid":{"rendered":"https:\/\/4000mil.se\/?p=29734"},"modified":"2019-11-11T21:05:19","modified_gmt":"2019-11-11T20:05:19","slug":"att-fa-ersattning-for-skadad-bagage-sa-har-gick-det-for-oss","status":"publish","type":"post","link":"https:\/\/4000mil.se\/index.php\/att-fa-ersattning-for-skadad-bagage-sa-har-gick-det-for-oss\/","title":{"rendered":"Att f\u00e5 ers\u00e4ttning f\u00f6r skadat bagage &#8211; s\u00e5 h\u00e4r gick det f\u00f6r oss"},"content":{"rendered":"<p>Under v\u00e5r resa till och fr\u00e5n Nice skadades mitt bagage. <a href=\"https:\/\/4000mil.se\/index.php\/basta-vaskan-for-en-tagluff\/\">Min nya fina v\u00e4ska fr\u00e5n Osprey<\/a> fick handtaget s\u00f6nderslaget. F\u00f6rst p\u00e5 v\u00e4gen ner och sedan slogs skadan upp ytterligare p\u00e5 v\u00e4gen hem, s\u00e5 att handtaget i stort sett var helt borta.<\/p>\n<p>Jag har bara drabbats av skadat bagage en g\u00e5ng tidigare. Det var 2003. D\u00e5 var processen mycket enkelt f\u00f6r mig som drabbad resen\u00e4r. Jag visade upp barnvagnen, som det g\u00e4llde i just detta fall, vid disken p\u00e5 flygplatsen och fick sedan n\u00e5gon form av kvitto, samt en anvisning om ett f\u00f6retag i stan att \u00e5ka till som kunde laga min barnvagn. Jag \u00e5kte dit l\u00e4mnade in barnvagnen och n\u00e5gra dagar senare var den klar. Enkelt, l\u00e4ttf\u00f6rst\u00e5eligt och smidigt.<\/p>\n<p>S\u00e5 h\u00e4r gick det f\u00f6r mig att anm\u00e4la skadan och f\u00e5 ers\u00e4ttning den h\u00e4r g\u00e5ngen. 16 \u00e5r senare.<\/p>\n<p><img loading=\"lazy\" decoding=\"async\" class=\"alignnone size-large wp-image-30044\" src=\"https:\/\/4000mil.se\/wp-content\/uploads\/2019\/10\/airport-335556_1920-1024x680.jpg\" alt=\"\" width=\"770\" height=\"511\" srcset=\"https:\/\/4000mil.se\/wp-content\/uploads\/2019\/10\/airport-335556_1920-1024x680.jpg 1024w, https:\/\/4000mil.se\/wp-content\/uploads\/2019\/10\/airport-335556_1920-300x199.jpg 300w, https:\/\/4000mil.se\/wp-content\/uploads\/2019\/10\/airport-335556_1920-768x510.jpg 768w, https:\/\/4000mil.se\/wp-content\/uploads\/2019\/10\/airport-335556_1920-800x531.jpg 800w, https:\/\/4000mil.se\/wp-content\/uploads\/2019\/10\/airport-335556_1920.jpg 1920w\" sizes=\"auto, (max-width: 770px) 100vw, 770px\" \/><\/p>\n<h2>P\u00e5 Nice flygplats<\/h2>\n<p>Jag uppm\u00e4rksammade f\u00f6rst\u00e5s direkt p\u00e5 plats p\u00e5 Nice flygplats att min v\u00e4ska var trasig. S\u00f6kte upp servicedesken och f\u00f6rs\u00f6kte anm\u00e4la. Men fick till svar:<\/p>\n<p><strong><em>\u2013 It is not totally broken\u2026 Axeltyckning.<\/em><\/strong><\/p>\n<p>Efter ett par dagar och n\u00e5gra f\u00f6rflyttningar av v\u00e4skan hade det spruckna handtaget nu g\u00e5tt av helt och endast halva handtaget \u00e5terstod att dra v\u00e4skan i.<\/p>\n<figure id=\"attachment_30049\" aria-describedby=\"caption-attachment-30049\" style=\"width: 712px\" class=\"wp-caption alignnone\"><img loading=\"lazy\" decoding=\"async\" class=\"wp-image-30049 size-full\" src=\"https:\/\/4000mil.se\/wp-content\/uploads\/2019\/10\/nice.jpg\" alt=\"\" width=\"712\" height=\"781\" srcset=\"https:\/\/4000mil.se\/wp-content\/uploads\/2019\/10\/nice.jpg 712w, https:\/\/4000mil.se\/wp-content\/uploads\/2019\/10\/nice-273x300.jpg 273w\" sizes=\"auto, (max-width: 712px) 100vw, 712px\" \/><figcaption id=\"caption-attachment-30049\" class=\"wp-caption-text\">Det blev nej av denna charmanta dam p\u00e5 Nice flygplats. Non. Impossible.<\/figcaption><\/figure>\n<h2>P\u00e5 flygplatsen i Ume\u00e5<\/h2>\n<p>N\u00e4r bagaget landade igen hemma p\u00e5 flygplatsen i Ume\u00e5 hade hela handtaget lossnat och \u00e4ven knappen som man f\u00e4ller upp och ner handtaget med. Men nu gick det bra att anm\u00e4la skadan. Den trevliga personalen p\u00e5 Swedavias flygplats i Ume\u00e5 hj\u00e4lpte mig med en anm\u00e4lan i pappersform. Mina personuppgifter fylldes i, samt uppgifter om v\u00e4skan, vilken flight jag kommit med etc.<\/p>\n<p>Vi kunde efter detta ta en taxi hem.<\/p>\n<p><img loading=\"lazy\" decoding=\"async\" class=\"alignnone size-large wp-image-30045\" src=\"https:\/\/4000mil.se\/wp-content\/uploads\/2019\/10\/shop-2148839_1920-1024x679.jpg\" alt=\"\" width=\"770\" height=\"511\" srcset=\"https:\/\/4000mil.se\/wp-content\/uploads\/2019\/10\/shop-2148839_1920-1024x679.jpg 1024w, https:\/\/4000mil.se\/wp-content\/uploads\/2019\/10\/shop-2148839_1920-300x199.jpg 300w, https:\/\/4000mil.se\/wp-content\/uploads\/2019\/10\/shop-2148839_1920-768x510.jpg 768w, https:\/\/4000mil.se\/wp-content\/uploads\/2019\/10\/shop-2148839_1920-800x531.jpg 800w, https:\/\/4000mil.se\/wp-content\/uploads\/2019\/10\/shop-2148839_1920.jpg 1920w\" sizes=\"auto, (max-width: 770px) 100vw, 770px\" \/><\/p>\n<h2>Mejl fr\u00e5n Swedavia (eller m\u00f6jligen SITA) och anm\u00e4lan till SAS<\/h2>\n<p>N\u00e4sta dag anl\u00e4nder ett mejl fr\u00e5n Sita, som efter en googling verkar vara ett kommunikationssystem f\u00f6r flygbranschen. Mejlet meddelar att jag framg\u00e5ngsrikt anm\u00e4lt en bagageskada och uppger ett <strong><em>referensnummer<\/em><\/strong>.<\/p>\n<p>Jag uppmanas att via en l\u00e4nk anm\u00e4la skadan till SAS.<\/p>\n<p>Jag klickar p\u00e5 l\u00e4nken. F\u00e5r fylla i alla uppgifter fr\u00e5n ig\u00e5r igen plus \u00e4nnu mer. Personuppgifter, flightnummer, beskrivning av v\u00e4ska. L\u00e4gga in l\u00e4nk till v\u00e4skmodellen p\u00e5 n\u00e4tet och exakta m\u00e5tt p\u00e5 v\u00e4skan. Man vill \u00e4ven ha ett foto av v\u00e4skan, som jag allts\u00e5 redan visat upp p\u00e5 flygplatsen. Jag fyller i och skickar anm\u00e4lan.<\/p>\n<h2>Mejls fr\u00e5n SAS, anm\u00e4lan till Samsonite (av alla st\u00e4llen)<\/h2>\n<p>Efter n\u00e5gra dagar anl\u00e4nder ett mejl fr\u00e5n SAS. Nu har jag f\u00e5tt ett nytt id ett <strong><em>requestId<\/em><\/strong> att h\u00e5lla r\u00e4tt p\u00e5. Ytterligare n\u00e5gra dagar senare en <strong><em>voucher code<\/em><\/strong> att h\u00e5lla r\u00e4tt p\u00e5. V\u00e4rdet av min voucher code \u00e4r lustigt nog 1 krona l\u00e4gre \u00e4n v\u00e4rdet jag uppgav f\u00f6r min v\u00e4ska. Lustig detalj som jag inte kan undg\u00e5 att l\u00e4gga m\u00e4rke till. Jag uppmanas g\u00e5 in p\u00e5 sidan https:\/\/www.bagsupport.net<\/p>\n<p>\u00c4ven p\u00e5 denna sida m\u00e5ste jag f\u00f6rst\u00e5s registrera mig. Denna sida verkar tillh\u00f6ra v\u00e4skm\u00e4rket Samsonite och det \u00e4r ocks\u00e5 deras v\u00e4skor och ett f\u00e5tal till m\u00e4rken jag har att v\u00e4lja mellan som ers\u00e4ttningsv\u00e4ska. Osprey finns inte och inga v\u00e4skor av den typ som min aktuella v\u00e4ska \u00e4r. Dvs en hybridv\u00e4ska som b\u00e5de kan anv\u00e4ndas som ryggs\u00e4ck och som resv\u00e4ska.<\/p>\n<p>Jag svara detta till SAS. Att jag inte vill inte ha en v\u00e4ska fr\u00e5n Samsonites webbshop utan jag vill ha en ny likadan v\u00e4ska som den skadade, alternativt f\u00e5 denna v\u00e4ska lagad till nyskick.<\/p>\n<figure id=\"attachment_28509\" aria-describedby=\"caption-attachment-28509\" style=\"width: 770px\" class=\"wp-caption alignnone\"><img loading=\"lazy\" decoding=\"async\" class=\"size-large wp-image-28509\" src=\"https:\/\/4000mil.se\/wp-content\/uploads\/2019\/08\/IMG_4457-1-1024x683.jpg\" alt=\"\" width=\"770\" height=\"514\" srcset=\"https:\/\/4000mil.se\/wp-content\/uploads\/2019\/08\/IMG_4457-1-1024x683.jpg 1024w, https:\/\/4000mil.se\/wp-content\/uploads\/2019\/08\/IMG_4457-1-300x200.jpg 300w, https:\/\/4000mil.se\/wp-content\/uploads\/2019\/08\/IMG_4457-1-768x512.jpg 768w, https:\/\/4000mil.se\/wp-content\/uploads\/2019\/08\/IMG_4457-1-2000x1333.jpg 2000w, https:\/\/4000mil.se\/wp-content\/uploads\/2019\/08\/IMG_4457-1-800x533.jpg 800w, https:\/\/4000mil.se\/wp-content\/uploads\/2019\/08\/IMG_4457-1.jpg 2048w\" sizes=\"auto, (max-width: 770px) 100vw, 770px\" \/><figcaption id=\"caption-attachment-28509\" class=\"wp-caption-text\">S\u00e5 h\u00e4r ser ju min v\u00e4ska ut!<\/figcaption><\/figure>\n<h2>Jag f\u00f6rs\u00f6ker f\u00f6rklara att min v\u00e4ska inte finns i Webbshopen<\/h2>\n<p>SAS svarar nu:<\/p>\n<p><span style=\"color: #993300;\"><em>I am sorry to hear that your baggage was damaged on your trip. I do understand your frustration and disappointment.<\/em><\/span><\/p>\n<p><span style=\"color: #993300;\"><em>Our partner, Samsonite, will help you to repair or exchange your damaged luggage. Please register your claim on\u00a0<span style=\"font-family: Arial; font-size: small;\">https:\/\/www.register.<wbr \/>bagsupport.net\/<\/span><\/em><\/span><\/p>\n<p><span style=\"color: #993300;\"><em>As soon as your claim has been registered, our colleagues at Samsonite will evaluate to see if your luggage is repairable or needs to be exchanged. If your luggage is damaged beyond repair, you will either be offered a similar suitcase or a gift certificate to be used to purchase a new luggage through Samsonite&#8217;s web shop. If you prefer to buy a more expensive suitcase, the gift certificate may be used as partial payment.<\/em><\/span><\/p>\n<p>Okej jag ringer SAS kundtj\u00e4nst. En v\u00e4nlig kvinna svarar mig att jag m\u00e5ste registrera mig hos Samsonite och best\u00e4lla en ny v\u00e4ska genom deras kundtj\u00e4nst. Men om jag inte \u00e4r n\u00f6jd med det, fr\u00e5gar jag. Jo d\u00e5 f\u00e5r jag v\u00e4nda mig till Allm\u00e4nna reklamationsn\u00e4mnden.<\/p>\n<p>Jag provar med ett sista mejl till SAS d\u00e4r jag omsorgsfullt f\u00f6rklarar att jag redan har 3 finfina resv\u00e4skor som jag \u00e4r sjukt n\u00f6jd med. (2 av dem fr\u00e5n just Samsonite faktiskt) Och att jag helt enkelt inte beh\u00f6ver eller ens vill ha fler just nu. D\u00e4remot vill jag v\u00e4ldigt g\u00e4rna ha en ny v\u00e4ska av just min modell fr\u00e5n Osprey. Och att jag k\u00e4nner att jag faktiskt inte riktigt sj\u00e4lv kunnat r\u00e5 f\u00f6r att den gick s\u00f6nder medan den var incheckad hos SAS.<\/p>\n<p>Jag mottar strax en exakt kopia p\u00e5 mejlet ovan.<\/p>\n<p><img loading=\"lazy\" decoding=\"async\" class=\"alignnone size-large wp-image-30046\" src=\"https:\/\/4000mil.se\/wp-content\/uploads\/2019\/10\/airport-1543008_1920-1024x768.jpg\" alt=\"\" width=\"770\" height=\"578\" srcset=\"https:\/\/4000mil.se\/wp-content\/uploads\/2019\/10\/airport-1543008_1920-1024x768.jpg 1024w, https:\/\/4000mil.se\/wp-content\/uploads\/2019\/10\/airport-1543008_1920-300x225.jpg 300w, https:\/\/4000mil.se\/wp-content\/uploads\/2019\/10\/airport-1543008_1920-768x576.jpg 768w, https:\/\/4000mil.se\/wp-content\/uploads\/2019\/10\/airport-1543008_1920-800x600.jpg 800w, https:\/\/4000mil.se\/wp-content\/uploads\/2019\/10\/airport-1543008_1920.jpg 1920w\" sizes=\"auto, (max-width: 770px) 100vw, 770px\" \/><\/p>\n<h2>Att f\u00e5 prata med r\u00e4tt person<\/h2>\n<p>Nu har jag b\u00f6rjat arbeta upp en liten l\u00e4tt irritation. B\u00f6rjar skriva p\u00e5 ett surt inl\u00e4gg. Men t\u00e4nker att jag m\u00e5ste \u00e4nd\u00e5 ta reda p\u00e5 hur SAS har t\u00e4nkt h\u00e4r. Det m\u00e5ste v\u00e4l finnas fler \u00e4n jag som har lite udda v\u00e4skor som de \u00e4lskar mer \u00e4n livet sj\u00e4lvt liksom, samtidigt som jag blir lite nyfiken p\u00e5 hela bagage-fl\u00f6des-processen ocks\u00e5. Kontaktar SAS pressavdelning och ber om en intervju.<\/p>\n<p><strong>Hej SAS, varf\u00f6r kan jag inte f\u00e5 pengar och k\u00f6pa en likadan v\u00e4ska som den som gick s\u00f6nder?<\/strong><\/p>\n<p>Jo men det har du absolut r\u00e4tt till. Det verkar som att ditt \u00e4rende blivit lite felhanterat h\u00e4r, jag ser svaren du f\u00e5tt och de st\u00e4mmer ju inte. Det finns ju massor av specialv\u00e4skor, golfbagar och s\u00e5nt och dem kan ju inte Samsonite ers\u00e4tta. Du kommer att f\u00e5 pengar utbetalda till ditt konto p\u00e5 bara n\u00e5gra dagar.<\/p>\n<p><strong>Jaha, men vad bra. Nu blir jag ju glad. Vi hade ju hunnit f\u00e4sta oss ganska rej\u00e4lt vid varandra Osprey och jag. Men f\u00e5r jag st\u00e4lla n\u00e5gra andra fr\u00e5gor n\u00e4r jag \u00e4nd\u00e5 h\u00e5ller p\u00e5? Hur ser processen egentligen ut, ska man ens anm\u00e4la p\u00e5 flygplatsen l\u00e4ngre?<\/strong><\/p>\n<p>Jo det b\u00f6r man g\u00f6ra. Men m\u00e5nga vet inte om det, eller hinner inte, s\u00e5 det g\u00e5r \u00e4ven att anm\u00e4la senare p\u00e5 sas.se. Men d\u00e5 m\u00e5ste man bifoga bilder p\u00e5 skadan.<\/p>\n<p><strong>S\u00e5 flygplatsen i Nice gjorde fel d\u00e5 n\u00e4r man v\u00e4grade ta emot min anm\u00e4lan?<\/strong><\/p>\n<p>Ja det gjorde de absolut. Vi har haft problem ibland med de mindre flygplatserna, det l\u00e5ter som att vi beh\u00f6ver ta ett snack med Nice.<\/p>\n<p><strong>Men jag anm\u00e4lde ju p\u00e5 flygplatsen i Ume\u00e5 och m\u00e5ste \u00e4nd\u00e5 fota och skicka in efter\u00e5t?<\/strong><\/p>\n<p>Ja det beror lite p\u00e5 hur fullst\u00e4ndig rapport vi f\u00e5tt fr\u00e5n flygplatsen.<\/p>\n<p><strong>Vem \u00e4r det egentligen som st\u00e5r f\u00f6r kostnaden f\u00f6r skadat bagage? Flygbolaget eller flygplatsen?<\/strong><\/p>\n<p>Det \u00e4r flygbolaget. Vi hyr sj\u00e4lva in den personal som jobbar med bagaget p\u00e5 flygplatsen.<\/p>\n<p><strong>F\u00e5r man alltid ut hela beloppet f\u00f6r den trasiga v\u00e4skan?<\/strong><\/p>\n<p>Det beror p\u00e5 hur gamma v\u00e4skan \u00e4r. \u00c4r den flera \u00e5r gammal, drar vi av f\u00f6r v\u00e4rdeminskning. Men din var ju helt ny.<\/p>\n<p><strong>En sista fr\u00e5ga som har slagit mig. B\u00e5de nu och ofta n\u00e4r jag reser. Vill flygbolagen egentligen att alla ska packa s\u00e5 mycket som m\u00f6jligt i kabinen? Eftersom man sl\u00e4pper p\u00e5 folk med s\u00e5 sjuk mycket bagage in? Jag t\u00e4nkte \u00e4r kostnaden f\u00f6r hanteringen f\u00f6r incheckat bagage \u00e4r s\u00e5 stor att man vill det?<\/strong><\/p>\n<p>Nej vi vill absolut att folk ska checka in stora bagage i st\u00e4llet f\u00f6r att ta med det in i kabinen. Men m\u00e5nga k\u00f6per ju biljetterna utan incheckning och d\u00e5 blir det ju mer komplicerat.<\/p>\n<p><strong>Ok, d\u00e5 verkar det l\u00f6sa sig f\u00f6r mig och min v\u00e4ska. Tack f\u00f6r hj\u00e4lpen.<\/strong><\/p>\n<p><img loading=\"lazy\" decoding=\"async\" class=\"alignnone size-large wp-image-30047\" src=\"https:\/\/4000mil.se\/wp-content\/uploads\/2019\/10\/architecture-3960163_1920-1024x683.jpg\" alt=\"\" width=\"770\" height=\"514\" srcset=\"https:\/\/4000mil.se\/wp-content\/uploads\/2019\/10\/architecture-3960163_1920-1024x683.jpg 1024w, https:\/\/4000mil.se\/wp-content\/uploads\/2019\/10\/architecture-3960163_1920-300x200.jpg 300w, https:\/\/4000mil.se\/wp-content\/uploads\/2019\/10\/architecture-3960163_1920-768x512.jpg 768w, https:\/\/4000mil.se\/wp-content\/uploads\/2019\/10\/architecture-3960163_1920-800x533.jpg 800w, https:\/\/4000mil.se\/wp-content\/uploads\/2019\/10\/architecture-3960163_1920.jpg 1920w\" sizes=\"auto, (max-width: 770px) 100vw, 770px\" \/><\/p>\n<h2>Slutet gott, allting gott d\u00e5?<\/h2>\n<p>Ja men absolut, jag \u00e4r inte den som \u00e4r den. Hoppas jag hinner f\u00e5 hem min nya Osprey nu bara inf\u00f6r Seoul.<\/p>\n<p>Men visst var det lite kr\u00e5ngligt \u00e4nd\u00e5? Med alla registreringar och anm\u00e4lningar p\u00e5 olika st\u00e4llen? Alla mejl med olika avs\u00e4ndare, alla parter som var inkopplade i \u00e4rendet. Och s\u00e5 det att jag fick fel svar hela tre g\u00e5nger. Jag t\u00e4nker att SAS kanske beh\u00f6ver tighta ihop sina processer b\u00e4ttre s\u00e5 att de blir logiska och enkla f\u00f6r kunden. Jag beh\u00f6ver ju str\u00e4ngt taget inte veta att 3 olika firmor \u00e4r inblandade i min v\u00e4ska och jag beh\u00f6ver inte 3 olika id:n heller att bifoga alla mina mejl och anm\u00e4lningar. F\u00f6r mig hade det r\u00e4ckt gott med en kontakt in och ett korrekt svar tillbaka.<\/p>\n<p><img loading=\"lazy\" decoding=\"async\" class=\"alignnone size-large wp-image-30048\" src=\"https:\/\/4000mil.se\/wp-content\/uploads\/2019\/10\/IMG_4612-1024x768.jpg\" alt=\"\" width=\"770\" height=\"578\" srcset=\"https:\/\/4000mil.se\/wp-content\/uploads\/2019\/10\/IMG_4612-1024x768.jpg 1024w, https:\/\/4000mil.se\/wp-content\/uploads\/2019\/10\/IMG_4612-300x225.jpg 300w, https:\/\/4000mil.se\/wp-content\/uploads\/2019\/10\/IMG_4612-768x576.jpg 768w, https:\/\/4000mil.se\/wp-content\/uploads\/2019\/10\/IMG_4612-2000x1500.jpg 2000w, https:\/\/4000mil.se\/wp-content\/uploads\/2019\/10\/IMG_4612-800x600.jpg 800w, https:\/\/4000mil.se\/wp-content\/uploads\/2019\/10\/IMG_4612.jpg 2048w\" sizes=\"auto, (max-width: 770px) 100vw, 770px\" \/><\/p>\n<p><a href=\"https:\/\/4000mil.se\/index.php\/category\/flygresor\/\">L\u00e4s fler av v\u00e5ra inl\u00e4gg om flygresor h\u00e4r.<\/a><\/p>\n<p>Vill du l\u00e4sa mer om v\u00e5ra flygupplevelser? Gl\u00f6m inte att <a href=\"https:\/\/www.facebook.com\/4000mil\/\" target=\"_blank\" rel=\"noopener noreferrer\">gilla 4000mil<\/a> p\u00e5 Facebook.<\/p>\n<p>&nbsp;<\/p>\n","protected":false},"excerpt":{"rendered":"<p>Under v\u00e5r resa till och fr\u00e5n Nice skadades mitt bagage. Min nya fina v\u00e4ska fr\u00e5n Osprey fick handtaget s\u00f6nderslaget. F\u00f6rst p\u00e5 v\u00e4gen ner och sedan slogs skadan upp ytterligare p\u00e5 v\u00e4gen hem, s\u00e5 att handtaget i stort sett var helt borta. Jag har bara drabbats av skadat bagage en g\u00e5ng [&hellip;]<\/p>\n","protected":false},"author":3,"featured_media":30051,"comment_status":"open","ping_status":"open","sticky":false,"template":"","format":"standard","meta":{"_monsterinsights_skip_tracking":false,"_monsterinsights_sitenote_active":false,"_monsterinsights_sitenote_note":"","_monsterinsights_sitenote_category":0,"footnotes":""},"categories":[1498],"tags":[9394],"class_list":["post-29734","post","type-post","status-publish","format-standard","has-post-thumbnail","hentry","category-flygresor","tag-vaskor"],"yoast_head":"<!-- This site is optimized with the Yoast SEO plugin v27.5 - https:\/\/yoast.com\/product\/yoast-seo-wordpress\/ -->\n<title>Att f\u00e5 ers\u00e4ttning f\u00f6r skadat bagage - s\u00e5 h\u00e4r gick det f\u00f6r oss<\/title>\n<meta name=\"description\" content=\"Under v\u00e5r resa till och fr\u00e5n Nice skadades mitt bagage. Min nya fina v\u00e4ska fr\u00e5n Osprey fick handtaget s\u00f6nderslaget. F\u00f6rst p\u00e5 v\u00e4gen ner och sedan slogs\" \/>\n<meta name=\"robots\" content=\"index, follow, max-snippet:-1, max-image-preview:large, max-video-preview:-1\" \/>\n<link rel=\"canonical\" href=\"https:\/\/4000mil.se\/index.php\/att-fa-ersattning-for-skadad-bagage-sa-har-gick-det-for-oss\/\" \/>\n<meta property=\"og:locale\" content=\"sv_SE\" \/>\n<meta property=\"og:type\" content=\"article\" \/>\n<meta property=\"og:title\" content=\"Att f\u00e5 ers\u00e4ttning f\u00f6r skadat bagage - s\u00e5 h\u00e4r gick det f\u00f6r oss\" \/>\n<meta property=\"og:description\" content=\"Under v\u00e5r resa till och fr\u00e5n Nice skadades mitt bagage. Min nya fina v\u00e4ska fr\u00e5n Osprey fick handtaget s\u00f6nderslaget. F\u00f6rst p\u00e5 v\u00e4gen ner och sedan slogs\" \/>\n<meta property=\"og:url\" content=\"https:\/\/4000mil.se\/index.php\/att-fa-ersattning-for-skadad-bagage-sa-har-gick-det-for-oss\/\" \/>\n<meta property=\"og:site_name\" content=\"4000 mil - en reseblogg\" \/>\n<meta property=\"article:publisher\" content=\"https:\/\/www.facebook.com\/4000mil\/\" \/>\n<meta property=\"article:published_time\" content=\"2019-10-12T06:00:00+00:00\" \/>\n<meta property=\"article:modified_time\" content=\"2019-11-11T20:05:19+00:00\" \/>\n<meta property=\"og:image\" content=\"https:\/\/4000mil.se\/wp-content\/uploads\/2019\/10\/IMG_4617.jpg\" \/>\n\t<meta property=\"og:image:width\" content=\"2048\" \/>\n\t<meta property=\"og:image:height\" content=\"1536\" \/>\n\t<meta property=\"og:image:type\" content=\"image\/jpeg\" \/>\n<meta name=\"author\" content=\"Gunilla Yourstone\" \/>\n<meta name=\"twitter:card\" content=\"summary_large_image\" \/>\n<meta name=\"twitter:creator\" content=\"@4000mil_se\" \/>\n<meta name=\"twitter:site\" content=\"@4000mil_se\" \/>\n<meta name=\"twitter:label1\" content=\"Skriven av\" \/>\n\t<meta name=\"twitter:data1\" content=\"Gunilla Yourstone\" \/>\n\t<meta name=\"twitter:label2\" content=\"Ber\u00e4knad l\u00e4stid\" \/>\n\t<meta name=\"twitter:data2\" content=\"9 minuter\" \/>\n<script type=\"application\/ld+json\" class=\"yoast-schema-graph\">{\"@context\":\"https:\\\/\\\/schema.org\",\"@graph\":[{\"@type\":\"Article\",\"@id\":\"https:\\\/\\\/4000mil.se\\\/index.php\\\/att-fa-ersattning-for-skadad-bagage-sa-har-gick-det-for-oss\\\/#article\",\"isPartOf\":{\"@id\":\"https:\\\/\\\/4000mil.se\\\/index.php\\\/att-fa-ersattning-for-skadad-bagage-sa-har-gick-det-for-oss\\\/\"},\"author\":{\"name\":\"Gunilla Yourstone\",\"@id\":\"https:\\\/\\\/4000mil.se\\\/#\\\/schema\\\/person\\\/cda463da9f6f2c4d9bbc173471184a73\"},\"headline\":\"Att f\u00e5 ers\u00e4ttning f\u00f6r skadat bagage &#8211; s\u00e5 h\u00e4r gick det f\u00f6r oss\",\"datePublished\":\"2019-10-12T06:00:00+00:00\",\"dateModified\":\"2019-11-11T20:05:19+00:00\",\"mainEntityOfPage\":{\"@id\":\"https:\\\/\\\/4000mil.se\\\/index.php\\\/att-fa-ersattning-for-skadad-bagage-sa-har-gick-det-for-oss\\\/\"},\"wordCount\":1718,\"commentCount\":8,\"publisher\":{\"@id\":\"https:\\\/\\\/4000mil.se\\\/#organization\"},\"image\":{\"@id\":\"https:\\\/\\\/4000mil.se\\\/index.php\\\/att-fa-ersattning-for-skadad-bagage-sa-har-gick-det-for-oss\\\/#primaryimage\"},\"thumbnailUrl\":\"https:\\\/\\\/4000mil.se\\\/wp-content\\\/uploads\\\/2019\\\/10\\\/IMG_4617.jpg\",\"keywords\":[\"v\u00e4skor\"],\"articleSection\":[\"Flygresor\"],\"inLanguage\":\"sv-SE\",\"potentialAction\":[{\"@type\":\"CommentAction\",\"name\":\"Comment\",\"target\":[\"https:\\\/\\\/4000mil.se\\\/index.php\\\/att-fa-ersattning-for-skadad-bagage-sa-har-gick-det-for-oss\\\/#respond\"]}]},{\"@type\":\"WebPage\",\"@id\":\"https:\\\/\\\/4000mil.se\\\/index.php\\\/att-fa-ersattning-for-skadad-bagage-sa-har-gick-det-for-oss\\\/\",\"url\":\"https:\\\/\\\/4000mil.se\\\/index.php\\\/att-fa-ersattning-for-skadad-bagage-sa-har-gick-det-for-oss\\\/\",\"name\":\"Att f\u00e5 ers\u00e4ttning f\u00f6r skadat bagage - s\u00e5 h\u00e4r gick det f\u00f6r oss\",\"isPartOf\":{\"@id\":\"https:\\\/\\\/4000mil.se\\\/#website\"},\"primaryImageOfPage\":{\"@id\":\"https:\\\/\\\/4000mil.se\\\/index.php\\\/att-fa-ersattning-for-skadad-bagage-sa-har-gick-det-for-oss\\\/#primaryimage\"},\"image\":{\"@id\":\"https:\\\/\\\/4000mil.se\\\/index.php\\\/att-fa-ersattning-for-skadad-bagage-sa-har-gick-det-for-oss\\\/#primaryimage\"},\"thumbnailUrl\":\"https:\\\/\\\/4000mil.se\\\/wp-content\\\/uploads\\\/2019\\\/10\\\/IMG_4617.jpg\",\"datePublished\":\"2019-10-12T06:00:00+00:00\",\"dateModified\":\"2019-11-11T20:05:19+00:00\",\"description\":\"Under v\u00e5r resa till och fr\u00e5n Nice skadades mitt bagage. Min nya fina v\u00e4ska fr\u00e5n Osprey fick handtaget s\u00f6nderslaget. F\u00f6rst p\u00e5 v\u00e4gen ner och sedan slogs\",\"breadcrumb\":{\"@id\":\"https:\\\/\\\/4000mil.se\\\/index.php\\\/att-fa-ersattning-for-skadad-bagage-sa-har-gick-det-for-oss\\\/#breadcrumb\"},\"inLanguage\":\"sv-SE\",\"potentialAction\":[{\"@type\":\"ReadAction\",\"target\":[\"https:\\\/\\\/4000mil.se\\\/index.php\\\/att-fa-ersattning-for-skadad-bagage-sa-har-gick-det-for-oss\\\/\"]}]},{\"@type\":\"ImageObject\",\"inLanguage\":\"sv-SE\",\"@id\":\"https:\\\/\\\/4000mil.se\\\/index.php\\\/att-fa-ersattning-for-skadad-bagage-sa-har-gick-det-for-oss\\\/#primaryimage\",\"url\":\"https:\\\/\\\/4000mil.se\\\/wp-content\\\/uploads\\\/2019\\\/10\\\/IMG_4617.jpg\",\"contentUrl\":\"https:\\\/\\\/4000mil.se\\\/wp-content\\\/uploads\\\/2019\\\/10\\\/IMG_4617.jpg\",\"width\":2048,\"height\":1536},{\"@type\":\"BreadcrumbList\",\"@id\":\"https:\\\/\\\/4000mil.se\\\/index.php\\\/att-fa-ersattning-for-skadad-bagage-sa-har-gick-det-for-oss\\\/#breadcrumb\",\"itemListElement\":[{\"@type\":\"ListItem\",\"position\":1,\"name\":\"Home\",\"item\":\"https:\\\/\\\/4000mil.se\\\/\"},{\"@type\":\"ListItem\",\"position\":2,\"name\":\"Att f\u00e5 ers\u00e4ttning f\u00f6r skadat bagage &#8211; s\u00e5 h\u00e4r gick det f\u00f6r oss\"}]},{\"@type\":\"WebSite\",\"@id\":\"https:\\\/\\\/4000mil.se\\\/#website\",\"url\":\"https:\\\/\\\/4000mil.se\\\/\",\"name\":\"4000 mil - en reseblogg\",\"description\":\"We haven&#039;t been everywhere, but it is on our list.\",\"publisher\":{\"@id\":\"https:\\\/\\\/4000mil.se\\\/#organization\"},\"potentialAction\":[{\"@type\":\"SearchAction\",\"target\":{\"@type\":\"EntryPoint\",\"urlTemplate\":\"https:\\\/\\\/4000mil.se\\\/?s={search_term_string}\"},\"query-input\":{\"@type\":\"PropertyValueSpecification\",\"valueRequired\":true,\"valueName\":\"search_term_string\"}}],\"inLanguage\":\"sv-SE\"},{\"@type\":\"Organization\",\"@id\":\"https:\\\/\\\/4000mil.se\\\/#organization\",\"name\":\"4000mil\",\"url\":\"https:\\\/\\\/4000mil.se\\\/\",\"logo\":{\"@type\":\"ImageObject\",\"inLanguage\":\"sv-SE\",\"@id\":\"https:\\\/\\\/4000mil.se\\\/#\\\/schema\\\/logo\\\/image\\\/\",\"url\":\"https:\\\/\\\/4000mil.se\\\/wp-content\\\/uploads\\\/2017\\\/07\\\/rsz_img_5178-e1511641744338.jpg\",\"contentUrl\":\"https:\\\/\\\/4000mil.se\\\/wp-content\\\/uploads\\\/2017\\\/07\\\/rsz_img_5178-e1511641744338.jpg\",\"width\":1000,\"height\":667,\"caption\":\"4000mil\"},\"image\":{\"@id\":\"https:\\\/\\\/4000mil.se\\\/#\\\/schema\\\/logo\\\/image\\\/\"},\"sameAs\":[\"https:\\\/\\\/www.facebook.com\\\/4000mil\\\/\",\"https:\\\/\\\/x.com\\\/4000mil_se\",\"https:\\\/\\\/www.instagram.com\\\/4000mil.se\\\/\",\"https:\\\/\\\/www.youtube.com\\\/channel\\\/UCJ-arZd2a7dT4Kqq5GtVbXQ\"]},{\"@type\":\"Person\",\"@id\":\"https:\\\/\\\/4000mil.se\\\/#\\\/schema\\\/person\\\/cda463da9f6f2c4d9bbc173471184a73\",\"name\":\"Gunilla Yourstone\",\"image\":{\"@type\":\"ImageObject\",\"inLanguage\":\"sv-SE\",\"@id\":\"https:\\\/\\\/secure.gravatar.com\\\/avatar\\\/2df85d0820b33bffdd86a729d25273c6153c1cc9b1338f26ef0c98d01163520d?s=96&d=mm&r=g\",\"url\":\"https:\\\/\\\/secure.gravatar.com\\\/avatar\\\/2df85d0820b33bffdd86a729d25273c6153c1cc9b1338f26ef0c98d01163520d?s=96&d=mm&r=g\",\"contentUrl\":\"https:\\\/\\\/secure.gravatar.com\\\/avatar\\\/2df85d0820b33bffdd86a729d25273c6153c1cc9b1338f26ef0c98d01163520d?s=96&d=mm&r=g\",\"caption\":\"Gunilla Yourstone\"},\"url\":\"https:\\\/\\\/4000mil.se\\\/index.php\\\/author\\\/gunillay\\\/\"}]}<\/script>\n<!-- \/ Yoast SEO plugin. -->","yoast_head_json":{"title":"Att f\u00e5 ers\u00e4ttning f\u00f6r skadat bagage - s\u00e5 h\u00e4r gick det f\u00f6r oss","description":"Under v\u00e5r resa till och fr\u00e5n Nice skadades mitt bagage. Min nya fina v\u00e4ska fr\u00e5n Osprey fick handtaget s\u00f6nderslaget. F\u00f6rst p\u00e5 v\u00e4gen ner och sedan slogs","robots":{"index":"index","follow":"follow","max-snippet":"max-snippet:-1","max-image-preview":"max-image-preview:large","max-video-preview":"max-video-preview:-1"},"canonical":"https:\/\/4000mil.se\/index.php\/att-fa-ersattning-for-skadad-bagage-sa-har-gick-det-for-oss\/","og_locale":"sv_SE","og_type":"article","og_title":"Att f\u00e5 ers\u00e4ttning f\u00f6r skadat bagage - s\u00e5 h\u00e4r gick det f\u00f6r oss","og_description":"Under v\u00e5r resa till och fr\u00e5n Nice skadades mitt bagage. Min nya fina v\u00e4ska fr\u00e5n Osprey fick handtaget s\u00f6nderslaget. F\u00f6rst p\u00e5 v\u00e4gen ner och sedan slogs","og_url":"https:\/\/4000mil.se\/index.php\/att-fa-ersattning-for-skadad-bagage-sa-har-gick-det-for-oss\/","og_site_name":"4000 mil - en reseblogg","article_publisher":"https:\/\/www.facebook.com\/4000mil\/","article_published_time":"2019-10-12T06:00:00+00:00","article_modified_time":"2019-11-11T20:05:19+00:00","og_image":[{"width":2048,"height":1536,"url":"https:\/\/4000mil.se\/wp-content\/uploads\/2019\/10\/IMG_4617.jpg","type":"image\/jpeg"}],"author":"Gunilla Yourstone","twitter_card":"summary_large_image","twitter_creator":"@4000mil_se","twitter_site":"@4000mil_se","twitter_misc":{"Skriven av":"Gunilla Yourstone","Ber\u00e4knad l\u00e4stid":"9 minuter"},"schema":{"@context":"https:\/\/schema.org","@graph":[{"@type":"Article","@id":"https:\/\/4000mil.se\/index.php\/att-fa-ersattning-for-skadad-bagage-sa-har-gick-det-for-oss\/#article","isPartOf":{"@id":"https:\/\/4000mil.se\/index.php\/att-fa-ersattning-for-skadad-bagage-sa-har-gick-det-for-oss\/"},"author":{"name":"Gunilla Yourstone","@id":"https:\/\/4000mil.se\/#\/schema\/person\/cda463da9f6f2c4d9bbc173471184a73"},"headline":"Att f\u00e5 ers\u00e4ttning f\u00f6r skadat bagage &#8211; s\u00e5 h\u00e4r gick det f\u00f6r oss","datePublished":"2019-10-12T06:00:00+00:00","dateModified":"2019-11-11T20:05:19+00:00","mainEntityOfPage":{"@id":"https:\/\/4000mil.se\/index.php\/att-fa-ersattning-for-skadad-bagage-sa-har-gick-det-for-oss\/"},"wordCount":1718,"commentCount":8,"publisher":{"@id":"https:\/\/4000mil.se\/#organization"},"image":{"@id":"https:\/\/4000mil.se\/index.php\/att-fa-ersattning-for-skadad-bagage-sa-har-gick-det-for-oss\/#primaryimage"},"thumbnailUrl":"https:\/\/4000mil.se\/wp-content\/uploads\/2019\/10\/IMG_4617.jpg","keywords":["v\u00e4skor"],"articleSection":["Flygresor"],"inLanguage":"sv-SE","potentialAction":[{"@type":"CommentAction","name":"Comment","target":["https:\/\/4000mil.se\/index.php\/att-fa-ersattning-for-skadad-bagage-sa-har-gick-det-for-oss\/#respond"]}]},{"@type":"WebPage","@id":"https:\/\/4000mil.se\/index.php\/att-fa-ersattning-for-skadad-bagage-sa-har-gick-det-for-oss\/","url":"https:\/\/4000mil.se\/index.php\/att-fa-ersattning-for-skadad-bagage-sa-har-gick-det-for-oss\/","name":"Att f\u00e5 ers\u00e4ttning f\u00f6r skadat bagage - s\u00e5 h\u00e4r gick det f\u00f6r oss","isPartOf":{"@id":"https:\/\/4000mil.se\/#website"},"primaryImageOfPage":{"@id":"https:\/\/4000mil.se\/index.php\/att-fa-ersattning-for-skadad-bagage-sa-har-gick-det-for-oss\/#primaryimage"},"image":{"@id":"https:\/\/4000mil.se\/index.php\/att-fa-ersattning-for-skadad-bagage-sa-har-gick-det-for-oss\/#primaryimage"},"thumbnailUrl":"https:\/\/4000mil.se\/wp-content\/uploads\/2019\/10\/IMG_4617.jpg","datePublished":"2019-10-12T06:00:00+00:00","dateModified":"2019-11-11T20:05:19+00:00","description":"Under v\u00e5r resa till och fr\u00e5n Nice skadades mitt bagage. Min nya fina v\u00e4ska fr\u00e5n Osprey fick handtaget s\u00f6nderslaget. F\u00f6rst p\u00e5 v\u00e4gen ner och sedan slogs","breadcrumb":{"@id":"https:\/\/4000mil.se\/index.php\/att-fa-ersattning-for-skadad-bagage-sa-har-gick-det-for-oss\/#breadcrumb"},"inLanguage":"sv-SE","potentialAction":[{"@type":"ReadAction","target":["https:\/\/4000mil.se\/index.php\/att-fa-ersattning-for-skadad-bagage-sa-har-gick-det-for-oss\/"]}]},{"@type":"ImageObject","inLanguage":"sv-SE","@id":"https:\/\/4000mil.se\/index.php\/att-fa-ersattning-for-skadad-bagage-sa-har-gick-det-for-oss\/#primaryimage","url":"https:\/\/4000mil.se\/wp-content\/uploads\/2019\/10\/IMG_4617.jpg","contentUrl":"https:\/\/4000mil.se\/wp-content\/uploads\/2019\/10\/IMG_4617.jpg","width":2048,"height":1536},{"@type":"BreadcrumbList","@id":"https:\/\/4000mil.se\/index.php\/att-fa-ersattning-for-skadad-bagage-sa-har-gick-det-for-oss\/#breadcrumb","itemListElement":[{"@type":"ListItem","position":1,"name":"Home","item":"https:\/\/4000mil.se\/"},{"@type":"ListItem","position":2,"name":"Att f\u00e5 ers\u00e4ttning f\u00f6r skadat bagage &#8211; s\u00e5 h\u00e4r gick det f\u00f6r oss"}]},{"@type":"WebSite","@id":"https:\/\/4000mil.se\/#website","url":"https:\/\/4000mil.se\/","name":"4000 mil - en reseblogg","description":"We haven&#039;t been everywhere, but it is on our list.","publisher":{"@id":"https:\/\/4000mil.se\/#organization"},"potentialAction":[{"@type":"SearchAction","target":{"@type":"EntryPoint","urlTemplate":"https:\/\/4000mil.se\/?s={search_term_string}"},"query-input":{"@type":"PropertyValueSpecification","valueRequired":true,"valueName":"search_term_string"}}],"inLanguage":"sv-SE"},{"@type":"Organization","@id":"https:\/\/4000mil.se\/#organization","name":"4000mil","url":"https:\/\/4000mil.se\/","logo":{"@type":"ImageObject","inLanguage":"sv-SE","@id":"https:\/\/4000mil.se\/#\/schema\/logo\/image\/","url":"https:\/\/4000mil.se\/wp-content\/uploads\/2017\/07\/rsz_img_5178-e1511641744338.jpg","contentUrl":"https:\/\/4000mil.se\/wp-content\/uploads\/2017\/07\/rsz_img_5178-e1511641744338.jpg","width":1000,"height":667,"caption":"4000mil"},"image":{"@id":"https:\/\/4000mil.se\/#\/schema\/logo\/image\/"},"sameAs":["https:\/\/www.facebook.com\/4000mil\/","https:\/\/x.com\/4000mil_se","https:\/\/www.instagram.com\/4000mil.se\/","https:\/\/www.youtube.com\/channel\/UCJ-arZd2a7dT4Kqq5GtVbXQ"]},{"@type":"Person","@id":"https:\/\/4000mil.se\/#\/schema\/person\/cda463da9f6f2c4d9bbc173471184a73","name":"Gunilla Yourstone","image":{"@type":"ImageObject","inLanguage":"sv-SE","@id":"https:\/\/secure.gravatar.com\/avatar\/2df85d0820b33bffdd86a729d25273c6153c1cc9b1338f26ef0c98d01163520d?s=96&d=mm&r=g","url":"https:\/\/secure.gravatar.com\/avatar\/2df85d0820b33bffdd86a729d25273c6153c1cc9b1338f26ef0c98d01163520d?s=96&d=mm&r=g","contentUrl":"https:\/\/secure.gravatar.com\/avatar\/2df85d0820b33bffdd86a729d25273c6153c1cc9b1338f26ef0c98d01163520d?s=96&d=mm&r=g","caption":"Gunilla Yourstone"},"url":"https:\/\/4000mil.se\/index.php\/author\/gunillay\/"}]}},"_links":{"self":[{"href":"https:\/\/4000mil.se\/index.php\/wp-json\/wp\/v2\/posts\/29734","targetHints":{"allow":["GET"]}}],"collection":[{"href":"https:\/\/4000mil.se\/index.php\/wp-json\/wp\/v2\/posts"}],"about":[{"href":"https:\/\/4000mil.se\/index.php\/wp-json\/wp\/v2\/types\/post"}],"author":[{"embeddable":true,"href":"https:\/\/4000mil.se\/index.php\/wp-json\/wp\/v2\/users\/3"}],"replies":[{"embeddable":true,"href":"https:\/\/4000mil.se\/index.php\/wp-json\/wp\/v2\/comments?post=29734"}],"version-history":[{"count":12,"href":"https:\/\/4000mil.se\/index.php\/wp-json\/wp\/v2\/posts\/29734\/revisions"}],"predecessor-version":[{"id":30689,"href":"https:\/\/4000mil.se\/index.php\/wp-json\/wp\/v2\/posts\/29734\/revisions\/30689"}],"wp:featuredmedia":[{"embeddable":true,"href":"https:\/\/4000mil.se\/index.php\/wp-json\/wp\/v2\/media\/30051"}],"wp:attachment":[{"href":"https:\/\/4000mil.se\/index.php\/wp-json\/wp\/v2\/media?parent=29734"}],"wp:term":[{"taxonomy":"category","embeddable":true,"href":"https:\/\/4000mil.se\/index.php\/wp-json\/wp\/v2\/categories?post=29734"},{"taxonomy":"post_tag","embeddable":true,"href":"https:\/\/4000mil.se\/index.php\/wp-json\/wp\/v2\/tags?post=29734"}],"curies":[{"name":"wp","href":"https:\/\/api.w.org\/{rel}","templated":true}]}}