{"id":34224,"date":"2020-04-12T08:00:00","date_gmt":"2020-04-12T06:00:00","guid":{"rendered":"https:\/\/4000mil.se\/?p=34224"},"modified":"2020-04-22T19:11:09","modified_gmt":"2020-04-22T17:11:09","slug":"nar-vagar-man-boka-resor-igen-sa-har-tanker-vi","status":"publish","type":"post","link":"https:\/\/4000mil.se\/index.php\/nar-vagar-man-boka-resor-igen-sa-har-tanker-vi\/","title":{"rendered":"N\u00e4r v\u00e5gar man boka resor igen? &#8211; s\u00e5 h\u00e4r t\u00e4nker vi"},"content":{"rendered":"<p>Den senaste veckan har det kommit ut flera <a href=\"https:\/\/www.svt.se\/nyheter\/inrikes\/da-kan-vi-resa-fritt-mellan-regionerna\" target=\"_blank\" rel=\"noopener noreferrer\">nyheter i media om vad Folkh\u00e4lsomyndigheten tror om m\u00f6jligheten att resa i sommar<\/a>.<\/p>\n<blockquote><p>Det blir troligen ingen utlandssemester i sommar. D\u00e4remot ser prognoserna s\u00e5 pass goda ut att vi med st\u00f6rsta sannolikhet kommer kunna r\u00f6ra oss mer fritt inom Sverige i sommar.<\/p><\/blockquote>\n<p>\u00c4r v\u00e4l kort sammanfattat det budskap som g\u00e4ller.<br \/>\nV\u00e4rlden och Europa kommer f\u00f6rmodligen att fortfarande vara ganska r\u00f6riga platser. Restriktioner i r\u00f6relsefrihet, st\u00e4ngda gr\u00e4nser, gr\u00e4nskontroller, inst\u00e4llda avg\u00e5ngar vad g\u00e4ller b\u00e5de t\u00e5g, flyg och f\u00e4rjor. Enligt experterna p\u00e5 Folkh\u00e4lsomyndigheten allts\u00e5.<\/p>\n<p>Sj\u00e4lva k\u00e4nner vi oss inte ens i n\u00e4rheten av att f\u00f6rs\u00f6ka f\u00f6rst\u00e5 och r\u00e4kna ut vad som kommer att h\u00e4nda med v\u00e4rlden nu. Utvecklingen hittills har varit l\u00e5ngt bortanf\u00f6r vad man n\u00e5gonsin skulle ha kunnat f\u00f6rest\u00e4lla sig i en dystopisk fantasi.<\/p>\n<p><img loading=\"lazy\" decoding=\"async\" class=\"alignnone size-large wp-image-34246\" src=\"https:\/\/4000mil.se\/wp-content\/uploads\/2020\/04\/IMG_4082-1024x683.jpg\" alt=\"\" width=\"770\" height=\"514\" srcset=\"https:\/\/4000mil.se\/wp-content\/uploads\/2020\/04\/IMG_4082-1024x683.jpg 1024w, https:\/\/4000mil.se\/wp-content\/uploads\/2020\/04\/IMG_4082-300x200.jpg 300w, https:\/\/4000mil.se\/wp-content\/uploads\/2020\/04\/IMG_4082-768x512.jpg 768w, https:\/\/4000mil.se\/wp-content\/uploads\/2020\/04\/IMG_4082-1536x1024.jpg 1536w, https:\/\/4000mil.se\/wp-content\/uploads\/2020\/04\/IMG_4082-2000x1333.jpg 2000w, https:\/\/4000mil.se\/wp-content\/uploads\/2020\/04\/IMG_4082-800x533.jpg 800w, https:\/\/4000mil.se\/wp-content\/uploads\/2020\/04\/IMG_4082.jpg 2048w\" sizes=\"auto, (max-width: 770px) 100vw, 770px\" \/><\/p>\n<h2>Hur vi t\u00e4nker inf\u00f6r sommaren<\/h2>\n<p>Vi t\u00e4nker Sverige inf\u00f6r sommaren. Och f\u00f6r egen del Norrland. Inte fr\u00e4mst av oro f\u00f6r att det fortfarande ska vara restriktioner ang\u00e5ende hur man reser i Sverige, utan fr\u00e4mst faktiskt f\u00f6r att det \u00e4r v\u00e5r egen lands\u00e4nde som lockar oss mest. H\u00e4r finns s\u00e5 sjukt mycket fantastisk natur att vi helt enkelt inte k\u00e4nner behov av att \u00e5ka l\u00e4ngre ner i Sverige.<\/p>\n<p><img loading=\"lazy\" decoding=\"async\" class=\"alignnone size-large wp-image-34248\" src=\"https:\/\/4000mil.se\/wp-content\/uploads\/2020\/04\/IMG_5625-1024x683.jpg\" alt=\"\" width=\"770\" height=\"514\" srcset=\"https:\/\/4000mil.se\/wp-content\/uploads\/2020\/04\/IMG_5625-1024x683.jpg 1024w, https:\/\/4000mil.se\/wp-content\/uploads\/2020\/04\/IMG_5625-300x200.jpg 300w, https:\/\/4000mil.se\/wp-content\/uploads\/2020\/04\/IMG_5625-768x512.jpg 768w, https:\/\/4000mil.se\/wp-content\/uploads\/2020\/04\/IMG_5625-1536x1024.jpg 1536w, https:\/\/4000mil.se\/wp-content\/uploads\/2020\/04\/IMG_5625-2000x1333.jpg 2000w, https:\/\/4000mil.se\/wp-content\/uploads\/2020\/04\/IMG_5625-800x533.jpg 800w, https:\/\/4000mil.se\/wp-content\/uploads\/2020\/04\/IMG_5625.jpg 2048w\" sizes=\"auto, (max-width: 770px) 100vw, 770px\" \/><\/p>\n<p>Det som komplicerar sommaren mest f\u00f6r oss \u00e4r att vi ju redan har planerade och delvis bokade utlandsresor. Dessa k\u00e4nns allts\u00e5 v\u00e4ldigt osannolika att kunna genomf\u00f6ra. Men samtidigt k\u00e4nns det ocks\u00e5 lite galet att boka nytt inom Sverige vid samma tidpunkter. F\u00f6r OM det skulle g\u00e5 att \u00e5ka utomlands, s\u00e5 st\u00e5r man d\u00e4r med dubbla rese-kostnader. En betald resa utomlands och en i Sverige. Det vi g\u00f6r nu \u00e4r allts\u00e5 att vi b\u00f6rjar planera upp alternativa svenska resm\u00e5l d\u00e4r allt \u00e4r avbokningsbart. Utifall. F\u00f6rst\u00e5s ocks\u00e5 praktiskt om Sverige i sommar fortfarande skulle vara i ett l\u00e4ge d\u00e4r det avr\u00e5ds fr\u00e5n resor inom landet.<\/p>\n<figure id=\"attachment_34249\" aria-describedby=\"caption-attachment-34249\" style=\"width: 770px\" class=\"wp-caption alignnone\"><img loading=\"lazy\" decoding=\"async\" class=\"wp-image-34249 size-large\" src=\"https:\/\/4000mil.se\/wp-content\/uploads\/2020\/04\/IMG_5847-1024x683.jpg\" alt=\"\" width=\"770\" height=\"514\" srcset=\"https:\/\/4000mil.se\/wp-content\/uploads\/2020\/04\/IMG_5847-1024x683.jpg 1024w, https:\/\/4000mil.se\/wp-content\/uploads\/2020\/04\/IMG_5847-300x200.jpg 300w, https:\/\/4000mil.se\/wp-content\/uploads\/2020\/04\/IMG_5847-768x512.jpg 768w, https:\/\/4000mil.se\/wp-content\/uploads\/2020\/04\/IMG_5847-1536x1024.jpg 1536w, https:\/\/4000mil.se\/wp-content\/uploads\/2020\/04\/IMG_5847-2000x1333.jpg 2000w, https:\/\/4000mil.se\/wp-content\/uploads\/2020\/04\/IMG_5847-800x533.jpg 800w, https:\/\/4000mil.se\/wp-content\/uploads\/2020\/04\/IMG_5847.jpg 2048w\" sizes=\"auto, (max-width: 770px) 100vw, 770px\" \/><figcaption id=\"caption-attachment-34249\" class=\"wp-caption-text\">K\u00e5kstaden i Malmberget<\/figcaption><\/figure>\n<p>Sen har vi ju gr\u00e4nsfallet Norge i augusti. Vi har en bokad stuga i Lofoten som \u00e4r avbokningsbar tills n\u00e5gon dag innan. Men har k\u00f6pt f\u00e4rjebiljetter f\u00f6r 3300 kr. Och de k\u00e4nns ju surt att f\u00f6rlora. S\u00e5 vi hoppas att det ska g\u00e5 att \u00e5ka och h\u00e5ller vecka 32 \u00f6ppen f\u00f6r Norge s\u00e5 l\u00e4nge. Samt hoppas p\u00e5 att det fortfarande ska finnas n\u00e5got ledigt i svenska fj\u00e4llv\u00e4rlden under den veckan l\u00e4ngre fram om Norge inte \u00f6ppnar gr\u00e4nsen mot Sverige.<\/p>\n<p><img loading=\"lazy\" decoding=\"async\" class=\"alignnone size-large wp-image-34247\" src=\"https:\/\/4000mil.se\/wp-content\/uploads\/2020\/04\/IMG_5416-1024x819.jpg\" alt=\"\" width=\"770\" height=\"616\" srcset=\"https:\/\/4000mil.se\/wp-content\/uploads\/2020\/04\/IMG_5416-1024x819.jpg 1024w, https:\/\/4000mil.se\/wp-content\/uploads\/2020\/04\/IMG_5416-300x240.jpg 300w, https:\/\/4000mil.se\/wp-content\/uploads\/2020\/04\/IMG_5416-768x614.jpg 768w, https:\/\/4000mil.se\/wp-content\/uploads\/2020\/04\/IMG_5416-1536x1229.jpg 1536w, https:\/\/4000mil.se\/wp-content\/uploads\/2020\/04\/IMG_5416-2000x1600.jpg 2000w, https:\/\/4000mil.se\/wp-content\/uploads\/2020\/04\/IMG_5416-800x640.jpg 800w, https:\/\/4000mil.se\/wp-content\/uploads\/2020\/04\/IMG_5416.jpg 2048w\" sizes=\"auto, (max-width: 770px) 100vw, 770px\" \/><\/p>\n<h2>Hur vi t\u00e4nker l\u00e4ngre fram<\/h2>\n<p>Vi l\u00e4ser nu att m\u00e5nga resefantaster (s\u00e5nna som vi d\u00e5 allts\u00e5) b\u00f6rjar f\u00e5 ryckningar i boka-fingret. <strong><em>&#8221;Visst borde det g\u00e5 att boka n\u00e5got till den och den m\u00e5naden. D\u00e5 borde det v\u00e4l vara \u00f6ver?&#8221;<\/em><\/strong><\/p>\n<p>Alla g\u00f6r s\u00e5 klart som de vill. Och helt f\u00f6rst\u00e5eligt att man l\u00e4ngtar ut i v\u00e4rlden. Men sj\u00e4lva k\u00e4nner vi att risken med att boka n\u00e5got fram\u00e5t h\u00f6sten, vintern och n\u00e4sta v\u00e5r \u00e4r alldeles f\u00f6r stor. Dels vet vi inte alls n\u00e5got om hur v\u00e4rlden ser ut. Hur m\u00e5nga v\u00e5gor av pandemin kommer? Hur kommer den ekonomiska krisen att p\u00e5verka v\u00e4rldens l\u00e4nder? Kan det bli oroligheter? V\u00e5ldsamheter? Vilka flygbolag kommer att finnas kvar? Vilka konkar? Samma med hotell, arrang\u00f6rer och resebyr\u00e5er.<\/p>\n<p><img loading=\"lazy\" decoding=\"async\" class=\"alignnone size-large wp-image-34252\" src=\"https:\/\/4000mil.se\/wp-content\/uploads\/2020\/04\/IMG_3609-1024x683.jpg\" alt=\"\" width=\"770\" height=\"514\" srcset=\"https:\/\/4000mil.se\/wp-content\/uploads\/2020\/04\/IMG_3609-1024x683.jpg 1024w, https:\/\/4000mil.se\/wp-content\/uploads\/2020\/04\/IMG_3609-300x200.jpg 300w, https:\/\/4000mil.se\/wp-content\/uploads\/2020\/04\/IMG_3609-768x512.jpg 768w, https:\/\/4000mil.se\/wp-content\/uploads\/2020\/04\/IMG_3609-1536x1025.jpg 1536w, https:\/\/4000mil.se\/wp-content\/uploads\/2020\/04\/IMG_3609-2000x1334.jpg 2000w, https:\/\/4000mil.se\/wp-content\/uploads\/2020\/04\/IMG_3609-800x534.jpg 800w, https:\/\/4000mil.se\/wp-content\/uploads\/2020\/04\/IMG_3609.jpg 2048w\" sizes=\"auto, (max-width: 770px) 100vw, 770px\" \/><\/p>\n<p>Vi bokar absolut ingenting f\u00f6rr\u00e4n vi s\u00e4kert vet att v\u00e4rlden \u00e4r trygg och f\u00f6rh\u00e5llandevis normal igen. Mer \u00e4n avbokningsbara boenden inom Sverige d\u00e4r vi inte betalar n\u00e5got i f\u00f6rv\u00e4g d\u00e5, som sagt. Allt annat k\u00e4nns f\u00f6r os\u00e4kert och riskfyllt f\u00f6r oss.<\/p>\n<p>Sen om v\u00e4rlden repar sig och det g\u00e5r finfint att resa igen, d\u00e5 f\u00e5r vi ta det om det i s\u00e5 fall blir dyrare att resa d\u00e5. Det blir v\u00e4l ett angen\u00e4mt problem i s\u00e5 fall.<\/p>\n<p>Hur t\u00e4nker du runt att planera resor nu?<\/p>\n<p><img loading=\"lazy\" decoding=\"async\" class=\"alignnone size-large wp-image-34244\" src=\"https:\/\/4000mil.se\/wp-content\/uploads\/2020\/04\/IMG_9224-1024x683.jpg\" alt=\"\" width=\"770\" height=\"514\" srcset=\"https:\/\/4000mil.se\/wp-content\/uploads\/2020\/04\/IMG_9224-1024x683.jpg 1024w, https:\/\/4000mil.se\/wp-content\/uploads\/2020\/04\/IMG_9224-300x200.jpg 300w, https:\/\/4000mil.se\/wp-content\/uploads\/2020\/04\/IMG_9224-768x512.jpg 768w, https:\/\/4000mil.se\/wp-content\/uploads\/2020\/04\/IMG_9224-1536x1024.jpg 1536w, https:\/\/4000mil.se\/wp-content\/uploads\/2020\/04\/IMG_9224-2000x1333.jpg 2000w, https:\/\/4000mil.se\/wp-content\/uploads\/2020\/04\/IMG_9224-800x533.jpg 800w, https:\/\/4000mil.se\/wp-content\/uploads\/2020\/04\/IMG_9224.jpg 2048w\" sizes=\"auto, (max-width: 770px) 100vw, 770px\" \/><\/p>\n<p><a href=\"https:\/\/4000mil.se\/index.php\/tag\/corona-virus\/\">L\u00e4s alla v\u00e5ra inl\u00e4gg om Corona-pandemin h\u00e4r.<\/a><\/p>\n<p>Missa inga inl\u00e4gg, Gilla <a href=\"https:\/\/www.facebook.com\/4000mil\/\" target=\"_blank\" rel=\"noopener noreferrer\">4000mil p\u00e5 Facebook.<\/a><\/p>\n<p>&nbsp;<\/p>\n","protected":false},"excerpt":{"rendered":"<p>Den senaste veckan har det kommit ut flera nyheter i media om vad Folkh\u00e4lsomyndigheten tror om m\u00f6jligheten att resa i sommar. Det blir troligen ingen utlandssemester i sommar. D\u00e4remot ser prognoserna s\u00e5 pass goda ut att vi med st\u00f6rsta sannolikhet kommer kunna r\u00f6ra oss mer fritt inom Sverige i sommar. [&hellip;]<\/p>\n","protected":false},"author":3,"featured_media":34253,"comment_status":"open","ping_status":"open","sticky":false,"template":"","format":"standard","meta":{"_monsterinsights_skip_tracking":false,"_monsterinsights_sitenote_active":false,"_monsterinsights_sitenote_note":"","_monsterinsights_sitenote_category":0,"footnotes":""},"categories":[203],"tags":[10882],"class_list":["post-34224","post","type-post","status-publish","format-standard","has-post-thumbnail","hentry","category-ovriga-resor","tag-corona-virus"],"yoast_head":"<!-- This site is optimized with the Yoast SEO plugin v27.5 - https:\/\/yoast.com\/product\/yoast-seo-wordpress\/ -->\n<title>N\u00e4r v\u00e5gar man boka resor igen? - s\u00e5 h\u00e4r t\u00e4nker vi<\/title>\n<meta name=\"description\" content=\"Den senaste veckan har det kommit ut flera nyheter i media om vad Folkh\u00e4lsomyndigheten tror om m\u00f6jligheten att resa i sommar. Det blir troligen ingen\" \/>\n<meta name=\"robots\" content=\"index, follow, max-snippet:-1, max-image-preview:large, max-video-preview:-1\" \/>\n<link rel=\"canonical\" href=\"https:\/\/4000mil.se\/index.php\/nar-vagar-man-boka-resor-igen-sa-har-tanker-vi\/\" \/>\n<meta property=\"og:locale\" content=\"sv_SE\" \/>\n<meta property=\"og:type\" content=\"article\" \/>\n<meta property=\"og:title\" content=\"N\u00e4r v\u00e5gar man boka resor igen? - s\u00e5 h\u00e4r t\u00e4nker vi\" \/>\n<meta property=\"og:description\" content=\"Den senaste veckan har det kommit ut flera nyheter i media om vad Folkh\u00e4lsomyndigheten tror om m\u00f6jligheten att resa i sommar. Det blir troligen ingen\" \/>\n<meta property=\"og:url\" content=\"https:\/\/4000mil.se\/index.php\/nar-vagar-man-boka-resor-igen-sa-har-tanker-vi\/\" \/>\n<meta property=\"og:site_name\" content=\"4000 mil - en reseblogg\" \/>\n<meta property=\"article:publisher\" content=\"https:\/\/www.facebook.com\/4000mil\/\" \/>\n<meta property=\"article:published_time\" content=\"2020-04-12T06:00:00+00:00\" \/>\n<meta property=\"article:modified_time\" content=\"2020-04-22T17:11:09+00:00\" \/>\n<meta property=\"og:image\" content=\"https:\/\/4000mil.se\/wp-content\/uploads\/2020\/04\/IMG_4082_front.jpg\" \/>\n\t<meta property=\"og:image:width\" content=\"2048\" \/>\n\t<meta property=\"og:image:height\" content=\"1247\" \/>\n\t<meta property=\"og:image:type\" content=\"image\/jpeg\" \/>\n<meta name=\"author\" content=\"Gunilla Yourstone\" \/>\n<meta name=\"twitter:card\" content=\"summary_large_image\" \/>\n<meta name=\"twitter:creator\" content=\"@4000mil_se\" \/>\n<meta name=\"twitter:site\" content=\"@4000mil_se\" \/>\n<meta name=\"twitter:label1\" content=\"Skriven av\" \/>\n\t<meta name=\"twitter:data1\" content=\"Gunilla Yourstone\" \/>\n\t<meta name=\"twitter:label2\" content=\"Ber\u00e4knad l\u00e4stid\" \/>\n\t<meta name=\"twitter:data2\" content=\"4 minuter\" \/>\n<script type=\"application\/ld+json\" class=\"yoast-schema-graph\">{\"@context\":\"https:\\\/\\\/schema.org\",\"@graph\":[{\"@type\":\"Article\",\"@id\":\"https:\\\/\\\/4000mil.se\\\/index.php\\\/nar-vagar-man-boka-resor-igen-sa-har-tanker-vi\\\/#article\",\"isPartOf\":{\"@id\":\"https:\\\/\\\/4000mil.se\\\/index.php\\\/nar-vagar-man-boka-resor-igen-sa-har-tanker-vi\\\/\"},\"author\":{\"name\":\"Gunilla Yourstone\",\"@id\":\"https:\\\/\\\/4000mil.se\\\/#\\\/schema\\\/person\\\/cda463da9f6f2c4d9bbc173471184a73\"},\"headline\":\"N\u00e4r v\u00e5gar man boka resor igen? &#8211; s\u00e5 h\u00e4r t\u00e4nker vi\",\"datePublished\":\"2020-04-12T06:00:00+00:00\",\"dateModified\":\"2020-04-22T17:11:09+00:00\",\"mainEntityOfPage\":{\"@id\":\"https:\\\/\\\/4000mil.se\\\/index.php\\\/nar-vagar-man-boka-resor-igen-sa-har-tanker-vi\\\/\"},\"wordCount\":763,\"commentCount\":16,\"publisher\":{\"@id\":\"https:\\\/\\\/4000mil.se\\\/#organization\"},\"image\":{\"@id\":\"https:\\\/\\\/4000mil.se\\\/index.php\\\/nar-vagar-man-boka-resor-igen-sa-har-tanker-vi\\\/#primaryimage\"},\"thumbnailUrl\":\"https:\\\/\\\/4000mil.se\\\/wp-content\\\/uploads\\\/2020\\\/04\\\/IMG_4082_front.jpg\",\"keywords\":[\"corona-virus\"],\"articleSection\":[\"Om resor\"],\"inLanguage\":\"sv-SE\",\"potentialAction\":[{\"@type\":\"CommentAction\",\"name\":\"Comment\",\"target\":[\"https:\\\/\\\/4000mil.se\\\/index.php\\\/nar-vagar-man-boka-resor-igen-sa-har-tanker-vi\\\/#respond\"]}]},{\"@type\":\"WebPage\",\"@id\":\"https:\\\/\\\/4000mil.se\\\/index.php\\\/nar-vagar-man-boka-resor-igen-sa-har-tanker-vi\\\/\",\"url\":\"https:\\\/\\\/4000mil.se\\\/index.php\\\/nar-vagar-man-boka-resor-igen-sa-har-tanker-vi\\\/\",\"name\":\"N\u00e4r v\u00e5gar man boka resor igen? - s\u00e5 h\u00e4r t\u00e4nker vi\",\"isPartOf\":{\"@id\":\"https:\\\/\\\/4000mil.se\\\/#website\"},\"primaryImageOfPage\":{\"@id\":\"https:\\\/\\\/4000mil.se\\\/index.php\\\/nar-vagar-man-boka-resor-igen-sa-har-tanker-vi\\\/#primaryimage\"},\"image\":{\"@id\":\"https:\\\/\\\/4000mil.se\\\/index.php\\\/nar-vagar-man-boka-resor-igen-sa-har-tanker-vi\\\/#primaryimage\"},\"thumbnailUrl\":\"https:\\\/\\\/4000mil.se\\\/wp-content\\\/uploads\\\/2020\\\/04\\\/IMG_4082_front.jpg\",\"datePublished\":\"2020-04-12T06:00:00+00:00\",\"dateModified\":\"2020-04-22T17:11:09+00:00\",\"description\":\"Den senaste veckan har det kommit ut flera nyheter i media om vad Folkh\u00e4lsomyndigheten tror om m\u00f6jligheten att resa i sommar. Det blir troligen ingen\",\"breadcrumb\":{\"@id\":\"https:\\\/\\\/4000mil.se\\\/index.php\\\/nar-vagar-man-boka-resor-igen-sa-har-tanker-vi\\\/#breadcrumb\"},\"inLanguage\":\"sv-SE\",\"potentialAction\":[{\"@type\":\"ReadAction\",\"target\":[\"https:\\\/\\\/4000mil.se\\\/index.php\\\/nar-vagar-man-boka-resor-igen-sa-har-tanker-vi\\\/\"]}]},{\"@type\":\"ImageObject\",\"inLanguage\":\"sv-SE\",\"@id\":\"https:\\\/\\\/4000mil.se\\\/index.php\\\/nar-vagar-man-boka-resor-igen-sa-har-tanker-vi\\\/#primaryimage\",\"url\":\"https:\\\/\\\/4000mil.se\\\/wp-content\\\/uploads\\\/2020\\\/04\\\/IMG_4082_front.jpg\",\"contentUrl\":\"https:\\\/\\\/4000mil.se\\\/wp-content\\\/uploads\\\/2020\\\/04\\\/IMG_4082_front.jpg\",\"width\":2048,\"height\":1247},{\"@type\":\"BreadcrumbList\",\"@id\":\"https:\\\/\\\/4000mil.se\\\/index.php\\\/nar-vagar-man-boka-resor-igen-sa-har-tanker-vi\\\/#breadcrumb\",\"itemListElement\":[{\"@type\":\"ListItem\",\"position\":1,\"name\":\"Home\",\"item\":\"https:\\\/\\\/4000mil.se\\\/\"},{\"@type\":\"ListItem\",\"position\":2,\"name\":\"N\u00e4r v\u00e5gar man boka resor igen? &#8211; s\u00e5 h\u00e4r t\u00e4nker vi\"}]},{\"@type\":\"WebSite\",\"@id\":\"https:\\\/\\\/4000mil.se\\\/#website\",\"url\":\"https:\\\/\\\/4000mil.se\\\/\",\"name\":\"4000 mil - en reseblogg\",\"description\":\"We haven&#039;t been everywhere, but it is on our list.\",\"publisher\":{\"@id\":\"https:\\\/\\\/4000mil.se\\\/#organization\"},\"potentialAction\":[{\"@type\":\"SearchAction\",\"target\":{\"@type\":\"EntryPoint\",\"urlTemplate\":\"https:\\\/\\\/4000mil.se\\\/?s={search_term_string}\"},\"query-input\":{\"@type\":\"PropertyValueSpecification\",\"valueRequired\":true,\"valueName\":\"search_term_string\"}}],\"inLanguage\":\"sv-SE\"},{\"@type\":\"Organization\",\"@id\":\"https:\\\/\\\/4000mil.se\\\/#organization\",\"name\":\"4000mil\",\"url\":\"https:\\\/\\\/4000mil.se\\\/\",\"logo\":{\"@type\":\"ImageObject\",\"inLanguage\":\"sv-SE\",\"@id\":\"https:\\\/\\\/4000mil.se\\\/#\\\/schema\\\/logo\\\/image\\\/\",\"url\":\"https:\\\/\\\/4000mil.se\\\/wp-content\\\/uploads\\\/2017\\\/07\\\/rsz_img_5178-e1511641744338.jpg\",\"contentUrl\":\"https:\\\/\\\/4000mil.se\\\/wp-content\\\/uploads\\\/2017\\\/07\\\/rsz_img_5178-e1511641744338.jpg\",\"width\":1000,\"height\":667,\"caption\":\"4000mil\"},\"image\":{\"@id\":\"https:\\\/\\\/4000mil.se\\\/#\\\/schema\\\/logo\\\/image\\\/\"},\"sameAs\":[\"https:\\\/\\\/www.facebook.com\\\/4000mil\\\/\",\"https:\\\/\\\/x.com\\\/4000mil_se\",\"https:\\\/\\\/www.instagram.com\\\/4000mil.se\\\/\",\"https:\\\/\\\/www.youtube.com\\\/channel\\\/UCJ-arZd2a7dT4Kqq5GtVbXQ\"]},{\"@type\":\"Person\",\"@id\":\"https:\\\/\\\/4000mil.se\\\/#\\\/schema\\\/person\\\/cda463da9f6f2c4d9bbc173471184a73\",\"name\":\"Gunilla Yourstone\",\"image\":{\"@type\":\"ImageObject\",\"inLanguage\":\"sv-SE\",\"@id\":\"https:\\\/\\\/secure.gravatar.com\\\/avatar\\\/2df85d0820b33bffdd86a729d25273c6153c1cc9b1338f26ef0c98d01163520d?s=96&d=mm&r=g\",\"url\":\"https:\\\/\\\/secure.gravatar.com\\\/avatar\\\/2df85d0820b33bffdd86a729d25273c6153c1cc9b1338f26ef0c98d01163520d?s=96&d=mm&r=g\",\"contentUrl\":\"https:\\\/\\\/secure.gravatar.com\\\/avatar\\\/2df85d0820b33bffdd86a729d25273c6153c1cc9b1338f26ef0c98d01163520d?s=96&d=mm&r=g\",\"caption\":\"Gunilla Yourstone\"},\"url\":\"https:\\\/\\\/4000mil.se\\\/index.php\\\/author\\\/gunillay\\\/\"}]}<\/script>\n<!-- \/ Yoast SEO plugin. -->","yoast_head_json":{"title":"N\u00e4r v\u00e5gar man boka resor igen? - s\u00e5 h\u00e4r t\u00e4nker vi","description":"Den senaste veckan har det kommit ut flera nyheter i media om vad Folkh\u00e4lsomyndigheten tror om m\u00f6jligheten att resa i sommar. Det blir troligen ingen","robots":{"index":"index","follow":"follow","max-snippet":"max-snippet:-1","max-image-preview":"max-image-preview:large","max-video-preview":"max-video-preview:-1"},"canonical":"https:\/\/4000mil.se\/index.php\/nar-vagar-man-boka-resor-igen-sa-har-tanker-vi\/","og_locale":"sv_SE","og_type":"article","og_title":"N\u00e4r v\u00e5gar man boka resor igen? - s\u00e5 h\u00e4r t\u00e4nker vi","og_description":"Den senaste veckan har det kommit ut flera nyheter i media om vad Folkh\u00e4lsomyndigheten tror om m\u00f6jligheten att resa i sommar. Det blir troligen ingen","og_url":"https:\/\/4000mil.se\/index.php\/nar-vagar-man-boka-resor-igen-sa-har-tanker-vi\/","og_site_name":"4000 mil - en reseblogg","article_publisher":"https:\/\/www.facebook.com\/4000mil\/","article_published_time":"2020-04-12T06:00:00+00:00","article_modified_time":"2020-04-22T17:11:09+00:00","og_image":[{"width":2048,"height":1247,"url":"https:\/\/4000mil.se\/wp-content\/uploads\/2020\/04\/IMG_4082_front.jpg","type":"image\/jpeg"}],"author":"Gunilla Yourstone","twitter_card":"summary_large_image","twitter_creator":"@4000mil_se","twitter_site":"@4000mil_se","twitter_misc":{"Skriven av":"Gunilla Yourstone","Ber\u00e4knad l\u00e4stid":"4 minuter"},"schema":{"@context":"https:\/\/schema.org","@graph":[{"@type":"Article","@id":"https:\/\/4000mil.se\/index.php\/nar-vagar-man-boka-resor-igen-sa-har-tanker-vi\/#article","isPartOf":{"@id":"https:\/\/4000mil.se\/index.php\/nar-vagar-man-boka-resor-igen-sa-har-tanker-vi\/"},"author":{"name":"Gunilla Yourstone","@id":"https:\/\/4000mil.se\/#\/schema\/person\/cda463da9f6f2c4d9bbc173471184a73"},"headline":"N\u00e4r v\u00e5gar man boka resor igen? &#8211; s\u00e5 h\u00e4r t\u00e4nker vi","datePublished":"2020-04-12T06:00:00+00:00","dateModified":"2020-04-22T17:11:09+00:00","mainEntityOfPage":{"@id":"https:\/\/4000mil.se\/index.php\/nar-vagar-man-boka-resor-igen-sa-har-tanker-vi\/"},"wordCount":763,"commentCount":16,"publisher":{"@id":"https:\/\/4000mil.se\/#organization"},"image":{"@id":"https:\/\/4000mil.se\/index.php\/nar-vagar-man-boka-resor-igen-sa-har-tanker-vi\/#primaryimage"},"thumbnailUrl":"https:\/\/4000mil.se\/wp-content\/uploads\/2020\/04\/IMG_4082_front.jpg","keywords":["corona-virus"],"articleSection":["Om resor"],"inLanguage":"sv-SE","potentialAction":[{"@type":"CommentAction","name":"Comment","target":["https:\/\/4000mil.se\/index.php\/nar-vagar-man-boka-resor-igen-sa-har-tanker-vi\/#respond"]}]},{"@type":"WebPage","@id":"https:\/\/4000mil.se\/index.php\/nar-vagar-man-boka-resor-igen-sa-har-tanker-vi\/","url":"https:\/\/4000mil.se\/index.php\/nar-vagar-man-boka-resor-igen-sa-har-tanker-vi\/","name":"N\u00e4r v\u00e5gar man boka resor igen? - s\u00e5 h\u00e4r t\u00e4nker vi","isPartOf":{"@id":"https:\/\/4000mil.se\/#website"},"primaryImageOfPage":{"@id":"https:\/\/4000mil.se\/index.php\/nar-vagar-man-boka-resor-igen-sa-har-tanker-vi\/#primaryimage"},"image":{"@id":"https:\/\/4000mil.se\/index.php\/nar-vagar-man-boka-resor-igen-sa-har-tanker-vi\/#primaryimage"},"thumbnailUrl":"https:\/\/4000mil.se\/wp-content\/uploads\/2020\/04\/IMG_4082_front.jpg","datePublished":"2020-04-12T06:00:00+00:00","dateModified":"2020-04-22T17:11:09+00:00","description":"Den senaste veckan har det kommit ut flera nyheter i media om vad Folkh\u00e4lsomyndigheten tror om m\u00f6jligheten att resa i sommar. Det blir troligen ingen","breadcrumb":{"@id":"https:\/\/4000mil.se\/index.php\/nar-vagar-man-boka-resor-igen-sa-har-tanker-vi\/#breadcrumb"},"inLanguage":"sv-SE","potentialAction":[{"@type":"ReadAction","target":["https:\/\/4000mil.se\/index.php\/nar-vagar-man-boka-resor-igen-sa-har-tanker-vi\/"]}]},{"@type":"ImageObject","inLanguage":"sv-SE","@id":"https:\/\/4000mil.se\/index.php\/nar-vagar-man-boka-resor-igen-sa-har-tanker-vi\/#primaryimage","url":"https:\/\/4000mil.se\/wp-content\/uploads\/2020\/04\/IMG_4082_front.jpg","contentUrl":"https:\/\/4000mil.se\/wp-content\/uploads\/2020\/04\/IMG_4082_front.jpg","width":2048,"height":1247},{"@type":"BreadcrumbList","@id":"https:\/\/4000mil.se\/index.php\/nar-vagar-man-boka-resor-igen-sa-har-tanker-vi\/#breadcrumb","itemListElement":[{"@type":"ListItem","position":1,"name":"Home","item":"https:\/\/4000mil.se\/"},{"@type":"ListItem","position":2,"name":"N\u00e4r v\u00e5gar man boka resor igen? &#8211; s\u00e5 h\u00e4r t\u00e4nker vi"}]},{"@type":"WebSite","@id":"https:\/\/4000mil.se\/#website","url":"https:\/\/4000mil.se\/","name":"4000 mil - en reseblogg","description":"We haven&#039;t been everywhere, but it is on our list.","publisher":{"@id":"https:\/\/4000mil.se\/#organization"},"potentialAction":[{"@type":"SearchAction","target":{"@type":"EntryPoint","urlTemplate":"https:\/\/4000mil.se\/?s={search_term_string}"},"query-input":{"@type":"PropertyValueSpecification","valueRequired":true,"valueName":"search_term_string"}}],"inLanguage":"sv-SE"},{"@type":"Organization","@id":"https:\/\/4000mil.se\/#organization","name":"4000mil","url":"https:\/\/4000mil.se\/","logo":{"@type":"ImageObject","inLanguage":"sv-SE","@id":"https:\/\/4000mil.se\/#\/schema\/logo\/image\/","url":"https:\/\/4000mil.se\/wp-content\/uploads\/2017\/07\/rsz_img_5178-e1511641744338.jpg","contentUrl":"https:\/\/4000mil.se\/wp-content\/uploads\/2017\/07\/rsz_img_5178-e1511641744338.jpg","width":1000,"height":667,"caption":"4000mil"},"image":{"@id":"https:\/\/4000mil.se\/#\/schema\/logo\/image\/"},"sameAs":["https:\/\/www.facebook.com\/4000mil\/","https:\/\/x.com\/4000mil_se","https:\/\/www.instagram.com\/4000mil.se\/","https:\/\/www.youtube.com\/channel\/UCJ-arZd2a7dT4Kqq5GtVbXQ"]},{"@type":"Person","@id":"https:\/\/4000mil.se\/#\/schema\/person\/cda463da9f6f2c4d9bbc173471184a73","name":"Gunilla Yourstone","image":{"@type":"ImageObject","inLanguage":"sv-SE","@id":"https:\/\/secure.gravatar.com\/avatar\/2df85d0820b33bffdd86a729d25273c6153c1cc9b1338f26ef0c98d01163520d?s=96&d=mm&r=g","url":"https:\/\/secure.gravatar.com\/avatar\/2df85d0820b33bffdd86a729d25273c6153c1cc9b1338f26ef0c98d01163520d?s=96&d=mm&r=g","contentUrl":"https:\/\/secure.gravatar.com\/avatar\/2df85d0820b33bffdd86a729d25273c6153c1cc9b1338f26ef0c98d01163520d?s=96&d=mm&r=g","caption":"Gunilla Yourstone"},"url":"https:\/\/4000mil.se\/index.php\/author\/gunillay\/"}]}},"_links":{"self":[{"href":"https:\/\/4000mil.se\/index.php\/wp-json\/wp\/v2\/posts\/34224","targetHints":{"allow":["GET"]}}],"collection":[{"href":"https:\/\/4000mil.se\/index.php\/wp-json\/wp\/v2\/posts"}],"about":[{"href":"https:\/\/4000mil.se\/index.php\/wp-json\/wp\/v2\/types\/post"}],"author":[{"embeddable":true,"href":"https:\/\/4000mil.se\/index.php\/wp-json\/wp\/v2\/users\/3"}],"replies":[{"embeddable":true,"href":"https:\/\/4000mil.se\/index.php\/wp-json\/wp\/v2\/comments?post=34224"}],"version-history":[{"count":16,"href":"https:\/\/4000mil.se\/index.php\/wp-json\/wp\/v2\/posts\/34224\/revisions"}],"predecessor-version":[{"id":34533,"href":"https:\/\/4000mil.se\/index.php\/wp-json\/wp\/v2\/posts\/34224\/revisions\/34533"}],"wp:featuredmedia":[{"embeddable":true,"href":"https:\/\/4000mil.se\/index.php\/wp-json\/wp\/v2\/media\/34253"}],"wp:attachment":[{"href":"https:\/\/4000mil.se\/index.php\/wp-json\/wp\/v2\/media?parent=34224"}],"wp:term":[{"taxonomy":"category","embeddable":true,"href":"https:\/\/4000mil.se\/index.php\/wp-json\/wp\/v2\/categories?post=34224"},{"taxonomy":"post_tag","embeddable":true,"href":"https:\/\/4000mil.se\/index.php\/wp-json\/wp\/v2\/tags?post=34224"}],"curies":[{"name":"wp","href":"https:\/\/api.w.org\/{rel}","templated":true}]}}