{"id":34943,"date":"2020-05-22T07:00:00","date_gmt":"2020-05-22T05:00:00","guid":{"rendered":"https:\/\/4000mil.se\/?p=34943"},"modified":"2021-10-29T22:22:33","modified_gmt":"2021-10-29T20:22:33","slug":"darfor-ar-det-sa-svart-allt-det-har-med-corona","status":"publish","type":"post","link":"https:\/\/4000mil.se\/index.php\/darfor-ar-det-sa-svart-allt-det-har-med-corona\/","title":{"rendered":"D\u00e4rf\u00f6r \u00e4r det s\u00e5 sv\u00e5rt &#8211; allt det h\u00e4r med Corona"},"content":{"rendered":"<p>Det \u00e4r inte l\u00e4tt att greppa det h\u00e4r med Corona. Vilka effekter f\u00e5r pandemi p\u00e5 olika faktorer i samh\u00e4llet, vad blir f\u00f6ljderna p\u00e5 l\u00e5ng sikt och vad f\u00e5r mitt eget agerande f\u00f6r f\u00f6ljdverkningar? Men varf\u00f6r \u00e4r det s\u00e5 sv\u00e5rt?<\/p>\n<h2>Exponentiellt<\/h2>\n<p>Den m\u00e4nskliga hj\u00e4rnan har sv\u00e5rt att f\u00f6rst\u00e5 den exponentiella kurvan och utvecklingen. S\u00e5 sv\u00e5rt att det finns ett antal ber\u00e4ttelser om \u00e4mnet. Historien om mannen som skulle betala en skuld med ett riskorn p\u00e5 ruta ett p\u00e5 ett schackbr\u00e4de, dubbelt s\u00e5 m\u00e5nga p\u00e5 ruta tv\u00e5, ytterligare dubbelt p\u00e5 ruta tre och s\u00e5 vidare. Mannen tyckte att han f\u00e5tt ett bra pris och gick gladeligen med p\u00e5 dealen. Historien slutar f\u00f6rst\u00e5s med att han fick g\u00e5 fr\u00e5n g\u00e5rd och tillg\u00e5ngar. F\u00f6r s\u00e5 m\u00e5nga riskorn som skulle l\u00e4ggas p\u00e5 sista schackrutan fanns inte att uppbringa i hela landet.<\/p>\n<p>Naturens processer \u00e4r ofta exponentiella. Antal sjuka i en ohejdad pandemi, l\u00e4mmel\u00e5r och effekterna av klimatf\u00f6r\u00e4ndringen \u00e4r exempel. F\u00f6rst syns inget, sen n\u00e4stan ingen och s\u00e5 boff, s\u00e5 har vi en utveckling s\u00e5 explosiv att inget kan hejda den.<\/p>\n<p><img loading=\"lazy\" decoding=\"async\" class=\"alignnone wp-image-35096 size-medium\" src=\"https:\/\/4000mil.se\/wp-content\/uploads\/2020\/05\/The_exponemtial_function-300x253.png\" alt=\"\" width=\"300\" height=\"253\" srcset=\"https:\/\/4000mil.se\/wp-content\/uploads\/2020\/05\/The_exponemtial_function-300x253.png 300w, https:\/\/4000mil.se\/wp-content\/uploads\/2020\/05\/The_exponemtial_function-768x647.png 768w, https:\/\/4000mil.se\/wp-content\/uploads\/2020\/05\/The_exponemtial_function.png 800w\" sizes=\"auto, (max-width: 300px) 100vw, 300px\" \/><\/p>\n<h2>T\u00e4nka alla samtidigt<\/h2>\n<p>Vi \u00e4r vana och rent av programmerade att t\u00e4nka &#8221;jag och mina behov&#8221;. Vi har extremt sv\u00e5rt att f\u00f6lja tankeg\u00e5ngar som g\u00e4ller ett stort kollektiv, typ alla i hela landet eller alla i Stockholm, alla i v\u00e4rlden.<\/p>\n<p>Jag tycker personligen att resandet har gjort det l\u00e4ttare f\u00f6r mig att ta till mig s\u00e5nna tankar. Jag minns under min f\u00f6rsta &#8221;riktiga&#8221; resa. En flygluff USA runt till flera av USA\u00b4s st\u00f6rsta st\u00e4der. New York, Washington DC, Orlando, Las Vegas, Los Angeles och San Francisco. Jag minns hur jag f\u00f6rundrades, &#8221;Hur kan det finnas s\u00e5 m\u00e5nga m\u00e4nniskor p\u00e5 jorden?&#8221;\u00a0 Ett ansikte som bara svischade f\u00f6rbi p\u00e5 en tunnelbanestation. Det var n\u00e5gon som levde ett liv, hade dr\u00f6mmar och f\u00f6rhoppningar. N\u00e5gon jag aldrig mer skulle se igen.<\/p>\n<p>Och min v\u00e4n Karin som under ett samtal p\u00e5 min balkong sa: &#8221;Har du t\u00e4nkt p\u00e5 staden? 1 miljon m\u00e4nniskor kanske som vaknar samtidigt varje morgon, spolar i toan samtidigt, s\u00e4tter p\u00e5 duschen samtidigt och sen sl\u00e5r p\u00e5 kaffebryggarna samtidigt. Och d\u00e5 ska Staden kunna hantera det. Det ska finnas vatten till alla toaletter, varmvatten i duscharna och el till kaffebryggaren. Till en miljon samtidigt!\u201d<\/p>\n<p>Det hissnade i min mage. Och samtidigt en f\u00f6rv\u00e5ning. Varf\u00f6r hade jag inte t\u00e4nkt s\u00e5 f\u00f6rut. Jag hade bara t\u00e4nkt, nu vill jag duscha, nu \u00e4r jag sugen p\u00e5 kaffe. Och s\u00e5 vidare.<\/p>\n<p>Men jag tror helt enkelt att det \u00e4r s\u00e5 vi \u00e4r programmerade att t\u00e4nka. Karin \u00e4r undantaget. Att t\u00e4nka \u201dalla\u201d \u00e4r sv\u00e5rt. Hur blir det d\u00e5 alla m\u00e4nniskor g\u00f6r en viss sak, reser, g\u00e5r p\u00e5 afterski, g\u00e5r p\u00e5 fest och kindpussas och \u00e5ker till Gotland \u00f6ver Kristi Himmelsf\u00e4rd. Det \u00e4r en sv\u00e5r tanke f\u00f6r oss som inte kommer naturligt.<\/p>\n<p><img loading=\"lazy\" decoding=\"async\" class=\"alignnone size-large wp-image-35097\" src=\"https:\/\/4000mil.se\/wp-content\/uploads\/2020\/05\/sailors-903044_1920-1024x679.jpg\" alt=\"\" width=\"770\" height=\"511\" srcset=\"https:\/\/4000mil.se\/wp-content\/uploads\/2020\/05\/sailors-903044_1920-1024x679.jpg 1024w, https:\/\/4000mil.se\/wp-content\/uploads\/2020\/05\/sailors-903044_1920-300x199.jpg 300w, https:\/\/4000mil.se\/wp-content\/uploads\/2020\/05\/sailors-903044_1920-768x510.jpg 768w, https:\/\/4000mil.se\/wp-content\/uploads\/2020\/05\/sailors-903044_1920-1536x1019.jpg 1536w, https:\/\/4000mil.se\/wp-content\/uploads\/2020\/05\/sailors-903044_1920-800x531.jpg 800w, https:\/\/4000mil.se\/wp-content\/uploads\/2020\/05\/sailors-903044_1920.jpg 1920w\" sizes=\"auto, (max-width: 770px) 100vw, 770px\" \/><\/p>\n<h2>T\u00e4nka jag smittar, inte jag smittas<\/h2>\n<p>F\u00f6rst\u00e5s. V\u00e5ra hj\u00e4rnor \u00e4r ju konstruerade f\u00f6r att skydda oss fr\u00e5n faror. Inte \u00f6verhuvudtaget f\u00f6r att skydda andra ok\u00e4nda m\u00e4nniskor fr\u00e5n oss. Det strider mot hela v\u00e5r reptilhj\u00e4rna.<\/p>\n<p>Jag m\u00e4rker hela tiden sj\u00e4lv hur jag halkar dit och t\u00e4nker att det \u00e4r jag som ska undvika att smittas, p\u00e5 gymmet, p\u00e5 aff\u00e4ren etc. N\u00e4r jag ska t\u00e4nka att jag kan vara smittsam och ska bete mig s\u00e5 att jag i s\u00e5 fall inte smittar andra.<\/p>\n<h2>T\u00e4nka tidsf\u00f6rskjutning<\/h2>\n<p>Orsak och verkan \u00e4r sv\u00e5rare att f\u00f6rst\u00e5 med en tidf\u00f6rskjutning. Att f\u00f6rst\u00e5 att om jag l\u00e4gger handen p\u00e5 den varma plattan, s\u00e5 br\u00e4nner jag mig, \u00e4r enkelt att ta till sig. Att f\u00f6rst\u00e5 att hur mycket engagemang jag l\u00e4gger in i min papparoll nu kommer att avg\u00f6ra om vi skiljer oss om 6 \u00e5r, \u00e4r sv\u00e5rare.<span class=\"text_exposed_show\"><br \/>\nAtt Corona-d\u00f6dstalen nu handlar om vad som h\u00e4nde i Sverige i mitten av april kan vara sv\u00e5rt att greppa. Och att det som jag g\u00f6r i helgen syns i IVA- och d\u00f6dsstatisk f\u00f6rst till midsommar.<\/span><\/p>\n<p><img loading=\"lazy\" decoding=\"async\" class=\"alignnone size-full wp-image-35104\" src=\"https:\/\/4000mil.se\/wp-content\/uploads\/2020\/05\/midsommar.jpg\" alt=\"\" width=\"1000\" height=\"1000\" srcset=\"https:\/\/4000mil.se\/wp-content\/uploads\/2020\/05\/midsommar.jpg 1000w, https:\/\/4000mil.se\/wp-content\/uploads\/2020\/05\/midsommar-300x300.jpg 300w, https:\/\/4000mil.se\/wp-content\/uploads\/2020\/05\/midsommar-150x150.jpg 150w, https:\/\/4000mil.se\/wp-content\/uploads\/2020\/05\/midsommar-768x768.jpg 768w, https:\/\/4000mil.se\/wp-content\/uploads\/2020\/05\/midsommar-800x800.jpg 800w, https:\/\/4000mil.se\/wp-content\/uploads\/2020\/05\/midsommar-120x120.jpg 120w\" sizes=\"auto, (max-width: 1000px) 100vw, 1000px\" \/><\/p>\n<h2>Att det inte finns n\u00e5gra enkla svar<\/h2>\n<p>Vi har blivit s\u00e5 vana med enkla svar och enkla l\u00f6sningar. Allt ska g\u00e5 s\u00e5 fort, ingen f\u00e5r prata till punkt. F\u00f6renkling, f\u00f6renkling. Och klickv\u00e4nliga rubriker.<\/p>\n<p>S\u00e5 kliver pl\u00f6tsligt forskare fram och tar \u00f6ver scenen. Och v\u00e4grar att ge enkla svar, utan plockar igen och igen i st\u00e4llet fram komplexiteten i verkligheten. Och vi tvingas liksom anpassa oss till det och f\u00f6rs\u00f6ka sitta ner i b\u00e5ten och ta in vidden av det fulla problemet. Var och en efter f\u00f6rm\u00e5ga.<\/p>\n<h2>Att de kommer att ta l\u00e5ng tid innan vi ser slutet och kan utv\u00e4rdera n\u00e5got alls<\/h2>\n<p>P\u00e5 samma tema som ovanst\u00e5ende. F\u00f6r enligt sann kv\u00e4llstidningsjournalistik vill vi ju veta nu hur allt kommer att g\u00e5, vilka som kommer att bli sjuka, n\u00e4r vi kan resa och socialisera som vanligt igen och vem som hade r\u00e4tt och vem som hade fel i de s\u00e5 kallade Corona-strategierna.<\/p>\n<p>Att t\u00e4nka att det kommer att ta ett antal \u00e5r innan vi kan dra slutsatser om sammanlagda d\u00f6dstal, det vill vi ju inte h\u00f6ra.<\/p>\n<p><img loading=\"lazy\" decoding=\"async\" class=\"alignnone wp-image-14258 size-large\" src=\"https:\/\/4000mil.se\/wp-content\/uploads\/2017\/09\/rsz_img_6605-1024x683.jpg\" alt=\"\" width=\"770\" height=\"514\" srcset=\"https:\/\/4000mil.se\/wp-content\/uploads\/2017\/09\/rsz_img_6605-1024x683.jpg 1024w, https:\/\/4000mil.se\/wp-content\/uploads\/2017\/09\/rsz_img_6605-300x200.jpg 300w, https:\/\/4000mil.se\/wp-content\/uploads\/2017\/09\/rsz_img_6605-768x512.jpg 768w, https:\/\/4000mil.se\/wp-content\/uploads\/2017\/09\/rsz_img_6605-2000x1333.jpg 2000w, https:\/\/4000mil.se\/wp-content\/uploads\/2017\/09\/rsz_img_6605-800x533.jpg 800w\" sizes=\"auto, (max-width: 770px) 100vw, 770px\" \/><\/p>\n<h2>Att man faktiskt inte har en aning om man inte studerat det h\u00e4r f\u00f6rut<\/h2>\n<p>2000-talet har varit tyckarnas \u00e5rhundrade s\u00e5 h\u00e4r l\u00e5ngt. Alla har en r\u00f6st, lite eller stor och alla kan, vill och bara m\u00e5ste tycka hela tiden. &#8221;S\u00e5 h\u00e4r tycker jag&#8221;. En sj\u00e4lvklar r\u00e4tt att uttrycka sin \u00e5sikt. D\u00e4rf\u00f6r k\u00e4nns det extremt ovant att k\u00e4nna p\u00e5 tanken att jag och alla andra som \u00e4r amat\u00f6rer i det h\u00e4r, har f\u00f6rmodligen inte en aning.<\/p>\n<p>Och att vi f\u00f6rmodligen inte borde tycka s\u00e5 mycket i fr\u00e5gan \u00f6ver huvud taget. Inte ge oss p\u00e5 att f\u00f6rs\u00f6ka veta b\u00e4st. Utan kanske bara g\u00f6ra som vi blir tillsagda i just den h\u00e4r fr\u00e5gan.<\/p>\n<p><img loading=\"lazy\" decoding=\"async\" class=\"alignnone size-full wp-image-35105\" src=\"https:\/\/4000mil.se\/wp-content\/uploads\/2020\/05\/wisti.jpg\" alt=\"\" width=\"960\" height=\"720\" srcset=\"https:\/\/4000mil.se\/wp-content\/uploads\/2020\/05\/wisti.jpg 960w, https:\/\/4000mil.se\/wp-content\/uploads\/2020\/05\/wisti-300x225.jpg 300w, https:\/\/4000mil.se\/wp-content\/uploads\/2020\/05\/wisti-768x576.jpg 768w, https:\/\/4000mil.se\/wp-content\/uploads\/2020\/05\/wisti-800x600.jpg 800w\" sizes=\"auto, (max-width: 960px) 100vw, 960px\" \/><\/p>\n<p>Missa inga inl\u00e4gg, gl\u00f6m inte att\u00a0<a href=\"https:\/\/www.facebook.com\/4000mil\/\" target=\"_blank\" rel=\"noopener noreferrer\">gilla 4000mil p\u00e5 Facebook<\/a>.<\/p>\n<p>&nbsp;<\/p>\n<p>&nbsp;<\/p>\n","protected":false},"excerpt":{"rendered":"<p>Det \u00e4r inte l\u00e4tt att greppa det h\u00e4r med Corona. Vilka effekter f\u00e5r pandemi p\u00e5 olika faktorer i samh\u00e4llet, vad blir f\u00f6ljderna p\u00e5 l\u00e5ng sikt och vad f\u00e5r mitt eget agerande f\u00f6r f\u00f6ljdverkningar? Men varf\u00f6r \u00e4r det s\u00e5 sv\u00e5rt? Exponentiellt Den m\u00e4nskliga hj\u00e4rnan har sv\u00e5rt att f\u00f6rst\u00e5 den exponentiella kurvan [&hellip;]<\/p>\n","protected":false},"author":3,"featured_media":10854,"comment_status":"open","ping_status":"open","sticky":false,"template":"","format":"standard","meta":{"_monsterinsights_skip_tracking":false,"_monsterinsights_sitenote_active":false,"_monsterinsights_sitenote_note":"","_monsterinsights_sitenote_category":0,"footnotes":""},"categories":[1516],"tags":[10882],"class_list":["post-34943","post","type-post","status-publish","format-standard","has-post-thumbnail","hentry","category-personligt","tag-corona-virus"],"yoast_head":"<!-- This site is optimized with the Yoast SEO plugin v27.5 - https:\/\/yoast.com\/product\/yoast-seo-wordpress\/ -->\n<title>D\u00e4rf\u00f6r \u00e4r det s\u00e5 sv\u00e5rt - allt det h\u00e4r med Corona<\/title>\n<meta name=\"description\" content=\"Det \u00e4r inte l\u00e4tt att greppa det h\u00e4r med Corona. Vilka effekter f\u00e5r pandemi p\u00e5 olika faktorer i samh\u00e4llet, vad blir f\u00f6ljderna p\u00e5 l\u00e5ng sikt och vad f\u00e5r mitt\" \/>\n<meta name=\"robots\" content=\"index, follow, max-snippet:-1, max-image-preview:large, max-video-preview:-1\" \/>\n<link rel=\"canonical\" href=\"https:\/\/4000mil.se\/index.php\/darfor-ar-det-sa-svart-allt-det-har-med-corona\/\" \/>\n<meta property=\"og:locale\" content=\"sv_SE\" \/>\n<meta property=\"og:type\" content=\"article\" \/>\n<meta property=\"og:title\" content=\"D\u00e4rf\u00f6r \u00e4r det s\u00e5 sv\u00e5rt - allt det h\u00e4r med Corona\" \/>\n<meta property=\"og:description\" content=\"Det \u00e4r inte l\u00e4tt att greppa det h\u00e4r med Corona. Vilka effekter f\u00e5r pandemi p\u00e5 olika faktorer i samh\u00e4llet, vad blir f\u00f6ljderna p\u00e5 l\u00e5ng sikt och vad f\u00e5r mitt\" \/>\n<meta property=\"og:url\" content=\"https:\/\/4000mil.se\/index.php\/darfor-ar-det-sa-svart-allt-det-har-med-corona\/\" \/>\n<meta property=\"og:site_name\" content=\"4000 mil - en reseblogg\" \/>\n<meta property=\"article:publisher\" content=\"https:\/\/www.facebook.com\/4000mil\/\" \/>\n<meta property=\"article:published_time\" content=\"2020-05-22T05:00:00+00:00\" \/>\n<meta property=\"article:modified_time\" content=\"2021-10-29T20:22:33+00:00\" \/>\n<meta property=\"og:image\" content=\"https:\/\/4000mil.se\/wp-content\/uploads\/2017\/04\/IMG_5420.jpg\" \/>\n\t<meta property=\"og:image:width\" content=\"1024\" \/>\n\t<meta property=\"og:image:height\" content=\"683\" \/>\n\t<meta property=\"og:image:type\" content=\"image\/jpeg\" \/>\n<meta name=\"author\" content=\"Gunilla Yourstone\" \/>\n<meta name=\"twitter:card\" content=\"summary_large_image\" \/>\n<meta name=\"twitter:creator\" content=\"@4000mil_se\" \/>\n<meta name=\"twitter:site\" content=\"@4000mil_se\" \/>\n<meta name=\"twitter:label1\" content=\"Skriven av\" \/>\n\t<meta name=\"twitter:data1\" content=\"Gunilla Yourstone\" \/>\n\t<meta name=\"twitter:label2\" content=\"Ber\u00e4knad l\u00e4stid\" \/>\n\t<meta name=\"twitter:data2\" content=\"5 minuter\" \/>\n<script type=\"application\/ld+json\" class=\"yoast-schema-graph\">{\"@context\":\"https:\\\/\\\/schema.org\",\"@graph\":[{\"@type\":\"Article\",\"@id\":\"https:\\\/\\\/4000mil.se\\\/index.php\\\/darfor-ar-det-sa-svart-allt-det-har-med-corona\\\/#article\",\"isPartOf\":{\"@id\":\"https:\\\/\\\/4000mil.se\\\/index.php\\\/darfor-ar-det-sa-svart-allt-det-har-med-corona\\\/\"},\"author\":{\"name\":\"Gunilla Yourstone\",\"@id\":\"https:\\\/\\\/4000mil.se\\\/#\\\/schema\\\/person\\\/cda463da9f6f2c4d9bbc173471184a73\"},\"headline\":\"D\u00e4rf\u00f6r \u00e4r det s\u00e5 sv\u00e5rt &#8211; allt det h\u00e4r med Corona\",\"datePublished\":\"2020-05-22T05:00:00+00:00\",\"dateModified\":\"2021-10-29T20:22:33+00:00\",\"mainEntityOfPage\":{\"@id\":\"https:\\\/\\\/4000mil.se\\\/index.php\\\/darfor-ar-det-sa-svart-allt-det-har-med-corona\\\/\"},\"wordCount\":1108,\"commentCount\":12,\"publisher\":{\"@id\":\"https:\\\/\\\/4000mil.se\\\/#organization\"},\"image\":{\"@id\":\"https:\\\/\\\/4000mil.se\\\/index.php\\\/darfor-ar-det-sa-svart-allt-det-har-med-corona\\\/#primaryimage\"},\"thumbnailUrl\":\"https:\\\/\\\/4000mil.se\\\/wp-content\\\/uploads\\\/2017\\\/04\\\/IMG_5420.jpg\",\"keywords\":[\"corona-virus\"],\"articleSection\":[\"Personligt\"],\"inLanguage\":\"sv-SE\",\"potentialAction\":[{\"@type\":\"CommentAction\",\"name\":\"Comment\",\"target\":[\"https:\\\/\\\/4000mil.se\\\/index.php\\\/darfor-ar-det-sa-svart-allt-det-har-med-corona\\\/#respond\"]}]},{\"@type\":\"WebPage\",\"@id\":\"https:\\\/\\\/4000mil.se\\\/index.php\\\/darfor-ar-det-sa-svart-allt-det-har-med-corona\\\/\",\"url\":\"https:\\\/\\\/4000mil.se\\\/index.php\\\/darfor-ar-det-sa-svart-allt-det-har-med-corona\\\/\",\"name\":\"D\u00e4rf\u00f6r \u00e4r det s\u00e5 sv\u00e5rt - allt det h\u00e4r med Corona\",\"isPartOf\":{\"@id\":\"https:\\\/\\\/4000mil.se\\\/#website\"},\"primaryImageOfPage\":{\"@id\":\"https:\\\/\\\/4000mil.se\\\/index.php\\\/darfor-ar-det-sa-svart-allt-det-har-med-corona\\\/#primaryimage\"},\"image\":{\"@id\":\"https:\\\/\\\/4000mil.se\\\/index.php\\\/darfor-ar-det-sa-svart-allt-det-har-med-corona\\\/#primaryimage\"},\"thumbnailUrl\":\"https:\\\/\\\/4000mil.se\\\/wp-content\\\/uploads\\\/2017\\\/04\\\/IMG_5420.jpg\",\"datePublished\":\"2020-05-22T05:00:00+00:00\",\"dateModified\":\"2021-10-29T20:22:33+00:00\",\"description\":\"Det \u00e4r inte l\u00e4tt att greppa det h\u00e4r med Corona. Vilka effekter f\u00e5r pandemi p\u00e5 olika faktorer i samh\u00e4llet, vad blir f\u00f6ljderna p\u00e5 l\u00e5ng sikt och vad f\u00e5r mitt\",\"breadcrumb\":{\"@id\":\"https:\\\/\\\/4000mil.se\\\/index.php\\\/darfor-ar-det-sa-svart-allt-det-har-med-corona\\\/#breadcrumb\"},\"inLanguage\":\"sv-SE\",\"potentialAction\":[{\"@type\":\"ReadAction\",\"target\":[\"https:\\\/\\\/4000mil.se\\\/index.php\\\/darfor-ar-det-sa-svart-allt-det-har-med-corona\\\/\"]}]},{\"@type\":\"ImageObject\",\"inLanguage\":\"sv-SE\",\"@id\":\"https:\\\/\\\/4000mil.se\\\/index.php\\\/darfor-ar-det-sa-svart-allt-det-har-med-corona\\\/#primaryimage\",\"url\":\"https:\\\/\\\/4000mil.se\\\/wp-content\\\/uploads\\\/2017\\\/04\\\/IMG_5420.jpg\",\"contentUrl\":\"https:\\\/\\\/4000mil.se\\\/wp-content\\\/uploads\\\/2017\\\/04\\\/IMG_5420.jpg\",\"width\":1024,\"height\":683},{\"@type\":\"BreadcrumbList\",\"@id\":\"https:\\\/\\\/4000mil.se\\\/index.php\\\/darfor-ar-det-sa-svart-allt-det-har-med-corona\\\/#breadcrumb\",\"itemListElement\":[{\"@type\":\"ListItem\",\"position\":1,\"name\":\"Home\",\"item\":\"https:\\\/\\\/4000mil.se\\\/\"},{\"@type\":\"ListItem\",\"position\":2,\"name\":\"D\u00e4rf\u00f6r \u00e4r det s\u00e5 sv\u00e5rt &#8211; allt det h\u00e4r med Corona\"}]},{\"@type\":\"WebSite\",\"@id\":\"https:\\\/\\\/4000mil.se\\\/#website\",\"url\":\"https:\\\/\\\/4000mil.se\\\/\",\"name\":\"4000 mil - en reseblogg\",\"description\":\"We haven&#039;t been everywhere, but it is on our list.\",\"publisher\":{\"@id\":\"https:\\\/\\\/4000mil.se\\\/#organization\"},\"potentialAction\":[{\"@type\":\"SearchAction\",\"target\":{\"@type\":\"EntryPoint\",\"urlTemplate\":\"https:\\\/\\\/4000mil.se\\\/?s={search_term_string}\"},\"query-input\":{\"@type\":\"PropertyValueSpecification\",\"valueRequired\":true,\"valueName\":\"search_term_string\"}}],\"inLanguage\":\"sv-SE\"},{\"@type\":\"Organization\",\"@id\":\"https:\\\/\\\/4000mil.se\\\/#organization\",\"name\":\"4000mil\",\"url\":\"https:\\\/\\\/4000mil.se\\\/\",\"logo\":{\"@type\":\"ImageObject\",\"inLanguage\":\"sv-SE\",\"@id\":\"https:\\\/\\\/4000mil.se\\\/#\\\/schema\\\/logo\\\/image\\\/\",\"url\":\"https:\\\/\\\/4000mil.se\\\/wp-content\\\/uploads\\\/2017\\\/07\\\/rsz_img_5178-e1511641744338.jpg\",\"contentUrl\":\"https:\\\/\\\/4000mil.se\\\/wp-content\\\/uploads\\\/2017\\\/07\\\/rsz_img_5178-e1511641744338.jpg\",\"width\":1000,\"height\":667,\"caption\":\"4000mil\"},\"image\":{\"@id\":\"https:\\\/\\\/4000mil.se\\\/#\\\/schema\\\/logo\\\/image\\\/\"},\"sameAs\":[\"https:\\\/\\\/www.facebook.com\\\/4000mil\\\/\",\"https:\\\/\\\/x.com\\\/4000mil_se\",\"https:\\\/\\\/www.instagram.com\\\/4000mil.se\\\/\",\"https:\\\/\\\/www.youtube.com\\\/channel\\\/UCJ-arZd2a7dT4Kqq5GtVbXQ\"]},{\"@type\":\"Person\",\"@id\":\"https:\\\/\\\/4000mil.se\\\/#\\\/schema\\\/person\\\/cda463da9f6f2c4d9bbc173471184a73\",\"name\":\"Gunilla Yourstone\",\"image\":{\"@type\":\"ImageObject\",\"inLanguage\":\"sv-SE\",\"@id\":\"https:\\\/\\\/secure.gravatar.com\\\/avatar\\\/2df85d0820b33bffdd86a729d25273c6153c1cc9b1338f26ef0c98d01163520d?s=96&d=mm&r=g\",\"url\":\"https:\\\/\\\/secure.gravatar.com\\\/avatar\\\/2df85d0820b33bffdd86a729d25273c6153c1cc9b1338f26ef0c98d01163520d?s=96&d=mm&r=g\",\"contentUrl\":\"https:\\\/\\\/secure.gravatar.com\\\/avatar\\\/2df85d0820b33bffdd86a729d25273c6153c1cc9b1338f26ef0c98d01163520d?s=96&d=mm&r=g\",\"caption\":\"Gunilla Yourstone\"},\"url\":\"https:\\\/\\\/4000mil.se\\\/index.php\\\/author\\\/gunillay\\\/\"}]}<\/script>\n<!-- \/ Yoast SEO plugin. -->","yoast_head_json":{"title":"D\u00e4rf\u00f6r \u00e4r det s\u00e5 sv\u00e5rt - allt det h\u00e4r med Corona","description":"Det \u00e4r inte l\u00e4tt att greppa det h\u00e4r med Corona. Vilka effekter f\u00e5r pandemi p\u00e5 olika faktorer i samh\u00e4llet, vad blir f\u00f6ljderna p\u00e5 l\u00e5ng sikt och vad f\u00e5r mitt","robots":{"index":"index","follow":"follow","max-snippet":"max-snippet:-1","max-image-preview":"max-image-preview:large","max-video-preview":"max-video-preview:-1"},"canonical":"https:\/\/4000mil.se\/index.php\/darfor-ar-det-sa-svart-allt-det-har-med-corona\/","og_locale":"sv_SE","og_type":"article","og_title":"D\u00e4rf\u00f6r \u00e4r det s\u00e5 sv\u00e5rt - allt det h\u00e4r med Corona","og_description":"Det \u00e4r inte l\u00e4tt att greppa det h\u00e4r med Corona. Vilka effekter f\u00e5r pandemi p\u00e5 olika faktorer i samh\u00e4llet, vad blir f\u00f6ljderna p\u00e5 l\u00e5ng sikt och vad f\u00e5r mitt","og_url":"https:\/\/4000mil.se\/index.php\/darfor-ar-det-sa-svart-allt-det-har-med-corona\/","og_site_name":"4000 mil - en reseblogg","article_publisher":"https:\/\/www.facebook.com\/4000mil\/","article_published_time":"2020-05-22T05:00:00+00:00","article_modified_time":"2021-10-29T20:22:33+00:00","og_image":[{"width":1024,"height":683,"url":"https:\/\/4000mil.se\/wp-content\/uploads\/2017\/04\/IMG_5420.jpg","type":"image\/jpeg"}],"author":"Gunilla Yourstone","twitter_card":"summary_large_image","twitter_creator":"@4000mil_se","twitter_site":"@4000mil_se","twitter_misc":{"Skriven av":"Gunilla Yourstone","Ber\u00e4knad l\u00e4stid":"5 minuter"},"schema":{"@context":"https:\/\/schema.org","@graph":[{"@type":"Article","@id":"https:\/\/4000mil.se\/index.php\/darfor-ar-det-sa-svart-allt-det-har-med-corona\/#article","isPartOf":{"@id":"https:\/\/4000mil.se\/index.php\/darfor-ar-det-sa-svart-allt-det-har-med-corona\/"},"author":{"name":"Gunilla Yourstone","@id":"https:\/\/4000mil.se\/#\/schema\/person\/cda463da9f6f2c4d9bbc173471184a73"},"headline":"D\u00e4rf\u00f6r \u00e4r det s\u00e5 sv\u00e5rt &#8211; allt det h\u00e4r med Corona","datePublished":"2020-05-22T05:00:00+00:00","dateModified":"2021-10-29T20:22:33+00:00","mainEntityOfPage":{"@id":"https:\/\/4000mil.se\/index.php\/darfor-ar-det-sa-svart-allt-det-har-med-corona\/"},"wordCount":1108,"commentCount":12,"publisher":{"@id":"https:\/\/4000mil.se\/#organization"},"image":{"@id":"https:\/\/4000mil.se\/index.php\/darfor-ar-det-sa-svart-allt-det-har-med-corona\/#primaryimage"},"thumbnailUrl":"https:\/\/4000mil.se\/wp-content\/uploads\/2017\/04\/IMG_5420.jpg","keywords":["corona-virus"],"articleSection":["Personligt"],"inLanguage":"sv-SE","potentialAction":[{"@type":"CommentAction","name":"Comment","target":["https:\/\/4000mil.se\/index.php\/darfor-ar-det-sa-svart-allt-det-har-med-corona\/#respond"]}]},{"@type":"WebPage","@id":"https:\/\/4000mil.se\/index.php\/darfor-ar-det-sa-svart-allt-det-har-med-corona\/","url":"https:\/\/4000mil.se\/index.php\/darfor-ar-det-sa-svart-allt-det-har-med-corona\/","name":"D\u00e4rf\u00f6r \u00e4r det s\u00e5 sv\u00e5rt - allt det h\u00e4r med Corona","isPartOf":{"@id":"https:\/\/4000mil.se\/#website"},"primaryImageOfPage":{"@id":"https:\/\/4000mil.se\/index.php\/darfor-ar-det-sa-svart-allt-det-har-med-corona\/#primaryimage"},"image":{"@id":"https:\/\/4000mil.se\/index.php\/darfor-ar-det-sa-svart-allt-det-har-med-corona\/#primaryimage"},"thumbnailUrl":"https:\/\/4000mil.se\/wp-content\/uploads\/2017\/04\/IMG_5420.jpg","datePublished":"2020-05-22T05:00:00+00:00","dateModified":"2021-10-29T20:22:33+00:00","description":"Det \u00e4r inte l\u00e4tt att greppa det h\u00e4r med Corona. Vilka effekter f\u00e5r pandemi p\u00e5 olika faktorer i samh\u00e4llet, vad blir f\u00f6ljderna p\u00e5 l\u00e5ng sikt och vad f\u00e5r mitt","breadcrumb":{"@id":"https:\/\/4000mil.se\/index.php\/darfor-ar-det-sa-svart-allt-det-har-med-corona\/#breadcrumb"},"inLanguage":"sv-SE","potentialAction":[{"@type":"ReadAction","target":["https:\/\/4000mil.se\/index.php\/darfor-ar-det-sa-svart-allt-det-har-med-corona\/"]}]},{"@type":"ImageObject","inLanguage":"sv-SE","@id":"https:\/\/4000mil.se\/index.php\/darfor-ar-det-sa-svart-allt-det-har-med-corona\/#primaryimage","url":"https:\/\/4000mil.se\/wp-content\/uploads\/2017\/04\/IMG_5420.jpg","contentUrl":"https:\/\/4000mil.se\/wp-content\/uploads\/2017\/04\/IMG_5420.jpg","width":1024,"height":683},{"@type":"BreadcrumbList","@id":"https:\/\/4000mil.se\/index.php\/darfor-ar-det-sa-svart-allt-det-har-med-corona\/#breadcrumb","itemListElement":[{"@type":"ListItem","position":1,"name":"Home","item":"https:\/\/4000mil.se\/"},{"@type":"ListItem","position":2,"name":"D\u00e4rf\u00f6r \u00e4r det s\u00e5 sv\u00e5rt &#8211; allt det h\u00e4r med Corona"}]},{"@type":"WebSite","@id":"https:\/\/4000mil.se\/#website","url":"https:\/\/4000mil.se\/","name":"4000 mil - en reseblogg","description":"We haven&#039;t been everywhere, but it is on our list.","publisher":{"@id":"https:\/\/4000mil.se\/#organization"},"potentialAction":[{"@type":"SearchAction","target":{"@type":"EntryPoint","urlTemplate":"https:\/\/4000mil.se\/?s={search_term_string}"},"query-input":{"@type":"PropertyValueSpecification","valueRequired":true,"valueName":"search_term_string"}}],"inLanguage":"sv-SE"},{"@type":"Organization","@id":"https:\/\/4000mil.se\/#organization","name":"4000mil","url":"https:\/\/4000mil.se\/","logo":{"@type":"ImageObject","inLanguage":"sv-SE","@id":"https:\/\/4000mil.se\/#\/schema\/logo\/image\/","url":"https:\/\/4000mil.se\/wp-content\/uploads\/2017\/07\/rsz_img_5178-e1511641744338.jpg","contentUrl":"https:\/\/4000mil.se\/wp-content\/uploads\/2017\/07\/rsz_img_5178-e1511641744338.jpg","width":1000,"height":667,"caption":"4000mil"},"image":{"@id":"https:\/\/4000mil.se\/#\/schema\/logo\/image\/"},"sameAs":["https:\/\/www.facebook.com\/4000mil\/","https:\/\/x.com\/4000mil_se","https:\/\/www.instagram.com\/4000mil.se\/","https:\/\/www.youtube.com\/channel\/UCJ-arZd2a7dT4Kqq5GtVbXQ"]},{"@type":"Person","@id":"https:\/\/4000mil.se\/#\/schema\/person\/cda463da9f6f2c4d9bbc173471184a73","name":"Gunilla Yourstone","image":{"@type":"ImageObject","inLanguage":"sv-SE","@id":"https:\/\/secure.gravatar.com\/avatar\/2df85d0820b33bffdd86a729d25273c6153c1cc9b1338f26ef0c98d01163520d?s=96&d=mm&r=g","url":"https:\/\/secure.gravatar.com\/avatar\/2df85d0820b33bffdd86a729d25273c6153c1cc9b1338f26ef0c98d01163520d?s=96&d=mm&r=g","contentUrl":"https:\/\/secure.gravatar.com\/avatar\/2df85d0820b33bffdd86a729d25273c6153c1cc9b1338f26ef0c98d01163520d?s=96&d=mm&r=g","caption":"Gunilla Yourstone"},"url":"https:\/\/4000mil.se\/index.php\/author\/gunillay\/"}]}},"_links":{"self":[{"href":"https:\/\/4000mil.se\/index.php\/wp-json\/wp\/v2\/posts\/34943","targetHints":{"allow":["GET"]}}],"collection":[{"href":"https:\/\/4000mil.se\/index.php\/wp-json\/wp\/v2\/posts"}],"about":[{"href":"https:\/\/4000mil.se\/index.php\/wp-json\/wp\/v2\/types\/post"}],"author":[{"embeddable":true,"href":"https:\/\/4000mil.se\/index.php\/wp-json\/wp\/v2\/users\/3"}],"replies":[{"embeddable":true,"href":"https:\/\/4000mil.se\/index.php\/wp-json\/wp\/v2\/comments?post=34943"}],"version-history":[{"count":15,"href":"https:\/\/4000mil.se\/index.php\/wp-json\/wp\/v2\/posts\/34943\/revisions"}],"predecessor-version":[{"id":35138,"href":"https:\/\/4000mil.se\/index.php\/wp-json\/wp\/v2\/posts\/34943\/revisions\/35138"}],"wp:featuredmedia":[{"embeddable":true,"href":"https:\/\/4000mil.se\/index.php\/wp-json\/wp\/v2\/media\/10854"}],"wp:attachment":[{"href":"https:\/\/4000mil.se\/index.php\/wp-json\/wp\/v2\/media?parent=34943"}],"wp:term":[{"taxonomy":"category","embeddable":true,"href":"https:\/\/4000mil.se\/index.php\/wp-json\/wp\/v2\/categories?post=34943"},{"taxonomy":"post_tag","embeddable":true,"href":"https:\/\/4000mil.se\/index.php\/wp-json\/wp\/v2\/tags?post=34943"}],"curies":[{"name":"wp","href":"https:\/\/api.w.org\/{rel}","templated":true}]}}