{"id":40560,"date":"2020-12-08T06:50:00","date_gmt":"2020-12-08T05:50:00","guid":{"rendered":"https:\/\/4000mil.se\/?p=40560"},"modified":"2021-09-04T11:13:40","modified_gmt":"2021-09-04T09:13:40","slug":"en-helg-i-coronans-advent","status":"publish","type":"post","link":"https:\/\/4000mil.se\/index.php\/en-helg-i-coronans-advent\/","title":{"rendered":"En helg i Coronans advent"},"content":{"rendered":"<h2>Fredag eftermiddag<\/h2>\n<p>Den eviga norrl\u00e4ndska vinterskymningen \u00f6verg\u00e5r i det kompakta norrl\u00e4ndska vinterm\u00f6rkret. Redan klockan halv tre \u00e4r vi d\u00e4r. Ibland kan man sno \u00e5t sig n\u00e5gon timme flex p\u00e5 fredagseftermiddagen, men inte idag, idag sitter jag kvar uppe framf\u00f6r datorn till halv fem.<\/p>\n<p>G\u00e5r ner i k\u00f6ket, Christofer har handlat, det \u00e4r hans jobb mest numera. Mitt jobb \u00e4r att sitt hemma framf\u00f6r datorn, fastkedjad med ett headset. St\u00f6ter kryddor i morteln medan jag ringer pappa. Han har plockat fram de d\u00e4r gamla kassettbanden som mamma hade morfar till att prata in en g\u00e5ng i tiden. F\u00f6r att jag fr\u00e5gade efter dem sist. D\u00e4r morfar ber\u00e4ttade om alla sina barndoms och ungdoms \u00e4ventyr. N\u00e4r han ramlade p\u00e5 r\u00e4lsen och ett t\u00e5g kom och han drog in armar och ben och l\u00e4t t\u00e5get k\u00f6ra \u00f6ver honom. Den minns man ju. Kan det verkligen ha varit sant?<\/p>\n<p>&#8211; Om Sonia bara hade levt, s\u00e4ger pappa om sin \u00e4ldre syster. D\u00e5 hade man kunnat fr\u00e5ga henne allt. Hur det var med saker. Nu finns det ingen som vet.<br \/>\n&#8211; Det \u00e4r s\u00e5 det funkar, s\u00e4ger jag, det \u00e4r f\u00f6rst n\u00e4r folk \u00e4r borta som man kommer p\u00e5 allt man velat fr\u00e5ga om. Vi fr\u00e5gar ju inte dig om n\u00e5got nu, till exempel. Men n\u00e4r du \u00e4r borta, d\u00e5 kommer vi att b\u00f6rja undra. <em>Hur var det med det d\u00e4r, egentligen?<\/em><\/p>\n<p>Jod\u00e5, s\u00e5 \u00e4r det, pappa kan inte annat \u00e4n skratta lite och h\u00e5lla med.<\/p>\n<figure id=\"attachment_40563\" aria-describedby=\"caption-attachment-40563\" style=\"width: 1024px\" class=\"wp-caption alignnone\"><img loading=\"lazy\" decoding=\"async\" class=\"wp-image-40563 size-large\" src=\"https:\/\/4000mil.se\/wp-content\/uploads\/2020\/12\/3E82F9A4-63CA-45DF-9C86-9FD2FBBFEBB2-1024x768.jpeg\" alt=\"\" width=\"1024\" height=\"768\" srcset=\"https:\/\/4000mil.se\/wp-content\/uploads\/2020\/12\/3E82F9A4-63CA-45DF-9C86-9FD2FBBFEBB2-1024x768.jpeg 1024w, https:\/\/4000mil.se\/wp-content\/uploads\/2020\/12\/3E82F9A4-63CA-45DF-9C86-9FD2FBBFEBB2-300x225.jpeg 300w, https:\/\/4000mil.se\/wp-content\/uploads\/2020\/12\/3E82F9A4-63CA-45DF-9C86-9FD2FBBFEBB2-768x576.jpeg 768w, https:\/\/4000mil.se\/wp-content\/uploads\/2020\/12\/3E82F9A4-63CA-45DF-9C86-9FD2FBBFEBB2-1536x1152.jpeg 1536w, https:\/\/4000mil.se\/wp-content\/uploads\/2020\/12\/3E82F9A4-63CA-45DF-9C86-9FD2FBBFEBB2-2000x1500.jpeg 2000w, https:\/\/4000mil.se\/wp-content\/uploads\/2020\/12\/3E82F9A4-63CA-45DF-9C86-9FD2FBBFEBB2-800x600.jpeg 800w, https:\/\/4000mil.se\/wp-content\/uploads\/2020\/12\/3E82F9A4-63CA-45DF-9C86-9FD2FBBFEBB2.jpeg 2048w\" sizes=\"auto, (max-width: 1024px) 100vw, 1024px\" \/><figcaption id=\"caption-attachment-40563\" class=\"wp-caption-text\">Ett gr\u00e5tt Ume\u00e5<\/figcaption><\/figure>\n<h2>Fredag kv\u00e4ll<\/h2>\n<p>Vi avslutar. Min h\u00f6gerhand \u00e4r alldeles uppsvullen av morteln. Inget bra alls. Vi g\u00f6r tacos ikv\u00e4ll. F\u00f6r ton\u00e5ringarnas skull. Men n\u00e4r maten \u00e4r klar saknas b\u00e5da. F\u00f6rst\u00e5s. S\u00e5 d\u00e4r sitter vi som tv\u00e5 f\u00e5n och \u00e4ter tacos alldeles sj\u00e4lva. Fast Alva kommer. Ska vara hemma i kv\u00e4ll. En ovanlig lyx som kommit med de lokala restriktionerna.<\/p>\n<p>&#8211; Vad ska vi se i kv\u00e4ll? Christofer f\u00f6rslag \u00e4r <em>Lost Boys<\/em>, en vampyrfilm fr\u00e5n 80-talet. Alva \u00e4r entusiastisk. Jag kvider.<br \/>\n&#8211; Ni kan inte mena allvar?<br \/>\nMen det g\u00f6r de. Fast Christofer medger sen efter\u00e5t att den var nog inte s\u00e5 bra som han mindes. Alls faktiskt.<br \/>\n&#8211; Det var nog mest det d\u00e4r att de \u00e5kte motorcykel, som vi tyckte var s\u00e5 coolt. S\u00e5 att vi s\u00e5g den 5 g\u00e5nger, J\u00f6rgen och jag. D\u00e5 p\u00e5 80-talet.<\/p>\n<figure id=\"attachment_40565\" aria-describedby=\"caption-attachment-40565\" style=\"width: 620px\" class=\"wp-caption alignnone\"><img loading=\"lazy\" decoding=\"async\" class=\"size-full wp-image-40565\" src=\"https:\/\/4000mil.se\/wp-content\/uploads\/2020\/12\/the-lost-boys-where-are-they-now_alamy-pnd07j.jpg\" alt=\"\" width=\"620\" height=\"400\" srcset=\"https:\/\/4000mil.se\/wp-content\/uploads\/2020\/12\/the-lost-boys-where-are-they-now_alamy-pnd07j.jpg 620w, https:\/\/4000mil.se\/wp-content\/uploads\/2020\/12\/the-lost-boys-where-are-they-now_alamy-pnd07j-300x194.jpg 300w\" sizes=\"auto, (max-width: 620px) 100vw, 620px\" \/><figcaption id=\"caption-attachment-40565\" class=\"wp-caption-text\">80-talsfilm!<\/figcaption><\/figure>\n<h2>L\u00f6rdag<\/h2>\n<p>Solen g\u00e5r inte upp. Alls. Vi promenerar en timme i regn. Hittar en ny runda som \u00e4r sandad hela v\u00e4gen i halkan. V\u00e4tan har g\u00e5tt igenom regnst\u00e4ll och allt innan vi \u00e4r hemma.<\/p>\n<p>Alva och Christofer m\u00e5lar om Alvas rum. Den gamla papegoj-tapeten f\u00f6rsvinner \u00e4ntligen nu, det har Alva l\u00e4ngtat efter l\u00e4nge. Jag f\u00f6rs\u00f6ker l\u00e5ta bli att vara en kopia av min mamma och oja mig att det var v\u00e4l synd p\u00e5 den fina tapeten. Fast jag s\u00f6rjer den lite i hemlighet.<\/p>\n<figure id=\"attachment_40564\" aria-describedby=\"caption-attachment-40564\" style=\"width: 1024px\" class=\"wp-caption alignnone\"><img loading=\"lazy\" decoding=\"async\" class=\"size-large wp-image-40564\" src=\"https:\/\/4000mil.se\/wp-content\/uploads\/2020\/12\/EECA4D29-419A-40DC-B3D1-16A6E4FE014A-1024x768.jpeg\" alt=\"\" width=\"1024\" height=\"768\" srcset=\"https:\/\/4000mil.se\/wp-content\/uploads\/2020\/12\/EECA4D29-419A-40DC-B3D1-16A6E4FE014A-1024x768.jpeg 1024w, https:\/\/4000mil.se\/wp-content\/uploads\/2020\/12\/EECA4D29-419A-40DC-B3D1-16A6E4FE014A-300x225.jpeg 300w, https:\/\/4000mil.se\/wp-content\/uploads\/2020\/12\/EECA4D29-419A-40DC-B3D1-16A6E4FE014A-768x576.jpeg 768w, https:\/\/4000mil.se\/wp-content\/uploads\/2020\/12\/EECA4D29-419A-40DC-B3D1-16A6E4FE014A-1536x1152.jpeg 1536w, https:\/\/4000mil.se\/wp-content\/uploads\/2020\/12\/EECA4D29-419A-40DC-B3D1-16A6E4FE014A-2000x1500.jpeg 2000w, https:\/\/4000mil.se\/wp-content\/uploads\/2020\/12\/EECA4D29-419A-40DC-B3D1-16A6E4FE014A-800x600.jpeg 800w, https:\/\/4000mil.se\/wp-content\/uploads\/2020\/12\/EECA4D29-419A-40DC-B3D1-16A6E4FE014A.jpeg 2048w\" sizes=\"auto, (max-width: 1024px) 100vw, 1024px\" \/><figcaption id=\"caption-attachment-40564\" class=\"wp-caption-text\">Papegoj-tapeten<\/figcaption><\/figure>\n<p>Jag har inget inl\u00e4gg tills i morgon. Ska detta bli f\u00f6rsta s\u00f6ndagen n\u00e5gonsin utan inl\u00e4gg. Kanske. Det vore v\u00e4l inte hela v\u00e4rlden. Fast s\u00e5 skriver jag ett \u00e4nd\u00e5. Ett halvdant.<\/p>\n<p>Middag, pulled beef, och s\u00e5 den eviga fr\u00e5gan. Vad ska vi se ikv\u00e4ll d\u00e5? Vi testar <em>La casa de papel,<\/em> Netflix mest sedda spanska serie<em>. <\/em>S\u00e5 f\u00e5r Alva \u00f6va sin spanska.<br \/>\nAlva sover i k\u00e4llaren, s\u00e4ngen st\u00e5r ju p\u00e5 h\u00f6gkant i hallen.<\/p>\n<h2>S\u00f6ndag<\/h2>\n<p>Samma promenadrunda, samma regn och samma genombl\u00f6ta resultat. Det har kommit upp en ny pizzeria p\u00e5 <a href=\"https:\/\/sv.wikipedia.org\/wiki\/%C3%96stra_Kyrkogatan\" target=\"_blank\" rel=\"noopener noreferrer\">\u00d6.K.<\/a>\u00a0<a href=\"https:\/\/ruccolaumea.se\/haga\/\" target=\"_blank\" rel=\"noopener noreferrer\"><em>Ruccola<\/em><\/a>. Det m\u00e5ste v\u00e4l vara samma som den p\u00e5 Tomtebo, den som alla s\u00e4ger \u00e4r s\u00e5 bra? Vi f\u00e5r helt enkelt prova den i kv\u00e4ll, best\u00e4mmer vi.<\/p>\n<p>Den d\u00e4r pepparkaksdegen ska bakas ut. Men var \u00e4r bakbordet? Det stoppade vi bort p\u00e5 n\u00e5got bra st\u00e4lle n\u00e4r vi gjorde om k\u00f6ket f\u00f6rra vintern. Men var? Vi hittar bakbordet och jag k\u00f6r ing\u00e5ng, men Alexander tar \u00f6ver och styr upp baket. Jag f\u00e5r vakta ugnen.<\/p>\n<figure id=\"attachment_40569\" aria-describedby=\"caption-attachment-40569\" style=\"width: 1024px\" class=\"wp-caption alignnone\"><img loading=\"lazy\" decoding=\"async\" class=\"size-large wp-image-40569\" src=\"https:\/\/4000mil.se\/wp-content\/uploads\/2020\/12\/A170B5BF-B174-45EC-9781-E83A263C82DC-1024x765.jpeg\" alt=\"\" width=\"1024\" height=\"765\" srcset=\"https:\/\/4000mil.se\/wp-content\/uploads\/2020\/12\/A170B5BF-B174-45EC-9781-E83A263C82DC-1024x765.jpeg 1024w, https:\/\/4000mil.se\/wp-content\/uploads\/2020\/12\/A170B5BF-B174-45EC-9781-E83A263C82DC-300x224.jpeg 300w, https:\/\/4000mil.se\/wp-content\/uploads\/2020\/12\/A170B5BF-B174-45EC-9781-E83A263C82DC-768x573.jpeg 768w, https:\/\/4000mil.se\/wp-content\/uploads\/2020\/12\/A170B5BF-B174-45EC-9781-E83A263C82DC-1536x1147.jpeg 1536w, https:\/\/4000mil.se\/wp-content\/uploads\/2020\/12\/A170B5BF-B174-45EC-9781-E83A263C82DC-2000x1493.jpeg 2000w, https:\/\/4000mil.se\/wp-content\/uploads\/2020\/12\/A170B5BF-B174-45EC-9781-E83A263C82DC-800x597.jpeg 800w, https:\/\/4000mil.se\/wp-content\/uploads\/2020\/12\/A170B5BF-B174-45EC-9781-E83A263C82DC.jpeg 2048w\" sizes=\"auto, (max-width: 1024px) 100vw, 1024px\" \/><figcaption id=\"caption-attachment-40569\" class=\"wp-caption-text\">En pepparkaksbak fr\u00e5n f\u00f6rr. Nu f\u00e5r man ju inte fota bagaren.<\/figcaption><\/figure>\n<p>Alva och Christofer k\u00f6r varv tv\u00e5 med f\u00e4rgen. Sen blir det pizza och efter det gl\u00f6gg och pepparkakor. Pizzan h\u00e5ller vad den lovar. Det kommer att bli Ruccola igen. Jag lyckas hitta adventsljusstaken, den kom aldrig fram till f\u00f6rra helgen. Tv\u00e5 ljus p\u00e5 en g\u00e5ng. Man f\u00e5r t\u00e4nda det ena f\u00f6rst och l\u00e5ta det brinna en stund innan man t\u00e4nder n\u00e4sta.<\/p>\n<figure id=\"attachment_40571\" aria-describedby=\"caption-attachment-40571\" style=\"width: 1024px\" class=\"wp-caption alignnone\"><img loading=\"lazy\" decoding=\"async\" class=\"wp-image-40571 size-large\" src=\"https:\/\/4000mil.se\/wp-content\/uploads\/2020\/12\/ruccola-1024x683.jpg\" alt=\"\" width=\"1024\" height=\"683\" srcset=\"https:\/\/4000mil.se\/wp-content\/uploads\/2020\/12\/ruccola-1024x683.jpg 1024w, https:\/\/4000mil.se\/wp-content\/uploads\/2020\/12\/ruccola-300x200.jpg 300w, https:\/\/4000mil.se\/wp-content\/uploads\/2020\/12\/ruccola-768x512.jpg 768w, https:\/\/4000mil.se\/wp-content\/uploads\/2020\/12\/ruccola-1536x1024.jpg 1536w, https:\/\/4000mil.se\/wp-content\/uploads\/2020\/12\/ruccola-800x533.jpg 800w, https:\/\/4000mil.se\/wp-content\/uploads\/2020\/12\/ruccola.jpg 1920w\" sizes=\"auto, (max-width: 1024px) 100vw, 1024px\" \/><figcaption id=\"caption-attachment-40571\" class=\"wp-caption-text\">Ruccola<\/figcaption><\/figure>\n<p>Minns f\u00f6rsta g\u00e5ngen barnen skulle f\u00e5 vara ensamma hemma en lovdag. Klockan 10 ringde Alexander till jobbet:<br \/>\n&#8211; Mamma, f\u00e5r Alva t\u00e4nda ljus???<br \/>\nHur man vet att de inte \u00e4r redo \u00e4n.<\/p>\n<p><img loading=\"lazy\" decoding=\"async\" class=\"alignnone size-large wp-image-31098\" src=\"https:\/\/4000mil.se\/wp-content\/uploads\/2019\/11\/gingerbread-3856628_1920-1024x707.jpg\" alt=\"\" width=\"1024\" height=\"707\" srcset=\"https:\/\/4000mil.se\/wp-content\/uploads\/2019\/11\/gingerbread-3856628_1920-1024x707.jpg 1024w, https:\/\/4000mil.se\/wp-content\/uploads\/2019\/11\/gingerbread-3856628_1920-300x207.jpg 300w, https:\/\/4000mil.se\/wp-content\/uploads\/2019\/11\/gingerbread-3856628_1920-768x530.jpg 768w, https:\/\/4000mil.se\/wp-content\/uploads\/2019\/11\/gingerbread-3856628_1920-1536x1060.jpg 1536w, https:\/\/4000mil.se\/wp-content\/uploads\/2019\/11\/gingerbread-3856628_1920-800x552.jpg 800w, https:\/\/4000mil.se\/wp-content\/uploads\/2019\/11\/gingerbread-3856628_1920.jpg 1920w\" sizes=\"auto, (max-width: 1024px) 100vw, 1024px\" \/><\/p>\n<p>Jag och Christofer ser <em>Jakten p\u00e5 en m\u00f6rdare<\/em>. Vi trodde att avsnitt 5 skulle vara det sista, men det \u00e4r ytterligare ett kvar, visar det sig. Bra serie i alla fall. P\u00e5 flera olika plan. Hoppas Pelle f\u00e5r uppr\u00e4ttelse i slutet.<\/p>\n<p><img loading=\"lazy\" decoding=\"async\" class=\"alignnone size-full wp-image-40570\" src=\"https:\/\/4000mil.se\/wp-content\/uploads\/2020\/12\/jakten-pa-en-mordare.jpg\" alt=\"\" width=\"650\" height=\"366\" srcset=\"https:\/\/4000mil.se\/wp-content\/uploads\/2020\/12\/jakten-pa-en-mordare.jpg 650w, https:\/\/4000mil.se\/wp-content\/uploads\/2020\/12\/jakten-pa-en-mordare-300x169.jpg 300w\" sizes=\"auto, (max-width: 650px) 100vw, 650px\" \/><\/p>\n<p>Sen f\u00e5r jag feeling p\u00e5 s\u00f6ndag kv\u00e4ll. Inget ovanligt i det i och f\u00f6r sig. Tar fram en digital kalender och b\u00f6rjar m\u00e4rka ut m\u00f6jliga veckor f\u00f6r resor under 2021. Komplicerat \u00e5r, f\u00f6r man vet ju inte vart man kommer att kunna resa. Men man kan hitta luckorna och vara beredd n\u00e4r det b\u00f6rjar n\u00e4rma sig. Inom Sverige b\u00f6r v\u00e4l g\u00e5 i alla fall. B\u00f6rjar skissa upp en familjeresa inom Sverige. Med G\u00e4vle som en av given h\u00e5llplats f\u00f6rst\u00e5s. Men ocks\u00e5 Inlandsv\u00e4gen, Dalarna och H\u00e4rjedalen. Inte alls tokig resa, som definitivt kan bli av. Om vi vill.<\/p>\n<p>S\u00e5 har ytterligare en helg g\u00e5tt. I v\u00e4ntan. Corona-advent.<\/p>\n<figure id=\"attachment_40567\" aria-describedby=\"caption-attachment-40567\" style=\"width: 756px\" class=\"wp-caption alignnone\"><img loading=\"lazy\" decoding=\"async\" class=\"size-full wp-image-40567\" src=\"https:\/\/4000mil.se\/wp-content\/uploads\/2020\/12\/2021.jpg\" alt=\"\" width=\"756\" height=\"839\" srcset=\"https:\/\/4000mil.se\/wp-content\/uploads\/2020\/12\/2021.jpg 756w, https:\/\/4000mil.se\/wp-content\/uploads\/2020\/12\/2021-270x300.jpg 270w\" sizes=\"auto, (max-width: 756px) 100vw, 756px\" \/><figcaption id=\"caption-attachment-40567\" class=\"wp-caption-text\">M\u00f6jliga resveckor<\/figcaption><\/figure>\n<p>&nbsp;<\/p>\n<p>&nbsp;<\/p>\n<p>&nbsp;<\/p>\n<p>&nbsp;<\/p>\n","protected":false},"excerpt":{"rendered":"<p>Fredag eftermiddag Den eviga norrl\u00e4ndska vinterskymningen \u00f6verg\u00e5r i det kompakta norrl\u00e4ndska vinterm\u00f6rkret. Redan klockan halv tre \u00e4r vi d\u00e4r. Ibland kan man sno \u00e5t sig n\u00e5gon timme flex p\u00e5 fredagseftermiddagen, men inte idag, idag sitter jag kvar uppe framf\u00f6r datorn till halv fem. G\u00e5r ner i k\u00f6ket, Christofer har handlat, [&hellip;]<\/p>\n","protected":false},"author":3,"featured_media":40563,"comment_status":"open","ping_status":"open","sticky":false,"template":"","format":"standard","meta":{"_monsterinsights_skip_tracking":false,"_monsterinsights_sitenote_active":false,"_monsterinsights_sitenote_note":"","_monsterinsights_sitenote_category":0,"footnotes":""},"categories":[1516],"tags":[10882],"class_list":["post-40560","post","type-post","status-publish","format-standard","has-post-thumbnail","hentry","category-personligt","tag-corona-virus"],"yoast_head":"<!-- This site is optimized with the Yoast SEO plugin v27.4 - https:\/\/yoast.com\/product\/yoast-seo-wordpress\/ -->\n<title>En helg i Coronans advent<\/title>\n<meta name=\"description\" content=\"Fredag eftermiddag Den eviga norrl\u00e4ndska vinterskymningen \u00f6verg\u00e5r i det kompakta norrl\u00e4ndska vinterm\u00f6rkret. Redan klockan halv tre \u00e4r vi d\u00e4r. Ibland kan\" \/>\n<meta name=\"robots\" content=\"index, follow, max-snippet:-1, max-image-preview:large, max-video-preview:-1\" \/>\n<link rel=\"canonical\" href=\"https:\/\/4000mil.se\/index.php\/en-helg-i-coronans-advent\/\" \/>\n<meta property=\"og:locale\" content=\"sv_SE\" \/>\n<meta property=\"og:type\" content=\"article\" \/>\n<meta property=\"og:title\" content=\"En helg i Coronans advent\" \/>\n<meta property=\"og:description\" content=\"Fredag eftermiddag Den eviga norrl\u00e4ndska vinterskymningen \u00f6verg\u00e5r i det kompakta norrl\u00e4ndska vinterm\u00f6rkret. Redan klockan halv tre \u00e4r vi d\u00e4r. Ibland kan\" \/>\n<meta property=\"og:url\" content=\"https:\/\/4000mil.se\/index.php\/en-helg-i-coronans-advent\/\" \/>\n<meta property=\"og:site_name\" content=\"4000 mil - en reseblogg\" \/>\n<meta property=\"article:publisher\" content=\"https:\/\/www.facebook.com\/4000mil\/\" \/>\n<meta property=\"article:published_time\" content=\"2020-12-08T05:50:00+00:00\" \/>\n<meta property=\"article:modified_time\" content=\"2021-09-04T09:13:40+00:00\" \/>\n<meta property=\"og:image\" content=\"https:\/\/4000mil.se\/wp-content\/uploads\/2020\/12\/3E82F9A4-63CA-45DF-9C86-9FD2FBBFEBB2.jpeg\" \/>\n\t<meta property=\"og:image:width\" content=\"2048\" \/>\n\t<meta property=\"og:image:height\" content=\"1536\" \/>\n\t<meta property=\"og:image:type\" content=\"image\/jpeg\" \/>\n<meta name=\"author\" content=\"Gunilla Yourstone\" \/>\n<meta name=\"twitter:card\" content=\"summary_large_image\" \/>\n<meta name=\"twitter:creator\" content=\"@4000mil_se\" \/>\n<meta name=\"twitter:site\" content=\"@4000mil_se\" \/>\n<meta name=\"twitter:label1\" content=\"Skriven av\" \/>\n\t<meta name=\"twitter:data1\" content=\"Gunilla Yourstone\" \/>\n\t<meta name=\"twitter:label2\" content=\"Ber\u00e4knad l\u00e4stid\" \/>\n\t<meta name=\"twitter:data2\" content=\"6 minuter\" \/>\n<script type=\"application\/ld+json\" class=\"yoast-schema-graph\">{\"@context\":\"https:\\\/\\\/schema.org\",\"@graph\":[{\"@type\":\"Article\",\"@id\":\"https:\\\/\\\/4000mil.se\\\/index.php\\\/en-helg-i-coronans-advent\\\/#article\",\"isPartOf\":{\"@id\":\"https:\\\/\\\/4000mil.se\\\/index.php\\\/en-helg-i-coronans-advent\\\/\"},\"author\":{\"name\":\"Gunilla Yourstone\",\"@id\":\"https:\\\/\\\/4000mil.se\\\/#\\\/schema\\\/person\\\/cda463da9f6f2c4d9bbc173471184a73\"},\"headline\":\"En helg i Coronans advent\",\"datePublished\":\"2020-12-08T05:50:00+00:00\",\"dateModified\":\"2021-09-04T09:13:40+00:00\",\"mainEntityOfPage\":{\"@id\":\"https:\\\/\\\/4000mil.se\\\/index.php\\\/en-helg-i-coronans-advent\\\/\"},\"wordCount\":1080,\"commentCount\":0,\"publisher\":{\"@id\":\"https:\\\/\\\/4000mil.se\\\/#organization\"},\"image\":{\"@id\":\"https:\\\/\\\/4000mil.se\\\/index.php\\\/en-helg-i-coronans-advent\\\/#primaryimage\"},\"thumbnailUrl\":\"https:\\\/\\\/4000mil.se\\\/wp-content\\\/uploads\\\/2020\\\/12\\\/3E82F9A4-63CA-45DF-9C86-9FD2FBBFEBB2.jpeg\",\"keywords\":[\"corona-virus\"],\"articleSection\":[\"Personligt\"],\"inLanguage\":\"sv-SE\",\"potentialAction\":[{\"@type\":\"CommentAction\",\"name\":\"Comment\",\"target\":[\"https:\\\/\\\/4000mil.se\\\/index.php\\\/en-helg-i-coronans-advent\\\/#respond\"]}]},{\"@type\":\"WebPage\",\"@id\":\"https:\\\/\\\/4000mil.se\\\/index.php\\\/en-helg-i-coronans-advent\\\/\",\"url\":\"https:\\\/\\\/4000mil.se\\\/index.php\\\/en-helg-i-coronans-advent\\\/\",\"name\":\"En helg i Coronans advent\",\"isPartOf\":{\"@id\":\"https:\\\/\\\/4000mil.se\\\/#website\"},\"primaryImageOfPage\":{\"@id\":\"https:\\\/\\\/4000mil.se\\\/index.php\\\/en-helg-i-coronans-advent\\\/#primaryimage\"},\"image\":{\"@id\":\"https:\\\/\\\/4000mil.se\\\/index.php\\\/en-helg-i-coronans-advent\\\/#primaryimage\"},\"thumbnailUrl\":\"https:\\\/\\\/4000mil.se\\\/wp-content\\\/uploads\\\/2020\\\/12\\\/3E82F9A4-63CA-45DF-9C86-9FD2FBBFEBB2.jpeg\",\"datePublished\":\"2020-12-08T05:50:00+00:00\",\"dateModified\":\"2021-09-04T09:13:40+00:00\",\"description\":\"Fredag eftermiddag Den eviga norrl\u00e4ndska vinterskymningen \u00f6verg\u00e5r i det kompakta norrl\u00e4ndska vinterm\u00f6rkret. Redan klockan halv tre \u00e4r vi d\u00e4r. Ibland kan\",\"breadcrumb\":{\"@id\":\"https:\\\/\\\/4000mil.se\\\/index.php\\\/en-helg-i-coronans-advent\\\/#breadcrumb\"},\"inLanguage\":\"sv-SE\",\"potentialAction\":[{\"@type\":\"ReadAction\",\"target\":[\"https:\\\/\\\/4000mil.se\\\/index.php\\\/en-helg-i-coronans-advent\\\/\"]}]},{\"@type\":\"ImageObject\",\"inLanguage\":\"sv-SE\",\"@id\":\"https:\\\/\\\/4000mil.se\\\/index.php\\\/en-helg-i-coronans-advent\\\/#primaryimage\",\"url\":\"https:\\\/\\\/4000mil.se\\\/wp-content\\\/uploads\\\/2020\\\/12\\\/3E82F9A4-63CA-45DF-9C86-9FD2FBBFEBB2.jpeg\",\"contentUrl\":\"https:\\\/\\\/4000mil.se\\\/wp-content\\\/uploads\\\/2020\\\/12\\\/3E82F9A4-63CA-45DF-9C86-9FD2FBBFEBB2.jpeg\",\"width\":2048,\"height\":1536},{\"@type\":\"BreadcrumbList\",\"@id\":\"https:\\\/\\\/4000mil.se\\\/index.php\\\/en-helg-i-coronans-advent\\\/#breadcrumb\",\"itemListElement\":[{\"@type\":\"ListItem\",\"position\":1,\"name\":\"Home\",\"item\":\"https:\\\/\\\/4000mil.se\\\/\"},{\"@type\":\"ListItem\",\"position\":2,\"name\":\"En helg i Coronans advent\"}]},{\"@type\":\"WebSite\",\"@id\":\"https:\\\/\\\/4000mil.se\\\/#website\",\"url\":\"https:\\\/\\\/4000mil.se\\\/\",\"name\":\"4000 mil - en reseblogg\",\"description\":\"We haven&#039;t been everywhere, but it is on our list.\",\"publisher\":{\"@id\":\"https:\\\/\\\/4000mil.se\\\/#organization\"},\"potentialAction\":[{\"@type\":\"SearchAction\",\"target\":{\"@type\":\"EntryPoint\",\"urlTemplate\":\"https:\\\/\\\/4000mil.se\\\/?s={search_term_string}\"},\"query-input\":{\"@type\":\"PropertyValueSpecification\",\"valueRequired\":true,\"valueName\":\"search_term_string\"}}],\"inLanguage\":\"sv-SE\"},{\"@type\":\"Organization\",\"@id\":\"https:\\\/\\\/4000mil.se\\\/#organization\",\"name\":\"4000mil\",\"url\":\"https:\\\/\\\/4000mil.se\\\/\",\"logo\":{\"@type\":\"ImageObject\",\"inLanguage\":\"sv-SE\",\"@id\":\"https:\\\/\\\/4000mil.se\\\/#\\\/schema\\\/logo\\\/image\\\/\",\"url\":\"https:\\\/\\\/4000mil.se\\\/wp-content\\\/uploads\\\/2017\\\/07\\\/rsz_img_5178-e1511641744338.jpg\",\"contentUrl\":\"https:\\\/\\\/4000mil.se\\\/wp-content\\\/uploads\\\/2017\\\/07\\\/rsz_img_5178-e1511641744338.jpg\",\"width\":1000,\"height\":667,\"caption\":\"4000mil\"},\"image\":{\"@id\":\"https:\\\/\\\/4000mil.se\\\/#\\\/schema\\\/logo\\\/image\\\/\"},\"sameAs\":[\"https:\\\/\\\/www.facebook.com\\\/4000mil\\\/\",\"https:\\\/\\\/x.com\\\/4000mil_se\",\"https:\\\/\\\/www.instagram.com\\\/4000mil.se\\\/\",\"https:\\\/\\\/www.youtube.com\\\/channel\\\/UCJ-arZd2a7dT4Kqq5GtVbXQ\"]},{\"@type\":\"Person\",\"@id\":\"https:\\\/\\\/4000mil.se\\\/#\\\/schema\\\/person\\\/cda463da9f6f2c4d9bbc173471184a73\",\"name\":\"Gunilla Yourstone\",\"image\":{\"@type\":\"ImageObject\",\"inLanguage\":\"sv-SE\",\"@id\":\"https:\\\/\\\/secure.gravatar.com\\\/avatar\\\/2df85d0820b33bffdd86a729d25273c6153c1cc9b1338f26ef0c98d01163520d?s=96&d=mm&r=g\",\"url\":\"https:\\\/\\\/secure.gravatar.com\\\/avatar\\\/2df85d0820b33bffdd86a729d25273c6153c1cc9b1338f26ef0c98d01163520d?s=96&d=mm&r=g\",\"contentUrl\":\"https:\\\/\\\/secure.gravatar.com\\\/avatar\\\/2df85d0820b33bffdd86a729d25273c6153c1cc9b1338f26ef0c98d01163520d?s=96&d=mm&r=g\",\"caption\":\"Gunilla Yourstone\"},\"url\":\"https:\\\/\\\/4000mil.se\\\/index.php\\\/author\\\/gunillay\\\/\"}]}<\/script>\n<!-- \/ Yoast SEO plugin. -->","yoast_head_json":{"title":"En helg i Coronans advent","description":"Fredag eftermiddag Den eviga norrl\u00e4ndska vinterskymningen \u00f6verg\u00e5r i det kompakta norrl\u00e4ndska vinterm\u00f6rkret. Redan klockan halv tre \u00e4r vi d\u00e4r. Ibland kan","robots":{"index":"index","follow":"follow","max-snippet":"max-snippet:-1","max-image-preview":"max-image-preview:large","max-video-preview":"max-video-preview:-1"},"canonical":"https:\/\/4000mil.se\/index.php\/en-helg-i-coronans-advent\/","og_locale":"sv_SE","og_type":"article","og_title":"En helg i Coronans advent","og_description":"Fredag eftermiddag Den eviga norrl\u00e4ndska vinterskymningen \u00f6verg\u00e5r i det kompakta norrl\u00e4ndska vinterm\u00f6rkret. Redan klockan halv tre \u00e4r vi d\u00e4r. Ibland kan","og_url":"https:\/\/4000mil.se\/index.php\/en-helg-i-coronans-advent\/","og_site_name":"4000 mil - en reseblogg","article_publisher":"https:\/\/www.facebook.com\/4000mil\/","article_published_time":"2020-12-08T05:50:00+00:00","article_modified_time":"2021-09-04T09:13:40+00:00","og_image":[{"width":2048,"height":1536,"url":"https:\/\/4000mil.se\/wp-content\/uploads\/2020\/12\/3E82F9A4-63CA-45DF-9C86-9FD2FBBFEBB2.jpeg","type":"image\/jpeg"}],"author":"Gunilla Yourstone","twitter_card":"summary_large_image","twitter_creator":"@4000mil_se","twitter_site":"@4000mil_se","twitter_misc":{"Skriven av":"Gunilla Yourstone","Ber\u00e4knad l\u00e4stid":"6 minuter"},"schema":{"@context":"https:\/\/schema.org","@graph":[{"@type":"Article","@id":"https:\/\/4000mil.se\/index.php\/en-helg-i-coronans-advent\/#article","isPartOf":{"@id":"https:\/\/4000mil.se\/index.php\/en-helg-i-coronans-advent\/"},"author":{"name":"Gunilla Yourstone","@id":"https:\/\/4000mil.se\/#\/schema\/person\/cda463da9f6f2c4d9bbc173471184a73"},"headline":"En helg i Coronans advent","datePublished":"2020-12-08T05:50:00+00:00","dateModified":"2021-09-04T09:13:40+00:00","mainEntityOfPage":{"@id":"https:\/\/4000mil.se\/index.php\/en-helg-i-coronans-advent\/"},"wordCount":1080,"commentCount":0,"publisher":{"@id":"https:\/\/4000mil.se\/#organization"},"image":{"@id":"https:\/\/4000mil.se\/index.php\/en-helg-i-coronans-advent\/#primaryimage"},"thumbnailUrl":"https:\/\/4000mil.se\/wp-content\/uploads\/2020\/12\/3E82F9A4-63CA-45DF-9C86-9FD2FBBFEBB2.jpeg","keywords":["corona-virus"],"articleSection":["Personligt"],"inLanguage":"sv-SE","potentialAction":[{"@type":"CommentAction","name":"Comment","target":["https:\/\/4000mil.se\/index.php\/en-helg-i-coronans-advent\/#respond"]}]},{"@type":"WebPage","@id":"https:\/\/4000mil.se\/index.php\/en-helg-i-coronans-advent\/","url":"https:\/\/4000mil.se\/index.php\/en-helg-i-coronans-advent\/","name":"En helg i Coronans advent","isPartOf":{"@id":"https:\/\/4000mil.se\/#website"},"primaryImageOfPage":{"@id":"https:\/\/4000mil.se\/index.php\/en-helg-i-coronans-advent\/#primaryimage"},"image":{"@id":"https:\/\/4000mil.se\/index.php\/en-helg-i-coronans-advent\/#primaryimage"},"thumbnailUrl":"https:\/\/4000mil.se\/wp-content\/uploads\/2020\/12\/3E82F9A4-63CA-45DF-9C86-9FD2FBBFEBB2.jpeg","datePublished":"2020-12-08T05:50:00+00:00","dateModified":"2021-09-04T09:13:40+00:00","description":"Fredag eftermiddag Den eviga norrl\u00e4ndska vinterskymningen \u00f6verg\u00e5r i det kompakta norrl\u00e4ndska vinterm\u00f6rkret. Redan klockan halv tre \u00e4r vi d\u00e4r. Ibland kan","breadcrumb":{"@id":"https:\/\/4000mil.se\/index.php\/en-helg-i-coronans-advent\/#breadcrumb"},"inLanguage":"sv-SE","potentialAction":[{"@type":"ReadAction","target":["https:\/\/4000mil.se\/index.php\/en-helg-i-coronans-advent\/"]}]},{"@type":"ImageObject","inLanguage":"sv-SE","@id":"https:\/\/4000mil.se\/index.php\/en-helg-i-coronans-advent\/#primaryimage","url":"https:\/\/4000mil.se\/wp-content\/uploads\/2020\/12\/3E82F9A4-63CA-45DF-9C86-9FD2FBBFEBB2.jpeg","contentUrl":"https:\/\/4000mil.se\/wp-content\/uploads\/2020\/12\/3E82F9A4-63CA-45DF-9C86-9FD2FBBFEBB2.jpeg","width":2048,"height":1536},{"@type":"BreadcrumbList","@id":"https:\/\/4000mil.se\/index.php\/en-helg-i-coronans-advent\/#breadcrumb","itemListElement":[{"@type":"ListItem","position":1,"name":"Home","item":"https:\/\/4000mil.se\/"},{"@type":"ListItem","position":2,"name":"En helg i Coronans advent"}]},{"@type":"WebSite","@id":"https:\/\/4000mil.se\/#website","url":"https:\/\/4000mil.se\/","name":"4000 mil - en reseblogg","description":"We haven&#039;t been everywhere, but it is on our list.","publisher":{"@id":"https:\/\/4000mil.se\/#organization"},"potentialAction":[{"@type":"SearchAction","target":{"@type":"EntryPoint","urlTemplate":"https:\/\/4000mil.se\/?s={search_term_string}"},"query-input":{"@type":"PropertyValueSpecification","valueRequired":true,"valueName":"search_term_string"}}],"inLanguage":"sv-SE"},{"@type":"Organization","@id":"https:\/\/4000mil.se\/#organization","name":"4000mil","url":"https:\/\/4000mil.se\/","logo":{"@type":"ImageObject","inLanguage":"sv-SE","@id":"https:\/\/4000mil.se\/#\/schema\/logo\/image\/","url":"https:\/\/4000mil.se\/wp-content\/uploads\/2017\/07\/rsz_img_5178-e1511641744338.jpg","contentUrl":"https:\/\/4000mil.se\/wp-content\/uploads\/2017\/07\/rsz_img_5178-e1511641744338.jpg","width":1000,"height":667,"caption":"4000mil"},"image":{"@id":"https:\/\/4000mil.se\/#\/schema\/logo\/image\/"},"sameAs":["https:\/\/www.facebook.com\/4000mil\/","https:\/\/x.com\/4000mil_se","https:\/\/www.instagram.com\/4000mil.se\/","https:\/\/www.youtube.com\/channel\/UCJ-arZd2a7dT4Kqq5GtVbXQ"]},{"@type":"Person","@id":"https:\/\/4000mil.se\/#\/schema\/person\/cda463da9f6f2c4d9bbc173471184a73","name":"Gunilla Yourstone","image":{"@type":"ImageObject","inLanguage":"sv-SE","@id":"https:\/\/secure.gravatar.com\/avatar\/2df85d0820b33bffdd86a729d25273c6153c1cc9b1338f26ef0c98d01163520d?s=96&d=mm&r=g","url":"https:\/\/secure.gravatar.com\/avatar\/2df85d0820b33bffdd86a729d25273c6153c1cc9b1338f26ef0c98d01163520d?s=96&d=mm&r=g","contentUrl":"https:\/\/secure.gravatar.com\/avatar\/2df85d0820b33bffdd86a729d25273c6153c1cc9b1338f26ef0c98d01163520d?s=96&d=mm&r=g","caption":"Gunilla Yourstone"},"url":"https:\/\/4000mil.se\/index.php\/author\/gunillay\/"}]}},"_links":{"self":[{"href":"https:\/\/4000mil.se\/index.php\/wp-json\/wp\/v2\/posts\/40560","targetHints":{"allow":["GET"]}}],"collection":[{"href":"https:\/\/4000mil.se\/index.php\/wp-json\/wp\/v2\/posts"}],"about":[{"href":"https:\/\/4000mil.se\/index.php\/wp-json\/wp\/v2\/types\/post"}],"author":[{"embeddable":true,"href":"https:\/\/4000mil.se\/index.php\/wp-json\/wp\/v2\/users\/3"}],"replies":[{"embeddable":true,"href":"https:\/\/4000mil.se\/index.php\/wp-json\/wp\/v2\/comments?post=40560"}],"version-history":[{"count":13,"href":"https:\/\/4000mil.se\/index.php\/wp-json\/wp\/v2\/posts\/40560\/revisions"}],"predecessor-version":[{"id":46647,"href":"https:\/\/4000mil.se\/index.php\/wp-json\/wp\/v2\/posts\/40560\/revisions\/46647"}],"wp:featuredmedia":[{"embeddable":true,"href":"https:\/\/4000mil.se\/index.php\/wp-json\/wp\/v2\/media\/40563"}],"wp:attachment":[{"href":"https:\/\/4000mil.se\/index.php\/wp-json\/wp\/v2\/media?parent=40560"}],"wp:term":[{"taxonomy":"category","embeddable":true,"href":"https:\/\/4000mil.se\/index.php\/wp-json\/wp\/v2\/categories?post=40560"},{"taxonomy":"post_tag","embeddable":true,"href":"https:\/\/4000mil.se\/index.php\/wp-json\/wp\/v2\/tags?post=40560"}],"curies":[{"name":"wp","href":"https:\/\/api.w.org\/{rel}","templated":true}]}}