{"id":41142,"date":"2021-07-29T07:45:00","date_gmt":"2021-07-29T05:45:00","guid":{"rendered":"https:\/\/4000mil.se\/?p=41142"},"modified":"2024-09-25T19:25:16","modified_gmt":"2024-09-25T17:25:16","slug":"att-se-och-gora-i-dalarna","status":"publish","type":"post","link":"https:\/\/4000mil.se\/index.php\/att-se-och-gora-i-dalarna\/","title":{"rendered":"25 saker att g\u00f6ra i Dalarna &#8211; v\u00e5ra b\u00e4sta tips"},"content":{"rendered":"\n<p>Vad finns det att se och g\u00f6ra i Dalarna?<br>Dalarna \u00e4r en del av mig. H\u00e4rifr\u00e5n \u00e4r min pappa och h\u00e4r har jag tillbringat mycket tid i barndomen. Men inte i hela Dalarna. F\u00f6r Dalarna \u00e4r stort, Sveriges fj\u00e4rde st\u00f6rsta landskap. Och v\u00e5r sl\u00e4kt \u00e4r fr\u00e5n s\u00f6dra Dalarna och det \u00e4r d\u00e4r jag tillbringat tid i min barndom.<\/p>\n\n\n\n<figure class=\"wp-block-image alignnone wp-image-45459 size-large\"><img loading=\"lazy\" decoding=\"async\" width=\"1024\" height=\"683\" src=\"https:\/\/4000mil.se\/wp-content\/uploads\/2021\/07\/IMG_8948-1024x683.jpg\" alt=\"\" class=\"wp-image-45459\" srcset=\"https:\/\/4000mil.se\/wp-content\/uploads\/2021\/07\/IMG_8948-1024x683.jpg 1024w, https:\/\/4000mil.se\/wp-content\/uploads\/2021\/07\/IMG_8948-300x200.jpg 300w, https:\/\/4000mil.se\/wp-content\/uploads\/2021\/07\/IMG_8948-768x512.jpg 768w, https:\/\/4000mil.se\/wp-content\/uploads\/2021\/07\/IMG_8948-1536x1024.jpg 1536w, https:\/\/4000mil.se\/wp-content\/uploads\/2021\/07\/IMG_8948-2000x1333.jpg 2000w, https:\/\/4000mil.se\/wp-content\/uploads\/2021\/07\/IMG_8948-800x533.jpg 800w, https:\/\/4000mil.se\/wp-content\/uploads\/2021\/07\/IMG_8948.jpg 2048w\" sizes=\"auto, (max-width: 1024px) 100vw, 1024px\" \/><figcaption class=\"wp-element-caption\">Sundborn<\/figcaption><\/figure>\n\n\n\n<p>I sommar, i svemester-tider tillbringade vi en vecka i centrala och norra Dalarna och uppt\u00e4ckte b\u00e5de s\u00e5nt vi sett och gjort f\u00f6rut och s\u00e5nt som var nytt f\u00f6r oss. S\u00e5 f\u00f6rst nu k\u00e4nner jag mig mogen f\u00f6r en best-of-lista. H\u00e4r kommer den, b\u00e4sta sakerna att se och g\u00f6ra i Dalarna.<\/p>\n\n\n\n<p>Vi k\u00f6r v\u00e4l fr\u00e5n norr till s\u00f6der?<\/p>\n\n\n\n<h2 class=\"wp-block-heading\">1. Storv\u00e4ttesh\u00e5gna<\/h2>\n\n\n\n<p>Dalarnas h\u00f6gsta berg \u00e4r en mycket trevlig dagstur fr\u00e5n Gr\u00f6velsj\u00f6n. V\u00e4l v\u00e4rd att g\u00f6ra. 2 mil tur och retur fr\u00e5n fj\u00e4llstationen och 17,5 kilometer om man kommer med egen bil och k\u00f6r upp p\u00e5 parkeringen direkt mot kalfj\u00e4llet.<\/p>\n\n\n\n<figure class=\"wp-block-image\"><img loading=\"lazy\" decoding=\"async\" width=\"1024\" height=\"768\" src=\"https:\/\/4000mil.se\/wp-content\/uploads\/2021\/07\/B665361A-DCB4-4553-A344-E83B96CF0550-1024x768.jpeg\" alt=\"Att se och g\u00f6ra i Dalarna\" class=\"wp-image-45543\" srcset=\"https:\/\/4000mil.se\/wp-content\/uploads\/2021\/07\/B665361A-DCB4-4553-A344-E83B96CF0550-1024x768.jpeg 1024w, https:\/\/4000mil.se\/wp-content\/uploads\/2021\/07\/B665361A-DCB4-4553-A344-E83B96CF0550-300x225.jpeg 300w, https:\/\/4000mil.se\/wp-content\/uploads\/2021\/07\/B665361A-DCB4-4553-A344-E83B96CF0550-768x576.jpeg 768w, https:\/\/4000mil.se\/wp-content\/uploads\/2021\/07\/B665361A-DCB4-4553-A344-E83B96CF0550-1536x1152.jpeg 1536w, https:\/\/4000mil.se\/wp-content\/uploads\/2021\/07\/B665361A-DCB4-4553-A344-E83B96CF0550-2000x1500.jpeg 2000w, https:\/\/4000mil.se\/wp-content\/uploads\/2021\/07\/B665361A-DCB4-4553-A344-E83B96CF0550-800x600.jpeg 800w, https:\/\/4000mil.se\/wp-content\/uploads\/2021\/07\/B665361A-DCB4-4553-A344-E83B96CF0550.jpeg 2048w\" sizes=\"auto, (max-width: 1024px) 100vw, 1024px\" \/><\/figure>\n\n\n\n<figure class=\"wp-block-image alignnone wp-image-45560 size-large\"><img loading=\"lazy\" decoding=\"async\" width=\"1024\" height=\"683\" src=\"https:\/\/4000mil.se\/wp-content\/uploads\/2021\/07\/IMG_8376-1024x683.jpg\" alt=\"\" class=\"wp-image-45560\" srcset=\"https:\/\/4000mil.se\/wp-content\/uploads\/2021\/07\/IMG_8376-1024x683.jpg 1024w, https:\/\/4000mil.se\/wp-content\/uploads\/2021\/07\/IMG_8376-300x200.jpg 300w, https:\/\/4000mil.se\/wp-content\/uploads\/2021\/07\/IMG_8376-768x512.jpg 768w, https:\/\/4000mil.se\/wp-content\/uploads\/2021\/07\/IMG_8376-1536x1024.jpg 1536w, https:\/\/4000mil.se\/wp-content\/uploads\/2021\/07\/IMG_8376-2000x1333.jpg 2000w, https:\/\/4000mil.se\/wp-content\/uploads\/2021\/07\/IMG_8376-800x533.jpg 800w, https:\/\/4000mil.se\/wp-content\/uploads\/2021\/07\/IMG_8376.jpg 2048w\" sizes=\"auto, (max-width: 1024px) 100vw, 1024px\" \/><figcaption class=\"wp-element-caption\">T\u00f6fsingdalens nationalpark ser man fr\u00e5n toppen ocks\u00e5!<\/figcaption><\/figure>\n\n\n\n<h2 class=\"wp-block-heading\">2. Gr\u00f6velsj\u00f6n<\/h2>\n\n\n\n<p>Gr\u00f6velsj\u00f6n \u00e4r en sm\u00e5skalig och genuin fj\u00e4llby p\u00e5 gr\u00e4nsen mot Norge. H\u00e4r ligger ocks\u00e5 en av STF\u00b4s fj\u00e4llstationer och m\u00e5nga fina vandringsalternativ finns, flera av dem g\u00e5r \u00f6ver p\u00e5 den norska sidan. Det \u00e4r ocks\u00e5 h\u00e4rifr\u00e5n man vandrar till Storv\u00e4tteshogna enligt ovan.<\/p>\n\n\n\n<figure class=\"wp-block-image alignnone wp-image-45613 size-large\"><img loading=\"lazy\" decoding=\"async\" width=\"1024\" height=\"683\" src=\"https:\/\/4000mil.se\/wp-content\/uploads\/2021\/07\/IMG_9499-1024x683.jpg\" alt=\"\" class=\"wp-image-45613\" srcset=\"https:\/\/4000mil.se\/wp-content\/uploads\/2021\/07\/IMG_9499-1024x683.jpg 1024w, https:\/\/4000mil.se\/wp-content\/uploads\/2021\/07\/IMG_9499-300x200.jpg 300w, https:\/\/4000mil.se\/wp-content\/uploads\/2021\/07\/IMG_9499-768x512.jpg 768w, https:\/\/4000mil.se\/wp-content\/uploads\/2021\/07\/IMG_9499-1536x1024.jpg 1536w, https:\/\/4000mil.se\/wp-content\/uploads\/2021\/07\/IMG_9499-2000x1333.jpg 2000w, https:\/\/4000mil.se\/wp-content\/uploads\/2021\/07\/IMG_9499-800x533.jpg 800w, https:\/\/4000mil.se\/wp-content\/uploads\/2021\/07\/IMG_9499.jpg 2048w\" sizes=\"auto, (max-width: 1024px) 100vw, 1024px\" \/><figcaption class=\"wp-element-caption\">S\u00e5 h\u00e4r harmoniskt inb\u00e4ddat i fj\u00e4llmilj\u00f6, precis under tr\u00e4dgr\u00e4nsen, ligger Gr\u00f6velsj\u00f6ns fj\u00e4llstation.<\/figcaption><\/figure>\n\n\n\n<h2 class=\"wp-block-heading\">3. St\u00e4djan och Nipfj\u00e4llet<\/h2>\n\n\n\n<p>Nipfj\u00e4llet heter det fj\u00e4ll som ligger norr om Idre. Nipfj\u00e4llet erbjuder fin l\u00e4ttillg\u00e4nglig fj\u00e4llnatur och har ett antal vandringsleder och toppbestigningar. M\u00e5nga av dem av l\u00e4mplig barn-karakt\u00e4r. Den mest k\u00e4nda toppen h\u00e4r \u00e4r St\u00e4djan, p\u00e5 grund av sin unika form.<\/p>\n\n\n\n<p><strong>L\u00e4s ocks\u00e5:<\/strong> <a href=\"https:\/\/4000mil.se\/index.php\/vandring-till-stadjan-pa-nipfjallet\/\">Vandring till St\u00e4djan p\u00e5 Nipfj\u00e4llet Idre &#8211; vi kl\u00e4ttrar upp p\u00e5 Sveriges meta vulkan-lookalike<\/a><\/p>\n\n\n\n<figure class=\"wp-block-image\"><img loading=\"lazy\" decoding=\"async\" width=\"1024\" height=\"683\" src=\"https:\/\/4000mil.se\/wp-content\/uploads\/2021\/07\/Gunilla-stavjan-1024x683.png\" alt=\"Att se och g\u00f6ra i Dalarna\" class=\"wp-image-45396\" srcset=\"https:\/\/4000mil.se\/wp-content\/uploads\/2021\/07\/Gunilla-stavjan-1024x683.png 1024w, https:\/\/4000mil.se\/wp-content\/uploads\/2021\/07\/Gunilla-stavjan-300x200.png 300w, https:\/\/4000mil.se\/wp-content\/uploads\/2021\/07\/Gunilla-stavjan-768x512.png 768w, https:\/\/4000mil.se\/wp-content\/uploads\/2021\/07\/Gunilla-stavjan-1536x1024.png 1536w, https:\/\/4000mil.se\/wp-content\/uploads\/2021\/07\/Gunilla-stavjan-2000x1333.png 2000w, https:\/\/4000mil.se\/wp-content\/uploads\/2021\/07\/Gunilla-stavjan-800x533.png 800w, https:\/\/4000mil.se\/wp-content\/uploads\/2021\/07\/Gunilla-stavjan.png 2048w\" sizes=\"auto, (max-width: 1024px) 100vw, 1024px\" \/><\/figure>\n\n\n\n<h2 class=\"wp-block-heading\">4. Trollv\u00e4gen &#8211; Sveriges h\u00f6gst bel\u00e4gna v\u00e4g<\/h2>\n\n\n\n<p>Trollv\u00e4gen \u00e4r Sveriges h\u00f6gst bel\u00e4gna v\u00e4g med sina 1003 m.\u00f6.h.<br>H\u00e4r finns ocks\u00e5 ett fenomen, en synvilla, som gett v\u00e4gen dess namn och som lockar folk att komma hit.<\/p>\n\n\n\n<figure class=\"wp-block-image\"><img loading=\"lazy\" decoding=\"async\" width=\"1024\" height=\"683\" src=\"https:\/\/4000mil.se\/wp-content\/uploads\/2021\/08\/IMG_9482-1024x683.jpg\" alt=\"Att se och g\u00f6ra i Dalarna\" class=\"wp-image-45710\" srcset=\"https:\/\/4000mil.se\/wp-content\/uploads\/2021\/08\/IMG_9482-1024x683.jpg 1024w, https:\/\/4000mil.se\/wp-content\/uploads\/2021\/08\/IMG_9482-300x200.jpg 300w, https:\/\/4000mil.se\/wp-content\/uploads\/2021\/08\/IMG_9482-768x512.jpg 768w, https:\/\/4000mil.se\/wp-content\/uploads\/2021\/08\/IMG_9482-1536x1024.jpg 1536w, https:\/\/4000mil.se\/wp-content\/uploads\/2021\/08\/IMG_9482-2000x1333.jpg 2000w, https:\/\/4000mil.se\/wp-content\/uploads\/2021\/08\/IMG_9482-800x533.jpg 800w, https:\/\/4000mil.se\/wp-content\/uploads\/2021\/08\/IMG_9482.jpg 2048w\" sizes=\"auto, (max-width: 1024px) 100vw, 1024px\" \/><\/figure>\n\n\n\n<h2 class=\"wp-block-heading\">5. Fulufj\u00e4llets nationalpark med Njupesk\u00e4r<\/h2>\n\n\n\n<p>Fulufj\u00e4llets nationalpark \u00e4r v\u00e4ldigt v\u00e4lbes\u00f6kt, framf\u00f6r allt under sommarm\u00e5naderna. Framf\u00f6r allt \u00e4r det den totalt 4 kilometer l\u00e5nga promenaden tur-och-retur till Njupesk\u00e4r som lockar. F\u00f6r detta \u00e4r Sveriges h\u00f6gsta vattenfall med sina 93 meter.<\/p>\n\n\n\n<figure class=\"wp-block-image alignnone wp-image-45423 size-large\"><img loading=\"lazy\" decoding=\"async\" width=\"768\" height=\"1024\" src=\"https:\/\/4000mil.se\/wp-content\/uploads\/2021\/07\/DD858EB3-26F6-422C-B497-BFFFE088EF6E-768x1024.jpeg\" alt=\"Att se och g\u00f6ra i Dalarna\" class=\"wp-image-45423\" srcset=\"https:\/\/4000mil.se\/wp-content\/uploads\/2021\/07\/DD858EB3-26F6-422C-B497-BFFFE088EF6E-768x1024.jpeg 768w, https:\/\/4000mil.se\/wp-content\/uploads\/2021\/07\/DD858EB3-26F6-422C-B497-BFFFE088EF6E-225x300.jpeg 225w, https:\/\/4000mil.se\/wp-content\/uploads\/2021\/07\/DD858EB3-26F6-422C-B497-BFFFE088EF6E-1152x1536.jpeg 1152w, https:\/\/4000mil.se\/wp-content\/uploads\/2021\/07\/DD858EB3-26F6-422C-B497-BFFFE088EF6E-800x1067.jpeg 800w, https:\/\/4000mil.se\/wp-content\/uploads\/2021\/07\/DD858EB3-26F6-422C-B497-BFFFE088EF6E.jpeg 1536w\" sizes=\"auto, (max-width: 768px) 100vw, 768px\" \/><figcaption class=\"wp-element-caption\">Att se och g\u00f6ra i Dalarna &#8211; Njupesk\u00e4r<\/figcaption><\/figure>\n\n\n\n<h2 class=\"wp-block-heading\">6. Hamra nationalpark<\/h2>\n\n\n\n<p>Hamra nationalpark ligger i Dalarna \u00e4ven om den tillh\u00f6r Ljusdals kommun och G\u00e4vleborgsl\u00e4n. H\u00e4r vandrar man i gammalskog och myrmarker.<\/p>\n\n\n\n<figure class=\"wp-block-image\"><img loading=\"lazy\" decoding=\"async\" width=\"1024\" height=\"683\" src=\"https:\/\/4000mil.se\/wp-content\/uploads\/2021\/07\/IMG_8201-1024x683.jpg\" alt=\"\" class=\"wp-image-45199\" srcset=\"https:\/\/4000mil.se\/wp-content\/uploads\/2021\/07\/IMG_8201-1024x683.jpg 1024w, https:\/\/4000mil.se\/wp-content\/uploads\/2021\/07\/IMG_8201-300x200.jpg 300w, https:\/\/4000mil.se\/wp-content\/uploads\/2021\/07\/IMG_8201-768x512.jpg 768w, https:\/\/4000mil.se\/wp-content\/uploads\/2021\/07\/IMG_8201-1536x1024.jpg 1536w, https:\/\/4000mil.se\/wp-content\/uploads\/2021\/07\/IMG_8201-2000x1333.jpg 2000w, https:\/\/4000mil.se\/wp-content\/uploads\/2021\/07\/IMG_8201-800x533.jpg 800w, https:\/\/4000mil.se\/wp-content\/uploads\/2021\/07\/IMG_8201.jpg 2048w\" sizes=\"auto, (max-width: 1024px) 100vw, 1024px\" \/><\/figure>\n\n\n\n<figure class=\"wp-block-image\"><img loading=\"lazy\" decoding=\"async\" width=\"1024\" height=\"683\" src=\"https:\/\/4000mil.se\/wp-content\/uploads\/2021\/07\/IMG_8312-1024x683.jpg\" alt=\"\" class=\"wp-image-45198\" srcset=\"https:\/\/4000mil.se\/wp-content\/uploads\/2021\/07\/IMG_8312-1024x683.jpg 1024w, https:\/\/4000mil.se\/wp-content\/uploads\/2021\/07\/IMG_8312-300x200.jpg 300w, https:\/\/4000mil.se\/wp-content\/uploads\/2021\/07\/IMG_8312-768x512.jpg 768w, https:\/\/4000mil.se\/wp-content\/uploads\/2021\/07\/IMG_8312-1536x1024.jpg 1536w, https:\/\/4000mil.se\/wp-content\/uploads\/2021\/07\/IMG_8312-2000x1333.jpg 2000w, https:\/\/4000mil.se\/wp-content\/uploads\/2021\/07\/IMG_8312-800x533.jpg 800w, https:\/\/4000mil.se\/wp-content\/uploads\/2021\/07\/IMG_8312.jpg 2048w\" sizes=\"auto, (max-width: 1024px) 100vw, 1024px\" \/><\/figure>\n\n\n\n<figure class=\"wp-block-image\"><img loading=\"lazy\" decoding=\"async\" width=\"1024\" height=\"683\" src=\"https:\/\/4000mil.se\/wp-content\/uploads\/2021\/07\/IMG_8188-1-1024x683.jpg\" alt=\"Att se och g\u00f6ra i Dalarna\" class=\"wp-image-45197\" srcset=\"https:\/\/4000mil.se\/wp-content\/uploads\/2021\/07\/IMG_8188-1-1024x683.jpg 1024w, https:\/\/4000mil.se\/wp-content\/uploads\/2021\/07\/IMG_8188-1-300x200.jpg 300w, https:\/\/4000mil.se\/wp-content\/uploads\/2021\/07\/IMG_8188-1-768x512.jpg 768w, https:\/\/4000mil.se\/wp-content\/uploads\/2021\/07\/IMG_8188-1-1536x1024.jpg 1536w, https:\/\/4000mil.se\/wp-content\/uploads\/2021\/07\/IMG_8188-1-2000x1333.jpg 2000w, https:\/\/4000mil.se\/wp-content\/uploads\/2021\/07\/IMG_8188-1-800x533.jpg 800w, https:\/\/4000mil.se\/wp-content\/uploads\/2021\/07\/IMG_8188-1.jpg 2048w\" sizes=\"auto, (max-width: 1024px) 100vw, 1024px\" \/><\/figure>\n\n\n\n<h2 class=\"wp-block-heading\">7. Helvetesfallet och Storstupet<\/h2>\n\n\n\n<p>En kanjon, ett vattenfall och en j\u00e4rnv\u00e4gsbro d\u00e4r Inlandsbanan ibland passerar. S\u00e5 kan v\u00e4l sammanfatta Helvetesfallet och Storstupet. Dessa tre tilldragelser ligger med 6 kilometers mellanrum l\u00e4ngs \u00c4m\u00e5n, norr om Orsa. De ligger l\u00e4ngs samma dammiga grusv\u00e4g, s\u00e5 bes\u00f6ker man den ena, s\u00e5 g\u00f6r man r\u00e4tt i att \u00e4ven bes\u00f6ka den andra.<\/p>\n\n\n\n<p><strong>L\u00e4s ocks\u00e5:<\/strong> <a href=\"https:\/\/4000mil.se\/index.php\/helvetesfallet-och-storstupet-i-orsa\/\">Helvetesfallet och Storstupet i Orsa &#8211; och Inlandsbanan p\u00e5 det<\/a><\/p>\n\n\n\n<figure class=\"wp-block-image\"><img loading=\"lazy\" decoding=\"async\" width=\"1024\" height=\"683\" src=\"https:\/\/4000mil.se\/wp-content\/uploads\/2021\/02\/IMG_8135-1024x683.jpg\" alt=\"Att se och g\u00f6ra i Dalarna\" class=\"wp-image-45136\" srcset=\"https:\/\/4000mil.se\/wp-content\/uploads\/2021\/02\/IMG_8135-1024x683.jpg 1024w, https:\/\/4000mil.se\/wp-content\/uploads\/2021\/02\/IMG_8135-300x200.jpg 300w, https:\/\/4000mil.se\/wp-content\/uploads\/2021\/02\/IMG_8135-768x512.jpg 768w, https:\/\/4000mil.se\/wp-content\/uploads\/2021\/02\/IMG_8135-1536x1024.jpg 1536w, https:\/\/4000mil.se\/wp-content\/uploads\/2021\/02\/IMG_8135-2000x1333.jpg 2000w, https:\/\/4000mil.se\/wp-content\/uploads\/2021\/02\/IMG_8135-800x533.jpg 800w, https:\/\/4000mil.se\/wp-content\/uploads\/2021\/02\/IMG_8135.jpg 2048w\" sizes=\"auto, (max-width: 1024px) 100vw, 1024px\" \/><\/figure>\n\n\n\n<figure class=\"wp-block-image\"><img loading=\"lazy\" decoding=\"async\" width=\"1024\" height=\"683\" src=\"https:\/\/4000mil.se\/wp-content\/uploads\/2021\/07\/IMG_8171-1024x683.jpg\" alt=\"\" class=\"wp-image-45614\" srcset=\"https:\/\/4000mil.se\/wp-content\/uploads\/2021\/07\/IMG_8171-1024x683.jpg 1024w, https:\/\/4000mil.se\/wp-content\/uploads\/2021\/07\/IMG_8171-300x200.jpg 300w, https:\/\/4000mil.se\/wp-content\/uploads\/2021\/07\/IMG_8171-768x512.jpg 768w, https:\/\/4000mil.se\/wp-content\/uploads\/2021\/07\/IMG_8171-1536x1024.jpg 1536w, https:\/\/4000mil.se\/wp-content\/uploads\/2021\/07\/IMG_8171-2000x1333.jpg 2000w, https:\/\/4000mil.se\/wp-content\/uploads\/2021\/07\/IMG_8171-800x533.jpg 800w, https:\/\/4000mil.se\/wp-content\/uploads\/2021\/07\/IMG_8171.jpg 2048w\" sizes=\"auto, (max-width: 1024px) 100vw, 1024px\" \/><\/figure>\n\n\n\n<figure class=\"wp-block-image\"><img loading=\"lazy\" decoding=\"async\" width=\"683\" height=\"1024\" src=\"https:\/\/4000mil.se\/wp-content\/uploads\/2021\/07\/IMG_8183-683x1024.jpg\" alt=\"Att se och g\u00f6ra i Dalarna\" class=\"wp-image-45615\" srcset=\"https:\/\/4000mil.se\/wp-content\/uploads\/2021\/07\/IMG_8183-683x1024.jpg 683w, https:\/\/4000mil.se\/wp-content\/uploads\/2021\/07\/IMG_8183-200x300.jpg 200w, https:\/\/4000mil.se\/wp-content\/uploads\/2021\/07\/IMG_8183-768x1152.jpg 768w, https:\/\/4000mil.se\/wp-content\/uploads\/2021\/07\/IMG_8183-1024x1536.jpg 1024w, https:\/\/4000mil.se\/wp-content\/uploads\/2021\/07\/IMG_8183-800x1200.jpg 800w, https:\/\/4000mil.se\/wp-content\/uploads\/2021\/07\/IMG_8183.jpg 1365w\" sizes=\"auto, (max-width: 683px) 100vw, 683px\" \/><\/figure>\n\n\n\n<h2 class=\"wp-block-heading\">8. Fryks\u00e5s<\/h2>\n\n\n\n<p>En gammal f\u00e4bod som \u00f6msat skinn och nu \u00e4r stiliga hotell och uppfixade sommarstugor. Allt tack vare den hejdl\u00f6st vackra utsikten f\u00e5r man f\u00f6rmoda.<\/p>\n\n\n\n<figure class=\"wp-block-image\"><img loading=\"lazy\" decoding=\"async\" width=\"1024\" height=\"659\" src=\"https:\/\/4000mil.se\/wp-content\/uploads\/2021\/07\/IMG_8291-2-1024x659.jpg\" alt=\"Att se och g\u00f6ra i Dalarna\" class=\"wp-image-45619\" srcset=\"https:\/\/4000mil.se\/wp-content\/uploads\/2021\/07\/IMG_8291-2-1024x659.jpg 1024w, https:\/\/4000mil.se\/wp-content\/uploads\/2021\/07\/IMG_8291-2-300x193.jpg 300w, https:\/\/4000mil.se\/wp-content\/uploads\/2021\/07\/IMG_8291-2-768x494.jpg 768w, https:\/\/4000mil.se\/wp-content\/uploads\/2021\/07\/IMG_8291-2-1536x988.jpg 1536w, https:\/\/4000mil.se\/wp-content\/uploads\/2021\/07\/IMG_8291-2-2000x1286.jpg 2000w, https:\/\/4000mil.se\/wp-content\/uploads\/2021\/07\/IMG_8291-2-800x514.jpg 800w, https:\/\/4000mil.se\/wp-content\/uploads\/2021\/07\/IMG_8291-2.jpg 2048w\" sizes=\"auto, (max-width: 1024px) 100vw, 1024px\" \/><\/figure>\n\n\n\n<h2 class=\"wp-block-heading\">9. Zorng\u00e5rden i Mora (och Zornmuseet)<\/h2>\n\n\n\n<p>Vi hoppade sj\u00e4lva faktiskt \u00f6ver Zornmuseet eftersom flertalet av Zorns egna tavlor \u00e4r utl\u00e5nade till Nationalmuseum just det \u00e5r vi \u00e4r h\u00e4r (2021). Och det \u00e4r ju liksom honom man vill se.<\/p>\n\n\n\n<p>Men Zorng\u00e5rden, det vill s\u00e4ga makarna Zorns bostad bes\u00f6kte vi. Ett mycket fint hem, men m\u00e5nga moderniteter f\u00f6r d\u00e5tiden som t.ex kylsk\u00e5p, dammsugare och varmvattenberedare. Samt mycket samtida konst f\u00f6rst\u00e5s, h\u00e4r finns, f\u00f6rutom Zorn sj\u00e4lv, b\u00e5de Carl Larsson och Prins Eugen.<\/p>\n\n\n\n<figure class=\"wp-block-image alignnone wp-image-45561 size-large\"><img loading=\"lazy\" decoding=\"async\" width=\"1024\" height=\"683\" src=\"https:\/\/4000mil.se\/wp-content\/uploads\/2021\/07\/IMG_9066-1024x683.jpg\" alt=\"\" class=\"wp-image-45561\" srcset=\"https:\/\/4000mil.se\/wp-content\/uploads\/2021\/07\/IMG_9066-1024x683.jpg 1024w, https:\/\/4000mil.se\/wp-content\/uploads\/2021\/07\/IMG_9066-300x200.jpg 300w, https:\/\/4000mil.se\/wp-content\/uploads\/2021\/07\/IMG_9066-768x512.jpg 768w, https:\/\/4000mil.se\/wp-content\/uploads\/2021\/07\/IMG_9066-1536x1024.jpg 1536w, https:\/\/4000mil.se\/wp-content\/uploads\/2021\/07\/IMG_9066-2000x1333.jpg 2000w, https:\/\/4000mil.se\/wp-content\/uploads\/2021\/07\/IMG_9066-800x533.jpg 800w, https:\/\/4000mil.se\/wp-content\/uploads\/2021\/07\/IMG_9066.jpg 2048w\" sizes=\"auto, (max-width: 1024px) 100vw, 1024px\" \/><figcaption class=\"wp-element-caption\">Att se och g\u00f6ra i Dalarna &#8211; Zorng\u00e5rden<\/figcaption><\/figure>\n\n\n\n<h2 class=\"wp-block-heading\">10. Vasaloppsm\u00e5let i Mora<\/h2>\n\n\n\n<p>I Mora finns ocks\u00e5 Vasaloppets m\u00e5lg\u00e5ng och \u00e4ven ett Vasaloppsmuseum. Museet var st\u00e4ngt n\u00e4r vi var d\u00e4r, annars hade vi g\u00e4rna g\u00e5tt in och tittat.<\/p>\n\n\n\n<figure class=\"wp-block-image\"><img loading=\"lazy\" decoding=\"async\" width=\"1024\" height=\"683\" src=\"https:\/\/4000mil.se\/wp-content\/uploads\/2021\/07\/IMG_9075-1024x683.jpg\" alt=\"Att se och g\u00f6ra i Dalarna\" class=\"wp-image-45562\" srcset=\"https:\/\/4000mil.se\/wp-content\/uploads\/2021\/07\/IMG_9075-1024x683.jpg 1024w, https:\/\/4000mil.se\/wp-content\/uploads\/2021\/07\/IMG_9075-300x200.jpg 300w, https:\/\/4000mil.se\/wp-content\/uploads\/2021\/07\/IMG_9075-768x512.jpg 768w, https:\/\/4000mil.se\/wp-content\/uploads\/2021\/07\/IMG_9075-1536x1024.jpg 1536w, https:\/\/4000mil.se\/wp-content\/uploads\/2021\/07\/IMG_9075-2000x1333.jpg 2000w, https:\/\/4000mil.se\/wp-content\/uploads\/2021\/07\/IMG_9075-800x533.jpg 800w, https:\/\/4000mil.se\/wp-content\/uploads\/2021\/07\/IMG_9075.jpg 2048w\" sizes=\"auto, (max-width: 1024px) 100vw, 1024px\" \/><\/figure>\n\n\n\n<h2 class=\"wp-block-heading\">11. Dalah\u00e4sttillverkningen i Nusn\u00e4s<\/h2>\n\n\n\n<p>Turistf\u00e4llevarningsklockorna kl\u00e4mtade hela v\u00e4gen fram till Nusn\u00e4s. Detta \u00e4r nog bland det mest turistiska man kan ta sig f\u00f6r med i Sverige. Men s\u00e5 vad\u00e5, det \u00e4r ju \u00e4nd\u00e5 Dalah\u00e4sten vi pratar om h\u00e4r. Klart man ska till Nusn\u00e4s och k\u00f6pa sig en dalah\u00e4st p\u00e5 plats d\u00e4r den tillverkas.<\/p>\n\n\n\n<figure class=\"wp-block-image alignnone wp-image-45650 size-large\"><img loading=\"lazy\" decoding=\"async\" width=\"1024\" height=\"683\" src=\"https:\/\/4000mil.se\/wp-content\/uploads\/2021\/08\/IMG_9191-1024x683.jpg\" alt=\"\" class=\"wp-image-45650\" srcset=\"https:\/\/4000mil.se\/wp-content\/uploads\/2021\/08\/IMG_9191-1024x683.jpg 1024w, https:\/\/4000mil.se\/wp-content\/uploads\/2021\/08\/IMG_9191-300x200.jpg 300w, https:\/\/4000mil.se\/wp-content\/uploads\/2021\/08\/IMG_9191-768x512.jpg 768w, https:\/\/4000mil.se\/wp-content\/uploads\/2021\/08\/IMG_9191-1536x1024.jpg 1536w, https:\/\/4000mil.se\/wp-content\/uploads\/2021\/08\/IMG_9191-2000x1333.jpg 2000w, https:\/\/4000mil.se\/wp-content\/uploads\/2021\/08\/IMG_9191-800x533.jpg 800w, https:\/\/4000mil.se\/wp-content\/uploads\/2021\/08\/IMG_9191.jpg 2048w\" sizes=\"auto, (max-width: 1024px) 100vw, 1024px\" \/><figcaption class=\"wp-element-caption\">Att se och g\u00f6ra i Dalarna &#8211; Dalah\u00e4sttillverkningen<\/figcaption><\/figure>\n\n\n\n<figure class=\"wp-block-image\"><img loading=\"lazy\" decoding=\"async\" width=\"960\" height=\"1024\" src=\"https:\/\/4000mil.se\/wp-content\/uploads\/2021\/07\/0E34C59D-F3FA-4430-8A2C-16A21ABD5B89-960x1024.jpeg\" alt=\"\" class=\"wp-image-45430\" srcset=\"https:\/\/4000mil.se\/wp-content\/uploads\/2021\/07\/0E34C59D-F3FA-4430-8A2C-16A21ABD5B89-960x1024.jpeg 960w, https:\/\/4000mil.se\/wp-content\/uploads\/2021\/07\/0E34C59D-F3FA-4430-8A2C-16A21ABD5B89-281x300.jpeg 281w, https:\/\/4000mil.se\/wp-content\/uploads\/2021\/07\/0E34C59D-F3FA-4430-8A2C-16A21ABD5B89-768x820.jpeg 768w, https:\/\/4000mil.se\/wp-content\/uploads\/2021\/07\/0E34C59D-F3FA-4430-8A2C-16A21ABD5B89-1439x1536.jpeg 1439w, https:\/\/4000mil.se\/wp-content\/uploads\/2021\/07\/0E34C59D-F3FA-4430-8A2C-16A21ABD5B89-800x854.jpeg 800w, https:\/\/4000mil.se\/wp-content\/uploads\/2021\/07\/0E34C59D-F3FA-4430-8A2C-16A21ABD5B89.jpeg 1919w\" sizes=\"auto, (max-width: 960px) 100vw, 960px\" \/><\/figure>\n\n\n\n<h2 class=\"wp-block-heading\">12. Kyrkan i R\u00e4ttvik och Nyfiket p\u00e5 Gammalg\u00e5rden<\/h2>\n\n\n\n<p>Vi var ju egentligen p\u00e5 v\u00e4g till bryggan i R\u00e4ttvik. Den vi l\u00e4st att man m\u00e5ste se. Men R\u00e4ttvik visade sig vara ett trafik-, turist- och parkeringsinferno. Vi v\u00e4nde och \u00e5kte igen innan vi ens klivit ur bilen.<\/p>\n\n\n\n<p>\u00c5kte n\u00e5gon kilometer norrut i st\u00e4llet till Gammalg\u00e5rden. D\u00e4r var det lugnt och trevligt och hembakat fika fanns i riktigt genuin Dala-milj\u00f6. Sedan promenerade vi \u00f6ver j\u00e4rnv\u00e4gen och efter vattnet till kyrkan. Tv\u00e5 h\u00e4rliga badplatser l\u00e4ngs v\u00e4gen fanns det och vid kyrkan en intressant minnessten f\u00f6r den historieintresserade. \u00d6ver alla de personer som en g\u00e5ng hj\u00e4lpte Gustav Vasa p\u00e5 hans skidf\u00e4rd genom Dalarna.<\/p>\n\n\n\n<p>S\u00e5 vi t\u00e4nker, skippa bryggan, den gigantiska campingen och den \u00f6verfulla badplatsen i R\u00e4ttviks centrum. \u00c5k hit i st\u00e4llet.<\/p>\n\n\n\n<figure class=\"wp-block-image\"><img loading=\"lazy\" decoding=\"async\" width=\"1024\" height=\"683\" src=\"https:\/\/4000mil.se\/wp-content\/uploads\/2021\/07\/IMG_9206-1024x683.jpg\" alt=\"Att se och g\u00f6ra i Dalarna\" class=\"wp-image-45770\" srcset=\"https:\/\/4000mil.se\/wp-content\/uploads\/2021\/07\/IMG_9206-1024x683.jpg 1024w, https:\/\/4000mil.se\/wp-content\/uploads\/2021\/07\/IMG_9206-300x200.jpg 300w, https:\/\/4000mil.se\/wp-content\/uploads\/2021\/07\/IMG_9206-768x512.jpg 768w, https:\/\/4000mil.se\/wp-content\/uploads\/2021\/07\/IMG_9206-1536x1024.jpg 1536w, https:\/\/4000mil.se\/wp-content\/uploads\/2021\/07\/IMG_9206-2000x1333.jpg 2000w, https:\/\/4000mil.se\/wp-content\/uploads\/2021\/07\/IMG_9206-800x533.jpg 800w, https:\/\/4000mil.se\/wp-content\/uploads\/2021\/07\/IMG_9206.jpg 2048w\" sizes=\"auto, (max-width: 1024px) 100vw, 1024px\" \/><\/figure>\n\n\n\n<figure class=\"wp-block-image\"><img loading=\"lazy\" decoding=\"async\" width=\"1024\" height=\"683\" src=\"https:\/\/4000mil.se\/wp-content\/uploads\/2021\/07\/IMG_9223-1024x683.jpg\" alt=\"\" class=\"wp-image-45771\" srcset=\"https:\/\/4000mil.se\/wp-content\/uploads\/2021\/07\/IMG_9223-1024x683.jpg 1024w, https:\/\/4000mil.se\/wp-content\/uploads\/2021\/07\/IMG_9223-300x200.jpg 300w, https:\/\/4000mil.se\/wp-content\/uploads\/2021\/07\/IMG_9223-768x512.jpg 768w, https:\/\/4000mil.se\/wp-content\/uploads\/2021\/07\/IMG_9223-1536x1024.jpg 1536w, https:\/\/4000mil.se\/wp-content\/uploads\/2021\/07\/IMG_9223-2000x1333.jpg 2000w, https:\/\/4000mil.se\/wp-content\/uploads\/2021\/07\/IMG_9223-800x533.jpg 800w, https:\/\/4000mil.se\/wp-content\/uploads\/2021\/07\/IMG_9223.jpg 2048w\" sizes=\"auto, (max-width: 1024px) 100vw, 1024px\" \/><\/figure>\n\n\n\n<figure class=\"wp-block-image\"><img loading=\"lazy\" decoding=\"async\" width=\"1024\" height=\"683\" src=\"https:\/\/4000mil.se\/wp-content\/uploads\/2021\/07\/IMG_9235-1024x683.jpg\" alt=\"\" class=\"wp-image-45772\" srcset=\"https:\/\/4000mil.se\/wp-content\/uploads\/2021\/07\/IMG_9235-1024x683.jpg 1024w, https:\/\/4000mil.se\/wp-content\/uploads\/2021\/07\/IMG_9235-300x200.jpg 300w, https:\/\/4000mil.se\/wp-content\/uploads\/2021\/07\/IMG_9235-768x512.jpg 768w, https:\/\/4000mil.se\/wp-content\/uploads\/2021\/07\/IMG_9235-1536x1024.jpg 1536w, https:\/\/4000mil.se\/wp-content\/uploads\/2021\/07\/IMG_9235-2000x1333.jpg 2000w, https:\/\/4000mil.se\/wp-content\/uploads\/2021\/07\/IMG_9235-800x533.jpg 800w, https:\/\/4000mil.se\/wp-content\/uploads\/2021\/07\/IMG_9235.jpg 2048w\" sizes=\"auto, (max-width: 1024px) 100vw, 1024px\" \/><\/figure>\n\n\n\n<h2 class=\"wp-block-heading\">13. Vidablick<\/h2>\n\n\n\n<p>En klassisk utsiktspunkt \u00f6ver Siljan \u00e4r Vidablick s\u00f6der om R\u00e4ttvik. Detta \u00e4r ett fyrliknande utsiktstorn p\u00e5 Heds\u00e5sberget, byggt s\u00e5 tidigt som 1898.<\/p>\n\n\n\n<figure class=\"wp-block-image\"><img loading=\"lazy\" decoding=\"async\" width=\"1024\" height=\"683\" src=\"https:\/\/4000mil.se\/wp-content\/uploads\/2021\/07\/IMG_9251-1024x683.jpg\" alt=\"\" class=\"wp-image-45693\" srcset=\"https:\/\/4000mil.se\/wp-content\/uploads\/2021\/07\/IMG_9251-1024x683.jpg 1024w, https:\/\/4000mil.se\/wp-content\/uploads\/2021\/07\/IMG_9251-300x200.jpg 300w, https:\/\/4000mil.se\/wp-content\/uploads\/2021\/07\/IMG_9251-768x512.jpg 768w, https:\/\/4000mil.se\/wp-content\/uploads\/2021\/07\/IMG_9251-1536x1024.jpg 1536w, https:\/\/4000mil.se\/wp-content\/uploads\/2021\/07\/IMG_9251-2000x1333.jpg 2000w, https:\/\/4000mil.se\/wp-content\/uploads\/2021\/07\/IMG_9251-800x533.jpg 800w, https:\/\/4000mil.se\/wp-content\/uploads\/2021\/07\/IMG_9251.jpg 2048w\" sizes=\"auto, (max-width: 1024px) 100vw, 1024px\" \/><\/figure>\n\n\n\n<figure class=\"wp-block-image\"><img loading=\"lazy\" decoding=\"async\" width=\"683\" height=\"1024\" src=\"https:\/\/4000mil.se\/wp-content\/uploads\/2021\/07\/IMG_9271-683x1024.jpg\" alt=\"\" class=\"wp-image-45694\" srcset=\"https:\/\/4000mil.se\/wp-content\/uploads\/2021\/07\/IMG_9271-683x1024.jpg 683w, https:\/\/4000mil.se\/wp-content\/uploads\/2021\/07\/IMG_9271-200x300.jpg 200w, https:\/\/4000mil.se\/wp-content\/uploads\/2021\/07\/IMG_9271-768x1152.jpg 768w, https:\/\/4000mil.se\/wp-content\/uploads\/2021\/07\/IMG_9271-1024x1536.jpg 1024w, https:\/\/4000mil.se\/wp-content\/uploads\/2021\/07\/IMG_9271-800x1200.jpg 800w, https:\/\/4000mil.se\/wp-content\/uploads\/2021\/07\/IMG_9271.jpg 1365w\" sizes=\"auto, (max-width: 683px) 100vw, 683px\" \/><\/figure>\n\n\n\n<h2 class=\"wp-block-heading\">14. T\u00e4llberg<\/h2>\n\n\n\n<p>T\u00e4llberg skulle kunna vara Dalarnas mest picturess by d\u00e4r den ligger med utsikt \u00f6ver Siljan. V\u00e4l v\u00e4rt ett stopp i alla fall. H\u00e4r finns \u00e4ven vandringsslingan <em>T\u00e4llberg runt<\/em> p\u00e5 7 kilometer.<\/p>\n\n\n\n<figure class=\"wp-block-image\"><img loading=\"lazy\" decoding=\"async\" width=\"1024\" height=\"683\" src=\"https:\/\/4000mil.se\/wp-content\/uploads\/2021\/07\/IMG_9020-1024x683.jpg\" alt=\"\" class=\"wp-image-45717\" srcset=\"https:\/\/4000mil.se\/wp-content\/uploads\/2021\/07\/IMG_9020-1024x683.jpg 1024w, https:\/\/4000mil.se\/wp-content\/uploads\/2021\/07\/IMG_9020-300x200.jpg 300w, https:\/\/4000mil.se\/wp-content\/uploads\/2021\/07\/IMG_9020-768x512.jpg 768w, https:\/\/4000mil.se\/wp-content\/uploads\/2021\/07\/IMG_9020-1536x1024.jpg 1536w, https:\/\/4000mil.se\/wp-content\/uploads\/2021\/07\/IMG_9020-2000x1333.jpg 2000w, https:\/\/4000mil.se\/wp-content\/uploads\/2021\/07\/IMG_9020-800x533.jpg 800w, https:\/\/4000mil.se\/wp-content\/uploads\/2021\/07\/IMG_9020.jpg 2048w\" sizes=\"auto, (max-width: 1024px) 100vw, 1024px\" \/><\/figure>\n\n\n\n<figure class=\"wp-block-image\"><img loading=\"lazy\" decoding=\"async\" width=\"1024\" height=\"683\" src=\"https:\/\/4000mil.se\/wp-content\/uploads\/2021\/07\/IMG_9043-1024x683.jpg\" alt=\"Att se och g\u00f6ra i Dalarna\" class=\"wp-image-45408\" srcset=\"https:\/\/4000mil.se\/wp-content\/uploads\/2021\/07\/IMG_9043-1024x683.jpg 1024w, https:\/\/4000mil.se\/wp-content\/uploads\/2021\/07\/IMG_9043-300x200.jpg 300w, https:\/\/4000mil.se\/wp-content\/uploads\/2021\/07\/IMG_9043-768x512.jpg 768w, https:\/\/4000mil.se\/wp-content\/uploads\/2021\/07\/IMG_9043-1536x1024.jpg 1536w, https:\/\/4000mil.se\/wp-content\/uploads\/2021\/07\/IMG_9043-2000x1333.jpg 2000w, https:\/\/4000mil.se\/wp-content\/uploads\/2021\/07\/IMG_9043-800x533.jpg 800w, https:\/\/4000mil.se\/wp-content\/uploads\/2021\/07\/IMG_9043.jpg 2048w\" sizes=\"auto, (max-width: 1024px) 100vw, 1024px\" \/><\/figure>\n\n\n\n<h2 class=\"wp-block-heading\">15. \u00c4lvm\u00f6tet<\/h2>\n\n\n\n<p>En kul grej och en klassisk plats \u00e4r \u00c4lvm\u00f6tet. Det vill s\u00e4ga den plats d\u00e4r \u00d6sterdal\u00e4lven g\u00e5r ihop med V\u00e4sterdal\u00e4lven till bara Dal\u00e4lven.<\/p>\n\n\n\n<p>M\u00e5nga \u00e4r de par genom tiderna som valt att f\u00f6rlova sig just h\u00e4r.<\/p>\n\n\n\n<p>P\u00e5 udden finns grillplats och en paviljong d\u00e4r det sommartid ordnas musikstunder.<\/p>\n\n\n\n<figure class=\"wp-block-image alignnone size-large wp-image-45718\"><img loading=\"lazy\" decoding=\"async\" width=\"1024\" height=\"768\" src=\"https:\/\/4000mil.se\/wp-content\/uploads\/2021\/07\/386F839F-05CD-4B4D-8464-CCCDC7A73FC2-1024x768.jpeg\" alt=\"\" class=\"wp-image-45718\" srcset=\"https:\/\/4000mil.se\/wp-content\/uploads\/2021\/07\/386F839F-05CD-4B4D-8464-CCCDC7A73FC2-1024x768.jpeg 1024w, https:\/\/4000mil.se\/wp-content\/uploads\/2021\/07\/386F839F-05CD-4B4D-8464-CCCDC7A73FC2-300x225.jpeg 300w, https:\/\/4000mil.se\/wp-content\/uploads\/2021\/07\/386F839F-05CD-4B4D-8464-CCCDC7A73FC2-768x576.jpeg 768w, https:\/\/4000mil.se\/wp-content\/uploads\/2021\/07\/386F839F-05CD-4B4D-8464-CCCDC7A73FC2-1536x1152.jpeg 1536w, https:\/\/4000mil.se\/wp-content\/uploads\/2021\/07\/386F839F-05CD-4B4D-8464-CCCDC7A73FC2-2000x1500.jpeg 2000w, https:\/\/4000mil.se\/wp-content\/uploads\/2021\/07\/386F839F-05CD-4B4D-8464-CCCDC7A73FC2-800x600.jpeg 800w, https:\/\/4000mil.se\/wp-content\/uploads\/2021\/07\/386F839F-05CD-4B4D-8464-CCCDC7A73FC2.jpeg 2048w\" sizes=\"auto, (max-width: 1024px) 100vw, 1024px\" \/><figcaption class=\"wp-element-caption\">Det \u00e4r pappa som visar oss platsen.<\/figcaption><\/figure>\n\n\n\n<h2 class=\"wp-block-heading\">16. Falu koppargruva<\/h2>\n\n\n\n<p>Falu koppargruva \u00e4r idag ett UNESCO-v\u00e4rldsarv och en sev\u00e4rdhet. Guidade turer g\u00e5r ner i gruvan och <em>Stora St\u00f6ten,&nbsp;<\/em>det vill s\u00e4ga gruvraset fr\u00e5n 1687, g\u00e5r att besk\u00e5da fr\u00e5n utsidan.<\/p>\n\n\n\n<figure class=\"wp-block-image\"><img loading=\"lazy\" decoding=\"async\" width=\"1024\" height=\"683\" src=\"https:\/\/4000mil.se\/wp-content\/uploads\/2019\/06\/vorpmnkiqs7idc3ta4cb-1024x683.jpg\" alt=\"Att se och g\u00f6ra i Dalarna\" class=\"wp-image-27858\" srcset=\"https:\/\/4000mil.se\/wp-content\/uploads\/2019\/06\/vorpmnkiqs7idc3ta4cb-1024x683.jpg 1024w, https:\/\/4000mil.se\/wp-content\/uploads\/2019\/06\/vorpmnkiqs7idc3ta4cb-300x200.jpg 300w, https:\/\/4000mil.se\/wp-content\/uploads\/2019\/06\/vorpmnkiqs7idc3ta4cb-768x512.jpg 768w, https:\/\/4000mil.se\/wp-content\/uploads\/2019\/06\/vorpmnkiqs7idc3ta4cb-2000x1333.jpg 2000w, https:\/\/4000mil.se\/wp-content\/uploads\/2019\/06\/vorpmnkiqs7idc3ta4cb-800x533.jpg 800w, https:\/\/4000mil.se\/wp-content\/uploads\/2019\/06\/vorpmnkiqs7idc3ta4cb.jpg 2048w\" sizes=\"auto, (max-width: 1024px) 100vw, 1024px\" \/><\/figure>\n\n\n\n<h2 class=\"wp-block-heading\">17. Carl Larssong\u00e5rden i Sundborn<\/h2>\n\n\n\n<p>I Sundborn strax utanf\u00f6r Falun ligger Carl Larsson-g\u00e5rden. Allts\u00e5 den ber\u00f6mda konstn\u00e4ren och hans hustru Karins hem. Ett bes\u00f6k h\u00e4r \u00e4r alltid fantastiskt.<\/p>\n\n\n\n<p><strong>L\u00e4s ocks\u00e5:<\/strong> <a href=\"https:\/\/4000mil.se\/index.php\/carl-larsson-garden-i-sundborn\/\">Carl Larsson-g\u00e5rden i Sundborn &#8211; ett bes\u00f6k i Sveriges mest k\u00e4nda hem<\/a><\/p>\n\n\n\n<figure class=\"wp-block-image alignnone wp-image-45451 size-large\"><img loading=\"lazy\" decoding=\"async\" width=\"1024\" height=\"683\" src=\"https:\/\/4000mil.se\/wp-content\/uploads\/2021\/07\/IMG_8983-1024x683.jpg\" alt=\"Att se och g\u00f6ra i Dalarna\" class=\"wp-image-45451\" srcset=\"https:\/\/4000mil.se\/wp-content\/uploads\/2021\/07\/IMG_8983-1024x683.jpg 1024w, https:\/\/4000mil.se\/wp-content\/uploads\/2021\/07\/IMG_8983-300x200.jpg 300w, https:\/\/4000mil.se\/wp-content\/uploads\/2021\/07\/IMG_8983-768x512.jpg 768w, https:\/\/4000mil.se\/wp-content\/uploads\/2021\/07\/IMG_8983-1536x1024.jpg 1536w, https:\/\/4000mil.se\/wp-content\/uploads\/2021\/07\/IMG_8983-2000x1333.jpg 2000w, https:\/\/4000mil.se\/wp-content\/uploads\/2021\/07\/IMG_8983-800x533.jpg 800w, https:\/\/4000mil.se\/wp-content\/uploads\/2021\/07\/IMG_8983.jpg 2048w\" sizes=\"auto, (max-width: 1024px) 100vw, 1024px\" \/><figcaption class=\"wp-element-caption\">Att se och g\u00f6ra i Dalarna &#8211; Sundborn<\/figcaption><\/figure>\n\n\n\n<h2 class=\"wp-block-heading\">18. Barken &#8211; Konst runt Barken<\/h2>\n\n\n\n<p>F\u00f6rst\u00e5s m\u00e5ste jag tipsa om den vackra sj\u00f6n Barken, d\u00e4r pappas f\u00f6delseort S\u00f6derb\u00e4rke \u00e4r bel\u00e4get. H\u00e4r kan man \u00e5ka p\u00e5 konstrunda, Konst runt Barken. Evenemanget \u00e4ger rum en vecka varje juli.<\/p>\n\n\n\n<figure class=\"wp-block-image\"><img loading=\"lazy\" decoding=\"async\" width=\"1024\" height=\"576\" src=\"https:\/\/4000mil.se\/wp-content\/uploads\/2021\/07\/sunset-1807561_1920-1024x576.jpg\" alt=\"\" class=\"wp-image-45773\" srcset=\"https:\/\/4000mil.se\/wp-content\/uploads\/2021\/07\/sunset-1807561_1920-1024x576.jpg 1024w, https:\/\/4000mil.se\/wp-content\/uploads\/2021\/07\/sunset-1807561_1920-300x169.jpg 300w, https:\/\/4000mil.se\/wp-content\/uploads\/2021\/07\/sunset-1807561_1920-768x432.jpg 768w, https:\/\/4000mil.se\/wp-content\/uploads\/2021\/07\/sunset-1807561_1920-1536x864.jpg 1536w, https:\/\/4000mil.se\/wp-content\/uploads\/2021\/07\/sunset-1807561_1920-800x450.jpg 800w, https:\/\/4000mil.se\/wp-content\/uploads\/2021\/07\/sunset-1807561_1920.jpg 1920w\" sizes=\"auto, (max-width: 1024px) 100vw, 1024px\" \/><\/figure>\n\n\n\n<h2 class=\"wp-block-heading\">19. Ekomuseum Bergslagen<\/h2>\n\n\n\n<p>Ekomuseum Bergslagen str\u00e4cker sig \u00f6ver ett stort omr\u00e5de i V\u00e4stmanland och s\u00f6dra Dalarna och innefattar 70 olika bes\u00f6ksm\u00e5l med koppling till malmbrytningen i omr\u00e5det och industrin runt det. H\u00e4r finns hur mycket fint och intressant som helst att uppt\u00e4cka.<\/p>\n\n\n\n<p>N\u00e5gra exempel: Ludvika gammelg\u00e5rd &amp; gruvmuseum, Flogbergets gruvor, Klenshyttan och Lokmuseet.<\/p>\n\n\n\n<p><a href=\"https:\/\/ekomuseum.se\/besoksmalen\/\" target=\"_blank\" rel=\"noopener\">L\u00e4s mer om bes\u00f6ksm\u00e5len i Ekomuseum Bergslagen h\u00e4r.<\/a><\/p>\n\n\n\n<figure class=\"wp-block-image\"><img loading=\"lazy\" decoding=\"async\" width=\"720\" height=\"1024\" src=\"https:\/\/4000mil.se\/wp-content\/uploads\/2021\/07\/kartaEkomuseum-2018-b-720x1024.jpg\" alt=\"\" class=\"wp-image-45774\" srcset=\"https:\/\/4000mil.se\/wp-content\/uploads\/2021\/07\/kartaEkomuseum-2018-b-720x1024.jpg 720w, https:\/\/4000mil.se\/wp-content\/uploads\/2021\/07\/kartaEkomuseum-2018-b-211x300.jpg 211w, https:\/\/4000mil.se\/wp-content\/uploads\/2021\/07\/kartaEkomuseum-2018-b-768x1092.jpg 768w, https:\/\/4000mil.se\/wp-content\/uploads\/2021\/07\/kartaEkomuseum-2018-b-800x1138.jpg 800w, https:\/\/4000mil.se\/wp-content\/uploads\/2021\/07\/kartaEkomuseum-2018-b.jpg 1000w\" sizes=\"auto, (max-width: 720px) 100vw, 720px\" \/><\/figure>\n\n\n\n<h2 class=\"wp-block-heading\">20. V\u00e4rldens st\u00f6rsta dalah\u00e4st i Avesta<\/h2>\n\n\n\n<p>Dalah\u00e4star i alla dess former hittar man \u00f6verallt i Dalarna. Men v\u00e4rldens st\u00f6rsta dalah\u00e4st finns bara i Avesta. Ett sj\u00e4lvklart fotostopp p\u00e5 Dala-turn\u00e9n.<\/p>\n\n\n\n<p>Dalah\u00e4sten \u00e4r bel\u00e4gen d\u00e4r riksv\u00e4g 70 och 68 m\u00f6ts och \u00e4r 13 meter h\u00f6g och v\u00e4ger 66,7 ton.<\/p>\n\n\n\n<figure class=\"wp-block-image alignnone wp-image-43154 size-large\"><img loading=\"lazy\" decoding=\"async\" width=\"1024\" height=\"683\" src=\"https:\/\/4000mil.se\/wp-content\/uploads\/2021\/04\/DA47ADF9-ABB4-4A47-AB92-4F2DE5D7B190-1024x683.jpeg\" alt=\"\" class=\"wp-image-43154\" srcset=\"https:\/\/4000mil.se\/wp-content\/uploads\/2021\/04\/DA47ADF9-ABB4-4A47-AB92-4F2DE5D7B190-1024x683.jpeg 1024w, https:\/\/4000mil.se\/wp-content\/uploads\/2021\/04\/DA47ADF9-ABB4-4A47-AB92-4F2DE5D7B190-300x200.jpeg 300w, https:\/\/4000mil.se\/wp-content\/uploads\/2021\/04\/DA47ADF9-ABB4-4A47-AB92-4F2DE5D7B190-768x512.jpeg 768w, https:\/\/4000mil.se\/wp-content\/uploads\/2021\/04\/DA47ADF9-ABB4-4A47-AB92-4F2DE5D7B190-1536x1024.jpeg 1536w, https:\/\/4000mil.se\/wp-content\/uploads\/2021\/04\/DA47ADF9-ABB4-4A47-AB92-4F2DE5D7B190-2000x1333.jpeg 2000w, https:\/\/4000mil.se\/wp-content\/uploads\/2021\/04\/DA47ADF9-ABB4-4A47-AB92-4F2DE5D7B190-800x533.jpeg 800w, https:\/\/4000mil.se\/wp-content\/uploads\/2021\/04\/DA47ADF9-ABB4-4A47-AB92-4F2DE5D7B190.jpeg 2048w\" sizes=\"auto, (max-width: 1024px) 100vw, 1024px\" \/><figcaption class=\"wp-element-caption\">Att se och g\u00f6ra i Dalarna &#8211; v\u00e4rldens st\u00f6rsta Dalah\u00e4st<\/figcaption><\/figure>\n\n\n\n<p>S\u00e5 l\u00e5ngt det vi sj\u00e4lva sett och gjort i Dalarna. Men som alltid n\u00e4r man reser blir det platser kvar. Som man inte hann med. Vi skickar dem vidare till er.<\/p>\n\n\n\n<h2 class=\"wp-block-heading\">21. Gesundaberget<\/h2>\n\n\n\n<p>Gesundaberget hann vi visst med. Det stod n\u00e4stan \u00f6verst p\u00e5 listan, men liften upp var st\u00e4ngd hela s\u00e4songen 2021 visade det sig, n\u00e4r vi kom dit, s\u00e5 vi tog oss aldrig upp p\u00e5 den ber\u00f6mda utsiktsplatsen. Och att g\u00e5 upp var f\u00f6rst\u00e5s inte att t\u00e4nka p\u00e5 med en 87-\u00e5rig pappa med i s\u00e4llskapet.<\/p>\n\n\n\n<h2 class=\"wp-block-heading\">22. Pilkalampinoppi-berget<\/h2>\n\n\n\n<p>Ytterligare ett utsiktsberg ungef\u00e4r en timme norr om Orsa. Vi t\u00e4nkte f\u00f6rst \u00e5ka upp n\u00e5gon kv\u00e4ll, men en timme enkel v\u00e4g k\u00e4ndes f\u00f6r l\u00e5ngt. Vi skulle ha vetat om det n\u00e4r vi bes\u00f6kte Hamra n\u00e5gra veckor tidigare i st\u00e4llet.<\/p>\n\n\n\n<h2 class=\"wp-block-heading\">23. Siljansleden<\/h2>\n\n\n\n<p>Siljansleden touchar vi n\u00e5gra g\u00e5nger, utan att vandra l\u00e4ngs den. Den verkar riktigt intressant, kanske skulle man vandra n\u00e5gon g\u00e5ng.<\/p>\n\n\n\n<figure class=\"wp-block-image alignnone wp-image-45775 size-large\"><img loading=\"lazy\" decoding=\"async\" width=\"1024\" height=\"683\" src=\"https:\/\/4000mil.se\/wp-content\/uploads\/2021\/07\/IMG_9096-1024x683.jpg\" alt=\"Att se och g\u00f6ra i Dalarna\" class=\"wp-image-45775\" srcset=\"https:\/\/4000mil.se\/wp-content\/uploads\/2021\/07\/IMG_9096-1024x683.jpg 1024w, https:\/\/4000mil.se\/wp-content\/uploads\/2021\/07\/IMG_9096-300x200.jpg 300w, https:\/\/4000mil.se\/wp-content\/uploads\/2021\/07\/IMG_9096-768x512.jpg 768w, https:\/\/4000mil.se\/wp-content\/uploads\/2021\/07\/IMG_9096-1536x1024.jpg 1536w, https:\/\/4000mil.se\/wp-content\/uploads\/2021\/07\/IMG_9096-2000x1333.jpg 2000w, https:\/\/4000mil.se\/wp-content\/uploads\/2021\/07\/IMG_9096-800x533.jpg 800w, https:\/\/4000mil.se\/wp-content\/uploads\/2021\/07\/IMG_9096.jpg 2048w\" sizes=\"auto, (max-width: 1024px) 100vw, 1024px\" \/><figcaption class=\"wp-element-caption\">H\u00e4r g\u00e5r Siljansleden<\/figcaption><\/figure>\n\n\n\n<h2 class=\"wp-block-heading\">24. \u00d6stra Silvberg<\/h2>\n\n\n\n<p>D\u00e5 en av Sveriges \u00e4ldsta gruvor, som hade sin storhetstid redan p\u00e5 1400-talet d\u00e5 mycket silver utvanns h\u00e4r. Nu en turkosa vattenspegel, vacker att bes\u00f6ka och svalkande att bada i.<\/p>\n\n\n\n<h2 class=\"wp-block-heading\">25. Orn\u00e4sstugan<\/h2>\n\n\n\n<p>Jag vill g\u00e4rna hit och kolla in Sveriges mest k\u00e4nda dass, det vill s\u00e4ga det som Gustav Vasa smet ut igenom n\u00e4r det begav sig 1520. Det vill inte \u00f6vriga familjen, s\u00e5 Orn\u00e4sstugan st\u00e5r kvar att uppt\u00e4cka f\u00f6r mig. Kanske kan jag tvinga med kollegorna n\u00e5gon g\u00e5ng i samband med n\u00e5got jobbm\u00f6te i Borl\u00e4nge?<\/p>\n\n\n\n<p>Men husmoran, som hj\u00e4lpte honom ut, hon st\u00e5r faktisk n\u00e4mn med namn p\u00e5 den d\u00e4r stenen, den som vi hittade vid R\u00e4ttviks kyrka, ni minns. S\u00e5 det kanske j\u00e4mnar ut sig.<\/p>\n\n\n\n<figure class=\"wp-block-image alignnone size-large wp-image-45776\"><img loading=\"lazy\" decoding=\"async\" width=\"683\" height=\"1024\" src=\"https:\/\/4000mil.se\/wp-content\/uploads\/2021\/07\/IMG_9218-683x1024.jpg\" alt=\"\" class=\"wp-image-45776\" srcset=\"https:\/\/4000mil.se\/wp-content\/uploads\/2021\/07\/IMG_9218-683x1024.jpg 683w, https:\/\/4000mil.se\/wp-content\/uploads\/2021\/07\/IMG_9218-200x300.jpg 200w, https:\/\/4000mil.se\/wp-content\/uploads\/2021\/07\/IMG_9218-768x1152.jpg 768w, https:\/\/4000mil.se\/wp-content\/uploads\/2021\/07\/IMG_9218-1024x1536.jpg 1024w, https:\/\/4000mil.se\/wp-content\/uploads\/2021\/07\/IMG_9218-800x1200.jpg 800w, https:\/\/4000mil.se\/wp-content\/uploads\/2021\/07\/IMG_9218.jpg 1365w\" sizes=\"auto, (max-width: 683px) 100vw, 683px\" \/><figcaption class=\"wp-element-caption\">Den d\u00e4r stenen<\/figcaption><\/figure>\n\n\n\n<h2 class=\"wp-block-heading\">Var ska man bo i Dalarna?<\/h2>\n\n\n\n<p>Vill man g\u00f6ra Dalarna till 200% \u00e4r det helt klart T\u00e4llberg som g\u00e4ller. H\u00e4r \u00e4r <a href=\"https:\/\/www.booking.com\/hotel\/se\/akerblads-hotell-gastgiveri.sv.html?aid=950752&amp;no_rooms=1&amp;group_adults=2\" target=\"_blank\" rel=\"noreferrer noopener\">\u00c5kerblads Hotell G\u00e4stgiveri Spa<\/a> ett trevligt alternativ.<\/p>\n\n\n\n<figure class=\"wp-block-image size-full\"><img loading=\"lazy\" decoding=\"async\" width=\"1024\" height=\"683\" src=\"https:\/\/4000mil.se\/wp-content\/uploads\/2024\/09\/304820571.jpg\" alt=\"\" class=\"wp-image-72755\" srcset=\"https:\/\/4000mil.se\/wp-content\/uploads\/2024\/09\/304820571.jpg 1024w, https:\/\/4000mil.se\/wp-content\/uploads\/2024\/09\/304820571-300x200.jpg 300w, https:\/\/4000mil.se\/wp-content\/uploads\/2024\/09\/304820571-768x512.jpg 768w, https:\/\/4000mil.se\/wp-content\/uploads\/2024\/09\/304820571-800x534.jpg 800w\" sizes=\"auto, (max-width: 1024px) 100vw, 1024px\" \/><\/figure>\n\n\n\n<p><a href=\"https:\/\/4000mil.se\/index.php\/tag\/dalarna\/\">H\u00e4r hittar du alla v\u00e5ra artiklar om Dalarna.<\/a><\/p>\n\n\n\n<p>Missa inga inl\u00e4gg. Gl\u00f6m inte att&nbsp;<a href=\"https:\/\/www.facebook.com\/4000mil\/\" target=\"_blank\" rel=\"noopener noreferrer\">f\u00f6lja 4000mil p\u00e5 Facebook<\/a>&nbsp;och&nbsp;<a href=\"https:\/\/www.instagram.com\/4000mil.se\/\" target=\"_blank\" rel=\"noopener noreferrer\">p\u00e5 Instagram<\/a>.<\/p>\n\n\n\n<p><\/p>\n","protected":false},"excerpt":{"rendered":"<p>Vad finns det att se och g\u00f6ra i Dalarna?Dalarna \u00e4r en del av mig. H\u00e4rifr\u00e5n \u00e4r min pappa och h\u00e4r har jag tillbringat mycket tid i barndomen. Men inte i hela Dalarna. F\u00f6r Dalarna \u00e4r stort, Sveriges fj\u00e4rde st\u00f6rsta landskap. Och v\u00e5r sl\u00e4kt \u00e4r fr\u00e5n s\u00f6dra Dalarna och det \u00e4r [&hellip;]<\/p>\n","protected":false},"author":3,"featured_media":45619,"comment_status":"open","ping_status":"open","sticky":false,"template":"","format":"standard","meta":{"_monsterinsights_skip_tracking":false,"_monsterinsights_sitenote_active":false,"_monsterinsights_sitenote_note":"","_monsterinsights_sitenote_category":0,"footnotes":""},"categories":[8],"tags":[5036],"class_list":["post-41142","post","type-post","status-publish","format-standard","has-post-thumbnail","hentry","category-sverige","tag-dalarna"],"yoast_head":"<!-- This site is optimized with the Yoast SEO plugin v27.5 - https:\/\/yoast.com\/product\/yoast-seo-wordpress\/ -->\n<title>25 saker att g\u00f6ra i Dalarna - v\u00e5ra b\u00e4sta tips<\/title>\n<meta name=\"description\" content=\"Vad finns det att se och g\u00f6ra i Dalarna? Jag har tillbringat massor med tid h\u00e4r i min barndom och senare i livet, ger mina b\u00e4sta tips.\" \/>\n<meta name=\"robots\" content=\"index, follow, max-snippet:-1, max-image-preview:large, max-video-preview:-1\" \/>\n<link rel=\"canonical\" href=\"https:\/\/4000mil.se\/index.php\/att-se-och-gora-i-dalarna\/\" \/>\n<meta property=\"og:locale\" content=\"sv_SE\" \/>\n<meta property=\"og:type\" content=\"article\" \/>\n<meta property=\"og:title\" content=\"25 saker att g\u00f6ra i Dalarna - v\u00e5ra b\u00e4sta tips\" \/>\n<meta property=\"og:description\" content=\"Vad finns det att se och g\u00f6ra i Dalarna? Jag har tillbringat massor med tid h\u00e4r i min barndom och senare i livet, ger mina b\u00e4sta tips.\" \/>\n<meta property=\"og:url\" content=\"https:\/\/4000mil.se\/index.php\/att-se-och-gora-i-dalarna\/\" \/>\n<meta property=\"og:site_name\" content=\"4000 mil - en reseblogg\" \/>\n<meta property=\"article:publisher\" content=\"https:\/\/www.facebook.com\/4000mil\/\" \/>\n<meta property=\"article:published_time\" content=\"2021-07-29T05:45:00+00:00\" \/>\n<meta property=\"article:modified_time\" content=\"2024-09-25T17:25:16+00:00\" \/>\n<meta property=\"og:image\" content=\"https:\/\/4000mil.se\/wp-content\/uploads\/2021\/07\/IMG_8291-2.jpg\" \/>\n\t<meta property=\"og:image:width\" content=\"2048\" \/>\n\t<meta property=\"og:image:height\" content=\"1317\" \/>\n\t<meta property=\"og:image:type\" content=\"image\/jpeg\" \/>\n<meta name=\"author\" content=\"Gunilla Yourstone\" \/>\n<meta name=\"twitter:card\" content=\"summary_large_image\" \/>\n<meta name=\"twitter:creator\" content=\"@4000mil_se\" \/>\n<meta name=\"twitter:site\" content=\"@4000mil_se\" \/>\n<meta name=\"twitter:label1\" content=\"Skriven av\" \/>\n\t<meta name=\"twitter:data1\" content=\"Gunilla Yourstone\" \/>\n\t<meta name=\"twitter:label2\" content=\"Ber\u00e4knad l\u00e4stid\" \/>\n\t<meta name=\"twitter:data2\" content=\"15 minuter\" \/>\n<script type=\"application\/ld+json\" class=\"yoast-schema-graph\">{\"@context\":\"https:\\\/\\\/schema.org\",\"@graph\":[{\"@type\":\"Article\",\"@id\":\"https:\\\/\\\/4000mil.se\\\/index.php\\\/att-se-och-gora-i-dalarna\\\/#article\",\"isPartOf\":{\"@id\":\"https:\\\/\\\/4000mil.se\\\/index.php\\\/att-se-och-gora-i-dalarna\\\/\"},\"author\":{\"name\":\"Gunilla Yourstone\",\"@id\":\"https:\\\/\\\/4000mil.se\\\/#\\\/schema\\\/person\\\/cda463da9f6f2c4d9bbc173471184a73\"},\"headline\":\"25 saker att g\u00f6ra i Dalarna &#8211; v\u00e5ra b\u00e4sta tips\",\"datePublished\":\"2021-07-29T05:45:00+00:00\",\"dateModified\":\"2024-09-25T17:25:16+00:00\",\"mainEntityOfPage\":{\"@id\":\"https:\\\/\\\/4000mil.se\\\/index.php\\\/att-se-och-gora-i-dalarna\\\/\"},\"wordCount\":1786,\"commentCount\":8,\"publisher\":{\"@id\":\"https:\\\/\\\/4000mil.se\\\/#organization\"},\"image\":{\"@id\":\"https:\\\/\\\/4000mil.se\\\/index.php\\\/att-se-och-gora-i-dalarna\\\/#primaryimage\"},\"thumbnailUrl\":\"https:\\\/\\\/4000mil.se\\\/wp-content\\\/uploads\\\/2021\\\/07\\\/IMG_8291-2.jpg\",\"keywords\":[\"Dalarna\"],\"articleSection\":[\"Sverige\"],\"inLanguage\":\"sv-SE\",\"potentialAction\":[{\"@type\":\"CommentAction\",\"name\":\"Comment\",\"target\":[\"https:\\\/\\\/4000mil.se\\\/index.php\\\/att-se-och-gora-i-dalarna\\\/#respond\"]}]},{\"@type\":\"WebPage\",\"@id\":\"https:\\\/\\\/4000mil.se\\\/index.php\\\/att-se-och-gora-i-dalarna\\\/\",\"url\":\"https:\\\/\\\/4000mil.se\\\/index.php\\\/att-se-och-gora-i-dalarna\\\/\",\"name\":\"25 saker att g\u00f6ra i Dalarna - v\u00e5ra b\u00e4sta tips\",\"isPartOf\":{\"@id\":\"https:\\\/\\\/4000mil.se\\\/#website\"},\"primaryImageOfPage\":{\"@id\":\"https:\\\/\\\/4000mil.se\\\/index.php\\\/att-se-och-gora-i-dalarna\\\/#primaryimage\"},\"image\":{\"@id\":\"https:\\\/\\\/4000mil.se\\\/index.php\\\/att-se-och-gora-i-dalarna\\\/#primaryimage\"},\"thumbnailUrl\":\"https:\\\/\\\/4000mil.se\\\/wp-content\\\/uploads\\\/2021\\\/07\\\/IMG_8291-2.jpg\",\"datePublished\":\"2021-07-29T05:45:00+00:00\",\"dateModified\":\"2024-09-25T17:25:16+00:00\",\"description\":\"Vad finns det att se och g\u00f6ra i Dalarna? Jag har tillbringat massor med tid h\u00e4r i min barndom och senare i livet, ger mina b\u00e4sta tips.\",\"breadcrumb\":{\"@id\":\"https:\\\/\\\/4000mil.se\\\/index.php\\\/att-se-och-gora-i-dalarna\\\/#breadcrumb\"},\"inLanguage\":\"sv-SE\",\"potentialAction\":[{\"@type\":\"ReadAction\",\"target\":[\"https:\\\/\\\/4000mil.se\\\/index.php\\\/att-se-och-gora-i-dalarna\\\/\"]}]},{\"@type\":\"ImageObject\",\"inLanguage\":\"sv-SE\",\"@id\":\"https:\\\/\\\/4000mil.se\\\/index.php\\\/att-se-och-gora-i-dalarna\\\/#primaryimage\",\"url\":\"https:\\\/\\\/4000mil.se\\\/wp-content\\\/uploads\\\/2021\\\/07\\\/IMG_8291-2.jpg\",\"contentUrl\":\"https:\\\/\\\/4000mil.se\\\/wp-content\\\/uploads\\\/2021\\\/07\\\/IMG_8291-2.jpg\",\"width\":2048,\"height\":1317,\"caption\":\"Dalarna\"},{\"@type\":\"BreadcrumbList\",\"@id\":\"https:\\\/\\\/4000mil.se\\\/index.php\\\/att-se-och-gora-i-dalarna\\\/#breadcrumb\",\"itemListElement\":[{\"@type\":\"ListItem\",\"position\":1,\"name\":\"Home\",\"item\":\"https:\\\/\\\/4000mil.se\\\/\"},{\"@type\":\"ListItem\",\"position\":2,\"name\":\"25 saker att g\u00f6ra i Dalarna &#8211; v\u00e5ra b\u00e4sta tips\"}]},{\"@type\":\"WebSite\",\"@id\":\"https:\\\/\\\/4000mil.se\\\/#website\",\"url\":\"https:\\\/\\\/4000mil.se\\\/\",\"name\":\"4000 mil - en reseblogg\",\"description\":\"We haven&#039;t been everywhere, but it is on our list.\",\"publisher\":{\"@id\":\"https:\\\/\\\/4000mil.se\\\/#organization\"},\"potentialAction\":[{\"@type\":\"SearchAction\",\"target\":{\"@type\":\"EntryPoint\",\"urlTemplate\":\"https:\\\/\\\/4000mil.se\\\/?s={search_term_string}\"},\"query-input\":{\"@type\":\"PropertyValueSpecification\",\"valueRequired\":true,\"valueName\":\"search_term_string\"}}],\"inLanguage\":\"sv-SE\"},{\"@type\":\"Organization\",\"@id\":\"https:\\\/\\\/4000mil.se\\\/#organization\",\"name\":\"4000mil\",\"url\":\"https:\\\/\\\/4000mil.se\\\/\",\"logo\":{\"@type\":\"ImageObject\",\"inLanguage\":\"sv-SE\",\"@id\":\"https:\\\/\\\/4000mil.se\\\/#\\\/schema\\\/logo\\\/image\\\/\",\"url\":\"https:\\\/\\\/4000mil.se\\\/wp-content\\\/uploads\\\/2017\\\/07\\\/rsz_img_5178-e1511641744338.jpg\",\"contentUrl\":\"https:\\\/\\\/4000mil.se\\\/wp-content\\\/uploads\\\/2017\\\/07\\\/rsz_img_5178-e1511641744338.jpg\",\"width\":1000,\"height\":667,\"caption\":\"4000mil\"},\"image\":{\"@id\":\"https:\\\/\\\/4000mil.se\\\/#\\\/schema\\\/logo\\\/image\\\/\"},\"sameAs\":[\"https:\\\/\\\/www.facebook.com\\\/4000mil\\\/\",\"https:\\\/\\\/x.com\\\/4000mil_se\",\"https:\\\/\\\/www.instagram.com\\\/4000mil.se\\\/\",\"https:\\\/\\\/www.youtube.com\\\/channel\\\/UCJ-arZd2a7dT4Kqq5GtVbXQ\"]},{\"@type\":\"Person\",\"@id\":\"https:\\\/\\\/4000mil.se\\\/#\\\/schema\\\/person\\\/cda463da9f6f2c4d9bbc173471184a73\",\"name\":\"Gunilla Yourstone\",\"image\":{\"@type\":\"ImageObject\",\"inLanguage\":\"sv-SE\",\"@id\":\"https:\\\/\\\/secure.gravatar.com\\\/avatar\\\/2df85d0820b33bffdd86a729d25273c6153c1cc9b1338f26ef0c98d01163520d?s=96&d=mm&r=g\",\"url\":\"https:\\\/\\\/secure.gravatar.com\\\/avatar\\\/2df85d0820b33bffdd86a729d25273c6153c1cc9b1338f26ef0c98d01163520d?s=96&d=mm&r=g\",\"contentUrl\":\"https:\\\/\\\/secure.gravatar.com\\\/avatar\\\/2df85d0820b33bffdd86a729d25273c6153c1cc9b1338f26ef0c98d01163520d?s=96&d=mm&r=g\",\"caption\":\"Gunilla Yourstone\"},\"url\":\"https:\\\/\\\/4000mil.se\\\/index.php\\\/author\\\/gunillay\\\/\"}]}<\/script>\n<!-- \/ Yoast SEO plugin. -->","yoast_head_json":{"title":"25 saker att g\u00f6ra i Dalarna - v\u00e5ra b\u00e4sta tips","description":"Vad finns det att se och g\u00f6ra i Dalarna? Jag har tillbringat massor med tid h\u00e4r i min barndom och senare i livet, ger mina b\u00e4sta tips.","robots":{"index":"index","follow":"follow","max-snippet":"max-snippet:-1","max-image-preview":"max-image-preview:large","max-video-preview":"max-video-preview:-1"},"canonical":"https:\/\/4000mil.se\/index.php\/att-se-och-gora-i-dalarna\/","og_locale":"sv_SE","og_type":"article","og_title":"25 saker att g\u00f6ra i Dalarna - v\u00e5ra b\u00e4sta tips","og_description":"Vad finns det att se och g\u00f6ra i Dalarna? Jag har tillbringat massor med tid h\u00e4r i min barndom och senare i livet, ger mina b\u00e4sta tips.","og_url":"https:\/\/4000mil.se\/index.php\/att-se-och-gora-i-dalarna\/","og_site_name":"4000 mil - en reseblogg","article_publisher":"https:\/\/www.facebook.com\/4000mil\/","article_published_time":"2021-07-29T05:45:00+00:00","article_modified_time":"2024-09-25T17:25:16+00:00","og_image":[{"width":2048,"height":1317,"url":"https:\/\/4000mil.se\/wp-content\/uploads\/2021\/07\/IMG_8291-2.jpg","type":"image\/jpeg"}],"author":"Gunilla Yourstone","twitter_card":"summary_large_image","twitter_creator":"@4000mil_se","twitter_site":"@4000mil_se","twitter_misc":{"Skriven av":"Gunilla Yourstone","Ber\u00e4knad l\u00e4stid":"15 minuter"},"schema":{"@context":"https:\/\/schema.org","@graph":[{"@type":"Article","@id":"https:\/\/4000mil.se\/index.php\/att-se-och-gora-i-dalarna\/#article","isPartOf":{"@id":"https:\/\/4000mil.se\/index.php\/att-se-och-gora-i-dalarna\/"},"author":{"name":"Gunilla Yourstone","@id":"https:\/\/4000mil.se\/#\/schema\/person\/cda463da9f6f2c4d9bbc173471184a73"},"headline":"25 saker att g\u00f6ra i Dalarna &#8211; v\u00e5ra b\u00e4sta tips","datePublished":"2021-07-29T05:45:00+00:00","dateModified":"2024-09-25T17:25:16+00:00","mainEntityOfPage":{"@id":"https:\/\/4000mil.se\/index.php\/att-se-och-gora-i-dalarna\/"},"wordCount":1786,"commentCount":8,"publisher":{"@id":"https:\/\/4000mil.se\/#organization"},"image":{"@id":"https:\/\/4000mil.se\/index.php\/att-se-och-gora-i-dalarna\/#primaryimage"},"thumbnailUrl":"https:\/\/4000mil.se\/wp-content\/uploads\/2021\/07\/IMG_8291-2.jpg","keywords":["Dalarna"],"articleSection":["Sverige"],"inLanguage":"sv-SE","potentialAction":[{"@type":"CommentAction","name":"Comment","target":["https:\/\/4000mil.se\/index.php\/att-se-och-gora-i-dalarna\/#respond"]}]},{"@type":"WebPage","@id":"https:\/\/4000mil.se\/index.php\/att-se-och-gora-i-dalarna\/","url":"https:\/\/4000mil.se\/index.php\/att-se-och-gora-i-dalarna\/","name":"25 saker att g\u00f6ra i Dalarna - v\u00e5ra b\u00e4sta tips","isPartOf":{"@id":"https:\/\/4000mil.se\/#website"},"primaryImageOfPage":{"@id":"https:\/\/4000mil.se\/index.php\/att-se-och-gora-i-dalarna\/#primaryimage"},"image":{"@id":"https:\/\/4000mil.se\/index.php\/att-se-och-gora-i-dalarna\/#primaryimage"},"thumbnailUrl":"https:\/\/4000mil.se\/wp-content\/uploads\/2021\/07\/IMG_8291-2.jpg","datePublished":"2021-07-29T05:45:00+00:00","dateModified":"2024-09-25T17:25:16+00:00","description":"Vad finns det att se och g\u00f6ra i Dalarna? Jag har tillbringat massor med tid h\u00e4r i min barndom och senare i livet, ger mina b\u00e4sta tips.","breadcrumb":{"@id":"https:\/\/4000mil.se\/index.php\/att-se-och-gora-i-dalarna\/#breadcrumb"},"inLanguage":"sv-SE","potentialAction":[{"@type":"ReadAction","target":["https:\/\/4000mil.se\/index.php\/att-se-och-gora-i-dalarna\/"]}]},{"@type":"ImageObject","inLanguage":"sv-SE","@id":"https:\/\/4000mil.se\/index.php\/att-se-och-gora-i-dalarna\/#primaryimage","url":"https:\/\/4000mil.se\/wp-content\/uploads\/2021\/07\/IMG_8291-2.jpg","contentUrl":"https:\/\/4000mil.se\/wp-content\/uploads\/2021\/07\/IMG_8291-2.jpg","width":2048,"height":1317,"caption":"Dalarna"},{"@type":"BreadcrumbList","@id":"https:\/\/4000mil.se\/index.php\/att-se-och-gora-i-dalarna\/#breadcrumb","itemListElement":[{"@type":"ListItem","position":1,"name":"Home","item":"https:\/\/4000mil.se\/"},{"@type":"ListItem","position":2,"name":"25 saker att g\u00f6ra i Dalarna &#8211; v\u00e5ra b\u00e4sta tips"}]},{"@type":"WebSite","@id":"https:\/\/4000mil.se\/#website","url":"https:\/\/4000mil.se\/","name":"4000 mil - en reseblogg","description":"We haven&#039;t been everywhere, but it is on our list.","publisher":{"@id":"https:\/\/4000mil.se\/#organization"},"potentialAction":[{"@type":"SearchAction","target":{"@type":"EntryPoint","urlTemplate":"https:\/\/4000mil.se\/?s={search_term_string}"},"query-input":{"@type":"PropertyValueSpecification","valueRequired":true,"valueName":"search_term_string"}}],"inLanguage":"sv-SE"},{"@type":"Organization","@id":"https:\/\/4000mil.se\/#organization","name":"4000mil","url":"https:\/\/4000mil.se\/","logo":{"@type":"ImageObject","inLanguage":"sv-SE","@id":"https:\/\/4000mil.se\/#\/schema\/logo\/image\/","url":"https:\/\/4000mil.se\/wp-content\/uploads\/2017\/07\/rsz_img_5178-e1511641744338.jpg","contentUrl":"https:\/\/4000mil.se\/wp-content\/uploads\/2017\/07\/rsz_img_5178-e1511641744338.jpg","width":1000,"height":667,"caption":"4000mil"},"image":{"@id":"https:\/\/4000mil.se\/#\/schema\/logo\/image\/"},"sameAs":["https:\/\/www.facebook.com\/4000mil\/","https:\/\/x.com\/4000mil_se","https:\/\/www.instagram.com\/4000mil.se\/","https:\/\/www.youtube.com\/channel\/UCJ-arZd2a7dT4Kqq5GtVbXQ"]},{"@type":"Person","@id":"https:\/\/4000mil.se\/#\/schema\/person\/cda463da9f6f2c4d9bbc173471184a73","name":"Gunilla Yourstone","image":{"@type":"ImageObject","inLanguage":"sv-SE","@id":"https:\/\/secure.gravatar.com\/avatar\/2df85d0820b33bffdd86a729d25273c6153c1cc9b1338f26ef0c98d01163520d?s=96&d=mm&r=g","url":"https:\/\/secure.gravatar.com\/avatar\/2df85d0820b33bffdd86a729d25273c6153c1cc9b1338f26ef0c98d01163520d?s=96&d=mm&r=g","contentUrl":"https:\/\/secure.gravatar.com\/avatar\/2df85d0820b33bffdd86a729d25273c6153c1cc9b1338f26ef0c98d01163520d?s=96&d=mm&r=g","caption":"Gunilla Yourstone"},"url":"https:\/\/4000mil.se\/index.php\/author\/gunillay\/"}]}},"_links":{"self":[{"href":"https:\/\/4000mil.se\/index.php\/wp-json\/wp\/v2\/posts\/41142","targetHints":{"allow":["GET"]}}],"collection":[{"href":"https:\/\/4000mil.se\/index.php\/wp-json\/wp\/v2\/posts"}],"about":[{"href":"https:\/\/4000mil.se\/index.php\/wp-json\/wp\/v2\/types\/post"}],"author":[{"embeddable":true,"href":"https:\/\/4000mil.se\/index.php\/wp-json\/wp\/v2\/users\/3"}],"replies":[{"embeddable":true,"href":"https:\/\/4000mil.se\/index.php\/wp-json\/wp\/v2\/comments?post=41142"}],"version-history":[{"count":57,"href":"https:\/\/4000mil.se\/index.php\/wp-json\/wp\/v2\/posts\/41142\/revisions"}],"predecessor-version":[{"id":73817,"href":"https:\/\/4000mil.se\/index.php\/wp-json\/wp\/v2\/posts\/41142\/revisions\/73817"}],"wp:featuredmedia":[{"embeddable":true,"href":"https:\/\/4000mil.se\/index.php\/wp-json\/wp\/v2\/media\/45619"}],"wp:attachment":[{"href":"https:\/\/4000mil.se\/index.php\/wp-json\/wp\/v2\/media?parent=41142"}],"wp:term":[{"taxonomy":"category","embeddable":true,"href":"https:\/\/4000mil.se\/index.php\/wp-json\/wp\/v2\/categories?post=41142"},{"taxonomy":"post_tag","embeddable":true,"href":"https:\/\/4000mil.se\/index.php\/wp-json\/wp\/v2\/tags?post=41142"}],"curies":[{"name":"wp","href":"https:\/\/api.w.org\/{rel}","templated":true}]}}