{"id":44125,"date":"2021-06-24T06:45:00","date_gmt":"2021-06-24T04:45:00","guid":{"rendered":"https:\/\/4000mil.se\/?p=44125"},"modified":"2021-06-21T15:14:24","modified_gmt":"2021-06-21T13:14:24","slug":"olands-gamla-kust-vag-langs-stenkusten-en-av-sveriges-vackraste-vagar","status":"publish","type":"post","link":"https:\/\/4000mil.se\/index.php\/olands-gamla-kust-vag-langs-stenkusten-en-av-sveriges-vackraste-vagar\/","title":{"rendered":"\u00d6lands gamla kustv\u00e4g l\u00e4ngs Stenkusten &#8211; En av Sveriges vackraste v\u00e4gar?"},"content":{"rendered":"<p>Visst \u00e4r det underbart med vackra v\u00e4gar? Vi sv\u00e4nger g\u00e4rna av fr\u00e5n huvudled och k\u00f6r n\u00e5gra mil extra och i l\u00e4gre hastigheter om det finns en vacker v\u00e4gstr\u00e4cka att uppt\u00e4cka.<\/p>\n<p>V\u00e5r v\u00e5rresa s\u00f6derut bj\u00f6d p\u00e5 hela 2 nya uppt\u00e4ckter vad g\u00e4ller vackra v\u00e4gar. <a href=\"https:\/\/4000mil.se\/index.php\/vallevagen-och-billingeleden-i-korsbarsblomning\/\">Vallev\u00e4gen i V\u00e4sterg\u00f6tland<\/a> har vi redan skrivit om. Idag har turen kommit till \u00d6lands gamla kustv\u00e4g, l\u00e4ngs Stenkusten.<\/p>\n<p><img loading=\"lazy\" decoding=\"async\" class=\"alignnone size-large wp-image-44725\" src=\"https:\/\/4000mil.se\/wp-content\/uploads\/2021\/06\/IMG_9827-1024x683.jpg\" alt=\"\" width=\"1024\" height=\"683\" srcset=\"https:\/\/4000mil.se\/wp-content\/uploads\/2021\/06\/IMG_9827-1024x683.jpg 1024w, https:\/\/4000mil.se\/wp-content\/uploads\/2021\/06\/IMG_9827-300x200.jpg 300w, https:\/\/4000mil.se\/wp-content\/uploads\/2021\/06\/IMG_9827-768x512.jpg 768w, https:\/\/4000mil.se\/wp-content\/uploads\/2021\/06\/IMG_9827-1536x1024.jpg 1536w, https:\/\/4000mil.se\/wp-content\/uploads\/2021\/06\/IMG_9827-2000x1333.jpg 2000w, https:\/\/4000mil.se\/wp-content\/uploads\/2021\/06\/IMG_9827-800x533.jpg 800w, https:\/\/4000mil.se\/wp-content\/uploads\/2021\/06\/IMG_9827.jpg 2048w\" sizes=\"auto, (max-width: 1024px) 100vw, 1024px\" \/><\/p>\n<p>V\u00e4gen b\u00f6rjar s\u00f6derifr\u00e5n i <strong>\u00c4leklinta<\/strong>. Man k\u00f6r v\u00e4g 136 norrut fr\u00e5n Borgholm 1,4 mil och sv\u00e4nger sedan av mot kusten. Sedan \u00e4r det bara att f\u00f6lja kusten l\u00e4ngs denna lilla v\u00e4g som g\u00e5r en bit upp ovanf\u00f6r havet.<\/p>\n<p>V\u00e4gen g\u00e5r l\u00e4ngs den \u00f6l\u00e4ndska Stenkusten och \u00e5terfinns p\u00e5 kartor fr\u00e5n 1600-talet men \u00e4r sannolikt mycket \u00e4ldre. Utmed hela v\u00e4gen finns stenbrott i strandlinjen. V\u00e4gen har haft av stor betydelse f\u00f6r transporter till de olika utskeppningshamnarna.<\/p>\n<p><img loading=\"lazy\" decoding=\"async\" class=\"alignnone size-large wp-image-44693\" src=\"https:\/\/4000mil.se\/wp-content\/uploads\/2021\/06\/IMG_6730-1024x683.jpg\" alt=\"\" width=\"1024\" height=\"683\" srcset=\"https:\/\/4000mil.se\/wp-content\/uploads\/2021\/06\/IMG_6730-1024x683.jpg 1024w, https:\/\/4000mil.se\/wp-content\/uploads\/2021\/06\/IMG_6730-300x200.jpg 300w, https:\/\/4000mil.se\/wp-content\/uploads\/2021\/06\/IMG_6730-768x512.jpg 768w, https:\/\/4000mil.se\/wp-content\/uploads\/2021\/06\/IMG_6730-1536x1024.jpg 1536w, https:\/\/4000mil.se\/wp-content\/uploads\/2021\/06\/IMG_6730-2000x1333.jpg 2000w, https:\/\/4000mil.se\/wp-content\/uploads\/2021\/06\/IMG_6730-800x533.jpg 800w, https:\/\/4000mil.se\/wp-content\/uploads\/2021\/06\/IMG_6730.jpg 2048w\" sizes=\"auto, (max-width: 1024px) 100vw, 1024px\" \/><br \/>\n<img loading=\"lazy\" decoding=\"async\" class=\"alignnone size-large wp-image-44726\" src=\"https:\/\/4000mil.se\/wp-content\/uploads\/2021\/06\/IMG_6720-1024x683.jpg\" alt=\"\" width=\"1024\" height=\"683\" srcset=\"https:\/\/4000mil.se\/wp-content\/uploads\/2021\/06\/IMG_6720-1024x683.jpg 1024w, https:\/\/4000mil.se\/wp-content\/uploads\/2021\/06\/IMG_6720-300x200.jpg 300w, https:\/\/4000mil.se\/wp-content\/uploads\/2021\/06\/IMG_6720-768x512.jpg 768w, https:\/\/4000mil.se\/wp-content\/uploads\/2021\/06\/IMG_6720-1536x1024.jpg 1536w, https:\/\/4000mil.se\/wp-content\/uploads\/2021\/06\/IMG_6720-2000x1333.jpg 2000w, https:\/\/4000mil.se\/wp-content\/uploads\/2021\/06\/IMG_6720-800x533.jpg 800w, https:\/\/4000mil.se\/wp-content\/uploads\/2021\/06\/IMG_6720.jpg 2048w\" sizes=\"auto, (max-width: 1024px) 100vw, 1024px\" \/> <img loading=\"lazy\" decoding=\"async\" class=\"alignnone size-large wp-image-44727\" src=\"https:\/\/4000mil.se\/wp-content\/uploads\/2021\/06\/IMG_6723-1024x683.jpg\" alt=\"\" width=\"1024\" height=\"683\" srcset=\"https:\/\/4000mil.se\/wp-content\/uploads\/2021\/06\/IMG_6723-1024x683.jpg 1024w, https:\/\/4000mil.se\/wp-content\/uploads\/2021\/06\/IMG_6723-300x200.jpg 300w, https:\/\/4000mil.se\/wp-content\/uploads\/2021\/06\/IMG_6723-768x512.jpg 768w, https:\/\/4000mil.se\/wp-content\/uploads\/2021\/06\/IMG_6723-1536x1024.jpg 1536w, https:\/\/4000mil.se\/wp-content\/uploads\/2021\/06\/IMG_6723-2000x1333.jpg 2000w, https:\/\/4000mil.se\/wp-content\/uploads\/2021\/06\/IMG_6723-800x533.jpg 800w, https:\/\/4000mil.se\/wp-content\/uploads\/2021\/06\/IMG_6723.jpg 2048w\" sizes=\"auto, (max-width: 1024px) 100vw, 1024px\" \/><\/p>\n<p>I <strong>Bruddesta<\/strong> \u00e4r det, om inte f\u00f6rr, l\u00e4ge att ta ett stopp. Detta \u00e4r ett fiskl\u00e4ge fr\u00e5n b\u00f6rjan av 1800-talet. De 9 fiskebodarna ber\u00e4ttar om den nord\u00f6l\u00e4ndske bondens dubbla verksamhet som jordbrukare och fiskare.<\/p>\n<p><img loading=\"lazy\" decoding=\"async\" class=\"alignnone size-large wp-image-44728\" src=\"https:\/\/4000mil.se\/wp-content\/uploads\/2021\/06\/IMG_6725-1024x683.jpg\" alt=\"\" width=\"1024\" height=\"683\" srcset=\"https:\/\/4000mil.se\/wp-content\/uploads\/2021\/06\/IMG_6725-1024x683.jpg 1024w, https:\/\/4000mil.se\/wp-content\/uploads\/2021\/06\/IMG_6725-300x200.jpg 300w, https:\/\/4000mil.se\/wp-content\/uploads\/2021\/06\/IMG_6725-768x512.jpg 768w, https:\/\/4000mil.se\/wp-content\/uploads\/2021\/06\/IMG_6725-1536x1024.jpg 1536w, https:\/\/4000mil.se\/wp-content\/uploads\/2021\/06\/IMG_6725-2000x1333.jpg 2000w, https:\/\/4000mil.se\/wp-content\/uploads\/2021\/06\/IMG_6725-800x533.jpg 800w, https:\/\/4000mil.se\/wp-content\/uploads\/2021\/06\/IMG_6725.jpg 2048w\" sizes=\"auto, (max-width: 1024px) 100vw, 1024px\" \/> <img loading=\"lazy\" decoding=\"async\" class=\"alignnone size-large wp-image-44729\" src=\"https:\/\/4000mil.se\/wp-content\/uploads\/2021\/06\/IMG_6734-1024x683.jpg\" alt=\"\" width=\"1024\" height=\"683\" srcset=\"https:\/\/4000mil.se\/wp-content\/uploads\/2021\/06\/IMG_6734-1024x683.jpg 1024w, https:\/\/4000mil.se\/wp-content\/uploads\/2021\/06\/IMG_6734-300x200.jpg 300w, https:\/\/4000mil.se\/wp-content\/uploads\/2021\/06\/IMG_6734-768x512.jpg 768w, https:\/\/4000mil.se\/wp-content\/uploads\/2021\/06\/IMG_6734-1536x1024.jpg 1536w, https:\/\/4000mil.se\/wp-content\/uploads\/2021\/06\/IMG_6734-2000x1333.jpg 2000w, https:\/\/4000mil.se\/wp-content\/uploads\/2021\/06\/IMG_6734-800x533.jpg 800w, https:\/\/4000mil.se\/wp-content\/uploads\/2021\/06\/IMG_6734.jpg 2048w\" sizes=\"auto, (max-width: 1024px) 100vw, 1024px\" \/> <img loading=\"lazy\" decoding=\"async\" class=\"alignnone size-large wp-image-44730\" src=\"https:\/\/4000mil.se\/wp-content\/uploads\/2021\/06\/IMG_6736-1024x683.jpg\" alt=\"\" width=\"1024\" height=\"683\" srcset=\"https:\/\/4000mil.se\/wp-content\/uploads\/2021\/06\/IMG_6736-1024x683.jpg 1024w, https:\/\/4000mil.se\/wp-content\/uploads\/2021\/06\/IMG_6736-300x200.jpg 300w, https:\/\/4000mil.se\/wp-content\/uploads\/2021\/06\/IMG_6736-768x512.jpg 768w, https:\/\/4000mil.se\/wp-content\/uploads\/2021\/06\/IMG_6736-1536x1024.jpg 1536w, https:\/\/4000mil.se\/wp-content\/uploads\/2021\/06\/IMG_6736-2000x1333.jpg 2000w, https:\/\/4000mil.se\/wp-content\/uploads\/2021\/06\/IMG_6736-800x533.jpg 800w, https:\/\/4000mil.se\/wp-content\/uploads\/2021\/06\/IMG_6736.jpg 2048w\" sizes=\"auto, (max-width: 1024px) 100vw, 1024px\" \/><\/p>\n<p>Kustv\u00e4gen forts\u00e4tter l\u00e4ngs havet f\u00f6rbi Djupvik och Sandvik och kommer s\u00e5 sm\u00e5ningom upp mot de omr\u00e5den som vi redan ber\u00e4ttat om i <a href=\"https:\/\/4000mil.se\/index.php\/vandring-langs-bodakusten-vastra-pa-oland-byxelkrok-till-byrums-raukar\/\">v\u00e5r vandring l\u00e4ngs B\u00f6dakusten v\u00e4stra naturreservat<\/a>, n\u00e4mligen klippraset i Fornbo och raukarna i Byrum.<\/p>\n<p><img loading=\"lazy\" decoding=\"async\" class=\"alignnone size-large wp-image-44190\" src=\"https:\/\/4000mil.se\/wp-content\/uploads\/2021\/06\/IMG_7003-1024x683.jpg\" alt=\"\" width=\"1024\" height=\"683\" srcset=\"https:\/\/4000mil.se\/wp-content\/uploads\/2021\/06\/IMG_7003-1024x683.jpg 1024w, https:\/\/4000mil.se\/wp-content\/uploads\/2021\/06\/IMG_7003-300x200.jpg 300w, https:\/\/4000mil.se\/wp-content\/uploads\/2021\/06\/IMG_7003-768x512.jpg 768w, https:\/\/4000mil.se\/wp-content\/uploads\/2021\/06\/IMG_7003-1536x1024.jpg 1536w, https:\/\/4000mil.se\/wp-content\/uploads\/2021\/06\/IMG_7003-2000x1333.jpg 2000w, https:\/\/4000mil.se\/wp-content\/uploads\/2021\/06\/IMG_7003-800x533.jpg 800w, https:\/\/4000mil.se\/wp-content\/uploads\/2021\/06\/IMG_7003.jpg 2048w\" sizes=\"auto, (max-width: 1024px) 100vw, 1024px\" \/><\/p>\n<p>Just vid Byrum \u00e4r den enda delen av v\u00e4gen d\u00e4r man m\u00e5ste l\u00e4mna kusten om man f\u00e4rdas per bil. H\u00e4r f\u00e5r man ta sig in p\u00e5 Byrumsv\u00e4gen och sedan sv\u00e4nga ut mot kusten igen vid f\u00f6rsta avtagsv\u00e4gen.<\/p>\n<p><img loading=\"lazy\" decoding=\"async\" class=\"alignnone size-large wp-image-44731\" src=\"https:\/\/4000mil.se\/wp-content\/uploads\/2021\/06\/IMG_6991-1024x646.jpg\" alt=\"\" width=\"1024\" height=\"646\" srcset=\"https:\/\/4000mil.se\/wp-content\/uploads\/2021\/06\/IMG_6991-1024x646.jpg 1024w, https:\/\/4000mil.se\/wp-content\/uploads\/2021\/06\/IMG_6991-300x189.jpg 300w, https:\/\/4000mil.se\/wp-content\/uploads\/2021\/06\/IMG_6991-768x484.jpg 768w, https:\/\/4000mil.se\/wp-content\/uploads\/2021\/06\/IMG_6991-1536x968.jpg 1536w, https:\/\/4000mil.se\/wp-content\/uploads\/2021\/06\/IMG_6991-2000x1261.jpg 2000w, https:\/\/4000mil.se\/wp-content\/uploads\/2021\/06\/IMG_6991-800x504.jpg 800w, https:\/\/4000mil.se\/wp-content\/uploads\/2021\/06\/IMG_6991.jpg 2048w\" sizes=\"auto, (max-width: 1024px) 100vw, 1024px\" \/><\/p>\n<p>H\u00e4rifr\u00e5n f\u00f6ljer Hagskogsv\u00e4gen kusten igen upp till Byxelkrok.<\/p>\n<p><img loading=\"lazy\" decoding=\"async\" class=\"alignnone size-large wp-image-44201\" src=\"https:\/\/4000mil.se\/wp-content\/uploads\/2021\/06\/IMG_6921-1024x683.jpg\" alt=\"\" width=\"1024\" height=\"683\" srcset=\"https:\/\/4000mil.se\/wp-content\/uploads\/2021\/06\/IMG_6921-1024x683.jpg 1024w, https:\/\/4000mil.se\/wp-content\/uploads\/2021\/06\/IMG_6921-300x200.jpg 300w, https:\/\/4000mil.se\/wp-content\/uploads\/2021\/06\/IMG_6921-768x512.jpg 768w, https:\/\/4000mil.se\/wp-content\/uploads\/2021\/06\/IMG_6921-1536x1024.jpg 1536w, https:\/\/4000mil.se\/wp-content\/uploads\/2021\/06\/IMG_6921-2000x1333.jpg 2000w, https:\/\/4000mil.se\/wp-content\/uploads\/2021\/06\/IMG_6921-800x533.jpg 800w, https:\/\/4000mil.se\/wp-content\/uploads\/2021\/06\/IMG_6921.jpg 2048w\" sizes=\"auto, (max-width: 1024px) 100vw, 1024px\" \/> <img loading=\"lazy\" decoding=\"async\" class=\"alignnone size-large wp-image-44196\" src=\"https:\/\/4000mil.se\/wp-content\/uploads\/2021\/06\/IMG_6908-1024x683.jpg\" alt=\"\" width=\"1024\" height=\"683\" srcset=\"https:\/\/4000mil.se\/wp-content\/uploads\/2021\/06\/IMG_6908-1024x683.jpg 1024w, https:\/\/4000mil.se\/wp-content\/uploads\/2021\/06\/IMG_6908-300x200.jpg 300w, https:\/\/4000mil.se\/wp-content\/uploads\/2021\/06\/IMG_6908-768x512.jpg 768w, https:\/\/4000mil.se\/wp-content\/uploads\/2021\/06\/IMG_6908-1536x1024.jpg 1536w, https:\/\/4000mil.se\/wp-content\/uploads\/2021\/06\/IMG_6908-2000x1333.jpg 2000w, https:\/\/4000mil.se\/wp-content\/uploads\/2021\/06\/IMG_6908-800x533.jpg 800w, https:\/\/4000mil.se\/wp-content\/uploads\/2021\/06\/IMG_6908.jpg 2048w\" sizes=\"auto, (max-width: 1024px) 100vw, 1024px\" \/> <img loading=\"lazy\" decoding=\"async\" class=\"alignnone size-large wp-image-44207\" src=\"https:\/\/4000mil.se\/wp-content\/uploads\/2021\/06\/IMG_9899-1024x683.jpg\" alt=\"\" width=\"1024\" height=\"683\" srcset=\"https:\/\/4000mil.se\/wp-content\/uploads\/2021\/06\/IMG_9899-1024x683.jpg 1024w, https:\/\/4000mil.se\/wp-content\/uploads\/2021\/06\/IMG_9899-300x200.jpg 300w, https:\/\/4000mil.se\/wp-content\/uploads\/2021\/06\/IMG_9899-768x512.jpg 768w, https:\/\/4000mil.se\/wp-content\/uploads\/2021\/06\/IMG_9899-1536x1024.jpg 1536w, https:\/\/4000mil.se\/wp-content\/uploads\/2021\/06\/IMG_9899-2000x1333.jpg 2000w, https:\/\/4000mil.se\/wp-content\/uploads\/2021\/06\/IMG_9899-800x533.jpg 800w, https:\/\/4000mil.se\/wp-content\/uploads\/2021\/06\/IMG_9899.jpg 2048w\" sizes=\"auto, (max-width: 1024px) 100vw, 1024px\" \/><\/p>\n<p>Som sagt, detta \u00e4r en f\u00f6r\u00f6dande vacker kustv\u00e4g. Dock smal och stundtals kanske inte i perfekt skick. M\u00e5nga vill k\u00f6ra h\u00e4r, b\u00e5de bilar och cyklar och s\u00e5 m\u00e5nga husbilar ocks\u00e5. Man f\u00e5r vara beredd p\u00e5 att h\u00e5lla en l\u00e5g hastighet och visa h\u00e4nsyn.<\/p>\n<p><img loading=\"lazy\" decoding=\"async\" class=\"alignnone size-large wp-image-44687\" src=\"https:\/\/4000mil.se\/wp-content\/uploads\/2021\/06\/IMG_6741-1024x683.jpg\" alt=\"\" width=\"1024\" height=\"683\" srcset=\"https:\/\/4000mil.se\/wp-content\/uploads\/2021\/06\/IMG_6741-1024x683.jpg 1024w, https:\/\/4000mil.se\/wp-content\/uploads\/2021\/06\/IMG_6741-300x200.jpg 300w, https:\/\/4000mil.se\/wp-content\/uploads\/2021\/06\/IMG_6741-768x512.jpg 768w, https:\/\/4000mil.se\/wp-content\/uploads\/2021\/06\/IMG_6741-1536x1024.jpg 1536w, https:\/\/4000mil.se\/wp-content\/uploads\/2021\/06\/IMG_6741-2000x1333.jpg 2000w, https:\/\/4000mil.se\/wp-content\/uploads\/2021\/06\/IMG_6741-800x533.jpg 800w, https:\/\/4000mil.se\/wp-content\/uploads\/2021\/06\/IMG_6741.jpg 2048w\" sizes=\"auto, (max-width: 1024px) 100vw, 1024px\" \/><\/p>\n<p>Naturen \u00e4r k\u00e4nslig h\u00e4r ute vid havet och p\u00e5 vissa str\u00e4ckor \u00e4r det inte till\u00e5tet att l\u00e4mna v\u00e4gbanan med bilen. Det inneb\u00e4r att man inte f\u00e5r parkera utmed v\u00e4gen, utan det \u00e4r bara de iordningst\u00e4llda parkeringsplatserna som \u00e4r till\u00e5tna att st\u00e5 p\u00e5.<\/p>\n<p><img loading=\"lazy\" decoding=\"async\" class=\"alignnone size-large wp-image-44202\" src=\"https:\/\/4000mil.se\/wp-content\/uploads\/2021\/06\/IMG_6926-1024x683.jpg\" alt=\"\" width=\"1024\" height=\"683\" srcset=\"https:\/\/4000mil.se\/wp-content\/uploads\/2021\/06\/IMG_6926-1024x683.jpg 1024w, https:\/\/4000mil.se\/wp-content\/uploads\/2021\/06\/IMG_6926-300x200.jpg 300w, https:\/\/4000mil.se\/wp-content\/uploads\/2021\/06\/IMG_6926-768x512.jpg 768w, https:\/\/4000mil.se\/wp-content\/uploads\/2021\/06\/IMG_6926-1536x1024.jpg 1536w, https:\/\/4000mil.se\/wp-content\/uploads\/2021\/06\/IMG_6926-2000x1333.jpg 2000w, https:\/\/4000mil.se\/wp-content\/uploads\/2021\/06\/IMG_6926-800x533.jpg 800w, https:\/\/4000mil.se\/wp-content\/uploads\/2021\/06\/IMG_6926.jpg 2048w\" sizes=\"auto, (max-width: 1024px) 100vw, 1024px\" \/><\/p>\n<p><strong>L\u00e4s ocks\u00e5:<\/strong> <a href=\"https:\/\/4000mil.se\/index.php\/varldsarvet-sodra-olands-odlingslandskap\/\">V\u00e4rldsarvet S\u00f6dra \u00d6lands odlingslandskap<\/a><\/p>\n<p>Vill du l\u00e4sa om fler vandringar? Gl\u00f6m inte att\u00a0<a href=\"https:\/\/www.facebook.com\/4000mil\/\" target=\"_blank\" rel=\"noopener noreferrer\">f\u00f6lja 4000mil p\u00e5 Facebook<\/a>\u00a0och\u00a0<a href=\"https:\/\/www.instagram.com\/4000mil.se\/\" target=\"_blank\" rel=\"noopener noreferrer\">p\u00e5 Instagram<\/a>.<\/p>\n<p>&nbsp;<\/p>\n","protected":false},"excerpt":{"rendered":"<p>Visst \u00e4r det underbart med vackra v\u00e4gar? Vi sv\u00e4nger g\u00e4rna av fr\u00e5n huvudled och k\u00f6r n\u00e5gra mil extra och i l\u00e4gre hastigheter om det finns en vacker v\u00e4gstr\u00e4cka att uppt\u00e4cka. V\u00e5r v\u00e5rresa s\u00f6derut bj\u00f6d p\u00e5 hela 2 nya uppt\u00e4ckter vad g\u00e4ller vackra v\u00e4gar. Vallev\u00e4gen i V\u00e4sterg\u00f6tland har vi redan skrivit [&hellip;]<\/p>\n","protected":false},"author":3,"featured_media":44726,"comment_status":"open","ping_status":"open","sticky":false,"template":"","format":"standard","meta":{"_monsterinsights_skip_tracking":false,"_monsterinsights_sitenote_active":false,"_monsterinsights_sitenote_note":"","_monsterinsights_sitenote_category":0,"footnotes":""},"categories":[8],"tags":[12692],"class_list":["post-44125","post","type-post","status-publish","format-standard","has-post-thumbnail","hentry","category-sverige","tag-oland"],"yoast_head":"<!-- This site is optimized with the Yoast SEO plugin v27.5 - https:\/\/yoast.com\/product\/yoast-seo-wordpress\/ -->\n<title>\u00d6lands gamla kustv\u00e4g l\u00e4ngs Stenkusten - En av Sveriges vackraste v\u00e4gar?<\/title>\n<meta name=\"description\" content=\"Visst \u00e4r det underbart med vackra v\u00e4gar? Vi sv\u00e4nger g\u00e4rna av fr\u00e5n huvudled och k\u00f6r n\u00e5gra mil extra och i l\u00e4gre hastigheter om det finns en vacker\" \/>\n<meta name=\"robots\" content=\"index, follow, max-snippet:-1, max-image-preview:large, max-video-preview:-1\" \/>\n<link rel=\"canonical\" href=\"https:\/\/4000mil.se\/index.php\/olands-gamla-kust-vag-langs-stenkusten-en-av-sveriges-vackraste-vagar\/\" \/>\n<meta property=\"og:locale\" content=\"sv_SE\" \/>\n<meta property=\"og:type\" content=\"article\" \/>\n<meta property=\"og:title\" content=\"\u00d6lands gamla kustv\u00e4g l\u00e4ngs Stenkusten - En av Sveriges vackraste v\u00e4gar?\" \/>\n<meta property=\"og:description\" content=\"Visst \u00e4r det underbart med vackra v\u00e4gar? Vi sv\u00e4nger g\u00e4rna av fr\u00e5n huvudled och k\u00f6r n\u00e5gra mil extra och i l\u00e4gre hastigheter om det finns en vacker\" \/>\n<meta property=\"og:url\" content=\"https:\/\/4000mil.se\/index.php\/olands-gamla-kust-vag-langs-stenkusten-en-av-sveriges-vackraste-vagar\/\" \/>\n<meta property=\"og:site_name\" content=\"4000 mil - en reseblogg\" \/>\n<meta property=\"article:publisher\" content=\"https:\/\/www.facebook.com\/4000mil\/\" \/>\n<meta property=\"article:published_time\" content=\"2021-06-24T04:45:00+00:00\" \/>\n<meta property=\"og:image\" content=\"https:\/\/4000mil.se\/wp-content\/uploads\/2021\/06\/IMG_6720.jpg\" \/>\n\t<meta property=\"og:image:width\" content=\"2048\" \/>\n\t<meta property=\"og:image:height\" content=\"1365\" \/>\n\t<meta property=\"og:image:type\" content=\"image\/jpeg\" \/>\n<meta name=\"author\" content=\"Gunilla Yourstone\" \/>\n<meta name=\"twitter:card\" content=\"summary_large_image\" \/>\n<meta name=\"twitter:creator\" content=\"@4000mil_se\" \/>\n<meta name=\"twitter:site\" content=\"@4000mil_se\" \/>\n<meta name=\"twitter:label1\" content=\"Skriven av\" \/>\n\t<meta name=\"twitter:data1\" content=\"Gunilla Yourstone\" \/>\n\t<meta name=\"twitter:label2\" content=\"Ber\u00e4knad l\u00e4stid\" \/>\n\t<meta name=\"twitter:data2\" content=\"5 minuter\" \/>\n<script type=\"application\/ld+json\" class=\"yoast-schema-graph\">{\"@context\":\"https:\\\/\\\/schema.org\",\"@graph\":[{\"@type\":\"Article\",\"@id\":\"https:\\\/\\\/4000mil.se\\\/index.php\\\/olands-gamla-kust-vag-langs-stenkusten-en-av-sveriges-vackraste-vagar\\\/#article\",\"isPartOf\":{\"@id\":\"https:\\\/\\\/4000mil.se\\\/index.php\\\/olands-gamla-kust-vag-langs-stenkusten-en-av-sveriges-vackraste-vagar\\\/\"},\"author\":{\"name\":\"Gunilla Yourstone\",\"@id\":\"https:\\\/\\\/4000mil.se\\\/#\\\/schema\\\/person\\\/cda463da9f6f2c4d9bbc173471184a73\"},\"headline\":\"\u00d6lands gamla kustv\u00e4g l\u00e4ngs Stenkusten &#8211; En av Sveriges vackraste v\u00e4gar?\",\"datePublished\":\"2021-06-24T04:45:00+00:00\",\"mainEntityOfPage\":{\"@id\":\"https:\\\/\\\/4000mil.se\\\/index.php\\\/olands-gamla-kust-vag-langs-stenkusten-en-av-sveriges-vackraste-vagar\\\/\"},\"wordCount\":475,\"commentCount\":0,\"publisher\":{\"@id\":\"https:\\\/\\\/4000mil.se\\\/#organization\"},\"image\":{\"@id\":\"https:\\\/\\\/4000mil.se\\\/index.php\\\/olands-gamla-kust-vag-langs-stenkusten-en-av-sveriges-vackraste-vagar\\\/#primaryimage\"},\"thumbnailUrl\":\"https:\\\/\\\/4000mil.se\\\/wp-content\\\/uploads\\\/2021\\\/06\\\/IMG_6720.jpg\",\"keywords\":[\"\u00d6land\"],\"articleSection\":[\"Sverige\"],\"inLanguage\":\"sv-SE\",\"potentialAction\":[{\"@type\":\"CommentAction\",\"name\":\"Comment\",\"target\":[\"https:\\\/\\\/4000mil.se\\\/index.php\\\/olands-gamla-kust-vag-langs-stenkusten-en-av-sveriges-vackraste-vagar\\\/#respond\"]}]},{\"@type\":\"WebPage\",\"@id\":\"https:\\\/\\\/4000mil.se\\\/index.php\\\/olands-gamla-kust-vag-langs-stenkusten-en-av-sveriges-vackraste-vagar\\\/\",\"url\":\"https:\\\/\\\/4000mil.se\\\/index.php\\\/olands-gamla-kust-vag-langs-stenkusten-en-av-sveriges-vackraste-vagar\\\/\",\"name\":\"\u00d6lands gamla kustv\u00e4g l\u00e4ngs Stenkusten - En av Sveriges vackraste v\u00e4gar?\",\"isPartOf\":{\"@id\":\"https:\\\/\\\/4000mil.se\\\/#website\"},\"primaryImageOfPage\":{\"@id\":\"https:\\\/\\\/4000mil.se\\\/index.php\\\/olands-gamla-kust-vag-langs-stenkusten-en-av-sveriges-vackraste-vagar\\\/#primaryimage\"},\"image\":{\"@id\":\"https:\\\/\\\/4000mil.se\\\/index.php\\\/olands-gamla-kust-vag-langs-stenkusten-en-av-sveriges-vackraste-vagar\\\/#primaryimage\"},\"thumbnailUrl\":\"https:\\\/\\\/4000mil.se\\\/wp-content\\\/uploads\\\/2021\\\/06\\\/IMG_6720.jpg\",\"datePublished\":\"2021-06-24T04:45:00+00:00\",\"description\":\"Visst \u00e4r det underbart med vackra v\u00e4gar? Vi sv\u00e4nger g\u00e4rna av fr\u00e5n huvudled och k\u00f6r n\u00e5gra mil extra och i l\u00e4gre hastigheter om det finns en vacker\",\"breadcrumb\":{\"@id\":\"https:\\\/\\\/4000mil.se\\\/index.php\\\/olands-gamla-kust-vag-langs-stenkusten-en-av-sveriges-vackraste-vagar\\\/#breadcrumb\"},\"inLanguage\":\"sv-SE\",\"potentialAction\":[{\"@type\":\"ReadAction\",\"target\":[\"https:\\\/\\\/4000mil.se\\\/index.php\\\/olands-gamla-kust-vag-langs-stenkusten-en-av-sveriges-vackraste-vagar\\\/\"]}]},{\"@type\":\"ImageObject\",\"inLanguage\":\"sv-SE\",\"@id\":\"https:\\\/\\\/4000mil.se\\\/index.php\\\/olands-gamla-kust-vag-langs-stenkusten-en-av-sveriges-vackraste-vagar\\\/#primaryimage\",\"url\":\"https:\\\/\\\/4000mil.se\\\/wp-content\\\/uploads\\\/2021\\\/06\\\/IMG_6720.jpg\",\"contentUrl\":\"https:\\\/\\\/4000mil.se\\\/wp-content\\\/uploads\\\/2021\\\/06\\\/IMG_6720.jpg\",\"width\":2048,\"height\":1365},{\"@type\":\"BreadcrumbList\",\"@id\":\"https:\\\/\\\/4000mil.se\\\/index.php\\\/olands-gamla-kust-vag-langs-stenkusten-en-av-sveriges-vackraste-vagar\\\/#breadcrumb\",\"itemListElement\":[{\"@type\":\"ListItem\",\"position\":1,\"name\":\"Home\",\"item\":\"https:\\\/\\\/4000mil.se\\\/\"},{\"@type\":\"ListItem\",\"position\":2,\"name\":\"\u00d6lands gamla kustv\u00e4g l\u00e4ngs Stenkusten &#8211; En av Sveriges vackraste v\u00e4gar?\"}]},{\"@type\":\"WebSite\",\"@id\":\"https:\\\/\\\/4000mil.se\\\/#website\",\"url\":\"https:\\\/\\\/4000mil.se\\\/\",\"name\":\"4000 mil - en reseblogg\",\"description\":\"We haven&#039;t been everywhere, but it is on our list.\",\"publisher\":{\"@id\":\"https:\\\/\\\/4000mil.se\\\/#organization\"},\"potentialAction\":[{\"@type\":\"SearchAction\",\"target\":{\"@type\":\"EntryPoint\",\"urlTemplate\":\"https:\\\/\\\/4000mil.se\\\/?s={search_term_string}\"},\"query-input\":{\"@type\":\"PropertyValueSpecification\",\"valueRequired\":true,\"valueName\":\"search_term_string\"}}],\"inLanguage\":\"sv-SE\"},{\"@type\":\"Organization\",\"@id\":\"https:\\\/\\\/4000mil.se\\\/#organization\",\"name\":\"4000mil\",\"url\":\"https:\\\/\\\/4000mil.se\\\/\",\"logo\":{\"@type\":\"ImageObject\",\"inLanguage\":\"sv-SE\",\"@id\":\"https:\\\/\\\/4000mil.se\\\/#\\\/schema\\\/logo\\\/image\\\/\",\"url\":\"https:\\\/\\\/4000mil.se\\\/wp-content\\\/uploads\\\/2017\\\/07\\\/rsz_img_5178-e1511641744338.jpg\",\"contentUrl\":\"https:\\\/\\\/4000mil.se\\\/wp-content\\\/uploads\\\/2017\\\/07\\\/rsz_img_5178-e1511641744338.jpg\",\"width\":1000,\"height\":667,\"caption\":\"4000mil\"},\"image\":{\"@id\":\"https:\\\/\\\/4000mil.se\\\/#\\\/schema\\\/logo\\\/image\\\/\"},\"sameAs\":[\"https:\\\/\\\/www.facebook.com\\\/4000mil\\\/\",\"https:\\\/\\\/x.com\\\/4000mil_se\",\"https:\\\/\\\/www.instagram.com\\\/4000mil.se\\\/\",\"https:\\\/\\\/www.youtube.com\\\/channel\\\/UCJ-arZd2a7dT4Kqq5GtVbXQ\"]},{\"@type\":\"Person\",\"@id\":\"https:\\\/\\\/4000mil.se\\\/#\\\/schema\\\/person\\\/cda463da9f6f2c4d9bbc173471184a73\",\"name\":\"Gunilla Yourstone\",\"image\":{\"@type\":\"ImageObject\",\"inLanguage\":\"sv-SE\",\"@id\":\"https:\\\/\\\/secure.gravatar.com\\\/avatar\\\/2df85d0820b33bffdd86a729d25273c6153c1cc9b1338f26ef0c98d01163520d?s=96&d=mm&r=g\",\"url\":\"https:\\\/\\\/secure.gravatar.com\\\/avatar\\\/2df85d0820b33bffdd86a729d25273c6153c1cc9b1338f26ef0c98d01163520d?s=96&d=mm&r=g\",\"contentUrl\":\"https:\\\/\\\/secure.gravatar.com\\\/avatar\\\/2df85d0820b33bffdd86a729d25273c6153c1cc9b1338f26ef0c98d01163520d?s=96&d=mm&r=g\",\"caption\":\"Gunilla Yourstone\"},\"url\":\"https:\\\/\\\/4000mil.se\\\/index.php\\\/author\\\/gunillay\\\/\"}]}<\/script>\n<!-- \/ Yoast SEO plugin. -->","yoast_head_json":{"title":"\u00d6lands gamla kustv\u00e4g l\u00e4ngs Stenkusten - En av Sveriges vackraste v\u00e4gar?","description":"Visst \u00e4r det underbart med vackra v\u00e4gar? Vi sv\u00e4nger g\u00e4rna av fr\u00e5n huvudled och k\u00f6r n\u00e5gra mil extra och i l\u00e4gre hastigheter om det finns en vacker","robots":{"index":"index","follow":"follow","max-snippet":"max-snippet:-1","max-image-preview":"max-image-preview:large","max-video-preview":"max-video-preview:-1"},"canonical":"https:\/\/4000mil.se\/index.php\/olands-gamla-kust-vag-langs-stenkusten-en-av-sveriges-vackraste-vagar\/","og_locale":"sv_SE","og_type":"article","og_title":"\u00d6lands gamla kustv\u00e4g l\u00e4ngs Stenkusten - En av Sveriges vackraste v\u00e4gar?","og_description":"Visst \u00e4r det underbart med vackra v\u00e4gar? Vi sv\u00e4nger g\u00e4rna av fr\u00e5n huvudled och k\u00f6r n\u00e5gra mil extra och i l\u00e4gre hastigheter om det finns en vacker","og_url":"https:\/\/4000mil.se\/index.php\/olands-gamla-kust-vag-langs-stenkusten-en-av-sveriges-vackraste-vagar\/","og_site_name":"4000 mil - en reseblogg","article_publisher":"https:\/\/www.facebook.com\/4000mil\/","article_published_time":"2021-06-24T04:45:00+00:00","og_image":[{"width":2048,"height":1365,"url":"https:\/\/4000mil.se\/wp-content\/uploads\/2021\/06\/IMG_6720.jpg","type":"image\/jpeg"}],"author":"Gunilla Yourstone","twitter_card":"summary_large_image","twitter_creator":"@4000mil_se","twitter_site":"@4000mil_se","twitter_misc":{"Skriven av":"Gunilla Yourstone","Ber\u00e4knad l\u00e4stid":"5 minuter"},"schema":{"@context":"https:\/\/schema.org","@graph":[{"@type":"Article","@id":"https:\/\/4000mil.se\/index.php\/olands-gamla-kust-vag-langs-stenkusten-en-av-sveriges-vackraste-vagar\/#article","isPartOf":{"@id":"https:\/\/4000mil.se\/index.php\/olands-gamla-kust-vag-langs-stenkusten-en-av-sveriges-vackraste-vagar\/"},"author":{"name":"Gunilla Yourstone","@id":"https:\/\/4000mil.se\/#\/schema\/person\/cda463da9f6f2c4d9bbc173471184a73"},"headline":"\u00d6lands gamla kustv\u00e4g l\u00e4ngs Stenkusten &#8211; En av Sveriges vackraste v\u00e4gar?","datePublished":"2021-06-24T04:45:00+00:00","mainEntityOfPage":{"@id":"https:\/\/4000mil.se\/index.php\/olands-gamla-kust-vag-langs-stenkusten-en-av-sveriges-vackraste-vagar\/"},"wordCount":475,"commentCount":0,"publisher":{"@id":"https:\/\/4000mil.se\/#organization"},"image":{"@id":"https:\/\/4000mil.se\/index.php\/olands-gamla-kust-vag-langs-stenkusten-en-av-sveriges-vackraste-vagar\/#primaryimage"},"thumbnailUrl":"https:\/\/4000mil.se\/wp-content\/uploads\/2021\/06\/IMG_6720.jpg","keywords":["\u00d6land"],"articleSection":["Sverige"],"inLanguage":"sv-SE","potentialAction":[{"@type":"CommentAction","name":"Comment","target":["https:\/\/4000mil.se\/index.php\/olands-gamla-kust-vag-langs-stenkusten-en-av-sveriges-vackraste-vagar\/#respond"]}]},{"@type":"WebPage","@id":"https:\/\/4000mil.se\/index.php\/olands-gamla-kust-vag-langs-stenkusten-en-av-sveriges-vackraste-vagar\/","url":"https:\/\/4000mil.se\/index.php\/olands-gamla-kust-vag-langs-stenkusten-en-av-sveriges-vackraste-vagar\/","name":"\u00d6lands gamla kustv\u00e4g l\u00e4ngs Stenkusten - En av Sveriges vackraste v\u00e4gar?","isPartOf":{"@id":"https:\/\/4000mil.se\/#website"},"primaryImageOfPage":{"@id":"https:\/\/4000mil.se\/index.php\/olands-gamla-kust-vag-langs-stenkusten-en-av-sveriges-vackraste-vagar\/#primaryimage"},"image":{"@id":"https:\/\/4000mil.se\/index.php\/olands-gamla-kust-vag-langs-stenkusten-en-av-sveriges-vackraste-vagar\/#primaryimage"},"thumbnailUrl":"https:\/\/4000mil.se\/wp-content\/uploads\/2021\/06\/IMG_6720.jpg","datePublished":"2021-06-24T04:45:00+00:00","description":"Visst \u00e4r det underbart med vackra v\u00e4gar? Vi sv\u00e4nger g\u00e4rna av fr\u00e5n huvudled och k\u00f6r n\u00e5gra mil extra och i l\u00e4gre hastigheter om det finns en vacker","breadcrumb":{"@id":"https:\/\/4000mil.se\/index.php\/olands-gamla-kust-vag-langs-stenkusten-en-av-sveriges-vackraste-vagar\/#breadcrumb"},"inLanguage":"sv-SE","potentialAction":[{"@type":"ReadAction","target":["https:\/\/4000mil.se\/index.php\/olands-gamla-kust-vag-langs-stenkusten-en-av-sveriges-vackraste-vagar\/"]}]},{"@type":"ImageObject","inLanguage":"sv-SE","@id":"https:\/\/4000mil.se\/index.php\/olands-gamla-kust-vag-langs-stenkusten-en-av-sveriges-vackraste-vagar\/#primaryimage","url":"https:\/\/4000mil.se\/wp-content\/uploads\/2021\/06\/IMG_6720.jpg","contentUrl":"https:\/\/4000mil.se\/wp-content\/uploads\/2021\/06\/IMG_6720.jpg","width":2048,"height":1365},{"@type":"BreadcrumbList","@id":"https:\/\/4000mil.se\/index.php\/olands-gamla-kust-vag-langs-stenkusten-en-av-sveriges-vackraste-vagar\/#breadcrumb","itemListElement":[{"@type":"ListItem","position":1,"name":"Home","item":"https:\/\/4000mil.se\/"},{"@type":"ListItem","position":2,"name":"\u00d6lands gamla kustv\u00e4g l\u00e4ngs Stenkusten &#8211; En av Sveriges vackraste v\u00e4gar?"}]},{"@type":"WebSite","@id":"https:\/\/4000mil.se\/#website","url":"https:\/\/4000mil.se\/","name":"4000 mil - en reseblogg","description":"We haven&#039;t been everywhere, but it is on our list.","publisher":{"@id":"https:\/\/4000mil.se\/#organization"},"potentialAction":[{"@type":"SearchAction","target":{"@type":"EntryPoint","urlTemplate":"https:\/\/4000mil.se\/?s={search_term_string}"},"query-input":{"@type":"PropertyValueSpecification","valueRequired":true,"valueName":"search_term_string"}}],"inLanguage":"sv-SE"},{"@type":"Organization","@id":"https:\/\/4000mil.se\/#organization","name":"4000mil","url":"https:\/\/4000mil.se\/","logo":{"@type":"ImageObject","inLanguage":"sv-SE","@id":"https:\/\/4000mil.se\/#\/schema\/logo\/image\/","url":"https:\/\/4000mil.se\/wp-content\/uploads\/2017\/07\/rsz_img_5178-e1511641744338.jpg","contentUrl":"https:\/\/4000mil.se\/wp-content\/uploads\/2017\/07\/rsz_img_5178-e1511641744338.jpg","width":1000,"height":667,"caption":"4000mil"},"image":{"@id":"https:\/\/4000mil.se\/#\/schema\/logo\/image\/"},"sameAs":["https:\/\/www.facebook.com\/4000mil\/","https:\/\/x.com\/4000mil_se","https:\/\/www.instagram.com\/4000mil.se\/","https:\/\/www.youtube.com\/channel\/UCJ-arZd2a7dT4Kqq5GtVbXQ"]},{"@type":"Person","@id":"https:\/\/4000mil.se\/#\/schema\/person\/cda463da9f6f2c4d9bbc173471184a73","name":"Gunilla Yourstone","image":{"@type":"ImageObject","inLanguage":"sv-SE","@id":"https:\/\/secure.gravatar.com\/avatar\/2df85d0820b33bffdd86a729d25273c6153c1cc9b1338f26ef0c98d01163520d?s=96&d=mm&r=g","url":"https:\/\/secure.gravatar.com\/avatar\/2df85d0820b33bffdd86a729d25273c6153c1cc9b1338f26ef0c98d01163520d?s=96&d=mm&r=g","contentUrl":"https:\/\/secure.gravatar.com\/avatar\/2df85d0820b33bffdd86a729d25273c6153c1cc9b1338f26ef0c98d01163520d?s=96&d=mm&r=g","caption":"Gunilla Yourstone"},"url":"https:\/\/4000mil.se\/index.php\/author\/gunillay\/"}]}},"_links":{"self":[{"href":"https:\/\/4000mil.se\/index.php\/wp-json\/wp\/v2\/posts\/44125","targetHints":{"allow":["GET"]}}],"collection":[{"href":"https:\/\/4000mil.se\/index.php\/wp-json\/wp\/v2\/posts"}],"about":[{"href":"https:\/\/4000mil.se\/index.php\/wp-json\/wp\/v2\/types\/post"}],"author":[{"embeddable":true,"href":"https:\/\/4000mil.se\/index.php\/wp-json\/wp\/v2\/users\/3"}],"replies":[{"embeddable":true,"href":"https:\/\/4000mil.se\/index.php\/wp-json\/wp\/v2\/comments?post=44125"}],"version-history":[{"count":9,"href":"https:\/\/4000mil.se\/index.php\/wp-json\/wp\/v2\/posts\/44125\/revisions"}],"predecessor-version":[{"id":44733,"href":"https:\/\/4000mil.se\/index.php\/wp-json\/wp\/v2\/posts\/44125\/revisions\/44733"}],"wp:featuredmedia":[{"embeddable":true,"href":"https:\/\/4000mil.se\/index.php\/wp-json\/wp\/v2\/media\/44726"}],"wp:attachment":[{"href":"https:\/\/4000mil.se\/index.php\/wp-json\/wp\/v2\/media?parent=44125"}],"wp:term":[{"taxonomy":"category","embeddable":true,"href":"https:\/\/4000mil.se\/index.php\/wp-json\/wp\/v2\/categories?post=44125"},{"taxonomy":"post_tag","embeddable":true,"href":"https:\/\/4000mil.se\/index.php\/wp-json\/wp\/v2\/tags?post=44125"}],"curies":[{"name":"wp","href":"https:\/\/api.w.org\/{rel}","templated":true}]}}