{"id":49498,"date":"2022-04-20T06:45:00","date_gmt":"2022-04-20T04:45:00","guid":{"rendered":"https:\/\/4000mil.se\/?p=49498"},"modified":"2022-04-19T20:43:04","modified_gmt":"2022-04-19T18:43:04","slug":"idag-aker-alva-och-jag-till-amsterdam","status":"publish","type":"post","link":"https:\/\/4000mil.se\/index.php\/idag-aker-alva-och-jag-till-amsterdam\/","title":{"rendered":"Idag \u00e5ker Alva och jag till Amsterdam"},"content":{"rendered":"<p>Ett snabbt kort inl\u00e4gg blir det idag.<\/p>\n<p>Jag \u00e4r p\u00e5 v\u00e4g till Amsterdam idag tillsammans med min 19-\u00e5riga dotter Alva. Det \u00e4r en Eurobonus-resa som beh\u00f6vde plockas ut och vi valde att chansa p\u00e5 att pandemin skulle vara slut och bokade denna resa i vintras.<\/p>\n<p>Pandemin \u00e4r mycket riktig \u00f6ver och alla restriktioner \u00e4r borttagna i Nederl\u00e4nderna sedan n\u00e5gra veckor.<\/p>\n<h2>Vad vi ska g\u00f6ra i Amsterdam<\/h2>\n<p>Huvudsyftet med resan \u00e4r att se tulpanerna. En s\u00e5n dr\u00f6m som n\u00e5gon g\u00e5ng m\u00e5ste uppfyllas och i \u00e5r blev det allts\u00e5 dags, tack vare gynnsamma Eurobonus-biljetter. Men sedan ocks\u00e5 njuta av v\u00e5ren i st\u00f6rsta allm\u00e4nhet och uppt\u00e4cka Amsterdam.<\/p>\n<p>Detta \u00e4r Alvas f\u00f6rsta bes\u00f6k i Nederl\u00e4nderna. Sj\u00e4lv har jag bara varit d\u00e4r en g\u00e5ng f\u00f6rut, i samband med att min syster gifte sig med sin holl\u00e4ndske man, f\u00f6r 24 \u00e5r sedan. Det blir allts\u00e5 \u00e4ven mitt f\u00f6rsta turist-bes\u00f6k i landet s\u00e5 att s\u00e4ga.<\/p>\n<p><img loading=\"lazy\" decoding=\"async\" class=\"alignnone size-large wp-image-51122\" src=\"https:\/\/4000mil.se\/wp-content\/uploads\/2022\/04\/canal-2681853_1920-1024x682.jpg\" alt=\"\" width=\"1024\" height=\"682\" srcset=\"https:\/\/4000mil.se\/wp-content\/uploads\/2022\/04\/canal-2681853_1920-1024x682.jpg 1024w, https:\/\/4000mil.se\/wp-content\/uploads\/2022\/04\/canal-2681853_1920-300x200.jpg 300w, https:\/\/4000mil.se\/wp-content\/uploads\/2022\/04\/canal-2681853_1920-768x511.jpg 768w, https:\/\/4000mil.se\/wp-content\/uploads\/2022\/04\/canal-2681853_1920-1536x1022.jpg 1536w, https:\/\/4000mil.se\/wp-content\/uploads\/2022\/04\/canal-2681853_1920-800x533.jpg 800w, https:\/\/4000mil.se\/wp-content\/uploads\/2022\/04\/canal-2681853_1920-370x245.jpg 370w, https:\/\/4000mil.se\/wp-content\/uploads\/2022\/04\/canal-2681853_1920.jpg 1920w\" sizes=\"auto, (max-width: 1024px) 100vw, 1024px\" \/><\/p>\n<h2>Om att resa med Alva<\/h2>\n<p>Sedan \u00e4r detta min sista chans att resa med mitt barn som ett barn. Om ni f\u00f6rst\u00e5r hur jag menar. Alva g\u00e5r fortfarande i skolan och bor hemma. Men bara n\u00e5gra veckor till. I juni g\u00e5r hon ut gymnasiet och i h\u00f6st flyttar hon hemifr\u00e5n.<\/p>\n<p>Om vi reser tillsammans senare i livet, s\u00e5 blir det p\u00e5 ett annat s\u00e4tt. Tv\u00e5 vuxna som reser tillsammans. Tv\u00e5 vuxna vars liv m\u00e5ste pusslas ihop f\u00f6r att f\u00e5 till en resa. Den tanken k\u00e4nns svindlande. Jag kan k\u00e4nna att jag \u00e4r lite bitter f\u00f6r att pandemin har bestulit oss p\u00e5 tv\u00e5 viktiga \u00e5r innan detta h\u00e4nde. <a href=\"https:\/\/4000mil.se\/index.php\/hemma-igen-fran-maldiverna\/\">Sist vi reste tillsammans<\/a>, var mars 2020, precis n\u00e4r pandemin br\u00f6t ut.<\/p>\n<p>Vi ska verkligen ta till vara p\u00e5 denna resa, Alva och jag. Hoppas\u00a0 jag. F\u00f6r sedan kommer n\u00e5got nytt. Ofr\u00e5nkomligen.<\/p>\n<figure id=\"attachment_51123\" aria-describedby=\"caption-attachment-51123\" style=\"width: 768px\" class=\"wp-caption alignnone\"><img loading=\"lazy\" decoding=\"async\" class=\"wp-image-51123 size-large\" src=\"https:\/\/4000mil.se\/wp-content\/uploads\/2022\/04\/D5061268-41A7-4BD2-93D7-3785AEC5E546-768x1024.jpeg\" alt=\"\" width=\"768\" height=\"1024\" srcset=\"https:\/\/4000mil.se\/wp-content\/uploads\/2022\/04\/D5061268-41A7-4BD2-93D7-3785AEC5E546-768x1024.jpeg 768w, https:\/\/4000mil.se\/wp-content\/uploads\/2022\/04\/D5061268-41A7-4BD2-93D7-3785AEC5E546-225x300.jpeg 225w, https:\/\/4000mil.se\/wp-content\/uploads\/2022\/04\/D5061268-41A7-4BD2-93D7-3785AEC5E546-1152x1536.jpeg 1152w, https:\/\/4000mil.se\/wp-content\/uploads\/2022\/04\/D5061268-41A7-4BD2-93D7-3785AEC5E546-800x1067.jpeg 800w, https:\/\/4000mil.se\/wp-content\/uploads\/2022\/04\/D5061268-41A7-4BD2-93D7-3785AEC5E546.jpeg 1536w\" sizes=\"auto, (max-width: 768px) 100vw, 768px\" \/><figcaption id=\"caption-attachment-51123\" class=\"wp-caption-text\">Alva. P\u00e5 v\u00e4g ut.<\/figcaption><\/figure>\n","protected":false},"excerpt":{"rendered":"<p>Ett snabbt kort inl\u00e4gg blir det idag. Jag \u00e4r p\u00e5 v\u00e4g till Amsterdam idag tillsammans med min 19-\u00e5riga dotter Alva. Det \u00e4r en Eurobonus-resa som beh\u00f6vde plockas ut och vi valde att chansa p\u00e5 att pandemin skulle vara slut och bokade denna resa i vintras. Pandemin \u00e4r mycket riktig \u00f6ver [&hellip;]<\/p>\n","protected":false},"author":3,"featured_media":51122,"comment_status":"open","ping_status":"open","sticky":false,"template":"","format":"standard","meta":{"_monsterinsights_skip_tracking":false,"_monsterinsights_sitenote_active":false,"_monsterinsights_sitenote_note":"","_monsterinsights_sitenote_category":0,"footnotes":""},"categories":[11660],"tags":[],"class_list":["post-49498","post","type-post","status-publish","format-standard","has-post-thumbnail","hentry","category-nederlanderna"],"yoast_head":"<!-- This site is optimized with the Yoast SEO plugin v27.5 - https:\/\/yoast.com\/product\/yoast-seo-wordpress\/ -->\n<title>Idag \u00e5ker Alva och jag till Amsterdam<\/title>\n<meta name=\"description\" content=\"Ett snabbt kort inl\u00e4gg blir det idag. Jag \u00e4r p\u00e5 v\u00e4g till Amsterdam idag tillsammans med min 19-\u00e5riga dotter Alva. Det \u00e4r en Eurobonus-resa som beh\u00f6vde\" \/>\n<meta name=\"robots\" content=\"index, follow, max-snippet:-1, max-image-preview:large, max-video-preview:-1\" \/>\n<link rel=\"canonical\" href=\"https:\/\/4000mil.se\/index.php\/idag-aker-alva-och-jag-till-amsterdam\/\" \/>\n<meta property=\"og:locale\" content=\"sv_SE\" \/>\n<meta property=\"og:type\" content=\"article\" \/>\n<meta property=\"og:title\" content=\"Idag \u00e5ker Alva och jag till Amsterdam\" \/>\n<meta property=\"og:description\" content=\"Ett snabbt kort inl\u00e4gg blir det idag. Jag \u00e4r p\u00e5 v\u00e4g till Amsterdam idag tillsammans med min 19-\u00e5riga dotter Alva. Det \u00e4r en Eurobonus-resa som beh\u00f6vde\" \/>\n<meta property=\"og:url\" content=\"https:\/\/4000mil.se\/index.php\/idag-aker-alva-och-jag-till-amsterdam\/\" \/>\n<meta property=\"og:site_name\" content=\"4000 mil - en reseblogg\" \/>\n<meta property=\"article:publisher\" content=\"https:\/\/www.facebook.com\/4000mil\/\" \/>\n<meta property=\"article:published_time\" content=\"2022-04-20T04:45:00+00:00\" \/>\n<meta property=\"og:image\" content=\"https:\/\/4000mil.se\/wp-content\/uploads\/2022\/04\/canal-2681853_1920.jpg\" \/>\n\t<meta property=\"og:image:width\" content=\"1920\" \/>\n\t<meta property=\"og:image:height\" content=\"1278\" \/>\n\t<meta property=\"og:image:type\" content=\"image\/jpeg\" \/>\n<meta name=\"author\" content=\"Gunilla Yourstone\" \/>\n<meta name=\"twitter:card\" content=\"summary_large_image\" \/>\n<meta name=\"twitter:creator\" content=\"@4000mil_se\" \/>\n<meta name=\"twitter:site\" content=\"@4000mil_se\" \/>\n<meta name=\"twitter:label1\" content=\"Skriven av\" \/>\n\t<meta name=\"twitter:data1\" content=\"Gunilla Yourstone\" \/>\n\t<meta name=\"twitter:label2\" content=\"Ber\u00e4knad l\u00e4stid\" \/>\n\t<meta name=\"twitter:data2\" content=\"2 minuter\" \/>\n<script type=\"application\/ld+json\" class=\"yoast-schema-graph\">{\"@context\":\"https:\\\/\\\/schema.org\",\"@graph\":[{\"@type\":\"Article\",\"@id\":\"https:\\\/\\\/4000mil.se\\\/index.php\\\/idag-aker-alva-och-jag-till-amsterdam\\\/#article\",\"isPartOf\":{\"@id\":\"https:\\\/\\\/4000mil.se\\\/index.php\\\/idag-aker-alva-och-jag-till-amsterdam\\\/\"},\"author\":{\"name\":\"Gunilla Yourstone\",\"@id\":\"https:\\\/\\\/4000mil.se\\\/#\\\/schema\\\/person\\\/cda463da9f6f2c4d9bbc173471184a73\"},\"headline\":\"Idag \u00e5ker Alva och jag till Amsterdam\",\"datePublished\":\"2022-04-20T04:45:00+00:00\",\"mainEntityOfPage\":{\"@id\":\"https:\\\/\\\/4000mil.se\\\/index.php\\\/idag-aker-alva-och-jag-till-amsterdam\\\/\"},\"wordCount\":351,\"commentCount\":8,\"publisher\":{\"@id\":\"https:\\\/\\\/4000mil.se\\\/#organization\"},\"image\":{\"@id\":\"https:\\\/\\\/4000mil.se\\\/index.php\\\/idag-aker-alva-och-jag-till-amsterdam\\\/#primaryimage\"},\"thumbnailUrl\":\"https:\\\/\\\/4000mil.se\\\/wp-content\\\/uploads\\\/2022\\\/04\\\/canal-2681853_1920.jpg\",\"articleSection\":[\"Nederl\u00e4nderna\"],\"inLanguage\":\"sv-SE\",\"potentialAction\":[{\"@type\":\"CommentAction\",\"name\":\"Comment\",\"target\":[\"https:\\\/\\\/4000mil.se\\\/index.php\\\/idag-aker-alva-och-jag-till-amsterdam\\\/#respond\"]}]},{\"@type\":\"WebPage\",\"@id\":\"https:\\\/\\\/4000mil.se\\\/index.php\\\/idag-aker-alva-och-jag-till-amsterdam\\\/\",\"url\":\"https:\\\/\\\/4000mil.se\\\/index.php\\\/idag-aker-alva-och-jag-till-amsterdam\\\/\",\"name\":\"Idag \u00e5ker Alva och jag till Amsterdam\",\"isPartOf\":{\"@id\":\"https:\\\/\\\/4000mil.se\\\/#website\"},\"primaryImageOfPage\":{\"@id\":\"https:\\\/\\\/4000mil.se\\\/index.php\\\/idag-aker-alva-och-jag-till-amsterdam\\\/#primaryimage\"},\"image\":{\"@id\":\"https:\\\/\\\/4000mil.se\\\/index.php\\\/idag-aker-alva-och-jag-till-amsterdam\\\/#primaryimage\"},\"thumbnailUrl\":\"https:\\\/\\\/4000mil.se\\\/wp-content\\\/uploads\\\/2022\\\/04\\\/canal-2681853_1920.jpg\",\"datePublished\":\"2022-04-20T04:45:00+00:00\",\"description\":\"Ett snabbt kort inl\u00e4gg blir det idag. Jag \u00e4r p\u00e5 v\u00e4g till Amsterdam idag tillsammans med min 19-\u00e5riga dotter Alva. Det \u00e4r en Eurobonus-resa som beh\u00f6vde\",\"breadcrumb\":{\"@id\":\"https:\\\/\\\/4000mil.se\\\/index.php\\\/idag-aker-alva-och-jag-till-amsterdam\\\/#breadcrumb\"},\"inLanguage\":\"sv-SE\",\"potentialAction\":[{\"@type\":\"ReadAction\",\"target\":[\"https:\\\/\\\/4000mil.se\\\/index.php\\\/idag-aker-alva-och-jag-till-amsterdam\\\/\"]}]},{\"@type\":\"ImageObject\",\"inLanguage\":\"sv-SE\",\"@id\":\"https:\\\/\\\/4000mil.se\\\/index.php\\\/idag-aker-alva-och-jag-till-amsterdam\\\/#primaryimage\",\"url\":\"https:\\\/\\\/4000mil.se\\\/wp-content\\\/uploads\\\/2022\\\/04\\\/canal-2681853_1920.jpg\",\"contentUrl\":\"https:\\\/\\\/4000mil.se\\\/wp-content\\\/uploads\\\/2022\\\/04\\\/canal-2681853_1920.jpg\",\"width\":1920,\"height\":1278},{\"@type\":\"BreadcrumbList\",\"@id\":\"https:\\\/\\\/4000mil.se\\\/index.php\\\/idag-aker-alva-och-jag-till-amsterdam\\\/#breadcrumb\",\"itemListElement\":[{\"@type\":\"ListItem\",\"position\":1,\"name\":\"Home\",\"item\":\"https:\\\/\\\/4000mil.se\\\/\"},{\"@type\":\"ListItem\",\"position\":2,\"name\":\"Idag \u00e5ker Alva och jag till Amsterdam\"}]},{\"@type\":\"WebSite\",\"@id\":\"https:\\\/\\\/4000mil.se\\\/#website\",\"url\":\"https:\\\/\\\/4000mil.se\\\/\",\"name\":\"4000 mil - en reseblogg\",\"description\":\"We haven&#039;t been everywhere, but it is on our list.\",\"publisher\":{\"@id\":\"https:\\\/\\\/4000mil.se\\\/#organization\"},\"potentialAction\":[{\"@type\":\"SearchAction\",\"target\":{\"@type\":\"EntryPoint\",\"urlTemplate\":\"https:\\\/\\\/4000mil.se\\\/?s={search_term_string}\"},\"query-input\":{\"@type\":\"PropertyValueSpecification\",\"valueRequired\":true,\"valueName\":\"search_term_string\"}}],\"inLanguage\":\"sv-SE\"},{\"@type\":\"Organization\",\"@id\":\"https:\\\/\\\/4000mil.se\\\/#organization\",\"name\":\"4000mil\",\"url\":\"https:\\\/\\\/4000mil.se\\\/\",\"logo\":{\"@type\":\"ImageObject\",\"inLanguage\":\"sv-SE\",\"@id\":\"https:\\\/\\\/4000mil.se\\\/#\\\/schema\\\/logo\\\/image\\\/\",\"url\":\"https:\\\/\\\/4000mil.se\\\/wp-content\\\/uploads\\\/2017\\\/07\\\/rsz_img_5178-e1511641744338.jpg\",\"contentUrl\":\"https:\\\/\\\/4000mil.se\\\/wp-content\\\/uploads\\\/2017\\\/07\\\/rsz_img_5178-e1511641744338.jpg\",\"width\":1000,\"height\":667,\"caption\":\"4000mil\"},\"image\":{\"@id\":\"https:\\\/\\\/4000mil.se\\\/#\\\/schema\\\/logo\\\/image\\\/\"},\"sameAs\":[\"https:\\\/\\\/www.facebook.com\\\/4000mil\\\/\",\"https:\\\/\\\/x.com\\\/4000mil_se\",\"https:\\\/\\\/www.instagram.com\\\/4000mil.se\\\/\",\"https:\\\/\\\/www.youtube.com\\\/channel\\\/UCJ-arZd2a7dT4Kqq5GtVbXQ\"]},{\"@type\":\"Person\",\"@id\":\"https:\\\/\\\/4000mil.se\\\/#\\\/schema\\\/person\\\/cda463da9f6f2c4d9bbc173471184a73\",\"name\":\"Gunilla Yourstone\",\"image\":{\"@type\":\"ImageObject\",\"inLanguage\":\"sv-SE\",\"@id\":\"https:\\\/\\\/secure.gravatar.com\\\/avatar\\\/2df85d0820b33bffdd86a729d25273c6153c1cc9b1338f26ef0c98d01163520d?s=96&d=mm&r=g\",\"url\":\"https:\\\/\\\/secure.gravatar.com\\\/avatar\\\/2df85d0820b33bffdd86a729d25273c6153c1cc9b1338f26ef0c98d01163520d?s=96&d=mm&r=g\",\"contentUrl\":\"https:\\\/\\\/secure.gravatar.com\\\/avatar\\\/2df85d0820b33bffdd86a729d25273c6153c1cc9b1338f26ef0c98d01163520d?s=96&d=mm&r=g\",\"caption\":\"Gunilla Yourstone\"},\"url\":\"https:\\\/\\\/4000mil.se\\\/index.php\\\/author\\\/gunillay\\\/\"}]}<\/script>\n<!-- \/ Yoast SEO plugin. -->","yoast_head_json":{"title":"Idag \u00e5ker Alva och jag till Amsterdam","description":"Ett snabbt kort inl\u00e4gg blir det idag. Jag \u00e4r p\u00e5 v\u00e4g till Amsterdam idag tillsammans med min 19-\u00e5riga dotter Alva. Det \u00e4r en Eurobonus-resa som beh\u00f6vde","robots":{"index":"index","follow":"follow","max-snippet":"max-snippet:-1","max-image-preview":"max-image-preview:large","max-video-preview":"max-video-preview:-1"},"canonical":"https:\/\/4000mil.se\/index.php\/idag-aker-alva-och-jag-till-amsterdam\/","og_locale":"sv_SE","og_type":"article","og_title":"Idag \u00e5ker Alva och jag till Amsterdam","og_description":"Ett snabbt kort inl\u00e4gg blir det idag. Jag \u00e4r p\u00e5 v\u00e4g till Amsterdam idag tillsammans med min 19-\u00e5riga dotter Alva. Det \u00e4r en Eurobonus-resa som beh\u00f6vde","og_url":"https:\/\/4000mil.se\/index.php\/idag-aker-alva-och-jag-till-amsterdam\/","og_site_name":"4000 mil - en reseblogg","article_publisher":"https:\/\/www.facebook.com\/4000mil\/","article_published_time":"2022-04-20T04:45:00+00:00","og_image":[{"width":1920,"height":1278,"url":"https:\/\/4000mil.se\/wp-content\/uploads\/2022\/04\/canal-2681853_1920.jpg","type":"image\/jpeg"}],"author":"Gunilla Yourstone","twitter_card":"summary_large_image","twitter_creator":"@4000mil_se","twitter_site":"@4000mil_se","twitter_misc":{"Skriven av":"Gunilla Yourstone","Ber\u00e4knad l\u00e4stid":"2 minuter"},"schema":{"@context":"https:\/\/schema.org","@graph":[{"@type":"Article","@id":"https:\/\/4000mil.se\/index.php\/idag-aker-alva-och-jag-till-amsterdam\/#article","isPartOf":{"@id":"https:\/\/4000mil.se\/index.php\/idag-aker-alva-och-jag-till-amsterdam\/"},"author":{"name":"Gunilla Yourstone","@id":"https:\/\/4000mil.se\/#\/schema\/person\/cda463da9f6f2c4d9bbc173471184a73"},"headline":"Idag \u00e5ker Alva och jag till Amsterdam","datePublished":"2022-04-20T04:45:00+00:00","mainEntityOfPage":{"@id":"https:\/\/4000mil.se\/index.php\/idag-aker-alva-och-jag-till-amsterdam\/"},"wordCount":351,"commentCount":8,"publisher":{"@id":"https:\/\/4000mil.se\/#organization"},"image":{"@id":"https:\/\/4000mil.se\/index.php\/idag-aker-alva-och-jag-till-amsterdam\/#primaryimage"},"thumbnailUrl":"https:\/\/4000mil.se\/wp-content\/uploads\/2022\/04\/canal-2681853_1920.jpg","articleSection":["Nederl\u00e4nderna"],"inLanguage":"sv-SE","potentialAction":[{"@type":"CommentAction","name":"Comment","target":["https:\/\/4000mil.se\/index.php\/idag-aker-alva-och-jag-till-amsterdam\/#respond"]}]},{"@type":"WebPage","@id":"https:\/\/4000mil.se\/index.php\/idag-aker-alva-och-jag-till-amsterdam\/","url":"https:\/\/4000mil.se\/index.php\/idag-aker-alva-och-jag-till-amsterdam\/","name":"Idag \u00e5ker Alva och jag till Amsterdam","isPartOf":{"@id":"https:\/\/4000mil.se\/#website"},"primaryImageOfPage":{"@id":"https:\/\/4000mil.se\/index.php\/idag-aker-alva-och-jag-till-amsterdam\/#primaryimage"},"image":{"@id":"https:\/\/4000mil.se\/index.php\/idag-aker-alva-och-jag-till-amsterdam\/#primaryimage"},"thumbnailUrl":"https:\/\/4000mil.se\/wp-content\/uploads\/2022\/04\/canal-2681853_1920.jpg","datePublished":"2022-04-20T04:45:00+00:00","description":"Ett snabbt kort inl\u00e4gg blir det idag. Jag \u00e4r p\u00e5 v\u00e4g till Amsterdam idag tillsammans med min 19-\u00e5riga dotter Alva. Det \u00e4r en Eurobonus-resa som beh\u00f6vde","breadcrumb":{"@id":"https:\/\/4000mil.se\/index.php\/idag-aker-alva-och-jag-till-amsterdam\/#breadcrumb"},"inLanguage":"sv-SE","potentialAction":[{"@type":"ReadAction","target":["https:\/\/4000mil.se\/index.php\/idag-aker-alva-och-jag-till-amsterdam\/"]}]},{"@type":"ImageObject","inLanguage":"sv-SE","@id":"https:\/\/4000mil.se\/index.php\/idag-aker-alva-och-jag-till-amsterdam\/#primaryimage","url":"https:\/\/4000mil.se\/wp-content\/uploads\/2022\/04\/canal-2681853_1920.jpg","contentUrl":"https:\/\/4000mil.se\/wp-content\/uploads\/2022\/04\/canal-2681853_1920.jpg","width":1920,"height":1278},{"@type":"BreadcrumbList","@id":"https:\/\/4000mil.se\/index.php\/idag-aker-alva-och-jag-till-amsterdam\/#breadcrumb","itemListElement":[{"@type":"ListItem","position":1,"name":"Home","item":"https:\/\/4000mil.se\/"},{"@type":"ListItem","position":2,"name":"Idag \u00e5ker Alva och jag till Amsterdam"}]},{"@type":"WebSite","@id":"https:\/\/4000mil.se\/#website","url":"https:\/\/4000mil.se\/","name":"4000 mil - en reseblogg","description":"We haven&#039;t been everywhere, but it is on our list.","publisher":{"@id":"https:\/\/4000mil.se\/#organization"},"potentialAction":[{"@type":"SearchAction","target":{"@type":"EntryPoint","urlTemplate":"https:\/\/4000mil.se\/?s={search_term_string}"},"query-input":{"@type":"PropertyValueSpecification","valueRequired":true,"valueName":"search_term_string"}}],"inLanguage":"sv-SE"},{"@type":"Organization","@id":"https:\/\/4000mil.se\/#organization","name":"4000mil","url":"https:\/\/4000mil.se\/","logo":{"@type":"ImageObject","inLanguage":"sv-SE","@id":"https:\/\/4000mil.se\/#\/schema\/logo\/image\/","url":"https:\/\/4000mil.se\/wp-content\/uploads\/2017\/07\/rsz_img_5178-e1511641744338.jpg","contentUrl":"https:\/\/4000mil.se\/wp-content\/uploads\/2017\/07\/rsz_img_5178-e1511641744338.jpg","width":1000,"height":667,"caption":"4000mil"},"image":{"@id":"https:\/\/4000mil.se\/#\/schema\/logo\/image\/"},"sameAs":["https:\/\/www.facebook.com\/4000mil\/","https:\/\/x.com\/4000mil_se","https:\/\/www.instagram.com\/4000mil.se\/","https:\/\/www.youtube.com\/channel\/UCJ-arZd2a7dT4Kqq5GtVbXQ"]},{"@type":"Person","@id":"https:\/\/4000mil.se\/#\/schema\/person\/cda463da9f6f2c4d9bbc173471184a73","name":"Gunilla Yourstone","image":{"@type":"ImageObject","inLanguage":"sv-SE","@id":"https:\/\/secure.gravatar.com\/avatar\/2df85d0820b33bffdd86a729d25273c6153c1cc9b1338f26ef0c98d01163520d?s=96&d=mm&r=g","url":"https:\/\/secure.gravatar.com\/avatar\/2df85d0820b33bffdd86a729d25273c6153c1cc9b1338f26ef0c98d01163520d?s=96&d=mm&r=g","contentUrl":"https:\/\/secure.gravatar.com\/avatar\/2df85d0820b33bffdd86a729d25273c6153c1cc9b1338f26ef0c98d01163520d?s=96&d=mm&r=g","caption":"Gunilla Yourstone"},"url":"https:\/\/4000mil.se\/index.php\/author\/gunillay\/"}]}},"_links":{"self":[{"href":"https:\/\/4000mil.se\/index.php\/wp-json\/wp\/v2\/posts\/49498","targetHints":{"allow":["GET"]}}],"collection":[{"href":"https:\/\/4000mil.se\/index.php\/wp-json\/wp\/v2\/posts"}],"about":[{"href":"https:\/\/4000mil.se\/index.php\/wp-json\/wp\/v2\/types\/post"}],"author":[{"embeddable":true,"href":"https:\/\/4000mil.se\/index.php\/wp-json\/wp\/v2\/users\/3"}],"replies":[{"embeddable":true,"href":"https:\/\/4000mil.se\/index.php\/wp-json\/wp\/v2\/comments?post=49498"}],"version-history":[{"count":4,"href":"https:\/\/4000mil.se\/index.php\/wp-json\/wp\/v2\/posts\/49498\/revisions"}],"predecessor-version":[{"id":51126,"href":"https:\/\/4000mil.se\/index.php\/wp-json\/wp\/v2\/posts\/49498\/revisions\/51126"}],"wp:featuredmedia":[{"embeddable":true,"href":"https:\/\/4000mil.se\/index.php\/wp-json\/wp\/v2\/media\/51122"}],"wp:attachment":[{"href":"https:\/\/4000mil.se\/index.php\/wp-json\/wp\/v2\/media?parent=49498"}],"wp:term":[{"taxonomy":"category","embeddable":true,"href":"https:\/\/4000mil.se\/index.php\/wp-json\/wp\/v2\/categories?post=49498"},{"taxonomy":"post_tag","embeddable":true,"href":"https:\/\/4000mil.se\/index.php\/wp-json\/wp\/v2\/tags?post=49498"}],"curies":[{"name":"wp","href":"https:\/\/api.w.org\/{rel}","templated":true}]}}