{"id":52064,"date":"2022-06-06T08:00:00","date_gmt":"2022-06-06T06:00:00","guid":{"rendered":"https:\/\/4000mil.se\/?p=52064"},"modified":"2022-06-05T22:45:44","modified_gmt":"2022-06-05T20:45:44","slug":"det-kanns-sa-bra-att-vi-inte-ska-flyga-pa-hela-sommaren","status":"publish","type":"post","link":"https:\/\/4000mil.se\/index.php\/det-kanns-sa-bra-att-vi-inte-ska-flyga-pa-hela-sommaren\/","title":{"rendered":"Det k\u00e4nns S\u00c5 bra att vi inte ska flyga p\u00e5 hela sommaren"},"content":{"rendered":"<h2>K\u00f6kaos<\/h2>\n<p>K\u00f6kaoset p\u00e5 Europas flygplatser bara forts\u00e4tter. Inte bara p\u00e5 Arlanda, utan \u00e4ven p\u00e5 Schiphol i Amsterdam, p\u00e5 Londons flygplatser och Dublins. Samt i Tyskland och Italien.<\/p>\n<p><strong>L\u00e4s ocks\u00e5:<\/strong> <a href=\"https:\/\/4000mil.se\/index.php\/welcome-to-schiphol-the-hell-on-earth\/\">Welcome to Schiphole &#8211; the hell on earth<\/a><\/p>\n<p>I l\u00f6rdags ans\u00e5gs Arlanda <em>fullt<\/em> och polis tillkallades f\u00f6r att hindra fler personer fr\u00e5n att komma in i terminal-5-byggnaden. Vad g\u00e4ller Schiphol, v\u00e4grade det inhemska bolaget KLM att flyga in passagerare till Amsterdam i g\u00e5r s\u00f6ndag. Eftersom flygplatsen redan var \u00f6verfull.<\/p>\n<p><img loading=\"lazy\" decoding=\"async\" class=\"alignnone size-full wp-image-52065\" src=\"https:\/\/4000mil.se\/wp-content\/uploads\/2022\/06\/rsz_img_1394.jpg\" alt=\"\" width=\"1008\" height=\"756\" srcset=\"https:\/\/4000mil.se\/wp-content\/uploads\/2022\/06\/rsz_img_1394.jpg 1008w, https:\/\/4000mil.se\/wp-content\/uploads\/2022\/06\/rsz_img_1394-300x225.jpg 300w, https:\/\/4000mil.se\/wp-content\/uploads\/2022\/06\/rsz_img_1394-768x576.jpg 768w, https:\/\/4000mil.se\/wp-content\/uploads\/2022\/06\/rsz_img_1394-800x600.jpg 800w\" sizes=\"auto, (max-width: 1008px) 100vw, 1008px\" \/><\/p>\n<h2>N\u00e5gon annans fel?<\/h2>\n<p>Galet ju. Ledarskribenter och andra utkr\u00e4ver ansvar. Fast sj\u00e4lv vet jag inte. Har det varit s\u00e5 himlans l\u00e4tt att f\u00f6rutse utvecklingen i denna pandemi och vidta r\u00e4tt \u00e5tg\u00e4rder? Swedavia rekryterar ju f\u00f6r fullt och anst\u00e4ller personal till s\u00e4kerhetskontrollen. Men takten har \u00e4nd\u00e5 varit f\u00f6r l\u00e5g. P\u00e5 grund av de s\u00e4kerhetskrav som st\u00e4lls p\u00e5 en flygplats. P\u00e5 grund av en arbetsmarknad som helt och h\u00e5llet tillh\u00f6r de s\u00f6kande.<\/p>\n<p>Arbetsmarknadssituationen \u00e4r jag sj\u00e4lv r\u00e4tt glad \u00f6ver. Min dotters \u00e5rskull, 03:orna \u00e4r r\u00e4tt h\u00e5rt pr\u00f6vade av pandemin. De fick hela sin gymnasieutbildning s\u00f6nderhackad och saboterad av distansundervisning. Nu kommer de ut till en arbetsmarknad som rycker och drar i dem. Min dotter och hennes kompisar verkar alla ha ett par, tre jobb var minst nu inom servicesektorn. Det k\u00e4nns som att de f\u00f6rtj\u00e4nar det.<\/p>\n<p>Och drastiska sv\u00e4ngningar tar tid att parera. Precis som det tog tid att parera n\u00e4r pandemin slog till, s\u00e5 tar det tid att parera nu. Dessutom, vem s\u00e4ger att pandemin verkligen \u00e4r slut nu? Det <em>kan<\/em> komma nya virus-varianter och \u00f6kade d\u00f6dstal till h\u00f6sten och vintern. Det vet vi inte. D\u00e5 f\u00e5r Swedavia b\u00f6rja om fr\u00e5n ruta 1.<\/p>\n<p>D\u00e4rmed inte sagt att saker inte hade kunnat gjorts b\u00e4ttre p\u00e5 sina h\u00e5ll.<\/p>\n<h2>V\u00e5ra egna resplaner f\u00f6r sommaren<\/h2>\n<p>Mitt i allt detta kaos sl\u00e5r det mig pl\u00f6tsligt. V\u00e5r egen sommar \u00e4r flygfri.<\/p>\n<p>Vi har planerat en 3 veckor l\u00e5ng <strong>t\u00e5gluff<\/strong> som kommer att bli hur bra som helst. Och som kommer att befria oss fr\u00e5n alla typer av flygplatskontakt.<\/p>\n<p><img loading=\"lazy\" decoding=\"async\" class=\"alignnone size-large wp-image-28236\" src=\"https:\/\/4000mil.se\/wp-content\/uploads\/2019\/07\/IMG_3259-1-1024x725.jpg\" alt=\"\" width=\"1024\" height=\"725\" srcset=\"https:\/\/4000mil.se\/wp-content\/uploads\/2019\/07\/IMG_3259-1-1024x725.jpg 1024w, https:\/\/4000mil.se\/wp-content\/uploads\/2019\/07\/IMG_3259-1-300x212.jpg 300w, https:\/\/4000mil.se\/wp-content\/uploads\/2019\/07\/IMG_3259-1-768x543.jpg 768w, https:\/\/4000mil.se\/wp-content\/uploads\/2019\/07\/IMG_3259-1-2000x1415.jpg 2000w, https:\/\/4000mil.se\/wp-content\/uploads\/2019\/07\/IMG_3259-1-800x566.jpg 800w, https:\/\/4000mil.se\/wp-content\/uploads\/2019\/07\/IMG_3259-1.jpg 2048w\" sizes=\"auto, (max-width: 1024px) 100vw, 1024px\" \/><img loading=\"lazy\" decoding=\"async\" class=\"alignnone size-large wp-image-52077\" src=\"https:\/\/4000mil.se\/wp-content\/uploads\/2022\/06\/salzburg-7175556_1920-1024x576.jpg\" alt=\"\" width=\"1024\" height=\"576\" srcset=\"https:\/\/4000mil.se\/wp-content\/uploads\/2022\/06\/salzburg-7175556_1920-1024x576.jpg 1024w, https:\/\/4000mil.se\/wp-content\/uploads\/2022\/06\/salzburg-7175556_1920-300x169.jpg 300w, https:\/\/4000mil.se\/wp-content\/uploads\/2022\/06\/salzburg-7175556_1920-768x432.jpg 768w, https:\/\/4000mil.se\/wp-content\/uploads\/2022\/06\/salzburg-7175556_1920-1536x864.jpg 1536w, https:\/\/4000mil.se\/wp-content\/uploads\/2022\/06\/salzburg-7175556_1920-800x450.jpg 800w, https:\/\/4000mil.se\/wp-content\/uploads\/2022\/06\/salzburg-7175556_1920.jpg 1920w\" sizes=\"auto, (max-width: 1024px) 100vw, 1024px\" \/><\/p>\n<p>Sedan f\u00f6ljer 2 veckor i v\u00e5r <strong>sommarstuga<\/strong>. D\u00e4r kommer vi att se ett och annat flygplan svischa f\u00f6rbi \u00f6ver himlen. Men det \u00e4r ocks\u00e5 allt.<br \/>\nI augusti tar vi bilen till <strong>Norrbotten<\/strong>.<\/p>\n<figure id=\"attachment_52078\" aria-describedby=\"caption-attachment-52078\" style=\"width: 1024px\" class=\"wp-caption alignnone\"><img loading=\"lazy\" decoding=\"async\" class=\"size-large wp-image-52078\" src=\"https:\/\/4000mil.se\/wp-content\/uploads\/2022\/06\/85728D35-6140-4284-8505-F1E7737D0C5B-1024x768.jpeg\" alt=\"\" width=\"1024\" height=\"768\" srcset=\"https:\/\/4000mil.se\/wp-content\/uploads\/2022\/06\/85728D35-6140-4284-8505-F1E7737D0C5B-1024x768.jpeg 1024w, https:\/\/4000mil.se\/wp-content\/uploads\/2022\/06\/85728D35-6140-4284-8505-F1E7737D0C5B-300x225.jpeg 300w, https:\/\/4000mil.se\/wp-content\/uploads\/2022\/06\/85728D35-6140-4284-8505-F1E7737D0C5B-768x576.jpeg 768w, https:\/\/4000mil.se\/wp-content\/uploads\/2022\/06\/85728D35-6140-4284-8505-F1E7737D0C5B-1536x1152.jpeg 1536w, https:\/\/4000mil.se\/wp-content\/uploads\/2022\/06\/85728D35-6140-4284-8505-F1E7737D0C5B-2000x1500.jpeg 2000w, https:\/\/4000mil.se\/wp-content\/uploads\/2022\/06\/85728D35-6140-4284-8505-F1E7737D0C5B-800x600.jpeg 800w, https:\/\/4000mil.se\/wp-content\/uploads\/2022\/06\/85728D35-6140-4284-8505-F1E7737D0C5B.jpeg 2048w\" sizes=\"auto, (max-width: 1024px) 100vw, 1024px\" \/><figcaption id=\"caption-attachment-52078\" class=\"wp-caption-text\">Stugan.<\/figcaption><\/figure>\n<p>Vaga planer finns f\u00f6r andra halvan av augusti och f\u00f6rsta halvan av september. Men bara inom Sverige och med hj\u00e4lp av t\u00e5g och\/eller bil.<br \/>\nF\u00f6rst i slutet av september finns en plan som\u00a0inneh\u00e5ller ett flygplan och en flygplats.<\/p>\n<p>Det k\u00e4nns S\u00c5 sk\u00f6nt.<\/p>\n<p><img loading=\"lazy\" decoding=\"async\" class=\"alignnone size-large wp-image-51883\" src=\"https:\/\/4000mil.se\/wp-content\/uploads\/2020\/11\/the-birch-grove-535309_1920-1024x768.jpg\" alt=\"\" width=\"1024\" height=\"768\" srcset=\"https:\/\/4000mil.se\/wp-content\/uploads\/2020\/11\/the-birch-grove-535309_1920-1024x768.jpg 1024w, https:\/\/4000mil.se\/wp-content\/uploads\/2020\/11\/the-birch-grove-535309_1920-300x225.jpg 300w, https:\/\/4000mil.se\/wp-content\/uploads\/2020\/11\/the-birch-grove-535309_1920-768x576.jpg 768w, https:\/\/4000mil.se\/wp-content\/uploads\/2020\/11\/the-birch-grove-535309_1920-1536x1152.jpg 1536w, https:\/\/4000mil.se\/wp-content\/uploads\/2020\/11\/the-birch-grove-535309_1920-800x600.jpg 800w, https:\/\/4000mil.se\/wp-content\/uploads\/2020\/11\/the-birch-grove-535309_1920.jpg 1920w\" sizes=\"auto, (max-width: 1024px) 100vw, 1024px\" \/><\/p>\n","protected":false},"excerpt":{"rendered":"<p>K\u00f6kaos K\u00f6kaoset p\u00e5 Europas flygplatser bara forts\u00e4tter. Inte bara p\u00e5 Arlanda, utan \u00e4ven p\u00e5 Schiphol i Amsterdam, p\u00e5 Londons flygplatser och Dublins. Samt i Tyskland och Italien. L\u00e4s ocks\u00e5: Welcome to Schiphole &#8211; the hell on earth I l\u00f6rdags ans\u00e5gs Arlanda fullt och polis tillkallades f\u00f6r att hindra fler personer [&hellip;]<\/p>\n","protected":false},"author":3,"featured_media":52065,"comment_status":"open","ping_status":"open","sticky":false,"template":"","format":"standard","meta":{"_monsterinsights_skip_tracking":false,"_monsterinsights_sitenote_active":false,"_monsterinsights_sitenote_note":"","_monsterinsights_sitenote_category":0,"footnotes":""},"categories":[1498],"tags":[],"class_list":["post-52064","post","type-post","status-publish","format-standard","has-post-thumbnail","hentry","category-flygresor"],"yoast_head":"<!-- This site is optimized with the Yoast SEO plugin v27.5 - https:\/\/yoast.com\/product\/yoast-seo-wordpress\/ -->\n<title>Det k\u00e4nns S\u00c5 bra att vi inte ska flyga p\u00e5 hela sommaren<\/title>\n<meta name=\"description\" content=\"K\u00f6kaos K\u00f6kaoset p\u00e5 Europas flygplatser bara forts\u00e4tter. Inte bara p\u00e5 Arlanda, utan \u00e4ven p\u00e5 Schiphol i Amsterdam, p\u00e5 Londons flygplatser och Dublins. Samt\" \/>\n<meta name=\"robots\" content=\"index, follow, max-snippet:-1, max-image-preview:large, max-video-preview:-1\" \/>\n<link rel=\"canonical\" href=\"https:\/\/4000mil.se\/index.php\/det-kanns-sa-bra-att-vi-inte-ska-flyga-pa-hela-sommaren\/\" \/>\n<meta property=\"og:locale\" content=\"sv_SE\" \/>\n<meta property=\"og:type\" content=\"article\" \/>\n<meta property=\"og:title\" content=\"Det k\u00e4nns S\u00c5 bra att vi inte ska flyga p\u00e5 hela sommaren\" \/>\n<meta property=\"og:description\" content=\"K\u00f6kaos K\u00f6kaoset p\u00e5 Europas flygplatser bara forts\u00e4tter. Inte bara p\u00e5 Arlanda, utan \u00e4ven p\u00e5 Schiphol i Amsterdam, p\u00e5 Londons flygplatser och Dublins. Samt\" \/>\n<meta property=\"og:url\" content=\"https:\/\/4000mil.se\/index.php\/det-kanns-sa-bra-att-vi-inte-ska-flyga-pa-hela-sommaren\/\" \/>\n<meta property=\"og:site_name\" content=\"4000 mil - en reseblogg\" \/>\n<meta property=\"article:publisher\" content=\"https:\/\/www.facebook.com\/4000mil\/\" \/>\n<meta property=\"article:published_time\" content=\"2022-06-06T06:00:00+00:00\" \/>\n<meta property=\"og:image\" content=\"https:\/\/4000mil.se\/wp-content\/uploads\/2022\/06\/rsz_img_1394.jpg\" \/>\n\t<meta property=\"og:image:width\" content=\"1008\" \/>\n\t<meta property=\"og:image:height\" content=\"756\" \/>\n\t<meta property=\"og:image:type\" content=\"image\/jpeg\" \/>\n<meta name=\"author\" content=\"Gunilla Yourstone\" \/>\n<meta name=\"twitter:card\" content=\"summary_large_image\" \/>\n<meta name=\"twitter:creator\" content=\"@4000mil_se\" \/>\n<meta name=\"twitter:site\" content=\"@4000mil_se\" \/>\n<meta name=\"twitter:label1\" content=\"Skriven av\" \/>\n\t<meta name=\"twitter:data1\" content=\"Gunilla Yourstone\" \/>\n\t<meta name=\"twitter:label2\" content=\"Ber\u00e4knad l\u00e4stid\" \/>\n\t<meta name=\"twitter:data2\" content=\"4 minuter\" \/>\n<script type=\"application\/ld+json\" class=\"yoast-schema-graph\">{\"@context\":\"https:\\\/\\\/schema.org\",\"@graph\":[{\"@type\":\"Article\",\"@id\":\"https:\\\/\\\/4000mil.se\\\/index.php\\\/det-kanns-sa-bra-att-vi-inte-ska-flyga-pa-hela-sommaren\\\/#article\",\"isPartOf\":{\"@id\":\"https:\\\/\\\/4000mil.se\\\/index.php\\\/det-kanns-sa-bra-att-vi-inte-ska-flyga-pa-hela-sommaren\\\/\"},\"author\":{\"name\":\"Gunilla Yourstone\",\"@id\":\"https:\\\/\\\/4000mil.se\\\/#\\\/schema\\\/person\\\/cda463da9f6f2c4d9bbc173471184a73\"},\"headline\":\"Det k\u00e4nns S\u00c5 bra att vi inte ska flyga p\u00e5 hela sommaren\",\"datePublished\":\"2022-06-06T06:00:00+00:00\",\"mainEntityOfPage\":{\"@id\":\"https:\\\/\\\/4000mil.se\\\/index.php\\\/det-kanns-sa-bra-att-vi-inte-ska-flyga-pa-hela-sommaren\\\/\"},\"wordCount\":493,\"commentCount\":8,\"publisher\":{\"@id\":\"https:\\\/\\\/4000mil.se\\\/#organization\"},\"image\":{\"@id\":\"https:\\\/\\\/4000mil.se\\\/index.php\\\/det-kanns-sa-bra-att-vi-inte-ska-flyga-pa-hela-sommaren\\\/#primaryimage\"},\"thumbnailUrl\":\"https:\\\/\\\/4000mil.se\\\/wp-content\\\/uploads\\\/2022\\\/06\\\/rsz_img_1394.jpg\",\"articleSection\":[\"Flygresor\"],\"inLanguage\":\"sv-SE\",\"potentialAction\":[{\"@type\":\"CommentAction\",\"name\":\"Comment\",\"target\":[\"https:\\\/\\\/4000mil.se\\\/index.php\\\/det-kanns-sa-bra-att-vi-inte-ska-flyga-pa-hela-sommaren\\\/#respond\"]}]},{\"@type\":\"WebPage\",\"@id\":\"https:\\\/\\\/4000mil.se\\\/index.php\\\/det-kanns-sa-bra-att-vi-inte-ska-flyga-pa-hela-sommaren\\\/\",\"url\":\"https:\\\/\\\/4000mil.se\\\/index.php\\\/det-kanns-sa-bra-att-vi-inte-ska-flyga-pa-hela-sommaren\\\/\",\"name\":\"Det k\u00e4nns S\u00c5 bra att vi inte ska flyga p\u00e5 hela sommaren\",\"isPartOf\":{\"@id\":\"https:\\\/\\\/4000mil.se\\\/#website\"},\"primaryImageOfPage\":{\"@id\":\"https:\\\/\\\/4000mil.se\\\/index.php\\\/det-kanns-sa-bra-att-vi-inte-ska-flyga-pa-hela-sommaren\\\/#primaryimage\"},\"image\":{\"@id\":\"https:\\\/\\\/4000mil.se\\\/index.php\\\/det-kanns-sa-bra-att-vi-inte-ska-flyga-pa-hela-sommaren\\\/#primaryimage\"},\"thumbnailUrl\":\"https:\\\/\\\/4000mil.se\\\/wp-content\\\/uploads\\\/2022\\\/06\\\/rsz_img_1394.jpg\",\"datePublished\":\"2022-06-06T06:00:00+00:00\",\"description\":\"K\u00f6kaos K\u00f6kaoset p\u00e5 Europas flygplatser bara forts\u00e4tter. Inte bara p\u00e5 Arlanda, utan \u00e4ven p\u00e5 Schiphol i Amsterdam, p\u00e5 Londons flygplatser och Dublins. Samt\",\"breadcrumb\":{\"@id\":\"https:\\\/\\\/4000mil.se\\\/index.php\\\/det-kanns-sa-bra-att-vi-inte-ska-flyga-pa-hela-sommaren\\\/#breadcrumb\"},\"inLanguage\":\"sv-SE\",\"potentialAction\":[{\"@type\":\"ReadAction\",\"target\":[\"https:\\\/\\\/4000mil.se\\\/index.php\\\/det-kanns-sa-bra-att-vi-inte-ska-flyga-pa-hela-sommaren\\\/\"]}]},{\"@type\":\"ImageObject\",\"inLanguage\":\"sv-SE\",\"@id\":\"https:\\\/\\\/4000mil.se\\\/index.php\\\/det-kanns-sa-bra-att-vi-inte-ska-flyga-pa-hela-sommaren\\\/#primaryimage\",\"url\":\"https:\\\/\\\/4000mil.se\\\/wp-content\\\/uploads\\\/2022\\\/06\\\/rsz_img_1394.jpg\",\"contentUrl\":\"https:\\\/\\\/4000mil.se\\\/wp-content\\\/uploads\\\/2022\\\/06\\\/rsz_img_1394.jpg\",\"width\":1008,\"height\":756},{\"@type\":\"BreadcrumbList\",\"@id\":\"https:\\\/\\\/4000mil.se\\\/index.php\\\/det-kanns-sa-bra-att-vi-inte-ska-flyga-pa-hela-sommaren\\\/#breadcrumb\",\"itemListElement\":[{\"@type\":\"ListItem\",\"position\":1,\"name\":\"Home\",\"item\":\"https:\\\/\\\/4000mil.se\\\/\"},{\"@type\":\"ListItem\",\"position\":2,\"name\":\"Det k\u00e4nns S\u00c5 bra att vi inte ska flyga p\u00e5 hela sommaren\"}]},{\"@type\":\"WebSite\",\"@id\":\"https:\\\/\\\/4000mil.se\\\/#website\",\"url\":\"https:\\\/\\\/4000mil.se\\\/\",\"name\":\"4000 mil - en reseblogg\",\"description\":\"We haven&#039;t been everywhere, but it is on our list.\",\"publisher\":{\"@id\":\"https:\\\/\\\/4000mil.se\\\/#organization\"},\"potentialAction\":[{\"@type\":\"SearchAction\",\"target\":{\"@type\":\"EntryPoint\",\"urlTemplate\":\"https:\\\/\\\/4000mil.se\\\/?s={search_term_string}\"},\"query-input\":{\"@type\":\"PropertyValueSpecification\",\"valueRequired\":true,\"valueName\":\"search_term_string\"}}],\"inLanguage\":\"sv-SE\"},{\"@type\":\"Organization\",\"@id\":\"https:\\\/\\\/4000mil.se\\\/#organization\",\"name\":\"4000mil\",\"url\":\"https:\\\/\\\/4000mil.se\\\/\",\"logo\":{\"@type\":\"ImageObject\",\"inLanguage\":\"sv-SE\",\"@id\":\"https:\\\/\\\/4000mil.se\\\/#\\\/schema\\\/logo\\\/image\\\/\",\"url\":\"https:\\\/\\\/4000mil.se\\\/wp-content\\\/uploads\\\/2017\\\/07\\\/rsz_img_5178-e1511641744338.jpg\",\"contentUrl\":\"https:\\\/\\\/4000mil.se\\\/wp-content\\\/uploads\\\/2017\\\/07\\\/rsz_img_5178-e1511641744338.jpg\",\"width\":1000,\"height\":667,\"caption\":\"4000mil\"},\"image\":{\"@id\":\"https:\\\/\\\/4000mil.se\\\/#\\\/schema\\\/logo\\\/image\\\/\"},\"sameAs\":[\"https:\\\/\\\/www.facebook.com\\\/4000mil\\\/\",\"https:\\\/\\\/x.com\\\/4000mil_se\",\"https:\\\/\\\/www.instagram.com\\\/4000mil.se\\\/\",\"https:\\\/\\\/www.youtube.com\\\/channel\\\/UCJ-arZd2a7dT4Kqq5GtVbXQ\"]},{\"@type\":\"Person\",\"@id\":\"https:\\\/\\\/4000mil.se\\\/#\\\/schema\\\/person\\\/cda463da9f6f2c4d9bbc173471184a73\",\"name\":\"Gunilla Yourstone\",\"image\":{\"@type\":\"ImageObject\",\"inLanguage\":\"sv-SE\",\"@id\":\"https:\\\/\\\/secure.gravatar.com\\\/avatar\\\/2df85d0820b33bffdd86a729d25273c6153c1cc9b1338f26ef0c98d01163520d?s=96&d=mm&r=g\",\"url\":\"https:\\\/\\\/secure.gravatar.com\\\/avatar\\\/2df85d0820b33bffdd86a729d25273c6153c1cc9b1338f26ef0c98d01163520d?s=96&d=mm&r=g\",\"contentUrl\":\"https:\\\/\\\/secure.gravatar.com\\\/avatar\\\/2df85d0820b33bffdd86a729d25273c6153c1cc9b1338f26ef0c98d01163520d?s=96&d=mm&r=g\",\"caption\":\"Gunilla Yourstone\"},\"url\":\"https:\\\/\\\/4000mil.se\\\/index.php\\\/author\\\/gunillay\\\/\"}]}<\/script>\n<!-- \/ Yoast SEO plugin. -->","yoast_head_json":{"title":"Det k\u00e4nns S\u00c5 bra att vi inte ska flyga p\u00e5 hela sommaren","description":"K\u00f6kaos K\u00f6kaoset p\u00e5 Europas flygplatser bara forts\u00e4tter. Inte bara p\u00e5 Arlanda, utan \u00e4ven p\u00e5 Schiphol i Amsterdam, p\u00e5 Londons flygplatser och Dublins. Samt","robots":{"index":"index","follow":"follow","max-snippet":"max-snippet:-1","max-image-preview":"max-image-preview:large","max-video-preview":"max-video-preview:-1"},"canonical":"https:\/\/4000mil.se\/index.php\/det-kanns-sa-bra-att-vi-inte-ska-flyga-pa-hela-sommaren\/","og_locale":"sv_SE","og_type":"article","og_title":"Det k\u00e4nns S\u00c5 bra att vi inte ska flyga p\u00e5 hela sommaren","og_description":"K\u00f6kaos K\u00f6kaoset p\u00e5 Europas flygplatser bara forts\u00e4tter. Inte bara p\u00e5 Arlanda, utan \u00e4ven p\u00e5 Schiphol i Amsterdam, p\u00e5 Londons flygplatser och Dublins. Samt","og_url":"https:\/\/4000mil.se\/index.php\/det-kanns-sa-bra-att-vi-inte-ska-flyga-pa-hela-sommaren\/","og_site_name":"4000 mil - en reseblogg","article_publisher":"https:\/\/www.facebook.com\/4000mil\/","article_published_time":"2022-06-06T06:00:00+00:00","og_image":[{"width":1008,"height":756,"url":"https:\/\/4000mil.se\/wp-content\/uploads\/2022\/06\/rsz_img_1394.jpg","type":"image\/jpeg"}],"author":"Gunilla Yourstone","twitter_card":"summary_large_image","twitter_creator":"@4000mil_se","twitter_site":"@4000mil_se","twitter_misc":{"Skriven av":"Gunilla Yourstone","Ber\u00e4knad l\u00e4stid":"4 minuter"},"schema":{"@context":"https:\/\/schema.org","@graph":[{"@type":"Article","@id":"https:\/\/4000mil.se\/index.php\/det-kanns-sa-bra-att-vi-inte-ska-flyga-pa-hela-sommaren\/#article","isPartOf":{"@id":"https:\/\/4000mil.se\/index.php\/det-kanns-sa-bra-att-vi-inte-ska-flyga-pa-hela-sommaren\/"},"author":{"name":"Gunilla Yourstone","@id":"https:\/\/4000mil.se\/#\/schema\/person\/cda463da9f6f2c4d9bbc173471184a73"},"headline":"Det k\u00e4nns S\u00c5 bra att vi inte ska flyga p\u00e5 hela sommaren","datePublished":"2022-06-06T06:00:00+00:00","mainEntityOfPage":{"@id":"https:\/\/4000mil.se\/index.php\/det-kanns-sa-bra-att-vi-inte-ska-flyga-pa-hela-sommaren\/"},"wordCount":493,"commentCount":8,"publisher":{"@id":"https:\/\/4000mil.se\/#organization"},"image":{"@id":"https:\/\/4000mil.se\/index.php\/det-kanns-sa-bra-att-vi-inte-ska-flyga-pa-hela-sommaren\/#primaryimage"},"thumbnailUrl":"https:\/\/4000mil.se\/wp-content\/uploads\/2022\/06\/rsz_img_1394.jpg","articleSection":["Flygresor"],"inLanguage":"sv-SE","potentialAction":[{"@type":"CommentAction","name":"Comment","target":["https:\/\/4000mil.se\/index.php\/det-kanns-sa-bra-att-vi-inte-ska-flyga-pa-hela-sommaren\/#respond"]}]},{"@type":"WebPage","@id":"https:\/\/4000mil.se\/index.php\/det-kanns-sa-bra-att-vi-inte-ska-flyga-pa-hela-sommaren\/","url":"https:\/\/4000mil.se\/index.php\/det-kanns-sa-bra-att-vi-inte-ska-flyga-pa-hela-sommaren\/","name":"Det k\u00e4nns S\u00c5 bra att vi inte ska flyga p\u00e5 hela sommaren","isPartOf":{"@id":"https:\/\/4000mil.se\/#website"},"primaryImageOfPage":{"@id":"https:\/\/4000mil.se\/index.php\/det-kanns-sa-bra-att-vi-inte-ska-flyga-pa-hela-sommaren\/#primaryimage"},"image":{"@id":"https:\/\/4000mil.se\/index.php\/det-kanns-sa-bra-att-vi-inte-ska-flyga-pa-hela-sommaren\/#primaryimage"},"thumbnailUrl":"https:\/\/4000mil.se\/wp-content\/uploads\/2022\/06\/rsz_img_1394.jpg","datePublished":"2022-06-06T06:00:00+00:00","description":"K\u00f6kaos K\u00f6kaoset p\u00e5 Europas flygplatser bara forts\u00e4tter. Inte bara p\u00e5 Arlanda, utan \u00e4ven p\u00e5 Schiphol i Amsterdam, p\u00e5 Londons flygplatser och Dublins. Samt","breadcrumb":{"@id":"https:\/\/4000mil.se\/index.php\/det-kanns-sa-bra-att-vi-inte-ska-flyga-pa-hela-sommaren\/#breadcrumb"},"inLanguage":"sv-SE","potentialAction":[{"@type":"ReadAction","target":["https:\/\/4000mil.se\/index.php\/det-kanns-sa-bra-att-vi-inte-ska-flyga-pa-hela-sommaren\/"]}]},{"@type":"ImageObject","inLanguage":"sv-SE","@id":"https:\/\/4000mil.se\/index.php\/det-kanns-sa-bra-att-vi-inte-ska-flyga-pa-hela-sommaren\/#primaryimage","url":"https:\/\/4000mil.se\/wp-content\/uploads\/2022\/06\/rsz_img_1394.jpg","contentUrl":"https:\/\/4000mil.se\/wp-content\/uploads\/2022\/06\/rsz_img_1394.jpg","width":1008,"height":756},{"@type":"BreadcrumbList","@id":"https:\/\/4000mil.se\/index.php\/det-kanns-sa-bra-att-vi-inte-ska-flyga-pa-hela-sommaren\/#breadcrumb","itemListElement":[{"@type":"ListItem","position":1,"name":"Home","item":"https:\/\/4000mil.se\/"},{"@type":"ListItem","position":2,"name":"Det k\u00e4nns S\u00c5 bra att vi inte ska flyga p\u00e5 hela sommaren"}]},{"@type":"WebSite","@id":"https:\/\/4000mil.se\/#website","url":"https:\/\/4000mil.se\/","name":"4000 mil - en reseblogg","description":"We haven&#039;t been everywhere, but it is on our list.","publisher":{"@id":"https:\/\/4000mil.se\/#organization"},"potentialAction":[{"@type":"SearchAction","target":{"@type":"EntryPoint","urlTemplate":"https:\/\/4000mil.se\/?s={search_term_string}"},"query-input":{"@type":"PropertyValueSpecification","valueRequired":true,"valueName":"search_term_string"}}],"inLanguage":"sv-SE"},{"@type":"Organization","@id":"https:\/\/4000mil.se\/#organization","name":"4000mil","url":"https:\/\/4000mil.se\/","logo":{"@type":"ImageObject","inLanguage":"sv-SE","@id":"https:\/\/4000mil.se\/#\/schema\/logo\/image\/","url":"https:\/\/4000mil.se\/wp-content\/uploads\/2017\/07\/rsz_img_5178-e1511641744338.jpg","contentUrl":"https:\/\/4000mil.se\/wp-content\/uploads\/2017\/07\/rsz_img_5178-e1511641744338.jpg","width":1000,"height":667,"caption":"4000mil"},"image":{"@id":"https:\/\/4000mil.se\/#\/schema\/logo\/image\/"},"sameAs":["https:\/\/www.facebook.com\/4000mil\/","https:\/\/x.com\/4000mil_se","https:\/\/www.instagram.com\/4000mil.se\/","https:\/\/www.youtube.com\/channel\/UCJ-arZd2a7dT4Kqq5GtVbXQ"]},{"@type":"Person","@id":"https:\/\/4000mil.se\/#\/schema\/person\/cda463da9f6f2c4d9bbc173471184a73","name":"Gunilla Yourstone","image":{"@type":"ImageObject","inLanguage":"sv-SE","@id":"https:\/\/secure.gravatar.com\/avatar\/2df85d0820b33bffdd86a729d25273c6153c1cc9b1338f26ef0c98d01163520d?s=96&d=mm&r=g","url":"https:\/\/secure.gravatar.com\/avatar\/2df85d0820b33bffdd86a729d25273c6153c1cc9b1338f26ef0c98d01163520d?s=96&d=mm&r=g","contentUrl":"https:\/\/secure.gravatar.com\/avatar\/2df85d0820b33bffdd86a729d25273c6153c1cc9b1338f26ef0c98d01163520d?s=96&d=mm&r=g","caption":"Gunilla Yourstone"},"url":"https:\/\/4000mil.se\/index.php\/author\/gunillay\/"}]}},"_links":{"self":[{"href":"https:\/\/4000mil.se\/index.php\/wp-json\/wp\/v2\/posts\/52064","targetHints":{"allow":["GET"]}}],"collection":[{"href":"https:\/\/4000mil.se\/index.php\/wp-json\/wp\/v2\/posts"}],"about":[{"href":"https:\/\/4000mil.se\/index.php\/wp-json\/wp\/v2\/types\/post"}],"author":[{"embeddable":true,"href":"https:\/\/4000mil.se\/index.php\/wp-json\/wp\/v2\/users\/3"}],"replies":[{"embeddable":true,"href":"https:\/\/4000mil.se\/index.php\/wp-json\/wp\/v2\/comments?post=52064"}],"version-history":[{"count":5,"href":"https:\/\/4000mil.se\/index.php\/wp-json\/wp\/v2\/posts\/52064\/revisions"}],"predecessor-version":[{"id":52081,"href":"https:\/\/4000mil.se\/index.php\/wp-json\/wp\/v2\/posts\/52064\/revisions\/52081"}],"wp:featuredmedia":[{"embeddable":true,"href":"https:\/\/4000mil.se\/index.php\/wp-json\/wp\/v2\/media\/52065"}],"wp:attachment":[{"href":"https:\/\/4000mil.se\/index.php\/wp-json\/wp\/v2\/media?parent=52064"}],"wp:term":[{"taxonomy":"category","embeddable":true,"href":"https:\/\/4000mil.se\/index.php\/wp-json\/wp\/v2\/categories?post=52064"},{"taxonomy":"post_tag","embeddable":true,"href":"https:\/\/4000mil.se\/index.php\/wp-json\/wp\/v2\/tags?post=52064"}],"curies":[{"name":"wp","href":"https:\/\/api.w.org\/{rel}","templated":true}]}}