{"id":53291,"date":"2022-08-21T08:00:00","date_gmt":"2022-08-21T06:00:00","guid":{"rendered":"https:\/\/4000mil.se\/?p=53291"},"modified":"2022-08-21T14:55:47","modified_gmt":"2022-08-21T12:55:47","slug":"de-7-basta-sommarpratarna-2022-och-9-till-du-inte-heller-far-missa","status":"publish","type":"post","link":"https:\/\/4000mil.se\/index.php\/de-7-basta-sommarpratarna-2022-och-9-till-du-inte-heller-far-missa\/","title":{"rendered":"B\u00e4sta sommarpratarna 2022 &#8211; och n\u00e5gra till du inte f\u00e5r missa"},"content":{"rendered":"<p>\u00c5rets sista sommarpratare pratar i dag och traditionsenligt publicerar jag en lista \u00f6ver vilka sommarprat som jag tycker \u00e4r allra b\u00e4st i \u00e5r och vilka som jag tycker \u00e4r synnerligen lyssningsv\u00e4rda. B\u00e4sta sommarpratarna 2022, helt enkelt.<\/p>\n<p><img loading=\"lazy\" decoding=\"async\" class=\"alignnone wp-image-53628 size-large\" src=\"https:\/\/4000mil.se\/wp-content\/uploads\/2022\/08\/Sommar-i-P1-Pressbild-original-907296-1024x640.jpg\" alt=\"b\u00e4sta sommarpratarna 2022\" width=\"1024\" height=\"640\" srcset=\"https:\/\/4000mil.se\/wp-content\/uploads\/2022\/08\/Sommar-i-P1-Pressbild-original-907296-1024x640.jpg 1024w, https:\/\/4000mil.se\/wp-content\/uploads\/2022\/08\/Sommar-i-P1-Pressbild-original-907296-300x187.jpg 300w, https:\/\/4000mil.se\/wp-content\/uploads\/2022\/08\/Sommar-i-P1-Pressbild-original-907296-768x480.jpg 768w, https:\/\/4000mil.se\/wp-content\/uploads\/2022\/08\/Sommar-i-P1-Pressbild-original-907296-1536x959.jpg 1536w, https:\/\/4000mil.se\/wp-content\/uploads\/2022\/08\/Sommar-i-P1-Pressbild-original-907296-2000x1249.jpg 2000w, https:\/\/4000mil.se\/wp-content\/uploads\/2022\/08\/Sommar-i-P1-Pressbild-original-907296-800x500.jpg 800w, https:\/\/4000mil.se\/wp-content\/uploads\/2022\/08\/Sommar-i-P1-Pressbild-original-907296-640x400.jpg 640w, https:\/\/4000mil.se\/wp-content\/uploads\/2022\/08\/Sommar-i-P1-Pressbild-original-907296.jpg 2048w\" sizes=\"auto, (max-width: 1024px) 100vw, 1024px\" \/><\/p>\n<p>Som vanligt har jag inte lyssnat p\u00e5 alla, idrottare hoppar jag vanligen \u00f6ver. I \u00e5r har jag \u00e4ven skippat ett program som m\u00e5nga rekommenderat och sagt varit bra, n\u00e4mligen Emma Schols, kvinnan som r\u00e4ddade sina barn ur en eldsv\u00e5da och fick sv\u00e5ra br\u00e4nnskador sj\u00e4lv. Jag brukar utmana mig sj\u00e4lv och lyssna \u00e4ven p\u00e5 de sommarprat som \u00e4r jobbiga att ta in, som Mathilda Hofling f\u00f6rra \u00e5ret och Stefan, pappa till Ebba, \u00e5ret innan. Men detta k\u00e4ndes bara f\u00f6r mycket f\u00f6r en k\u00e4nslig sj\u00e4l som jag. Det \u00e4r n\u00e5got med eld som jag liksom inte klarar. Jag \u00e4r dessutom expert p\u00e5 att &#8221;spara&#8221; saker jag h\u00f6r som involverar stort fysiskt lidande och plocka fram och pl\u00e5ga mig sj\u00e4lv med i \u00e5rtionden efter\u00e5t. Jag \u00e4r den p\u00e5 fikarasten p\u00e5 jobbet ni vet, som ber folk att sluta prata om s\u00e5na saker. (fast folk forts\u00e4tter ju alltid \u00e4nd\u00e5)<\/p>\n<figure id=\"attachment_53630\" aria-describedby=\"caption-attachment-53630\" style=\"width: 1024px\" class=\"wp-caption alignnone\"><img loading=\"lazy\" decoding=\"async\" class=\"size-large wp-image-53630\" src=\"https:\/\/4000mil.se\/wp-content\/uploads\/2022\/08\/Emma-Schols-original-903814-1024x768.jpg\" alt=\"\" width=\"1024\" height=\"768\" srcset=\"https:\/\/4000mil.se\/wp-content\/uploads\/2022\/08\/Emma-Schols-original-903814-1024x768.jpg 1024w, https:\/\/4000mil.se\/wp-content\/uploads\/2022\/08\/Emma-Schols-original-903814-300x225.jpg 300w, https:\/\/4000mil.se\/wp-content\/uploads\/2022\/08\/Emma-Schols-original-903814-768x576.jpg 768w, https:\/\/4000mil.se\/wp-content\/uploads\/2022\/08\/Emma-Schols-original-903814-1536x1152.jpg 1536w, https:\/\/4000mil.se\/wp-content\/uploads\/2022\/08\/Emma-Schols-original-903814-2000x1500.jpg 2000w, https:\/\/4000mil.se\/wp-content\/uploads\/2022\/08\/Emma-Schols-original-903814-800x600.jpg 800w, https:\/\/4000mil.se\/wp-content\/uploads\/2022\/08\/Emma-Schols-original-903814.jpg 2048w\" sizes=\"auto, (max-width: 1024px) 100vw, 1024px\" \/><figcaption id=\"caption-attachment-53630\" class=\"wp-caption-text\">Sommar i P1<br \/>Emma Schols<br \/>Foto: Maria G Nilsson<\/figcaption><\/figure>\n<p>I \u00e5r har jag fr\u00e4mst lyssnat p\u00e5 t\u00e5gen p\u00e5 mina t\u00e5gluffar och i bilen under v\u00e5r Norrbottens-roadtrip. N\u00e5gra prat ute i stugan har det blivit ocks\u00e5. Och s\u00e5 slutligen n\u00e5gra &#8221;komma-ikapp-lyssningar&#8221; hemma efter jobbet i augusti.<br \/>\n\u00c5rets startf\u00e4lt var j\u00e4mt och bra. Jag uppskattade de allra flesta.\u00a0 Uppskattade till exempel att f\u00e5 l\u00e4ra k\u00e4nna och veta lite mer om Per Lernstr\u00f6m och E-type, \u00e4ven om deras sommarprat inte tog sig in p\u00e5 listorna nedan. St\u00e4ngde bara av 4 innan jag lyssnat klart. (jag s\u00e4ger v\u00e4l inte vilka, vill inte vara elak p\u00e5 n\u00e5got vis)<\/p>\n<figure id=\"attachment_53629\" aria-describedby=\"caption-attachment-53629\" style=\"width: 1024px\" class=\"wp-caption alignnone\"><img loading=\"lazy\" decoding=\"async\" class=\"size-large wp-image-53629\" src=\"https:\/\/4000mil.se\/wp-content\/uploads\/2022\/08\/Martin-E-Type-Erikson-original-906282-1024x683.jpg\" alt=\"\" width=\"1024\" height=\"683\" srcset=\"https:\/\/4000mil.se\/wp-content\/uploads\/2022\/08\/Martin-E-Type-Erikson-original-906282-1024x683.jpg 1024w, https:\/\/4000mil.se\/wp-content\/uploads\/2022\/08\/Martin-E-Type-Erikson-original-906282-300x200.jpg 300w, https:\/\/4000mil.se\/wp-content\/uploads\/2022\/08\/Martin-E-Type-Erikson-original-906282-768x512.jpg 768w, https:\/\/4000mil.se\/wp-content\/uploads\/2022\/08\/Martin-E-Type-Erikson-original-906282-1536x1024.jpg 1536w, https:\/\/4000mil.se\/wp-content\/uploads\/2022\/08\/Martin-E-Type-Erikson-original-906282-2000x1333.jpg 2000w, https:\/\/4000mil.se\/wp-content\/uploads\/2022\/08\/Martin-E-Type-Erikson-original-906282-800x533.jpg 800w, https:\/\/4000mil.se\/wp-content\/uploads\/2022\/08\/Martin-E-Type-Erikson-original-906282.jpg 2048w\" sizes=\"auto, (max-width: 1024px) 100vw, 1024px\" \/><figcaption id=\"caption-attachment-53629\" class=\"wp-caption-text\">Martin E-Type Eriksson<br \/>Sommarv\u00e4rd 2022<br \/>Sommar i P1<br \/>P1 Sveriges Radio<br \/>Foto: Mattias Ahlm\/Sveriges Radio<\/figcaption><\/figure>\n<p>Min personliga smak \u00e4r att jag g\u00e4rna vill l\u00e4ra mig n\u00e5got av ett sommarprat. \u00c4lskar n\u00e4r en person med kunskap i ett \u00e4mne f\u00e5r djupdyka i det och ber\u00e4tta f\u00f6r mig. \u00c4r inte lika imponerad av k\u00e4ndisar som inte har n\u00e5got att ber\u00e4tta, men orerar p\u00e5 \u00e4nd\u00e5 om sig sj\u00e4lva.<\/p>\n<p>Jag vill ocks\u00e5 g\u00e4rna f\u00e5 m\u00f6jlighet att l\u00e4ra mig n\u00e5got nytt om mig sj\u00e4lv, om livet eller om m\u00e4nskligheten av ett sommarprat. Att n\u00e5gon ruckar p\u00e5 min v\u00e4rldsbild lite.\u00a0 Att jag f\u00e5r en insikt som g\u00f6r mig lite klokare.<\/p>\n<p>N\u00e5gon trend i \u00e5r? Jo men faktiskt. Egentligen b\u00e5de i \u00e5r och f\u00f6rra \u00e5ret ser jag en tydligt trend f\u00f6r mig personligen. Att jag lyssnar p\u00e5 och verkligen uppskattar de sommarpratare som \u00e4r j\u00e4mn\u00e5riga med mig. Det vill s\u00e4ga 50 \u00e5r. Det \u00e4r en \u00e5lder och tid f\u00f6r mycket reflektion och jag gl\u00e4ds \u00f6ver n\u00e4r jag hittar sommarpratare som \u00e4r p\u00e5 samma mentala plats som jag och funderar \u00f6ver samma saker.<\/p>\n<p>Men d\u00e5 k\u00f6r vi v\u00e4l? Min lista.<\/p>\n<h2>B\u00e4sta sommarpratarna 2022<\/h2>\n<h3>Sverker S\u00f6rlin<\/h3>\n<p>F\u00f6rsta delen av Sverkers sommarprat handlar om han \u00e5ngest. Och det kan s\u00e4kert vara intressant, s\u00e4rskilt om man sj\u00e4lv har den typen av problem. F\u00f6r mig blir det dock bara en transportstr\u00e4cka till n\u00e4sta del.<\/p>\n<p>N\u00e4r sommarpratet kommer ig\u00e5ng p\u00e5 allvar pratar Sverker om sitt expertisomr\u00e5de som \u00e4r milj\u00f6historia. Och det \u00e4r nu det blir briljant. Om Norrland, lands\u00e4nden med de gigantiska naturtillg\u00e5ngarna, som systematiskt plundrats, utnyttjats och \u00e5sidosatts av makthavarna i s\u00f6dra Sverige. Om samer och om Norrlands roll i den nya fossilfria omst\u00e4llningen. Ett sommarprat som framkallar rysningar l\u00e4ngs ryggraden p\u00e5 mig n\u00e4r jag k\u00f6r hem genom Lappland. <em>&#8221;Fan d\u00e5, \u00e4ntligen n\u00e5gon som s\u00e4ger sanningen. S\u00e5 j\u00e4dra bra!&#8221;<\/em><\/p>\n<figure id=\"attachment_53627\" aria-describedby=\"caption-attachment-53627\" style=\"width: 1024px\" class=\"wp-caption alignnone\"><img loading=\"lazy\" decoding=\"async\" class=\"wp-image-53627 size-large\" src=\"https:\/\/4000mil.se\/wp-content\/uploads\/2022\/08\/Sverker-Sorlin-original-903771-1024x683.jpg\" alt=\"b\u00e4sta sommarpratarna 2022\" width=\"1024\" height=\"683\" srcset=\"https:\/\/4000mil.se\/wp-content\/uploads\/2022\/08\/Sverker-Sorlin-original-903771-1024x683.jpg 1024w, https:\/\/4000mil.se\/wp-content\/uploads\/2022\/08\/Sverker-Sorlin-original-903771-300x200.jpg 300w, https:\/\/4000mil.se\/wp-content\/uploads\/2022\/08\/Sverker-Sorlin-original-903771-768x512.jpg 768w, https:\/\/4000mil.se\/wp-content\/uploads\/2022\/08\/Sverker-Sorlin-original-903771-1536x1025.jpg 1536w, https:\/\/4000mil.se\/wp-content\/uploads\/2022\/08\/Sverker-Sorlin-original-903771-2000x1334.jpg 2000w, https:\/\/4000mil.se\/wp-content\/uploads\/2022\/08\/Sverker-Sorlin-original-903771-800x534.jpg 800w, https:\/\/4000mil.se\/wp-content\/uploads\/2022\/08\/Sverker-Sorlin-original-903771.jpg 2048w\" sizes=\"auto, (max-width: 1024px) 100vw, 1024px\" \/><figcaption id=\"caption-attachment-53627\" class=\"wp-caption-text\">Sverker S\u00f6rlin<br \/>Sommarv\u00e4rd 2022<br \/>Sommar i P1<br \/>P1 Sveriges Radio<br \/>Foto: Mattias Ahlm\/Sveriges Radio<\/figcaption><\/figure>\n<h3>Elin R\u00f6\u00f6s<\/h3>\n<p>Oh vad jag \u00e4lskar Elin! S\u00e5 otroligt pedagogiskt, utan underg\u00e5ngs\u00e5ngest eller pekpinnar f\u00f6rklarar hon bara hur vi m\u00e4nniskor beh\u00f6ver \u00e4ta f\u00f6r att vi alla p\u00e5 jorden ska bli m\u00e4tta utan att vi samtidigt f\u00f6rst\u00f6r och f\u00f6rbrukar v\u00e5r planet. Faktasp\u00e4ckat, l\u00e4ttf\u00f6rst\u00e5eligt, inspirerande. Och med en tydlig k\u00e4nga till v\u00e5ra politiker som undantagsl\u00f6st v\u00e4grar ta sitt ansvar p\u00e5 de positioner som de har. Elin sommarpratar samma valr\u00f6relsesommar som Ulf Kristersson drar till med <em>&#8221;Ingen ska beh\u00f6va g\u00f6ra n\u00e5gra livsstilsf\u00f6r\u00e4ndringar f\u00f6r klimatet&#8221;<\/em>. Man baxnar ju f\u00f6r populismen och oviljan att steppa upp och ta sitt ansvar, i det uttalandet.<\/p>\n<figure id=\"attachment_53631\" aria-describedby=\"caption-attachment-53631\" style=\"width: 1024px\" class=\"wp-caption alignnone\"><img loading=\"lazy\" decoding=\"async\" class=\"wp-image-53631 size-large\" src=\"https:\/\/4000mil.se\/wp-content\/uploads\/2022\/08\/Elin-Roos-original-904188-1024x683.jpg\" alt=\"b\u00e4sta sommarpratarna 2022\" width=\"1024\" height=\"683\" srcset=\"https:\/\/4000mil.se\/wp-content\/uploads\/2022\/08\/Elin-Roos-original-904188-1024x683.jpg 1024w, https:\/\/4000mil.se\/wp-content\/uploads\/2022\/08\/Elin-Roos-original-904188-300x200.jpg 300w, https:\/\/4000mil.se\/wp-content\/uploads\/2022\/08\/Elin-Roos-original-904188-768x512.jpg 768w, https:\/\/4000mil.se\/wp-content\/uploads\/2022\/08\/Elin-Roos-original-904188-1536x1025.jpg 1536w, https:\/\/4000mil.se\/wp-content\/uploads\/2022\/08\/Elin-Roos-original-904188-2000x1334.jpg 2000w, https:\/\/4000mil.se\/wp-content\/uploads\/2022\/08\/Elin-Roos-original-904188-800x534.jpg 800w, https:\/\/4000mil.se\/wp-content\/uploads\/2022\/08\/Elin-Roos-original-904188.jpg 2048w\" sizes=\"auto, (max-width: 1024px) 100vw, 1024px\" \/><figcaption id=\"caption-attachment-53631\" class=\"wp-caption-text\">Elin R\u00f6\u00f6s<br \/>Sommarv\u00e4rd 2022<br \/>Sommar i P1<br \/>P1 Sveriges Radio<br \/>Foto: Mattias Ahlm\/Sveriges Radio<\/figcaption><\/figure>\n<h3>Emma Hamberg<\/h3>\n<p>\u00c5h vad jag gillar Emmas program! En person i mediebruset som jag &#8221;f\u00f6ljt&#8221; under alla \u00e5r. Minns henne som ung, smart och med rosaf\u00e4rgat h\u00e5r. Med i alla debatter. Vi fick barn ungef\u00e4r samtidigt. N\u00e4r jag ammade l\u00e4ste jag en antologi om moderskap d\u00e4r Emma medverkade. Idag \u00e4r det bara hennes text jag minns.<\/p>\n<p>V\u00e5ra liv har sedan f\u00e5tt andra ber\u00f6ringspunkter. Vi har b\u00e5da tr\u00e4ffat zebran, han som inte kunde h\u00e4nda. Vi har b\u00e5da (har haft i hennes fall) m\u00e4n som hj\u00e4rnskadats av sjukdom. Och att tr\u00e4ffa k\u00e4rleken n\u00e4r man tror att det kanske \u00e4r f\u00f6rsent. F\u00f6r mig tr\u00e4ffar hon helt r\u00e4tt i sitt sommarprat. Men s\u00e5 \u00e4r vi som sagt j\u00e4mn\u00e5riga ocks\u00e5.<\/p>\n<figure id=\"attachment_53642\" aria-describedby=\"caption-attachment-53642\" style=\"width: 1024px\" class=\"wp-caption alignnone\"><img loading=\"lazy\" decoding=\"async\" class=\"wp-image-53642 size-large\" src=\"https:\/\/4000mil.se\/wp-content\/uploads\/2022\/08\/Emma-Hamberg-original-904237-1024x683.jpg\" alt=\"b\u00e4sta sommarpratarna 2022\" width=\"1024\" height=\"683\" srcset=\"https:\/\/4000mil.se\/wp-content\/uploads\/2022\/08\/Emma-Hamberg-original-904237-1024x683.jpg 1024w, https:\/\/4000mil.se\/wp-content\/uploads\/2022\/08\/Emma-Hamberg-original-904237-300x200.jpg 300w, https:\/\/4000mil.se\/wp-content\/uploads\/2022\/08\/Emma-Hamberg-original-904237-768x512.jpg 768w, https:\/\/4000mil.se\/wp-content\/uploads\/2022\/08\/Emma-Hamberg-original-904237-1536x1024.jpg 1536w, https:\/\/4000mil.se\/wp-content\/uploads\/2022\/08\/Emma-Hamberg-original-904237-2000x1333.jpg 2000w, https:\/\/4000mil.se\/wp-content\/uploads\/2022\/08\/Emma-Hamberg-original-904237-800x533.jpg 800w, https:\/\/4000mil.se\/wp-content\/uploads\/2022\/08\/Emma-Hamberg-original-904237.jpg 2048w\" sizes=\"auto, (max-width: 1024px) 100vw, 1024px\" \/><figcaption id=\"caption-attachment-53642\" class=\"wp-caption-text\">Emma Hamberg<br \/>Sommarv\u00e4rd 2022<br \/>Sommar i P1<br \/>P1 Sveriges Radio<br \/>Foto: Mattias Ahlm\/Sveriges Radio<\/figcaption><\/figure>\n<h3>Stefan Ingves<\/h3>\n<p>Det \u00e4r vansinnigt intressant att h\u00f6ra om Stefans liv och karri\u00e4r och alla ekonomiska kriser han har varit del av och hj\u00e4lpt till i. Som riksbankschef och p\u00e5 andra positioner. \u00c4ven att f\u00e5 h\u00f6ra inside om hur det g\u00e5r till i h\u00f6gsta regeringskretsar i Sverige n\u00e4r det br\u00e4nner till.<\/p>\n<figure id=\"attachment_53632\" aria-describedby=\"caption-attachment-53632\" style=\"width: 1024px\" class=\"wp-caption alignnone\"><img loading=\"lazy\" decoding=\"async\" class=\"wp-image-53632 size-large\" src=\"https:\/\/4000mil.se\/wp-content\/uploads\/2022\/08\/Stefan-Ingves-original-902998-1024x683.jpg\" alt=\"b\u00e4sta sommarpratarna 2022\" width=\"1024\" height=\"683\" srcset=\"https:\/\/4000mil.se\/wp-content\/uploads\/2022\/08\/Stefan-Ingves-original-902998-1024x683.jpg 1024w, https:\/\/4000mil.se\/wp-content\/uploads\/2022\/08\/Stefan-Ingves-original-902998-300x200.jpg 300w, https:\/\/4000mil.se\/wp-content\/uploads\/2022\/08\/Stefan-Ingves-original-902998-768x512.jpg 768w, https:\/\/4000mil.se\/wp-content\/uploads\/2022\/08\/Stefan-Ingves-original-902998-1536x1025.jpg 1536w, https:\/\/4000mil.se\/wp-content\/uploads\/2022\/08\/Stefan-Ingves-original-902998-2000x1334.jpg 2000w, https:\/\/4000mil.se\/wp-content\/uploads\/2022\/08\/Stefan-Ingves-original-902998-800x534.jpg 800w, https:\/\/4000mil.se\/wp-content\/uploads\/2022\/08\/Stefan-Ingves-original-902998.jpg 2048w\" sizes=\"auto, (max-width: 1024px) 100vw, 1024px\" \/><figcaption id=\"caption-attachment-53632\" class=\"wp-caption-text\">Stefan Ingves<br \/>Sommarv\u00e4rd 2022<br \/>Sommar i P1<br \/>P1 Sveriges Radio<br \/>Foto: Mattias Ahlm\/Sveriges Radio<\/figcaption><\/figure>\n<h3>Edvin Ryding<\/h3>\n<p>Edvins sommarprat \u00e4r det f\u00f6rsta jag lyssnar p\u00e5 i \u00e5r och det \u00e4r ett s\u00e5nt sommarprat som jag funderar p\u00e5 och kommer tillbaka till i tanken i flera dagar efter\u00e5t.<\/p>\n<p>Edvin \u00e4r s\u00e5 ung, f\u00f6dd 2003, samma \u00e5r som som min egen Alva. Nyss var de ju barn, 03:orna. Som man fick s\u00e4ga till, <em>&#8221;G\u00e5 inte d\u00e4r p\u00e5 kanten du kommer att ramla ner&#8221;<\/em> och <em>&#8221;Jo, du m\u00e5ste ja galonisar, det regnar ju&#8221; <\/em>och s\u00e5na saker till dem. Och pl\u00f6tsligt \u00e4r de vuxna, f\u00f6rst\u00e5ndiga, kloka, reflekterande varelser.<\/p>\n<p>Jag tycker att Edvin reflekterar oerh\u00f6rt klokt om sin ber\u00f6mmelse, om serien Young Royals och om sin framtid. Intressant att h\u00f6ra lite bakom kulisserna och om det enorma gensvar som de medverkande i serien f\u00e5tt, om hur den har f\u00f6r\u00e4ndrat m\u00e4nniskors liv \u00f6ver hela v\u00e4rlden.<\/p>\n<figure id=\"attachment_53641\" aria-describedby=\"caption-attachment-53641\" style=\"width: 1024px\" class=\"wp-caption alignnone\"><img loading=\"lazy\" decoding=\"async\" class=\"wp-image-53641 size-large\" src=\"https:\/\/4000mil.se\/wp-content\/uploads\/2022\/08\/Edvin-Ryding-original-904278-1024x683.jpg\" alt=\"b\u00e4sta sommarpratarna 2022\" width=\"1024\" height=\"683\" srcset=\"https:\/\/4000mil.se\/wp-content\/uploads\/2022\/08\/Edvin-Ryding-original-904278-1024x683.jpg 1024w, https:\/\/4000mil.se\/wp-content\/uploads\/2022\/08\/Edvin-Ryding-original-904278-300x200.jpg 300w, https:\/\/4000mil.se\/wp-content\/uploads\/2022\/08\/Edvin-Ryding-original-904278-768x512.jpg 768w, https:\/\/4000mil.se\/wp-content\/uploads\/2022\/08\/Edvin-Ryding-original-904278-1536x1025.jpg 1536w, https:\/\/4000mil.se\/wp-content\/uploads\/2022\/08\/Edvin-Ryding-original-904278-2000x1334.jpg 2000w, https:\/\/4000mil.se\/wp-content\/uploads\/2022\/08\/Edvin-Ryding-original-904278-800x534.jpg 800w, https:\/\/4000mil.se\/wp-content\/uploads\/2022\/08\/Edvin-Ryding-original-904278.jpg 2048w\" sizes=\"auto, (max-width: 1024px) 100vw, 1024px\" \/><figcaption id=\"caption-attachment-53641\" class=\"wp-caption-text\">Edvin Ryding<br \/>Sommarv\u00e4rd 2022<br \/>Sommar i P1<br \/>P1 Sveriges Radio<br \/>Foto: Mattias Ahlm\/Sveriges Radio<\/figcaption><\/figure>\n<h3>Katrine Marcal<\/h3>\n<p>I Katrines program f\u00e5r vi veta att P1 Sommar f\u00e5r ilskna mejl n\u00e4r en sommarpratare \u00e5terger samma inneh\u00e5ll som i sin senaste bok. Lite f\u00f6rv\u00e5nande f\u00f6r mig som, som sagt uppskattar n\u00e4r\u00a0 sommarpratarna talar om sina expertisomr\u00e5den.<\/p>\n<p>Men i detta fall leder det \u00f6ver Katrine p\u00e5 \u00e4mnet m\u00e4n och mansrollen. I st\u00e4llet f\u00f6r att prata om kvinnor och ekonomi, som hon skrivit om. Mycket intressant och tankev\u00e4ckande program tycker b\u00e5de jag och Christofer.<\/p>\n<figure id=\"attachment_53633\" aria-describedby=\"caption-attachment-53633\" style=\"width: 1024px\" class=\"wp-caption alignnone\"><img loading=\"lazy\" decoding=\"async\" class=\"wp-image-53633 size-large\" src=\"https:\/\/4000mil.se\/wp-content\/uploads\/2022\/08\/Katrine-Marcal-original-903014-1024x683.jpg\" alt=\"b\u00e4sta sommarpratarna 2022\" width=\"1024\" height=\"683\" srcset=\"https:\/\/4000mil.se\/wp-content\/uploads\/2022\/08\/Katrine-Marcal-original-903014-1024x683.jpg 1024w, https:\/\/4000mil.se\/wp-content\/uploads\/2022\/08\/Katrine-Marcal-original-903014-300x200.jpg 300w, https:\/\/4000mil.se\/wp-content\/uploads\/2022\/08\/Katrine-Marcal-original-903014-768x512.jpg 768w, https:\/\/4000mil.se\/wp-content\/uploads\/2022\/08\/Katrine-Marcal-original-903014-1536x1024.jpg 1536w, https:\/\/4000mil.se\/wp-content\/uploads\/2022\/08\/Katrine-Marcal-original-903014-2000x1333.jpg 2000w, https:\/\/4000mil.se\/wp-content\/uploads\/2022\/08\/Katrine-Marcal-original-903014-800x533.jpg 800w, https:\/\/4000mil.se\/wp-content\/uploads\/2022\/08\/Katrine-Marcal-original-903014.jpg 2048w\" sizes=\"auto, (max-width: 1024px) 100vw, 1024px\" \/><figcaption id=\"caption-attachment-53633\" class=\"wp-caption-text\">Katrine Mar\u00e7al<br \/>Sommarv\u00e4rd 2022<br \/>Sommar i P1<br \/>P1 Sveriges Radio<br \/>Foto: Mattias Ahlm\/Sveriges Radio<\/figcaption><\/figure>\n<h3>Alexander Abdallah<\/h3>\n<p>Jag vacklar lite om Alexander ska f\u00e5 vara p\u00e5 den h\u00e4r listan, eller den under. Men Christofer vill absolut ha honom h\u00e4r, s\u00e5 h\u00e4r f\u00e5r han ligga. Men helt klart faller vi b\u00e5da f\u00f6r Alexanders personlighet.<br \/>\n<em>&#8221;He had me at hello&#8221;<\/em>, brukar man ju s\u00e4ga. Men det f\u00e5r bli <em>&#8221;He had us at Jihad&#8221;<\/em> i det h\u00e4r fallet. F\u00f6r hur ska man rimligen kunna motst\u00e5 en sommarpratare som \u00e4r d\u00f6pt till Jihad i f\u00f6rnamn?<\/p>\n<p>Alexander \u00e4r rolig, annorlunda och personlig. Han ska absolut inte prata om att vara invandrare i Sverige, men g\u00f6r det f\u00f6rst\u00e5s hela tiden \u00e4nd\u00e5, fast p\u00e5 sitt s\u00e4tt. Hans sommarprat g\u00f6r ocks\u00e5 att vi sedan ser Snabba Cash p\u00e5 Netflix.<\/p>\n<figure id=\"attachment_53637\" aria-describedby=\"caption-attachment-53637\" style=\"width: 1024px\" class=\"wp-caption alignnone\"><img loading=\"lazy\" decoding=\"async\" class=\"wp-image-53637 size-large\" src=\"https:\/\/4000mil.se\/wp-content\/uploads\/2022\/08\/Alexander-Abdallah-original-902956-1024x683.jpg\" alt=\"b\u00e4sta sommarpratarna 2022\" width=\"1024\" height=\"683\" srcset=\"https:\/\/4000mil.se\/wp-content\/uploads\/2022\/08\/Alexander-Abdallah-original-902956-1024x683.jpg 1024w, https:\/\/4000mil.se\/wp-content\/uploads\/2022\/08\/Alexander-Abdallah-original-902956-300x200.jpg 300w, https:\/\/4000mil.se\/wp-content\/uploads\/2022\/08\/Alexander-Abdallah-original-902956-768x512.jpg 768w, https:\/\/4000mil.se\/wp-content\/uploads\/2022\/08\/Alexander-Abdallah-original-902956-1536x1025.jpg 1536w, https:\/\/4000mil.se\/wp-content\/uploads\/2022\/08\/Alexander-Abdallah-original-902956-2000x1334.jpg 2000w, https:\/\/4000mil.se\/wp-content\/uploads\/2022\/08\/Alexander-Abdallah-original-902956-800x534.jpg 800w, https:\/\/4000mil.se\/wp-content\/uploads\/2022\/08\/Alexander-Abdallah-original-902956.jpg 2048w\" sizes=\"auto, (max-width: 1024px) 100vw, 1024px\" \/><figcaption id=\"caption-attachment-53637\" class=\"wp-caption-text\">Alexander Abdallah<br \/>Sommarv\u00e4rd 2022<br \/>Sommar i P1<br \/>P1 Sveriges Radio Foto: Mattias Ahlm\/Sveriges Radio<\/figcaption><\/figure>\n<h2>8 till riktigt bra<\/h2>\n<h3>Anne-Marie Eklund L\u00f6winder<\/h3>\n<p>Kan IT-s\u00e4kerhet bli sp\u00e4nnande och intressant? Ja helt klart om r\u00e4tt person pratar. Ann-Marie bjuder p\u00e5 ett verkligt intressant sommarprat.<\/p>\n<figure id=\"attachment_53643\" aria-describedby=\"caption-attachment-53643\" style=\"width: 1024px\" class=\"wp-caption alignnone\"><img loading=\"lazy\" decoding=\"async\" class=\"size-large wp-image-53643\" src=\"https:\/\/4000mil.se\/wp-content\/uploads\/2022\/08\/Anne-Marie-Eklund-Lowinder-original-903753-1024x683.jpg\" alt=\"\" width=\"1024\" height=\"683\" srcset=\"https:\/\/4000mil.se\/wp-content\/uploads\/2022\/08\/Anne-Marie-Eklund-Lowinder-original-903753-1024x683.jpg 1024w, https:\/\/4000mil.se\/wp-content\/uploads\/2022\/08\/Anne-Marie-Eklund-Lowinder-original-903753-300x200.jpg 300w, https:\/\/4000mil.se\/wp-content\/uploads\/2022\/08\/Anne-Marie-Eklund-Lowinder-original-903753-768x512.jpg 768w, https:\/\/4000mil.se\/wp-content\/uploads\/2022\/08\/Anne-Marie-Eklund-Lowinder-original-903753-1536x1025.jpg 1536w, https:\/\/4000mil.se\/wp-content\/uploads\/2022\/08\/Anne-Marie-Eklund-Lowinder-original-903753-2000x1334.jpg 2000w, https:\/\/4000mil.se\/wp-content\/uploads\/2022\/08\/Anne-Marie-Eklund-Lowinder-original-903753-800x534.jpg 800w, https:\/\/4000mil.se\/wp-content\/uploads\/2022\/08\/Anne-Marie-Eklund-Lowinder-original-903753.jpg 2048w\" sizes=\"auto, (max-width: 1024px) 100vw, 1024px\" \/><figcaption id=\"caption-attachment-53643\" class=\"wp-caption-text\">Anne-Marie Eklund L\u00f6winder<br \/>Sommarv\u00e4rd 2022<br \/>Sommar i P1<br \/>P1 Sveriges Radio<br \/>Foto: Mattias Ahlm\/Sveriges Radio<\/figcaption><\/figure>\n<h3>Vigdis Hjort<\/h3>\n<p>En rapport av en f\u00e4ngelsevistelse inifr\u00e5n. Detta \u00e4r samh\u00e4llssatir p\u00e5 h\u00f6g niv\u00e5 och riktigt roligt. (Visst \u00e4r det Jimmie \u00c5keson som vill d\u00f6pa om Kriminalv\u00e5rden till Straffverket?)<\/p>\n<figure id=\"attachment_53636\" aria-describedby=\"caption-attachment-53636\" style=\"width: 1024px\" class=\"wp-caption alignnone\"><img loading=\"lazy\" decoding=\"async\" class=\"size-large wp-image-53636\" src=\"https:\/\/4000mil.se\/wp-content\/uploads\/2022\/08\/Vigdis-Hjort-original-901821-1024x683.jpg\" alt=\"\" width=\"1024\" height=\"683\" srcset=\"https:\/\/4000mil.se\/wp-content\/uploads\/2022\/08\/Vigdis-Hjort-original-901821-1024x683.jpg 1024w, https:\/\/4000mil.se\/wp-content\/uploads\/2022\/08\/Vigdis-Hjort-original-901821-300x200.jpg 300w, https:\/\/4000mil.se\/wp-content\/uploads\/2022\/08\/Vigdis-Hjort-original-901821-768x512.jpg 768w, https:\/\/4000mil.se\/wp-content\/uploads\/2022\/08\/Vigdis-Hjort-original-901821-1536x1024.jpg 1536w, https:\/\/4000mil.se\/wp-content\/uploads\/2022\/08\/Vigdis-Hjort-original-901821-2000x1333.jpg 2000w, https:\/\/4000mil.se\/wp-content\/uploads\/2022\/08\/Vigdis-Hjort-original-901821-800x533.jpg 800w, https:\/\/4000mil.se\/wp-content\/uploads\/2022\/08\/Vigdis-Hjort-original-901821.jpg 2048w\" sizes=\"auto, (max-width: 1024px) 100vw, 1024px\" \/><figcaption id=\"caption-attachment-53636\" class=\"wp-caption-text\">Sommar i P1<br \/>Vigdis Hjort<br \/>Foto: Thomas Brun \/ NTB<\/figcaption><\/figure>\n<h3>Carl Hedin<\/h3>\n<p>Denna kille \u00e4r superstor i h\u00e4stv\u00e4rlden, har jag f\u00f6rst\u00e5tt n\u00e4r jag pratat med syrran som f\u00f6der upp h\u00e4star. Vi kommer rakt in live p\u00e5 Carls sommarprat l\u00e4ngs E10:an mellan Kiruna och Absiko (annars lyssnar vi bara p\u00e5 podd) och faller totalt f\u00f6r denna supercharmiga djur\u00e4lskare. Jag \u00e4r till och med n\u00e4ra att trycka <em>f\u00f6lj<\/em> p\u00e5 hand h\u00e4st-instagram efter\u00e5t!<\/p>\n<figure id=\"attachment_53638\" aria-describedby=\"caption-attachment-53638\" style=\"width: 683px\" class=\"wp-caption alignnone\"><img loading=\"lazy\" decoding=\"async\" class=\"size-large wp-image-53638\" src=\"https:\/\/4000mil.se\/wp-content\/uploads\/2022\/08\/Sommar-i-P1-Carl-Hedin-original-902802-683x1024.jpg\" alt=\"\" width=\"683\" height=\"1024\" srcset=\"https:\/\/4000mil.se\/wp-content\/uploads\/2022\/08\/Sommar-i-P1-Carl-Hedin-original-902802-683x1024.jpg 683w, https:\/\/4000mil.se\/wp-content\/uploads\/2022\/08\/Sommar-i-P1-Carl-Hedin-original-902802-200x300.jpg 200w, https:\/\/4000mil.se\/wp-content\/uploads\/2022\/08\/Sommar-i-P1-Carl-Hedin-original-902802-768x1152.jpg 768w, https:\/\/4000mil.se\/wp-content\/uploads\/2022\/08\/Sommar-i-P1-Carl-Hedin-original-902802-1024x1536.jpg 1024w, https:\/\/4000mil.se\/wp-content\/uploads\/2022\/08\/Sommar-i-P1-Carl-Hedin-original-902802-800x1200.jpg 800w, https:\/\/4000mil.se\/wp-content\/uploads\/2022\/08\/Sommar-i-P1-Carl-Hedin-original-902802.jpg 1365w\" sizes=\"auto, (max-width: 683px) 100vw, 683px\" \/><figcaption id=\"caption-attachment-53638\" class=\"wp-caption-text\">Sommar i P1, Carl Hedin.<br \/>Foto:Henrik Brunnsg\u00e5rd<\/figcaption><\/figure>\n<h3>Farshid Jalalvand<\/h3>\n<p>Ett &#8221;l\u00e5ngsamt&#8221; och tankev\u00e4ckande program som vi uppskattar mycket att lyssna p\u00e5. Vaccin, vetenskap och filosofi, i en salig blandning.<\/p>\n<figure id=\"attachment_53644\" aria-describedby=\"caption-attachment-53644\" style=\"width: 1024px\" class=\"wp-caption alignnone\"><img loading=\"lazy\" decoding=\"async\" class=\"size-large wp-image-53644\" src=\"https:\/\/4000mil.se\/wp-content\/uploads\/2022\/08\/Sommar-i-P1-Farshid-Jalalvand-original-911173-1024x640.jpg\" alt=\"\" width=\"1024\" height=\"640\" srcset=\"https:\/\/4000mil.se\/wp-content\/uploads\/2022\/08\/Sommar-i-P1-Farshid-Jalalvand-original-911173-1024x640.jpg 1024w, https:\/\/4000mil.se\/wp-content\/uploads\/2022\/08\/Sommar-i-P1-Farshid-Jalalvand-original-911173-300x187.jpg 300w, https:\/\/4000mil.se\/wp-content\/uploads\/2022\/08\/Sommar-i-P1-Farshid-Jalalvand-original-911173-768x480.jpg 768w, https:\/\/4000mil.se\/wp-content\/uploads\/2022\/08\/Sommar-i-P1-Farshid-Jalalvand-original-911173-1536x959.jpg 1536w, https:\/\/4000mil.se\/wp-content\/uploads\/2022\/08\/Sommar-i-P1-Farshid-Jalalvand-original-911173-2000x1249.jpg 2000w, https:\/\/4000mil.se\/wp-content\/uploads\/2022\/08\/Sommar-i-P1-Farshid-Jalalvand-original-911173-800x500.jpg 800w, https:\/\/4000mil.se\/wp-content\/uploads\/2022\/08\/Sommar-i-P1-Farshid-Jalalvand-original-911173-640x400.jpg 640w, https:\/\/4000mil.se\/wp-content\/uploads\/2022\/08\/Sommar-i-P1-Farshid-Jalalvand-original-911173.jpg 2048w\" sizes=\"auto, (max-width: 1024px) 100vw, 1024px\" \/><figcaption id=\"caption-attachment-53644\" class=\"wp-caption-text\">Sommar i P1, Farshid Jalalvand, Foto: Lina Arvidsson<\/figcaption><\/figure>\n<h3>Camilla Hamid<\/h3>\n<p>Bakbloggaren som inte v\u00e5gade visa sitt ansikte av r\u00e4dsla f\u00f6r rasism. Men som n\u00e4r hon till slut gjorde det bara m\u00f6ttes av (\u00e4nnu mer) k\u00e4rlek.<\/p>\n<figure id=\"attachment_53645\" aria-describedby=\"caption-attachment-53645\" style=\"width: 1024px\" class=\"wp-caption alignnone\"><img loading=\"lazy\" decoding=\"async\" class=\"size-large wp-image-53645\" src=\"https:\/\/4000mil.se\/wp-content\/uploads\/2022\/08\/Camilla-Hamid-original-903008-1-1024x683.jpg\" alt=\"\" width=\"1024\" height=\"683\" srcset=\"https:\/\/4000mil.se\/wp-content\/uploads\/2022\/08\/Camilla-Hamid-original-903008-1-1024x683.jpg 1024w, https:\/\/4000mil.se\/wp-content\/uploads\/2022\/08\/Camilla-Hamid-original-903008-1-300x200.jpg 300w, https:\/\/4000mil.se\/wp-content\/uploads\/2022\/08\/Camilla-Hamid-original-903008-1-768x512.jpg 768w, https:\/\/4000mil.se\/wp-content\/uploads\/2022\/08\/Camilla-Hamid-original-903008-1-1536x1025.jpg 1536w, https:\/\/4000mil.se\/wp-content\/uploads\/2022\/08\/Camilla-Hamid-original-903008-1-2000x1334.jpg 2000w, https:\/\/4000mil.se\/wp-content\/uploads\/2022\/08\/Camilla-Hamid-original-903008-1-800x534.jpg 800w, https:\/\/4000mil.se\/wp-content\/uploads\/2022\/08\/Camilla-Hamid-original-903008-1.jpg 2048w\" sizes=\"auto, (max-width: 1024px) 100vw, 1024px\" \/><figcaption id=\"caption-attachment-53645\" class=\"wp-caption-text\">Camilla Hamid<br \/>Sommarv\u00e4rd 2022<br \/>Sommar i P1<br \/>P1 Sveriges Radio<br \/>Foto: Mattias Ahlm\/Sveriges Radio<\/figcaption><\/figure>\n<h3>Emanuel Karlsten<\/h3>\n<p>Jag b\u00f6rjar p\u00e5 Emanuel ute i stugan. Journalistisk bevakning av n\u00e5got kyrklig event. G\u00e4sp, s\u00e4ger jag och st\u00e4nger av. N\u00e5got annat f\u00e5ngar min uppm\u00e4rksamhet. Sedan, samtidigt som jag b\u00f6rjar skriva detta inl\u00e4gg, t\u00e4nker jag att jag kanske borde lyssna klart \u00e4nd\u00e5. Och programmet handlar om kyrkan och religion ja, men p\u00e5 ett s\u00e4tt att det f\u00e5r mig att t\u00e4nka till och f\u00e5 nya insikter.<\/p>\n<p>Programmet handlar om medier p\u00e5 samma s\u00e4tt. S\u00e5 att man hajar till och t\u00e4nker, v\u00e4nta nu, det \u00e4r ju sant, s\u00e5 \u00e4r det ju. Och det \u00e4r ju mina favorit-sommarprogram. De som g\u00f6r det med mig.<\/p>\n<p>Fast s\u00e5 s\u00e4ger Emanuel att han beg\u00e4rde ut Anders Tegnells samtlig mejl under pandemins f\u00f6rsta v\u00e5r.<br \/>\n&#8221;Jas\u00e5 det var han&#8221;, t\u00e4nker jag, det har provocerat mig som sjutton att journalister gjorde det. Folkh\u00e4lsomyndighetens resurser beh\u00f6vde verkligen, verkligen anv\u00e4ndas p\u00e5 vettigare s\u00e4tt just d\u00e4r och d\u00e5, \u00e4n att l\u00e4mna ut folks inkorgar bara f\u00f6r att n\u00e5gon murvel vill g\u00f6ra personlig karri\u00e4r p\u00e5 n\u00e5n tramsig konspirationsteori. S\u00e5 det s\u00e5. S\u00e5 d\u00e4r f\u00f6ll han ju bet\u00e4nkligt i min aktning.<\/p>\n<p>Men f\u00f6r det andra, f\u00f6r insikterna om koranbr\u00e4nning, tabun och filterbubblor, f\u00e5r han vara med p\u00e5 listan.<\/p>\n<figure id=\"attachment_53634\" aria-describedby=\"caption-attachment-53634\" style=\"width: 1024px\" class=\"wp-caption alignnone\"><img loading=\"lazy\" decoding=\"async\" class=\"size-large wp-image-53634\" src=\"https:\/\/4000mil.se\/wp-content\/uploads\/2022\/08\/Emanuel-Karlsten-original-903791-1024x683.jpg\" alt=\"\" width=\"1024\" height=\"683\" srcset=\"https:\/\/4000mil.se\/wp-content\/uploads\/2022\/08\/Emanuel-Karlsten-original-903791-1024x683.jpg 1024w, https:\/\/4000mil.se\/wp-content\/uploads\/2022\/08\/Emanuel-Karlsten-original-903791-300x200.jpg 300w, https:\/\/4000mil.se\/wp-content\/uploads\/2022\/08\/Emanuel-Karlsten-original-903791-768x512.jpg 768w, https:\/\/4000mil.se\/wp-content\/uploads\/2022\/08\/Emanuel-Karlsten-original-903791-1536x1024.jpg 1536w, https:\/\/4000mil.se\/wp-content\/uploads\/2022\/08\/Emanuel-Karlsten-original-903791-2000x1333.jpg 2000w, https:\/\/4000mil.se\/wp-content\/uploads\/2022\/08\/Emanuel-Karlsten-original-903791-800x533.jpg 800w, https:\/\/4000mil.se\/wp-content\/uploads\/2022\/08\/Emanuel-Karlsten-original-903791.jpg 2048w\" sizes=\"auto, (max-width: 1024px) 100vw, 1024px\" \/><figcaption id=\"caption-attachment-53634\" class=\"wp-caption-text\">Emanuel Karlsten<br \/>Sommarv\u00e4rd 2022<br \/>Sommar i P1<br \/>P1 Sveriges Radio<br \/>Foto: Mattias Ahlm\/Sveriges Radio<\/figcaption><\/figure>\n<h3>Susanne Dahl<\/h3>\n<p>-\u00c4h vi st\u00e4nger v\u00e4l av va? S\u00e4ger Christofer bara 10 minuter in p\u00e5 Susannes sommarprat.<br \/>\n&#8211; Nej, \u00e4r du galen, s\u00e4ger jag. Hon pratar ju precis som s\u00e5na saker som jag funderar p\u00e5 just nu. Ett typiskt 50-\u00e5rs-prat kanske, f\u00f6r jag k\u00e4nner mig p\u00e5 samma plats som Susanne i m\u00e5nga av hennes \u00e4mnen. \u00c4ven om just det kyrkliga (som inte f\u00e5r s\u00e5 stor plats i programmet) kanske inte \u00e4r min grej.<\/p>\n<figure id=\"attachment_53639\" aria-describedby=\"caption-attachment-53639\" style=\"width: 1024px\" class=\"wp-caption alignnone\"><img loading=\"lazy\" decoding=\"async\" class=\"size-large wp-image-53639\" src=\"https:\/\/4000mil.se\/wp-content\/uploads\/2022\/08\/Susanne-Dahl-original-903776-1024x683.jpg\" alt=\"\" width=\"1024\" height=\"683\" srcset=\"https:\/\/4000mil.se\/wp-content\/uploads\/2022\/08\/Susanne-Dahl-original-903776-1024x683.jpg 1024w, https:\/\/4000mil.se\/wp-content\/uploads\/2022\/08\/Susanne-Dahl-original-903776-300x200.jpg 300w, https:\/\/4000mil.se\/wp-content\/uploads\/2022\/08\/Susanne-Dahl-original-903776-768x512.jpg 768w, https:\/\/4000mil.se\/wp-content\/uploads\/2022\/08\/Susanne-Dahl-original-903776-1536x1025.jpg 1536w, https:\/\/4000mil.se\/wp-content\/uploads\/2022\/08\/Susanne-Dahl-original-903776-2000x1334.jpg 2000w, https:\/\/4000mil.se\/wp-content\/uploads\/2022\/08\/Susanne-Dahl-original-903776-800x534.jpg 800w, https:\/\/4000mil.se\/wp-content\/uploads\/2022\/08\/Susanne-Dahl-original-903776.jpg 2048w\" sizes=\"auto, (max-width: 1024px) 100vw, 1024px\" \/><figcaption id=\"caption-attachment-53639\" class=\"wp-caption-text\">Susanne Dahl, pr\u00e4st och poet, Ume\u00e5<\/figcaption><\/figure>\n<h3>Stefan Krakowski<\/h3>\n<p>Stefan pratar om Incel-m\u00e4nnen. Intressant och tankev\u00e4ckande om ett fenomen som uppst\u00e5tt sedan kvinnor i v\u00e4stv\u00e4rlden f\u00e5tt ekonomisk sj\u00e4lvst\u00e4ndighet och sj\u00e4lv kan v\u00e4lja om och vilken man de vill ha en relation med. Och de m\u00e4n som d\u00e5 blir bortvalda.<\/p>\n<figure id=\"attachment_53648\" aria-describedby=\"caption-attachment-53648\" style=\"width: 1024px\" class=\"wp-caption alignnone\"><img loading=\"lazy\" decoding=\"async\" class=\"size-large wp-image-53648\" src=\"https:\/\/4000mil.se\/wp-content\/uploads\/2022\/08\/Stefan-Krakowski-original-903767-1024x683.jpg\" alt=\"\" width=\"1024\" height=\"683\" srcset=\"https:\/\/4000mil.se\/wp-content\/uploads\/2022\/08\/Stefan-Krakowski-original-903767-1024x683.jpg 1024w, https:\/\/4000mil.se\/wp-content\/uploads\/2022\/08\/Stefan-Krakowski-original-903767-300x200.jpg 300w, https:\/\/4000mil.se\/wp-content\/uploads\/2022\/08\/Stefan-Krakowski-original-903767-768x512.jpg 768w, https:\/\/4000mil.se\/wp-content\/uploads\/2022\/08\/Stefan-Krakowski-original-903767-1536x1025.jpg 1536w, https:\/\/4000mil.se\/wp-content\/uploads\/2022\/08\/Stefan-Krakowski-original-903767-2000x1334.jpg 2000w, https:\/\/4000mil.se\/wp-content\/uploads\/2022\/08\/Stefan-Krakowski-original-903767-800x534.jpg 800w, https:\/\/4000mil.se\/wp-content\/uploads\/2022\/08\/Stefan-Krakowski-original-903767.jpg 2048w\" sizes=\"auto, (max-width: 1024px) 100vw, 1024px\" \/><figcaption id=\"caption-attachment-53648\" class=\"wp-caption-text\">Stefan Krakowski<br \/>Sommarv\u00e4rd 2022<br \/>Sommar i P1<br \/>P1 Sveriges Radio<br \/>Foto: Mattias Ahlm\/Sveriges Radio<\/figcaption><\/figure>\n<h2>Special-kategori humor &#8211; Marie Agerh\u00e4ll<\/h2>\n<p>Jag gillar som sagt att l\u00e4ra mig n\u00e5got av ett sommarprat, att bli lite klokare. Men ibland \u00e4r det sk\u00f6nt att bara f\u00e5 skratta lite ocks\u00e5. Och d\u00e5 \u00e4r Marie o\u00f6vertr\u00e4ffad i \u00e5r.<\/p>\n<figure id=\"attachment_53646\" aria-describedby=\"caption-attachment-53646\" style=\"width: 1024px\" class=\"wp-caption alignnone\"><img loading=\"lazy\" decoding=\"async\" class=\"size-large wp-image-53646\" src=\"https:\/\/4000mil.se\/wp-content\/uploads\/2022\/08\/Marie-Agerhall-original-906254-1-1024x683.jpg\" alt=\"\" width=\"1024\" height=\"683\" srcset=\"https:\/\/4000mil.se\/wp-content\/uploads\/2022\/08\/Marie-Agerhall-original-906254-1-1024x683.jpg 1024w, https:\/\/4000mil.se\/wp-content\/uploads\/2022\/08\/Marie-Agerhall-original-906254-1-300x200.jpg 300w, https:\/\/4000mil.se\/wp-content\/uploads\/2022\/08\/Marie-Agerhall-original-906254-1-768x512.jpg 768w, https:\/\/4000mil.se\/wp-content\/uploads\/2022\/08\/Marie-Agerhall-original-906254-1-1536x1025.jpg 1536w, https:\/\/4000mil.se\/wp-content\/uploads\/2022\/08\/Marie-Agerhall-original-906254-1-2000x1334.jpg 2000w, https:\/\/4000mil.se\/wp-content\/uploads\/2022\/08\/Marie-Agerhall-original-906254-1-800x534.jpg 800w, https:\/\/4000mil.se\/wp-content\/uploads\/2022\/08\/Marie-Agerhall-original-906254-1.jpg 2048w\" sizes=\"auto, (max-width: 1024px) 100vw, 1024px\" \/><figcaption id=\"caption-attachment-53646\" class=\"wp-caption-text\">Marie Agerh\u00e4ll<br \/>Sommarv\u00e4rd 2022<br \/>Sommar i P1<br \/>P1 Sveriges Radio<br \/>Foto: Mattias Ahlm\/Sveriges Radio<\/figcaption><\/figure>\n<p>L\u00e4s min lista \u00f6ver b\u00e4sta <a href=\"https:\/\/4000mil.se\/index.php\/basta-sommarpratarna-2021-6-favoriter-och-13-till-riktigt-bra\/\">sommarpratarna 2021<\/a> h\u00e4r och <a href=\"https:\/\/4000mil.se\/index.php\/basta-sommarpratarna-2020\/\">2020<\/a> h\u00e4r.<\/p>\n<p>Gl\u00f6m inte att <a href=\"https:\/\/www.facebook.com\/4000mil\/\" target=\"_blank\" rel=\"noopener noreferrer\">f\u00f6lja 4000mil p\u00e5 Facebook<\/a>\u00a0och\u00a0<a href=\"https:\/\/www.instagram.com\/4000mil.se\/\" target=\"_blank\" rel=\"noopener noreferrer\">p\u00e5 Instagram<\/a>.<\/p>\n<p>&nbsp;<\/p>\n","protected":false},"excerpt":{"rendered":"<p>\u00c5rets sista sommarpratare pratar i dag och traditionsenligt publicerar jag en lista \u00f6ver vilka sommarprat som jag tycker \u00e4r allra b\u00e4st i \u00e5r och vilka som jag tycker \u00e4r synnerligen lyssningsv\u00e4rda. B\u00e4sta sommarpratarna 2022, helt enkelt. Som vanligt har jag inte lyssnat p\u00e5 alla, idrottare hoppar jag vanligen \u00f6ver. I [&hellip;]<\/p>\n","protected":false},"author":3,"featured_media":53628,"comment_status":"open","ping_status":"open","sticky":false,"template":"","format":"standard","meta":{"_monsterinsights_skip_tracking":false,"_monsterinsights_sitenote_active":false,"_monsterinsights_sitenote_note":"","_monsterinsights_sitenote_category":0,"footnotes":""},"categories":[1516],"tags":[12719],"class_list":["post-53291","post","type-post","status-publish","format-standard","has-post-thumbnail","hentry","category-personligt","tag-sommarpratare"],"yoast_head":"<!-- This site is optimized with the Yoast SEO plugin v27.5 - https:\/\/yoast.com\/product\/yoast-seo-wordpress\/ -->\n<title>B\u00e4sta sommarpratarna 2022 - och n\u00e5gra till du inte f\u00e5r missa<\/title>\n<meta name=\"description\" content=\"Vilka \u00e4r det b\u00e4sta sommarpratarna 2022? Jag listar mina favoriter och ett g\u00e4ng till som jag tycker \u00e4r riktigt lyssningsv\u00e4rda.\" \/>\n<meta name=\"robots\" content=\"index, follow, max-snippet:-1, max-image-preview:large, max-video-preview:-1\" \/>\n<link rel=\"canonical\" href=\"https:\/\/4000mil.se\/index.php\/de-7-basta-sommarpratarna-2022-och-9-till-du-inte-heller-far-missa\/\" \/>\n<meta property=\"og:locale\" content=\"sv_SE\" \/>\n<meta property=\"og:type\" content=\"article\" \/>\n<meta property=\"og:title\" content=\"B\u00e4sta sommarpratarna 2022 - och n\u00e5gra till du inte f\u00e5r missa\" \/>\n<meta property=\"og:description\" content=\"Vilka \u00e4r det b\u00e4sta sommarpratarna 2022? Jag listar mina favoriter och ett g\u00e4ng till som jag tycker \u00e4r riktigt lyssningsv\u00e4rda.\" \/>\n<meta property=\"og:url\" content=\"https:\/\/4000mil.se\/index.php\/de-7-basta-sommarpratarna-2022-och-9-till-du-inte-heller-far-missa\/\" \/>\n<meta property=\"og:site_name\" content=\"4000 mil - en reseblogg\" \/>\n<meta property=\"article:publisher\" content=\"https:\/\/www.facebook.com\/4000mil\/\" \/>\n<meta property=\"article:published_time\" content=\"2022-08-21T06:00:00+00:00\" \/>\n<meta property=\"article:modified_time\" content=\"2022-08-21T12:55:47+00:00\" \/>\n<meta property=\"og:image\" content=\"https:\/\/4000mil.se\/wp-content\/uploads\/2022\/08\/Sommar-i-P1-Pressbild-original-907296.jpg\" \/>\n\t<meta property=\"og:image:width\" content=\"2048\" \/>\n\t<meta property=\"og:image:height\" content=\"1279\" \/>\n\t<meta property=\"og:image:type\" content=\"image\/jpeg\" \/>\n<meta name=\"author\" content=\"Gunilla Yourstone\" \/>\n<meta name=\"twitter:card\" content=\"summary_large_image\" \/>\n<meta name=\"twitter:creator\" content=\"@4000mil_se\" \/>\n<meta name=\"twitter:site\" content=\"@4000mil_se\" \/>\n<meta name=\"twitter:label1\" content=\"Skriven av\" \/>\n\t<meta name=\"twitter:data1\" content=\"Gunilla Yourstone\" \/>\n\t<meta name=\"twitter:label2\" content=\"Ber\u00e4knad l\u00e4stid\" \/>\n\t<meta name=\"twitter:data2\" content=\"14 minuter\" \/>\n<script type=\"application\/ld+json\" class=\"yoast-schema-graph\">{\"@context\":\"https:\\\/\\\/schema.org\",\"@graph\":[{\"@type\":\"Article\",\"@id\":\"https:\\\/\\\/4000mil.se\\\/index.php\\\/de-7-basta-sommarpratarna-2022-och-9-till-du-inte-heller-far-missa\\\/#article\",\"isPartOf\":{\"@id\":\"https:\\\/\\\/4000mil.se\\\/index.php\\\/de-7-basta-sommarpratarna-2022-och-9-till-du-inte-heller-far-missa\\\/\"},\"author\":{\"name\":\"Gunilla Yourstone\",\"@id\":\"https:\\\/\\\/4000mil.se\\\/#\\\/schema\\\/person\\\/cda463da9f6f2c4d9bbc173471184a73\"},\"headline\":\"B\u00e4sta sommarpratarna 2022 &#8211; och n\u00e5gra till du inte f\u00e5r missa\",\"datePublished\":\"2022-08-21T06:00:00+00:00\",\"dateModified\":\"2022-08-21T12:55:47+00:00\",\"mainEntityOfPage\":{\"@id\":\"https:\\\/\\\/4000mil.se\\\/index.php\\\/de-7-basta-sommarpratarna-2022-och-9-till-du-inte-heller-far-missa\\\/\"},\"wordCount\":2342,\"commentCount\":2,\"publisher\":{\"@id\":\"https:\\\/\\\/4000mil.se\\\/#organization\"},\"image\":{\"@id\":\"https:\\\/\\\/4000mil.se\\\/index.php\\\/de-7-basta-sommarpratarna-2022-och-9-till-du-inte-heller-far-missa\\\/#primaryimage\"},\"thumbnailUrl\":\"https:\\\/\\\/4000mil.se\\\/wp-content\\\/uploads\\\/2022\\\/08\\\/Sommar-i-P1-Pressbild-original-907296.jpg\",\"keywords\":[\"sommarpratare\"],\"articleSection\":[\"Personligt\"],\"inLanguage\":\"sv-SE\",\"potentialAction\":[{\"@type\":\"CommentAction\",\"name\":\"Comment\",\"target\":[\"https:\\\/\\\/4000mil.se\\\/index.php\\\/de-7-basta-sommarpratarna-2022-och-9-till-du-inte-heller-far-missa\\\/#respond\"]}]},{\"@type\":\"WebPage\",\"@id\":\"https:\\\/\\\/4000mil.se\\\/index.php\\\/de-7-basta-sommarpratarna-2022-och-9-till-du-inte-heller-far-missa\\\/\",\"url\":\"https:\\\/\\\/4000mil.se\\\/index.php\\\/de-7-basta-sommarpratarna-2022-och-9-till-du-inte-heller-far-missa\\\/\",\"name\":\"B\u00e4sta sommarpratarna 2022 - och n\u00e5gra till du inte f\u00e5r missa\",\"isPartOf\":{\"@id\":\"https:\\\/\\\/4000mil.se\\\/#website\"},\"primaryImageOfPage\":{\"@id\":\"https:\\\/\\\/4000mil.se\\\/index.php\\\/de-7-basta-sommarpratarna-2022-och-9-till-du-inte-heller-far-missa\\\/#primaryimage\"},\"image\":{\"@id\":\"https:\\\/\\\/4000mil.se\\\/index.php\\\/de-7-basta-sommarpratarna-2022-och-9-till-du-inte-heller-far-missa\\\/#primaryimage\"},\"thumbnailUrl\":\"https:\\\/\\\/4000mil.se\\\/wp-content\\\/uploads\\\/2022\\\/08\\\/Sommar-i-P1-Pressbild-original-907296.jpg\",\"datePublished\":\"2022-08-21T06:00:00+00:00\",\"dateModified\":\"2022-08-21T12:55:47+00:00\",\"description\":\"Vilka \u00e4r det b\u00e4sta sommarpratarna 2022? Jag listar mina favoriter och ett g\u00e4ng till som jag tycker \u00e4r riktigt lyssningsv\u00e4rda.\",\"breadcrumb\":{\"@id\":\"https:\\\/\\\/4000mil.se\\\/index.php\\\/de-7-basta-sommarpratarna-2022-och-9-till-du-inte-heller-far-missa\\\/#breadcrumb\"},\"inLanguage\":\"sv-SE\",\"potentialAction\":[{\"@type\":\"ReadAction\",\"target\":[\"https:\\\/\\\/4000mil.se\\\/index.php\\\/de-7-basta-sommarpratarna-2022-och-9-till-du-inte-heller-far-missa\\\/\"]}]},{\"@type\":\"ImageObject\",\"inLanguage\":\"sv-SE\",\"@id\":\"https:\\\/\\\/4000mil.se\\\/index.php\\\/de-7-basta-sommarpratarna-2022-och-9-till-du-inte-heller-far-missa\\\/#primaryimage\",\"url\":\"https:\\\/\\\/4000mil.se\\\/wp-content\\\/uploads\\\/2022\\\/08\\\/Sommar-i-P1-Pressbild-original-907296.jpg\",\"contentUrl\":\"https:\\\/\\\/4000mil.se\\\/wp-content\\\/uploads\\\/2022\\\/08\\\/Sommar-i-P1-Pressbild-original-907296.jpg\",\"width\":2048,\"height\":1279},{\"@type\":\"BreadcrumbList\",\"@id\":\"https:\\\/\\\/4000mil.se\\\/index.php\\\/de-7-basta-sommarpratarna-2022-och-9-till-du-inte-heller-far-missa\\\/#breadcrumb\",\"itemListElement\":[{\"@type\":\"ListItem\",\"position\":1,\"name\":\"Home\",\"item\":\"https:\\\/\\\/4000mil.se\\\/\"},{\"@type\":\"ListItem\",\"position\":2,\"name\":\"B\u00e4sta sommarpratarna 2022 &#8211; och n\u00e5gra till du inte f\u00e5r missa\"}]},{\"@type\":\"WebSite\",\"@id\":\"https:\\\/\\\/4000mil.se\\\/#website\",\"url\":\"https:\\\/\\\/4000mil.se\\\/\",\"name\":\"4000 mil - en reseblogg\",\"description\":\"We haven&#039;t been everywhere, but it is on our list.\",\"publisher\":{\"@id\":\"https:\\\/\\\/4000mil.se\\\/#organization\"},\"potentialAction\":[{\"@type\":\"SearchAction\",\"target\":{\"@type\":\"EntryPoint\",\"urlTemplate\":\"https:\\\/\\\/4000mil.se\\\/?s={search_term_string}\"},\"query-input\":{\"@type\":\"PropertyValueSpecification\",\"valueRequired\":true,\"valueName\":\"search_term_string\"}}],\"inLanguage\":\"sv-SE\"},{\"@type\":\"Organization\",\"@id\":\"https:\\\/\\\/4000mil.se\\\/#organization\",\"name\":\"4000mil\",\"url\":\"https:\\\/\\\/4000mil.se\\\/\",\"logo\":{\"@type\":\"ImageObject\",\"inLanguage\":\"sv-SE\",\"@id\":\"https:\\\/\\\/4000mil.se\\\/#\\\/schema\\\/logo\\\/image\\\/\",\"url\":\"https:\\\/\\\/4000mil.se\\\/wp-content\\\/uploads\\\/2017\\\/07\\\/rsz_img_5178-e1511641744338.jpg\",\"contentUrl\":\"https:\\\/\\\/4000mil.se\\\/wp-content\\\/uploads\\\/2017\\\/07\\\/rsz_img_5178-e1511641744338.jpg\",\"width\":1000,\"height\":667,\"caption\":\"4000mil\"},\"image\":{\"@id\":\"https:\\\/\\\/4000mil.se\\\/#\\\/schema\\\/logo\\\/image\\\/\"},\"sameAs\":[\"https:\\\/\\\/www.facebook.com\\\/4000mil\\\/\",\"https:\\\/\\\/x.com\\\/4000mil_se\",\"https:\\\/\\\/www.instagram.com\\\/4000mil.se\\\/\",\"https:\\\/\\\/www.youtube.com\\\/channel\\\/UCJ-arZd2a7dT4Kqq5GtVbXQ\"]},{\"@type\":\"Person\",\"@id\":\"https:\\\/\\\/4000mil.se\\\/#\\\/schema\\\/person\\\/cda463da9f6f2c4d9bbc173471184a73\",\"name\":\"Gunilla Yourstone\",\"image\":{\"@type\":\"ImageObject\",\"inLanguage\":\"sv-SE\",\"@id\":\"https:\\\/\\\/secure.gravatar.com\\\/avatar\\\/2df85d0820b33bffdd86a729d25273c6153c1cc9b1338f26ef0c98d01163520d?s=96&d=mm&r=g\",\"url\":\"https:\\\/\\\/secure.gravatar.com\\\/avatar\\\/2df85d0820b33bffdd86a729d25273c6153c1cc9b1338f26ef0c98d01163520d?s=96&d=mm&r=g\",\"contentUrl\":\"https:\\\/\\\/secure.gravatar.com\\\/avatar\\\/2df85d0820b33bffdd86a729d25273c6153c1cc9b1338f26ef0c98d01163520d?s=96&d=mm&r=g\",\"caption\":\"Gunilla Yourstone\"},\"url\":\"https:\\\/\\\/4000mil.se\\\/index.php\\\/author\\\/gunillay\\\/\"}]}<\/script>\n<!-- \/ Yoast SEO plugin. -->","yoast_head_json":{"title":"B\u00e4sta sommarpratarna 2022 - och n\u00e5gra till du inte f\u00e5r missa","description":"Vilka \u00e4r det b\u00e4sta sommarpratarna 2022? Jag listar mina favoriter och ett g\u00e4ng till som jag tycker \u00e4r riktigt lyssningsv\u00e4rda.","robots":{"index":"index","follow":"follow","max-snippet":"max-snippet:-1","max-image-preview":"max-image-preview:large","max-video-preview":"max-video-preview:-1"},"canonical":"https:\/\/4000mil.se\/index.php\/de-7-basta-sommarpratarna-2022-och-9-till-du-inte-heller-far-missa\/","og_locale":"sv_SE","og_type":"article","og_title":"B\u00e4sta sommarpratarna 2022 - och n\u00e5gra till du inte f\u00e5r missa","og_description":"Vilka \u00e4r det b\u00e4sta sommarpratarna 2022? Jag listar mina favoriter och ett g\u00e4ng till som jag tycker \u00e4r riktigt lyssningsv\u00e4rda.","og_url":"https:\/\/4000mil.se\/index.php\/de-7-basta-sommarpratarna-2022-och-9-till-du-inte-heller-far-missa\/","og_site_name":"4000 mil - en reseblogg","article_publisher":"https:\/\/www.facebook.com\/4000mil\/","article_published_time":"2022-08-21T06:00:00+00:00","article_modified_time":"2022-08-21T12:55:47+00:00","og_image":[{"width":2048,"height":1279,"url":"https:\/\/4000mil.se\/wp-content\/uploads\/2022\/08\/Sommar-i-P1-Pressbild-original-907296.jpg","type":"image\/jpeg"}],"author":"Gunilla Yourstone","twitter_card":"summary_large_image","twitter_creator":"@4000mil_se","twitter_site":"@4000mil_se","twitter_misc":{"Skriven av":"Gunilla Yourstone","Ber\u00e4knad l\u00e4stid":"14 minuter"},"schema":{"@context":"https:\/\/schema.org","@graph":[{"@type":"Article","@id":"https:\/\/4000mil.se\/index.php\/de-7-basta-sommarpratarna-2022-och-9-till-du-inte-heller-far-missa\/#article","isPartOf":{"@id":"https:\/\/4000mil.se\/index.php\/de-7-basta-sommarpratarna-2022-och-9-till-du-inte-heller-far-missa\/"},"author":{"name":"Gunilla Yourstone","@id":"https:\/\/4000mil.se\/#\/schema\/person\/cda463da9f6f2c4d9bbc173471184a73"},"headline":"B\u00e4sta sommarpratarna 2022 &#8211; och n\u00e5gra till du inte f\u00e5r missa","datePublished":"2022-08-21T06:00:00+00:00","dateModified":"2022-08-21T12:55:47+00:00","mainEntityOfPage":{"@id":"https:\/\/4000mil.se\/index.php\/de-7-basta-sommarpratarna-2022-och-9-till-du-inte-heller-far-missa\/"},"wordCount":2342,"commentCount":2,"publisher":{"@id":"https:\/\/4000mil.se\/#organization"},"image":{"@id":"https:\/\/4000mil.se\/index.php\/de-7-basta-sommarpratarna-2022-och-9-till-du-inte-heller-far-missa\/#primaryimage"},"thumbnailUrl":"https:\/\/4000mil.se\/wp-content\/uploads\/2022\/08\/Sommar-i-P1-Pressbild-original-907296.jpg","keywords":["sommarpratare"],"articleSection":["Personligt"],"inLanguage":"sv-SE","potentialAction":[{"@type":"CommentAction","name":"Comment","target":["https:\/\/4000mil.se\/index.php\/de-7-basta-sommarpratarna-2022-och-9-till-du-inte-heller-far-missa\/#respond"]}]},{"@type":"WebPage","@id":"https:\/\/4000mil.se\/index.php\/de-7-basta-sommarpratarna-2022-och-9-till-du-inte-heller-far-missa\/","url":"https:\/\/4000mil.se\/index.php\/de-7-basta-sommarpratarna-2022-och-9-till-du-inte-heller-far-missa\/","name":"B\u00e4sta sommarpratarna 2022 - och n\u00e5gra till du inte f\u00e5r missa","isPartOf":{"@id":"https:\/\/4000mil.se\/#website"},"primaryImageOfPage":{"@id":"https:\/\/4000mil.se\/index.php\/de-7-basta-sommarpratarna-2022-och-9-till-du-inte-heller-far-missa\/#primaryimage"},"image":{"@id":"https:\/\/4000mil.se\/index.php\/de-7-basta-sommarpratarna-2022-och-9-till-du-inte-heller-far-missa\/#primaryimage"},"thumbnailUrl":"https:\/\/4000mil.se\/wp-content\/uploads\/2022\/08\/Sommar-i-P1-Pressbild-original-907296.jpg","datePublished":"2022-08-21T06:00:00+00:00","dateModified":"2022-08-21T12:55:47+00:00","description":"Vilka \u00e4r det b\u00e4sta sommarpratarna 2022? Jag listar mina favoriter och ett g\u00e4ng till som jag tycker \u00e4r riktigt lyssningsv\u00e4rda.","breadcrumb":{"@id":"https:\/\/4000mil.se\/index.php\/de-7-basta-sommarpratarna-2022-och-9-till-du-inte-heller-far-missa\/#breadcrumb"},"inLanguage":"sv-SE","potentialAction":[{"@type":"ReadAction","target":["https:\/\/4000mil.se\/index.php\/de-7-basta-sommarpratarna-2022-och-9-till-du-inte-heller-far-missa\/"]}]},{"@type":"ImageObject","inLanguage":"sv-SE","@id":"https:\/\/4000mil.se\/index.php\/de-7-basta-sommarpratarna-2022-och-9-till-du-inte-heller-far-missa\/#primaryimage","url":"https:\/\/4000mil.se\/wp-content\/uploads\/2022\/08\/Sommar-i-P1-Pressbild-original-907296.jpg","contentUrl":"https:\/\/4000mil.se\/wp-content\/uploads\/2022\/08\/Sommar-i-P1-Pressbild-original-907296.jpg","width":2048,"height":1279},{"@type":"BreadcrumbList","@id":"https:\/\/4000mil.se\/index.php\/de-7-basta-sommarpratarna-2022-och-9-till-du-inte-heller-far-missa\/#breadcrumb","itemListElement":[{"@type":"ListItem","position":1,"name":"Home","item":"https:\/\/4000mil.se\/"},{"@type":"ListItem","position":2,"name":"B\u00e4sta sommarpratarna 2022 &#8211; och n\u00e5gra till du inte f\u00e5r missa"}]},{"@type":"WebSite","@id":"https:\/\/4000mil.se\/#website","url":"https:\/\/4000mil.se\/","name":"4000 mil - en reseblogg","description":"We haven&#039;t been everywhere, but it is on our list.","publisher":{"@id":"https:\/\/4000mil.se\/#organization"},"potentialAction":[{"@type":"SearchAction","target":{"@type":"EntryPoint","urlTemplate":"https:\/\/4000mil.se\/?s={search_term_string}"},"query-input":{"@type":"PropertyValueSpecification","valueRequired":true,"valueName":"search_term_string"}}],"inLanguage":"sv-SE"},{"@type":"Organization","@id":"https:\/\/4000mil.se\/#organization","name":"4000mil","url":"https:\/\/4000mil.se\/","logo":{"@type":"ImageObject","inLanguage":"sv-SE","@id":"https:\/\/4000mil.se\/#\/schema\/logo\/image\/","url":"https:\/\/4000mil.se\/wp-content\/uploads\/2017\/07\/rsz_img_5178-e1511641744338.jpg","contentUrl":"https:\/\/4000mil.se\/wp-content\/uploads\/2017\/07\/rsz_img_5178-e1511641744338.jpg","width":1000,"height":667,"caption":"4000mil"},"image":{"@id":"https:\/\/4000mil.se\/#\/schema\/logo\/image\/"},"sameAs":["https:\/\/www.facebook.com\/4000mil\/","https:\/\/x.com\/4000mil_se","https:\/\/www.instagram.com\/4000mil.se\/","https:\/\/www.youtube.com\/channel\/UCJ-arZd2a7dT4Kqq5GtVbXQ"]},{"@type":"Person","@id":"https:\/\/4000mil.se\/#\/schema\/person\/cda463da9f6f2c4d9bbc173471184a73","name":"Gunilla Yourstone","image":{"@type":"ImageObject","inLanguage":"sv-SE","@id":"https:\/\/secure.gravatar.com\/avatar\/2df85d0820b33bffdd86a729d25273c6153c1cc9b1338f26ef0c98d01163520d?s=96&d=mm&r=g","url":"https:\/\/secure.gravatar.com\/avatar\/2df85d0820b33bffdd86a729d25273c6153c1cc9b1338f26ef0c98d01163520d?s=96&d=mm&r=g","contentUrl":"https:\/\/secure.gravatar.com\/avatar\/2df85d0820b33bffdd86a729d25273c6153c1cc9b1338f26ef0c98d01163520d?s=96&d=mm&r=g","caption":"Gunilla Yourstone"},"url":"https:\/\/4000mil.se\/index.php\/author\/gunillay\/"}]}},"_links":{"self":[{"href":"https:\/\/4000mil.se\/index.php\/wp-json\/wp\/v2\/posts\/53291","targetHints":{"allow":["GET"]}}],"collection":[{"href":"https:\/\/4000mil.se\/index.php\/wp-json\/wp\/v2\/posts"}],"about":[{"href":"https:\/\/4000mil.se\/index.php\/wp-json\/wp\/v2\/types\/post"}],"author":[{"embeddable":true,"href":"https:\/\/4000mil.se\/index.php\/wp-json\/wp\/v2\/users\/3"}],"replies":[{"embeddable":true,"href":"https:\/\/4000mil.se\/index.php\/wp-json\/wp\/v2\/comments?post=53291"}],"version-history":[{"count":18,"href":"https:\/\/4000mil.se\/index.php\/wp-json\/wp\/v2\/posts\/53291\/revisions"}],"predecessor-version":[{"id":53689,"href":"https:\/\/4000mil.se\/index.php\/wp-json\/wp\/v2\/posts\/53291\/revisions\/53689"}],"wp:featuredmedia":[{"embeddable":true,"href":"https:\/\/4000mil.se\/index.php\/wp-json\/wp\/v2\/media\/53628"}],"wp:attachment":[{"href":"https:\/\/4000mil.se\/index.php\/wp-json\/wp\/v2\/media?parent=53291"}],"wp:term":[{"taxonomy":"category","embeddable":true,"href":"https:\/\/4000mil.se\/index.php\/wp-json\/wp\/v2\/categories?post=53291"},{"taxonomy":"post_tag","embeddable":true,"href":"https:\/\/4000mil.se\/index.php\/wp-json\/wp\/v2\/tags?post=53291"}],"curies":[{"name":"wp","href":"https:\/\/api.w.org\/{rel}","templated":true}]}}