{"id":54896,"date":"2022-11-06T08:00:00","date_gmt":"2022-11-06T07:00:00","guid":{"rendered":"https:\/\/4000mil.se\/?p=54896"},"modified":"2023-10-07T19:27:21","modified_gmt":"2023-10-07T17:27:21","slug":"camino-portugues-pilgrimsvandring","status":"publish","type":"post","link":"https:\/\/4000mil.se\/index.php\/camino-portugues-pilgrimsvandring\/","title":{"rendered":"Camino Portugues &#8211; pilgrimsvandring l\u00e4ngs Portugals kust"},"content":{"rendered":"<p>Att n\u00e5gon g\u00e5ng vandra Caminon har blivit som en h\u00e4gring f\u00f6r oss. En dr\u00f6m, n\u00e5got som vi verkligen, verkligen vill ta oss tid att g\u00f6ra. Men den tar ju s\u00e5n tid! N\u00e5got som man s\u00e4llan har mitt i livet. \u00c4ven om det f\u00f6r all del \u00e4r lite b\u00e4ttre med den varan nu \u00e4n n\u00e4r det var fullt upp med 4 barn, matlagning, skjuts till aktiviteter, l\u00e4xl\u00e4sning. Men \u00e4nd\u00e5.<\/p>\n<p><img loading=\"lazy\" decoding=\"async\" class=\"alignnone size-large wp-image-55157\" src=\"https:\/\/4000mil.se\/wp-content\/uploads\/2022\/11\/IMG_6974-1024x683.jpg\" alt=\"\" width=\"1024\" height=\"683\" srcset=\"https:\/\/4000mil.se\/wp-content\/uploads\/2022\/11\/IMG_6974-1024x683.jpg 1024w, https:\/\/4000mil.se\/wp-content\/uploads\/2022\/11\/IMG_6974-300x200.jpg 300w, https:\/\/4000mil.se\/wp-content\/uploads\/2022\/11\/IMG_6974-768x512.jpg 768w, https:\/\/4000mil.se\/wp-content\/uploads\/2022\/11\/IMG_6974-1536x1024.jpg 1536w, https:\/\/4000mil.se\/wp-content\/uploads\/2022\/11\/IMG_6974-2000x1333.jpg 2000w, https:\/\/4000mil.se\/wp-content\/uploads\/2022\/11\/IMG_6974-800x533.jpg 800w, https:\/\/4000mil.se\/wp-content\/uploads\/2022\/11\/IMG_6974.jpg 2048w\" sizes=\"auto, (max-width: 1024px) 100vw, 1024px\" \/><\/p>\n<p>Med tiden har vi f\u00f6rst\u00e5tt att det finns flera olika caminos. <strong>Camino Franc\u00e9s<\/strong> \u00e4r den klassiska. Och \u00e4ven den l\u00e4ngsta. Minimum 30 dagar f\u00e5r man r\u00e4kna med. Men att vara den klassiska inneb\u00e4r \u00e4ven att vara den mest belastade. Hela 70% av alla pilgrimsvandrare g\u00e5r denna led. Och vi \u00e4r ju egentligen inte s\u00e5na som v\u00e4ljer den vanligaste. Hellre d\u00e5 n\u00e5got lite annorlunda. Med mindre folk.<\/p>\n<p><img loading=\"lazy\" decoding=\"async\" class=\"alignnone size-large wp-image-55158\" src=\"https:\/\/4000mil.se\/wp-content\/uploads\/2022\/11\/IMG_6990-1024x683.jpg\" alt=\"\" width=\"1024\" height=\"683\" srcset=\"https:\/\/4000mil.se\/wp-content\/uploads\/2022\/11\/IMG_6990-1024x683.jpg 1024w, https:\/\/4000mil.se\/wp-content\/uploads\/2022\/11\/IMG_6990-300x200.jpg 300w, https:\/\/4000mil.se\/wp-content\/uploads\/2022\/11\/IMG_6990-768x512.jpg 768w, https:\/\/4000mil.se\/wp-content\/uploads\/2022\/11\/IMG_6990-1536x1024.jpg 1536w, https:\/\/4000mil.se\/wp-content\/uploads\/2022\/11\/IMG_6990-2000x1333.jpg 2000w, https:\/\/4000mil.se\/wp-content\/uploads\/2022\/11\/IMG_6990-800x533.jpg 800w, https:\/\/4000mil.se\/wp-content\/uploads\/2022\/11\/IMG_6990.jpg 2048w\" sizes=\"auto, (max-width: 1024px) 100vw, 1024px\" \/><\/p>\n<p><strong>Camino Primitivo<\/strong> finns ocks\u00e5. Den ursprungliga och den mest kr\u00e4vande leden. <strong>Camino Norte<\/strong> som g\u00e5r l\u00e4ngs havet i Baskien gick vi s\u00e5 l\u00e5ngt med att vi bokade. Inte hela, men f\u00f6rsta veckan fr\u00e5n San Sebastian till Bilbao. <a href=\"https:\/\/4000mil.se\/index.php\/vi-kom-inte-ivag-till-baskien\/\">Men Covid st\u00e4llde till det och resan blev inst\u00e4lld<\/a>.<\/p>\n<p><img loading=\"lazy\" decoding=\"async\" class=\"alignnone size-large wp-image-55159\" src=\"https:\/\/4000mil.se\/wp-content\/uploads\/2022\/11\/IMG_7004-1024x683.jpg\" alt=\"\" width=\"1024\" height=\"683\" srcset=\"https:\/\/4000mil.se\/wp-content\/uploads\/2022\/11\/IMG_7004-1024x683.jpg 1024w, https:\/\/4000mil.se\/wp-content\/uploads\/2022\/11\/IMG_7004-300x200.jpg 300w, https:\/\/4000mil.se\/wp-content\/uploads\/2022\/11\/IMG_7004-768x512.jpg 768w, https:\/\/4000mil.se\/wp-content\/uploads\/2022\/11\/IMG_7004-1536x1024.jpg 1536w, https:\/\/4000mil.se\/wp-content\/uploads\/2022\/11\/IMG_7004-2000x1333.jpg 2000w, https:\/\/4000mil.se\/wp-content\/uploads\/2022\/11\/IMG_7004-800x533.jpg 800w, https:\/\/4000mil.se\/wp-content\/uploads\/2022\/11\/IMG_7004.jpg 2048w\" sizes=\"auto, (max-width: 1024px) 100vw, 1024px\" \/><\/p>\n<h2>Om Camino Portugues<\/h2>\n<p>Sedan finns <strong>Camino Portugues<\/strong> ocks\u00e5 allts\u00e5. En led som blivit alltmer popul\u00e4r. Camino Portugues b\u00f6rjar i Porto i Portugal och man n\u00e5r Santiago de Compostela p\u00e5 14 dagar.<\/p>\n<p><img loading=\"lazy\" decoding=\"async\" class=\"alignnone size-large wp-image-55160\" src=\"https:\/\/4000mil.se\/wp-content\/uploads\/2022\/11\/IMG_6978-1024x633.jpg\" alt=\"\" width=\"1024\" height=\"633\" srcset=\"https:\/\/4000mil.se\/wp-content\/uploads\/2022\/11\/IMG_6978-1024x633.jpg 1024w, https:\/\/4000mil.se\/wp-content\/uploads\/2022\/11\/IMG_6978-300x185.jpg 300w, https:\/\/4000mil.se\/wp-content\/uploads\/2022\/11\/IMG_6978-768x475.jpg 768w, https:\/\/4000mil.se\/wp-content\/uploads\/2022\/11\/IMG_6978-1536x950.jpg 1536w, https:\/\/4000mil.se\/wp-content\/uploads\/2022\/11\/IMG_6978-2000x1236.jpg 2000w, https:\/\/4000mil.se\/wp-content\/uploads\/2022\/11\/IMG_6978-800x495.jpg 800w, https:\/\/4000mil.se\/wp-content\/uploads\/2022\/11\/IMG_6978.jpg 2048w\" sizes=\"auto, (max-width: 1024px) 100vw, 1024px\" \/><\/p>\n<p>Faktiskt finns ett helt g\u00e4ng olika versioner av Portugues-leden ocks\u00e5. Varf\u00f6r? Jo men f\u00f6r att pilgrimerna f\u00f6rr i tiden f\u00f6rst\u00e5s kom fr\u00e5n olika h\u00e5ll och valde olika v\u00e4gar. Den centrala \u00e4r den mest klassiska. Den kustn\u00e4ra kanske mer popul\u00e4r nuf\u00f6rtiden. Dagens pilgrimer uppskattar havet och m\u00f6jligheter till bad.<\/p>\n<p><img loading=\"lazy\" decoding=\"async\" class=\"alignnone size-large wp-image-55165\" src=\"https:\/\/4000mil.se\/wp-content\/uploads\/2022\/11\/IMG_7025-1024x683.jpg\" alt=\"\" width=\"1024\" height=\"683\" srcset=\"https:\/\/4000mil.se\/wp-content\/uploads\/2022\/11\/IMG_7025-1024x683.jpg 1024w, https:\/\/4000mil.se\/wp-content\/uploads\/2022\/11\/IMG_7025-300x200.jpg 300w, https:\/\/4000mil.se\/wp-content\/uploads\/2022\/11\/IMG_7025-768x512.jpg 768w, https:\/\/4000mil.se\/wp-content\/uploads\/2022\/11\/IMG_7025-1536x1024.jpg 1536w, https:\/\/4000mil.se\/wp-content\/uploads\/2022\/11\/IMG_7025-2000x1333.jpg 2000w, https:\/\/4000mil.se\/wp-content\/uploads\/2022\/11\/IMG_7025-800x533.jpg 800w, https:\/\/4000mil.se\/wp-content\/uploads\/2022\/11\/IMG_7025.jpg 2048w\" sizes=\"auto, (max-width: 1024px) 100vw, 1024px\" \/><img loading=\"lazy\" decoding=\"async\" class=\"alignnone size-large wp-image-55161\" src=\"https:\/\/4000mil.se\/wp-content\/uploads\/2022\/11\/IMG_6988-1024x643.jpg\" alt=\"\" width=\"1024\" height=\"643\" srcset=\"https:\/\/4000mil.se\/wp-content\/uploads\/2022\/11\/IMG_6988-1024x643.jpg 1024w, https:\/\/4000mil.se\/wp-content\/uploads\/2022\/11\/IMG_6988-300x188.jpg 300w, https:\/\/4000mil.se\/wp-content\/uploads\/2022\/11\/IMG_6988-768x482.jpg 768w, https:\/\/4000mil.se\/wp-content\/uploads\/2022\/11\/IMG_6988-1536x965.jpg 1536w, https:\/\/4000mil.se\/wp-content\/uploads\/2022\/11\/IMG_6988-2000x1256.jpg 2000w, https:\/\/4000mil.se\/wp-content\/uploads\/2022\/11\/IMG_6988-800x502.jpg 800w, https:\/\/4000mil.se\/wp-content\/uploads\/2022\/11\/IMG_6988.jpg 2048w\" sizes=\"auto, (max-width: 1024px) 100vw, 1024px\" \/><\/p>\n<p>Ut\u00f6ver dessa officiella alternativ ryktas det faktiskt att skyltar och ledmarkeringar d\u00e5 och d\u00e5 flyttas och byter riktning. Att f\u00e5 en <em>camino<\/em> genom just sin by, f\u00f6rbi sin g\u00e5rd, \u00e4r guld v\u00e4rt.<\/p>\n<p><img loading=\"lazy\" decoding=\"async\" class=\"alignnone size-large wp-image-55162\" src=\"https:\/\/4000mil.se\/wp-content\/uploads\/2022\/11\/IMG_7006-1024x683.jpg\" alt=\"\" width=\"1024\" height=\"683\" srcset=\"https:\/\/4000mil.se\/wp-content\/uploads\/2022\/11\/IMG_7006-1024x683.jpg 1024w, https:\/\/4000mil.se\/wp-content\/uploads\/2022\/11\/IMG_7006-300x200.jpg 300w, https:\/\/4000mil.se\/wp-content\/uploads\/2022\/11\/IMG_7006-768x512.jpg 768w, https:\/\/4000mil.se\/wp-content\/uploads\/2022\/11\/IMG_7006-1536x1024.jpg 1536w, https:\/\/4000mil.se\/wp-content\/uploads\/2022\/11\/IMG_7006-2000x1333.jpg 2000w, https:\/\/4000mil.se\/wp-content\/uploads\/2022\/11\/IMG_7006-800x533.jpg 800w, https:\/\/4000mil.se\/wp-content\/uploads\/2022\/11\/IMG_7006.jpg 2048w\" sizes=\"auto, (max-width: 1024px) 100vw, 1024px\" \/><\/p>\n<h2>V\u00e5r kustvandring<\/h2>\n<p>Det \u00e4r mitten p\u00e5 oktober. Vandringss\u00e4songen f\u00f6r caminon lider mot sitt slut. Molnen tonar upp sig \u00f6ver ett skummande hav. Atlanten n\u00e4r den \u00e4r som b\u00e4st. Visar musklerna. Morrar dovt. Den milsl\u00e5nga sandstranden. Tar den n\u00e5gonsin slut? Idag \u00e4r det fiskare i sydv\u00e4st och sj\u00f6f\u00e5glar som \u00e4ger den. G\u00f6r upp sinsemellan.<\/p>\n<p><img loading=\"lazy\" decoding=\"async\" class=\"alignnone size-large wp-image-55163\" src=\"https:\/\/4000mil.se\/wp-content\/uploads\/2022\/11\/IMG_6992-1024x683.jpg\" alt=\"\" width=\"1024\" height=\"683\" srcset=\"https:\/\/4000mil.se\/wp-content\/uploads\/2022\/11\/IMG_6992-1024x683.jpg 1024w, https:\/\/4000mil.se\/wp-content\/uploads\/2022\/11\/IMG_6992-300x200.jpg 300w, https:\/\/4000mil.se\/wp-content\/uploads\/2022\/11\/IMG_6992-768x512.jpg 768w, https:\/\/4000mil.se\/wp-content\/uploads\/2022\/11\/IMG_6992-1536x1024.jpg 1536w, https:\/\/4000mil.se\/wp-content\/uploads\/2022\/11\/IMG_6992-2000x1333.jpg 2000w, https:\/\/4000mil.se\/wp-content\/uploads\/2022\/11\/IMG_6992-800x533.jpg 800w, https:\/\/4000mil.se\/wp-content\/uploads\/2022\/11\/IMG_6992.jpg 2048w\" sizes=\"auto, (max-width: 1024px) 100vw, 1024px\" \/> <img loading=\"lazy\" decoding=\"async\" class=\"alignnone size-large wp-image-55164\" src=\"https:\/\/4000mil.se\/wp-content\/uploads\/2022\/11\/IMG_6996-1024x683.jpg\" alt=\"\" width=\"1024\" height=\"683\" srcset=\"https:\/\/4000mil.se\/wp-content\/uploads\/2022\/11\/IMG_6996-1024x683.jpg 1024w, https:\/\/4000mil.se\/wp-content\/uploads\/2022\/11\/IMG_6996-300x200.jpg 300w, https:\/\/4000mil.se\/wp-content\/uploads\/2022\/11\/IMG_6996-768x512.jpg 768w, https:\/\/4000mil.se\/wp-content\/uploads\/2022\/11\/IMG_6996-1536x1024.jpg 1536w, https:\/\/4000mil.se\/wp-content\/uploads\/2022\/11\/IMG_6996-2000x1333.jpg 2000w, https:\/\/4000mil.se\/wp-content\/uploads\/2022\/11\/IMG_6996-800x533.jpg 800w, https:\/\/4000mil.se\/wp-content\/uploads\/2022\/11\/IMG_6996.jpg 2048w\" sizes=\"auto, (max-width: 1024px) 100vw, 1024px\" \/><br \/>\n<img loading=\"lazy\" decoding=\"async\" class=\"alignnone size-large wp-image-55166\" src=\"https:\/\/4000mil.se\/wp-content\/uploads\/2022\/11\/IMG_7037-1024x683.jpg\" alt=\"\" width=\"1024\" height=\"683\" srcset=\"https:\/\/4000mil.se\/wp-content\/uploads\/2022\/11\/IMG_7037-1024x683.jpg 1024w, https:\/\/4000mil.se\/wp-content\/uploads\/2022\/11\/IMG_7037-300x200.jpg 300w, https:\/\/4000mil.se\/wp-content\/uploads\/2022\/11\/IMG_7037-768x512.jpg 768w, https:\/\/4000mil.se\/wp-content\/uploads\/2022\/11\/IMG_7037-1536x1024.jpg 1536w, https:\/\/4000mil.se\/wp-content\/uploads\/2022\/11\/IMG_7037-2000x1333.jpg 2000w, https:\/\/4000mil.se\/wp-content\/uploads\/2022\/11\/IMG_7037-800x533.jpg 800w, https:\/\/4000mil.se\/wp-content\/uploads\/2022\/11\/IMG_7037.jpg 2048w\" sizes=\"auto, (max-width: 1024px) 100vw, 1024px\" \/><\/p>\n<p>Vi \u00e4r uppspelta som barn. F\u00f6r vi ska pilgrimsvandra. Inte en hel camino, inte ens en hel vecka som det var t\u00e4nkt sist. Men en bit, ett smakprov. En camino-tugga.<\/p>\n<p><img loading=\"lazy\" decoding=\"async\" class=\"alignnone size-large wp-image-55167\" src=\"https:\/\/4000mil.se\/wp-content\/uploads\/2022\/11\/IMG_7015-1024x683.jpg\" alt=\"\" width=\"1024\" height=\"683\" srcset=\"https:\/\/4000mil.se\/wp-content\/uploads\/2022\/11\/IMG_7015-1024x683.jpg 1024w, https:\/\/4000mil.se\/wp-content\/uploads\/2022\/11\/IMG_7015-300x200.jpg 300w, https:\/\/4000mil.se\/wp-content\/uploads\/2022\/11\/IMG_7015-768x512.jpg 768w, https:\/\/4000mil.se\/wp-content\/uploads\/2022\/11\/IMG_7015-1536x1024.jpg 1536w, https:\/\/4000mil.se\/wp-content\/uploads\/2022\/11\/IMG_7015-2000x1333.jpg 2000w, https:\/\/4000mil.se\/wp-content\/uploads\/2022\/11\/IMG_7015-800x533.jpg 800w, https:\/\/4000mil.se\/wp-content\/uploads\/2022\/11\/IMG_7015.jpg 2048w\" sizes=\"auto, (max-width: 1024px) 100vw, 1024px\" \/> <img loading=\"lazy\" decoding=\"async\" class=\"alignnone size-large wp-image-55168\" src=\"https:\/\/4000mil.se\/wp-content\/uploads\/2022\/11\/IMG_7022-1024x683.jpg\" alt=\"\" width=\"1024\" height=\"683\" srcset=\"https:\/\/4000mil.se\/wp-content\/uploads\/2022\/11\/IMG_7022-1024x683.jpg 1024w, https:\/\/4000mil.se\/wp-content\/uploads\/2022\/11\/IMG_7022-300x200.jpg 300w, https:\/\/4000mil.se\/wp-content\/uploads\/2022\/11\/IMG_7022-768x512.jpg 768w, https:\/\/4000mil.se\/wp-content\/uploads\/2022\/11\/IMG_7022-1536x1024.jpg 1536w, https:\/\/4000mil.se\/wp-content\/uploads\/2022\/11\/IMG_7022-2000x1333.jpg 2000w, https:\/\/4000mil.se\/wp-content\/uploads\/2022\/11\/IMG_7022-800x533.jpg 800w, https:\/\/4000mil.se\/wp-content\/uploads\/2022\/11\/IMG_7022.jpg 2048w\" sizes=\"auto, (max-width: 1024px) 100vw, 1024px\" \/><\/p>\n<p>Vi startar s\u00f6der om Agucadoura. Med tr\u00e4ramper i sanden. 4 mil norr om Porto. &#8221;Bara&#8221; 21 mil kvar till Santiago.<\/p>\n<p><img loading=\"lazy\" decoding=\"async\" class=\"alignnone size-large wp-image-55169\" src=\"https:\/\/4000mil.se\/wp-content\/uploads\/2022\/11\/IMG_6969-1024x683.jpg\" alt=\"\" width=\"1024\" height=\"683\" srcset=\"https:\/\/4000mil.se\/wp-content\/uploads\/2022\/11\/IMG_6969-1024x683.jpg 1024w, https:\/\/4000mil.se\/wp-content\/uploads\/2022\/11\/IMG_6969-300x200.jpg 300w, https:\/\/4000mil.se\/wp-content\/uploads\/2022\/11\/IMG_6969-768x512.jpg 768w, https:\/\/4000mil.se\/wp-content\/uploads\/2022\/11\/IMG_6969-1536x1024.jpg 1536w, https:\/\/4000mil.se\/wp-content\/uploads\/2022\/11\/IMG_6969-2000x1333.jpg 2000w, https:\/\/4000mil.se\/wp-content\/uploads\/2022\/11\/IMG_6969-800x533.jpg 800w, https:\/\/4000mil.se\/wp-content\/uploads\/2022\/11\/IMG_6969.jpg 2048w\" sizes=\"auto, (max-width: 1024px) 100vw, 1024px\" \/> <img loading=\"lazy\" decoding=\"async\" class=\"alignnone size-large wp-image-55170\" src=\"https:\/\/4000mil.se\/wp-content\/uploads\/2022\/11\/IMG_9799-1024x683.jpg\" alt=\"\" width=\"1024\" height=\"683\" srcset=\"https:\/\/4000mil.se\/wp-content\/uploads\/2022\/11\/IMG_9799-1024x683.jpg 1024w, https:\/\/4000mil.se\/wp-content\/uploads\/2022\/11\/IMG_9799-300x200.jpg 300w, https:\/\/4000mil.se\/wp-content\/uploads\/2022\/11\/IMG_9799-768x512.jpg 768w, https:\/\/4000mil.se\/wp-content\/uploads\/2022\/11\/IMG_9799-1536x1024.jpg 1536w, https:\/\/4000mil.se\/wp-content\/uploads\/2022\/11\/IMG_9799-2000x1333.jpg 2000w, https:\/\/4000mil.se\/wp-content\/uploads\/2022\/11\/IMG_9799-800x533.jpg 800w, https:\/\/4000mil.se\/wp-content\/uploads\/2022\/11\/IMG_9799.jpg 2048w\" sizes=\"auto, (max-width: 1024px) 100vw, 1024px\" \/> <img loading=\"lazy\" decoding=\"async\" class=\"alignnone size-large wp-image-55171\" src=\"https:\/\/4000mil.se\/wp-content\/uploads\/2022\/11\/IMG_9805-1024x683.jpg\" alt=\"\" width=\"1024\" height=\"683\" srcset=\"https:\/\/4000mil.se\/wp-content\/uploads\/2022\/11\/IMG_9805-1024x683.jpg 1024w, https:\/\/4000mil.se\/wp-content\/uploads\/2022\/11\/IMG_9805-300x200.jpg 300w, https:\/\/4000mil.se\/wp-content\/uploads\/2022\/11\/IMG_9805-768x512.jpg 768w, https:\/\/4000mil.se\/wp-content\/uploads\/2022\/11\/IMG_9805-1536x1024.jpg 1536w, https:\/\/4000mil.se\/wp-content\/uploads\/2022\/11\/IMG_9805-2000x1333.jpg 2000w, https:\/\/4000mil.se\/wp-content\/uploads\/2022\/11\/IMG_9805-800x533.jpg 800w, https:\/\/4000mil.se\/wp-content\/uploads\/2022\/11\/IMG_9805.jpg 2048w\" sizes=\"auto, (max-width: 1024px) 100vw, 1024px\" \/> <img loading=\"lazy\" decoding=\"async\" class=\"alignnone size-large wp-image-55172\" src=\"https:\/\/4000mil.se\/wp-content\/uploads\/2022\/11\/IMG_9821-1024x683.jpg\" alt=\"\" width=\"1024\" height=\"683\" srcset=\"https:\/\/4000mil.se\/wp-content\/uploads\/2022\/11\/IMG_9821-1024x683.jpg 1024w, https:\/\/4000mil.se\/wp-content\/uploads\/2022\/11\/IMG_9821-300x200.jpg 300w, https:\/\/4000mil.se\/wp-content\/uploads\/2022\/11\/IMG_9821-768x512.jpg 768w, https:\/\/4000mil.se\/wp-content\/uploads\/2022\/11\/IMG_9821-1536x1024.jpg 1536w, https:\/\/4000mil.se\/wp-content\/uploads\/2022\/11\/IMG_9821-2000x1333.jpg 2000w, https:\/\/4000mil.se\/wp-content\/uploads\/2022\/11\/IMG_9821-800x533.jpg 800w, https:\/\/4000mil.se\/wp-content\/uploads\/2022\/11\/IMG_9821.jpg 2048w\" sizes=\"auto, (max-width: 1024px) 100vw, 1024px\" \/><\/p>\n<p>De riktiga pilgrimerna k\u00e4nns igen p\u00e5 l\u00e5ngt h\u00e5ll. De har stora tunga ryggs\u00e4ckar. Vandringshattar. Sn\u00e4ckskal som pryder ryggorna. Dinglar v\u00e4l synliga. Som ett totem. De v\u00e4l ing\u00e5ngna k\u00e4ngorna. Funktionskl\u00e4derna som varit med ett tag.<\/p>\n<p><img loading=\"lazy\" decoding=\"async\" class=\"alignnone size-large wp-image-55155\" src=\"https:\/\/4000mil.se\/wp-content\/uploads\/2022\/11\/IMG_7027-1024x662.jpg\" alt=\"\" width=\"1024\" height=\"662\" srcset=\"https:\/\/4000mil.se\/wp-content\/uploads\/2022\/11\/IMG_7027-1024x662.jpg 1024w, https:\/\/4000mil.se\/wp-content\/uploads\/2022\/11\/IMG_7027-300x194.jpg 300w, https:\/\/4000mil.se\/wp-content\/uploads\/2022\/11\/IMG_7027-768x497.jpg 768w, https:\/\/4000mil.se\/wp-content\/uploads\/2022\/11\/IMG_7027-1536x993.jpg 1536w, https:\/\/4000mil.se\/wp-content\/uploads\/2022\/11\/IMG_7027-2000x1293.jpg 2000w, https:\/\/4000mil.se\/wp-content\/uploads\/2022\/11\/IMG_7027-800x517.jpg 800w, https:\/\/4000mil.se\/wp-content\/uploads\/2022\/11\/IMG_7027.jpg 2048w\" sizes=\"auto, (max-width: 1024px) 100vw, 1024px\" \/><\/p>\n<p>Det finns de som br\u00e4nner allt n\u00e4r de kommit i m\u00e5l. Det vore v\u00e4l synd, t\u00e4nker jag praktiskt och drar lite \u00e4ngsligt i min nya Norr\u00f8na n\u00e4r saken kommer p\u00e5 tal. Fast jag fattar ju symboliken.<\/p>\n<p><img loading=\"lazy\" decoding=\"async\" class=\"alignnone size-large wp-image-55173\" src=\"https:\/\/4000mil.se\/wp-content\/uploads\/2022\/11\/IMG_7003-1024x683.jpg\" alt=\"\" width=\"1024\" height=\"683\" srcset=\"https:\/\/4000mil.se\/wp-content\/uploads\/2022\/11\/IMG_7003-1024x683.jpg 1024w, https:\/\/4000mil.se\/wp-content\/uploads\/2022\/11\/IMG_7003-300x200.jpg 300w, https:\/\/4000mil.se\/wp-content\/uploads\/2022\/11\/IMG_7003-768x512.jpg 768w, https:\/\/4000mil.se\/wp-content\/uploads\/2022\/11\/IMG_7003-1536x1024.jpg 1536w, https:\/\/4000mil.se\/wp-content\/uploads\/2022\/11\/IMG_7003-2000x1333.jpg 2000w, https:\/\/4000mil.se\/wp-content\/uploads\/2022\/11\/IMG_7003-800x533.jpg 800w, https:\/\/4000mil.se\/wp-content\/uploads\/2022\/11\/IMG_7003.jpg 2048w\" sizes=\"auto, (max-width: 1024px) 100vw, 1024px\" \/><\/p>\n<p>F\u00f6r det \u00e4r ju s\u00e5 man vill att en camino ska k\u00e4nnas. Som en nystart p\u00e5 allt. Och ett reningsbad. Fast n\u00e4r man kommer hem \u00e4r ju allt samma, samma. Som det man l\u00e4mnade efter sig. Men kanske att man sj\u00e4lv, ni vet, f\u00e5tt ett annat perspektiv? Sett sin litenhet i universum.<br \/>\n<em>&#8221;When you change. The whole world changes.&#8221;<\/em><\/p>\n<p><img loading=\"lazy\" decoding=\"async\" class=\"alignnone size-large wp-image-55174\" src=\"https:\/\/4000mil.se\/wp-content\/uploads\/2022\/11\/IMG_9797-1024x683.jpg\" alt=\"\" width=\"1024\" height=\"683\" srcset=\"https:\/\/4000mil.se\/wp-content\/uploads\/2022\/11\/IMG_9797-1024x683.jpg 1024w, https:\/\/4000mil.se\/wp-content\/uploads\/2022\/11\/IMG_9797-300x200.jpg 300w, https:\/\/4000mil.se\/wp-content\/uploads\/2022\/11\/IMG_9797-768x512.jpg 768w, https:\/\/4000mil.se\/wp-content\/uploads\/2022\/11\/IMG_9797-1536x1024.jpg 1536w, https:\/\/4000mil.se\/wp-content\/uploads\/2022\/11\/IMG_9797-2000x1333.jpg 2000w, https:\/\/4000mil.se\/wp-content\/uploads\/2022\/11\/IMG_9797-800x533.jpg 800w, https:\/\/4000mil.se\/wp-content\/uploads\/2022\/11\/IMG_9797.jpg 2048w\" sizes=\"auto, (max-width: 1024px) 100vw, 1024px\" \/><\/p>\n<h2>Barcelos<\/h2>\n<p>V\u00e5r resa forts\u00e4tter vidare, bort fr\u00e5n Atlanten. N\u00e4sta stopp blir den klassiska pilgrimsstaden Barcelos. H\u00e4rigenom g\u00e5r den centrala str\u00e4ckningen av Camono Portuges. H\u00e4r handlar det mesta om pilgrimsleden, som g\u00e5r rakt igenom staden. \u00d6ver den gamla bron, entr\u00e9n till staden vandrar en strid str\u00f6m av pilgrimer.<\/p>\n<p><img loading=\"lazy\" decoding=\"async\" class=\"alignnone size-large wp-image-55150\" src=\"https:\/\/4000mil.se\/wp-content\/uploads\/2022\/11\/IMG_7128-1024x683.jpg\" alt=\"\" width=\"1024\" height=\"683\" srcset=\"https:\/\/4000mil.se\/wp-content\/uploads\/2022\/11\/IMG_7128-1024x683.jpg 1024w, https:\/\/4000mil.se\/wp-content\/uploads\/2022\/11\/IMG_7128-300x200.jpg 300w, https:\/\/4000mil.se\/wp-content\/uploads\/2022\/11\/IMG_7128-768x512.jpg 768w, https:\/\/4000mil.se\/wp-content\/uploads\/2022\/11\/IMG_7128-1536x1024.jpg 1536w, https:\/\/4000mil.se\/wp-content\/uploads\/2022\/11\/IMG_7128-2000x1333.jpg 2000w, https:\/\/4000mil.se\/wp-content\/uploads\/2022\/11\/IMG_7128-800x533.jpg 800w, https:\/\/4000mil.se\/wp-content\/uploads\/2022\/11\/IMG_7128.jpg 2048w\" sizes=\"auto, (max-width: 1024px) 100vw, 1024px\" \/><br \/>\n<img loading=\"lazy\" decoding=\"async\" class=\"alignnone size-large wp-image-55149\" src=\"https:\/\/4000mil.se\/wp-content\/uploads\/2022\/11\/IMG_7120-1024x627.jpg\" alt=\"\" width=\"1024\" height=\"627\" srcset=\"https:\/\/4000mil.se\/wp-content\/uploads\/2022\/11\/IMG_7120-1024x627.jpg 1024w, https:\/\/4000mil.se\/wp-content\/uploads\/2022\/11\/IMG_7120-300x184.jpg 300w, https:\/\/4000mil.se\/wp-content\/uploads\/2022\/11\/IMG_7120-768x470.jpg 768w, https:\/\/4000mil.se\/wp-content\/uploads\/2022\/11\/IMG_7120-1536x941.jpg 1536w, https:\/\/4000mil.se\/wp-content\/uploads\/2022\/11\/IMG_7120-2000x1225.jpg 2000w, https:\/\/4000mil.se\/wp-content\/uploads\/2022\/11\/IMG_7120-800x490.jpg 800w, https:\/\/4000mil.se\/wp-content\/uploads\/2022\/11\/IMG_7120.jpg 2048w\" sizes=\"auto, (max-width: 1024px) 100vw, 1024px\" \/><br \/>\n<img loading=\"lazy\" decoding=\"async\" class=\"alignnone size-large wp-image-55152\" src=\"https:\/\/4000mil.se\/wp-content\/uploads\/2022\/11\/IMG_9887-1024x683.jpg\" alt=\"\" width=\"1024\" height=\"683\" srcset=\"https:\/\/4000mil.se\/wp-content\/uploads\/2022\/11\/IMG_9887-1024x683.jpg 1024w, https:\/\/4000mil.se\/wp-content\/uploads\/2022\/11\/IMG_9887-300x200.jpg 300w, https:\/\/4000mil.se\/wp-content\/uploads\/2022\/11\/IMG_9887-768x512.jpg 768w, https:\/\/4000mil.se\/wp-content\/uploads\/2022\/11\/IMG_9887-1536x1024.jpg 1536w, https:\/\/4000mil.se\/wp-content\/uploads\/2022\/11\/IMG_9887-2000x1333.jpg 2000w, https:\/\/4000mil.se\/wp-content\/uploads\/2022\/11\/IMG_9887-800x533.jpg 800w, https:\/\/4000mil.se\/wp-content\/uploads\/2022\/11\/IMG_9887.jpg 2048w\" sizes=\"auto, (max-width: 1024px) 100vw, 1024px\" \/><\/p>\n<p>Staden infattas av en ber\u00f6md pilgrimslegend:<\/p>\n<p><em><strong>En stackars pilgrim blev felaktigt anklagad f\u00f6r att ha stulit silver i staden. Han d\u00f6mdes mot sitt nekande till d\u00f6den genom h\u00e4ngning. N\u00e4r han stod inf\u00f6r domaren pekade han p\u00e5 tuppen som domaren just h\u00f6ll p\u00e5 att \u00e4ta till lunch och sa:<\/strong><\/em><br \/>\n<em><strong>&#8211; Min oskuld kommer att bevisas genom att den d\u00e4r tuppen kommer att gala n\u00e4r jag h\u00e4ngs.<\/strong><\/em><br \/>\n<em><strong>Och mycket riktigt, h\u00e4r mannen h\u00e4ngdes for tuppen p\u00e5 tallriken upp och gal!<\/strong><\/em><br \/>\n<em><strong>H\u00e4ngningen stoppades och mannen frigavs och kunde forts\u00e4tta sin pilgrimsf\u00e4rd.<\/strong><\/em><\/p>\n<p>F\u00f6rst\u00e5s \u00e4r Barcelos \u00e4n idag full av tuppar var man v\u00e4nder blicken.<\/p>\n<p><img loading=\"lazy\" decoding=\"async\" class=\"alignnone size-large wp-image-55153\" src=\"https:\/\/4000mil.se\/wp-content\/uploads\/2022\/11\/IMG_7043-1024x683.jpg\" alt=\"\" width=\"1024\" height=\"683\" srcset=\"https:\/\/4000mil.se\/wp-content\/uploads\/2022\/11\/IMG_7043-1024x683.jpg 1024w, https:\/\/4000mil.se\/wp-content\/uploads\/2022\/11\/IMG_7043-300x200.jpg 300w, https:\/\/4000mil.se\/wp-content\/uploads\/2022\/11\/IMG_7043-768x512.jpg 768w, https:\/\/4000mil.se\/wp-content\/uploads\/2022\/11\/IMG_7043-1536x1024.jpg 1536w, https:\/\/4000mil.se\/wp-content\/uploads\/2022\/11\/IMG_7043-2000x1333.jpg 2000w, https:\/\/4000mil.se\/wp-content\/uploads\/2022\/11\/IMG_7043-800x533.jpg 800w, https:\/\/4000mil.se\/wp-content\/uploads\/2022\/11\/IMG_7043.jpg 2048w\" sizes=\"auto, (max-width: 1024px) 100vw, 1024px\" \/><\/p>\n<p>H\u00e4r f\u00e5r man heller inte missa att kliva in i den vackra kyrkan <strong>Confraternity of Our Lady of the Rosary<\/strong>, med sina fantastiska mosaik-utsmyckningar. En anonym kyrka p\u00e5 utsidan, men fullst\u00e4ndigt h\u00e4pnadsv\u00e4ckande p\u00e5 insidan.<\/p>\n<p><img loading=\"lazy\" decoding=\"async\" class=\"alignnone size-large wp-image-55151\" src=\"https:\/\/4000mil.se\/wp-content\/uploads\/2022\/11\/IMG_7103-1024x683.jpg\" alt=\"\" width=\"1024\" height=\"683\" srcset=\"https:\/\/4000mil.se\/wp-content\/uploads\/2022\/11\/IMG_7103-1024x683.jpg 1024w, https:\/\/4000mil.se\/wp-content\/uploads\/2022\/11\/IMG_7103-300x200.jpg 300w, https:\/\/4000mil.se\/wp-content\/uploads\/2022\/11\/IMG_7103-768x512.jpg 768w, https:\/\/4000mil.se\/wp-content\/uploads\/2022\/11\/IMG_7103-1536x1024.jpg 1536w, https:\/\/4000mil.se\/wp-content\/uploads\/2022\/11\/IMG_7103-2000x1333.jpg 2000w, https:\/\/4000mil.se\/wp-content\/uploads\/2022\/11\/IMG_7103-800x533.jpg 800w, https:\/\/4000mil.se\/wp-content\/uploads\/2022\/11\/IMG_7103.jpg 2048w\" sizes=\"auto, (max-width: 1024px) 100vw, 1024px\" \/><\/p>\n<h2>Braga<\/h2>\n<p>En annan del av Camino Portuges g\u00e5r genom den vackra staden Braga med sin imponerande katedral och kyrkan&nbsp;<strong>Bom Jesus do Monte<\/strong> med sina trappor.<\/p>\n<figure id=\"attachment_55147\" aria-describedby=\"caption-attachment-55147\" style=\"width: 1024px\" class=\"wp-caption alignnone\"><img loading=\"lazy\" decoding=\"async\" class=\"size-large wp-image-55147\" src=\"https:\/\/4000mil.se\/wp-content\/uploads\/2022\/11\/basilica-2725995_1920-1024x683.jpg\" alt=\"\" width=\"1024\" height=\"683\" srcset=\"https:\/\/4000mil.se\/wp-content\/uploads\/2022\/11\/basilica-2725995_1920-1024x683.jpg 1024w, https:\/\/4000mil.se\/wp-content\/uploads\/2022\/11\/basilica-2725995_1920-300x200.jpg 300w, https:\/\/4000mil.se\/wp-content\/uploads\/2022\/11\/basilica-2725995_1920-768x512.jpg 768w, https:\/\/4000mil.se\/wp-content\/uploads\/2022\/11\/basilica-2725995_1920-1536x1024.jpg 1536w, https:\/\/4000mil.se\/wp-content\/uploads\/2022\/11\/basilica-2725995_1920-800x533.jpg 800w, https:\/\/4000mil.se\/wp-content\/uploads\/2022\/11\/basilica-2725995_1920.jpg 1920w\" sizes=\"auto, (max-width: 1024px) 100vw, 1024px\" \/><figcaption id=\"caption-attachment-55147\" class=\"wp-caption-text\">Bom Jesus do Monte<\/figcaption><\/figure>\n<figure id=\"attachment_55148\" aria-describedby=\"caption-attachment-55148\" style=\"width: 1024px\" class=\"wp-caption alignnone\"><img loading=\"lazy\" decoding=\"async\" class=\"size-large wp-image-55148\" src=\"https:\/\/4000mil.se\/wp-content\/uploads\/2022\/11\/IMG_9923-1024x683.jpg\" alt=\"\" width=\"1024\" height=\"683\" srcset=\"https:\/\/4000mil.se\/wp-content\/uploads\/2022\/11\/IMG_9923-1024x683.jpg 1024w, https:\/\/4000mil.se\/wp-content\/uploads\/2022\/11\/IMG_9923-300x200.jpg 300w, https:\/\/4000mil.se\/wp-content\/uploads\/2022\/11\/IMG_9923-768x512.jpg 768w, https:\/\/4000mil.se\/wp-content\/uploads\/2022\/11\/IMG_9923-1536x1024.jpg 1536w, https:\/\/4000mil.se\/wp-content\/uploads\/2022\/11\/IMG_9923-2000x1333.jpg 2000w, https:\/\/4000mil.se\/wp-content\/uploads\/2022\/11\/IMG_9923-800x533.jpg 800w, https:\/\/4000mil.se\/wp-content\/uploads\/2022\/11\/IMG_9923.jpg 2048w\" sizes=\"auto, (max-width: 1024px) 100vw, 1024px\" \/><figcaption id=\"caption-attachment-55148\" class=\"wp-caption-text\">Braga<\/figcaption><\/figure>\n<h2>Portugal Green Walks<\/h2>\n<p>Vi vandrar med <a href=\"https:\/\/www.portugalgreenwalks.com\/\" target=\"_blank\" rel=\"noopener\">Portugal Green Walks<\/a>. Som s\u00e4ljer sina vandringar via <a href=\"https:\/\/vandra.se\/vandringsresor\/portugal\/\" target=\"_blank\" rel=\"noopener\">Vandra of Sweden<\/a> i Sverige. De som vi bokade v\u00e5r <a href=\"https:\/\/4000mil.se\/index.php\/vandring-pa-osterlen-skaneleden-sl-4-upplagg-tips\/\">vandring p\u00e5 \u00d6sterlen<\/a> via f\u00f6r 2 \u00e5r sedan, om ni minns?<\/p>\n<p>Portugal Green Walks s\u00e4ljer hela koncept, med sm\u00e5 personliga hotell och bagagetransport emellan. Med vandringsbeskrivningar, information och till och med en liten parl\u00f6r. Paketerat i en liten beh\u00e4ndig bok. Och i app-form.<\/p>\n<p><img loading=\"lazy\" decoding=\"async\" class=\"alignnone size-large wp-image-55176\" src=\"https:\/\/4000mil.se\/wp-content\/uploads\/2022\/11\/IMG_7197-1024x683.jpg\" alt=\"\" width=\"1024\" height=\"683\" srcset=\"https:\/\/4000mil.se\/wp-content\/uploads\/2022\/11\/IMG_7197-1024x683.jpg 1024w, https:\/\/4000mil.se\/wp-content\/uploads\/2022\/11\/IMG_7197-300x200.jpg 300w, https:\/\/4000mil.se\/wp-content\/uploads\/2022\/11\/IMG_7197-768x512.jpg 768w, https:\/\/4000mil.se\/wp-content\/uploads\/2022\/11\/IMG_7197-1536x1024.jpg 1536w, https:\/\/4000mil.se\/wp-content\/uploads\/2022\/11\/IMG_7197-2000x1333.jpg 2000w, https:\/\/4000mil.se\/wp-content\/uploads\/2022\/11\/IMG_7197-800x533.jpg 800w, https:\/\/4000mil.se\/wp-content\/uploads\/2022\/11\/IMG_7197.jpg 2048w\" sizes=\"auto, (max-width: 1024px) 100vw, 1024px\" \/><br \/>\n<img loading=\"lazy\" decoding=\"async\" class=\"alignnone size-large wp-image-55175\" src=\"https:\/\/4000mil.se\/wp-content\/uploads\/2022\/11\/IMG_7068-1024x683.jpg\" alt=\"\" width=\"1024\" height=\"683\" srcset=\"https:\/\/4000mil.se\/wp-content\/uploads\/2022\/11\/IMG_7068-1024x683.jpg 1024w, https:\/\/4000mil.se\/wp-content\/uploads\/2022\/11\/IMG_7068-300x200.jpg 300w, https:\/\/4000mil.se\/wp-content\/uploads\/2022\/11\/IMG_7068-768x512.jpg 768w, https:\/\/4000mil.se\/wp-content\/uploads\/2022\/11\/IMG_7068-1536x1024.jpg 1536w, https:\/\/4000mil.se\/wp-content\/uploads\/2022\/11\/IMG_7068-2000x1333.jpg 2000w, https:\/\/4000mil.se\/wp-content\/uploads\/2022\/11\/IMG_7068-800x533.jpg 800w, https:\/\/4000mil.se\/wp-content\/uploads\/2022\/11\/IMG_7068.jpg 2048w\" sizes=\"auto, (max-width: 1024px) 100vw, 1024px\" \/><\/p>\n<h2>Vad \u00e4r en pilgrimsvandring?<\/h2>\n<p>En pilgrim \u00e4r en troende person som vallf\u00e4rdar till en helig plats. Resan har historiskt sett ofta genomf\u00f6rts till fots. Pilgrimsleder, det vill s\u00e4ga v\u00e4gar som m\u00e5nga pilgrimer anv\u00e4nt till s\u00e4rskilt heliga platser, har d\u00e5 uppst\u00e5tt genom \u00e5rhundradena.<\/p>\n<p>Hela Europa genomkorsas av ett helt n\u00e4t av gamla, m\u00e5nghundra\u00e5riga pilgrimsleder.<\/p>\n<p>Inom Kristendomen \u00e4r orten <span class=\"mw-page-title-main\">Santiago de Compostela en av de viktigaste vallf\u00e4rdsorterna. H\u00e4r uppt\u00e4cktes aposteln Jakobs grav p\u00e5 800-talet och sedan dessa har pilgrimer vandrat hit.<\/span><\/p>\n<p><img loading=\"lazy\" decoding=\"async\" class=\"alignnone size-large wp-image-55177\" src=\"https:\/\/4000mil.se\/wp-content\/uploads\/2022\/11\/IMG_6998-1024x683.jpg\" alt=\"\" width=\"1024\" height=\"683\" srcset=\"https:\/\/4000mil.se\/wp-content\/uploads\/2022\/11\/IMG_6998-1024x683.jpg 1024w, https:\/\/4000mil.se\/wp-content\/uploads\/2022\/11\/IMG_6998-300x200.jpg 300w, https:\/\/4000mil.se\/wp-content\/uploads\/2022\/11\/IMG_6998-768x512.jpg 768w, https:\/\/4000mil.se\/wp-content\/uploads\/2022\/11\/IMG_6998-1536x1024.jpg 1536w, https:\/\/4000mil.se\/wp-content\/uploads\/2022\/11\/IMG_6998-2000x1333.jpg 2000w, https:\/\/4000mil.se\/wp-content\/uploads\/2022\/11\/IMG_6998-800x533.jpg 800w, https:\/\/4000mil.se\/wp-content\/uploads\/2022\/11\/IMG_6998.jpg 2048w\" sizes=\"auto, (max-width: 1024px) 100vw, 1024px\" \/><\/p>\n<p>Idag \u00e4r pilgrimsvandringen ett betydligt mindre strapatsrikt \u00e4ventyr \u00e4n p\u00e5 till exempel medeltiden. Civilisation, goretex och modern sjukv\u00e5rd, kompletterat med f\u00f6rs\u00e4kringskassans bl\u00e5 EU-kort \u00e4r exempelvis saker som underl\u00e4ttar.<\/p>\n<p>M\u00e5nga av dagens pilgrimer vandrar inte heller av religi\u00f6sa sk\u00e4l, utan kanske mer f\u00f6r att f\u00e5 en paus i livet och utrymme att varva ner och reflektera.<\/p>\n<p><img loading=\"lazy\" decoding=\"async\" class=\"alignnone size-large wp-image-55178\" src=\"https:\/\/4000mil.se\/wp-content\/uploads\/2022\/11\/IMG_6986-1024x683.jpg\" alt=\"\" width=\"1024\" height=\"683\" srcset=\"https:\/\/4000mil.se\/wp-content\/uploads\/2022\/11\/IMG_6986-1024x683.jpg 1024w, https:\/\/4000mil.se\/wp-content\/uploads\/2022\/11\/IMG_6986-300x200.jpg 300w, https:\/\/4000mil.se\/wp-content\/uploads\/2022\/11\/IMG_6986-768x512.jpg 768w, https:\/\/4000mil.se\/wp-content\/uploads\/2022\/11\/IMG_6986-1536x1024.jpg 1536w, https:\/\/4000mil.se\/wp-content\/uploads\/2022\/11\/IMG_6986-2000x1333.jpg 2000w, https:\/\/4000mil.se\/wp-content\/uploads\/2022\/11\/IMG_6986-800x533.jpg 800w, https:\/\/4000mil.se\/wp-content\/uploads\/2022\/11\/IMG_6986.jpg 2048w\" sizes=\"auto, (max-width: 1024px) 100vw, 1024px\" \/> <img loading=\"lazy\" decoding=\"async\" class=\"alignnone size-large wp-image-55179\" src=\"https:\/\/4000mil.se\/wp-content\/uploads\/2022\/11\/IMG_7009-683x1024.jpg\" alt=\"\" width=\"683\" height=\"1024\" srcset=\"https:\/\/4000mil.se\/wp-content\/uploads\/2022\/11\/IMG_7009-683x1024.jpg 683w, https:\/\/4000mil.se\/wp-content\/uploads\/2022\/11\/IMG_7009-200x300.jpg 200w, https:\/\/4000mil.se\/wp-content\/uploads\/2022\/11\/IMG_7009-768x1152.jpg 768w, https:\/\/4000mil.se\/wp-content\/uploads\/2022\/11\/IMG_7009-1024x1536.jpg 1024w, https:\/\/4000mil.se\/wp-content\/uploads\/2022\/11\/IMG_7009-800x1200.jpg 800w, https:\/\/4000mil.se\/wp-content\/uploads\/2022\/11\/IMG_7009.jpg 1365w\" sizes=\"auto, (max-width: 683px) 100vw, 683px\" \/><\/p>\n<h2>B\u00e4sta tipsen inf\u00f6r en pilgrimsvandring<\/h2>\n<ul>\n<li>Skorna och f\u00f6tterna \u00e4r det viktigaste. De flesta som bryter g\u00f6r det p\u00e5 grund av problem med f\u00f6tterna<\/li>\n<li>Med bagagetransport blir \u00e4ventyret mer behagligt. Det \u00e4r definitivt s\u00e5 vi kommer att ta oss an v\u00e5rt \u00e4ventyr n\u00e4r det blir dags<\/li>\n<li>Var \u00f6ppen f\u00f6r \u00e4ventyret. Det \u00e4r det som <em>inte<\/em> g\u00e5r som planerat som man kommer att minnas efter\u00e5t. Och var \u00f6ppen f\u00f6r processen<\/li>\n<li>V\u00e5ga v\u00e4lja en annan led \u00e4n Camoni Franc\u00e9s<\/li>\n<\/ul>\n<p><img loading=\"lazy\" decoding=\"async\" class=\"alignnone size-large wp-image-55156\" src=\"https:\/\/4000mil.se\/wp-content\/uploads\/2022\/11\/IMG_7067-1024x683.jpg\" alt=\"\" width=\"1024\" height=\"683\" srcset=\"https:\/\/4000mil.se\/wp-content\/uploads\/2022\/11\/IMG_7067-1024x683.jpg 1024w, https:\/\/4000mil.se\/wp-content\/uploads\/2022\/11\/IMG_7067-300x200.jpg 300w, https:\/\/4000mil.se\/wp-content\/uploads\/2022\/11\/IMG_7067-768x512.jpg 768w, https:\/\/4000mil.se\/wp-content\/uploads\/2022\/11\/IMG_7067-1536x1024.jpg 1536w, https:\/\/4000mil.se\/wp-content\/uploads\/2022\/11\/IMG_7067-2000x1333.jpg 2000w, https:\/\/4000mil.se\/wp-content\/uploads\/2022\/11\/IMG_7067-800x533.jpg 800w, https:\/\/4000mil.se\/wp-content\/uploads\/2022\/11\/IMG_7067.jpg 2048w\" sizes=\"auto, (max-width: 1024px) 100vw, 1024px\" \/><\/p>\n<figure id=\"attachment_55242\" aria-describedby=\"caption-attachment-55242\" style=\"width: 558px\" class=\"wp-caption alignnone\"><img loading=\"lazy\" decoding=\"async\" class=\"size-large wp-image-55242\" src=\"https:\/\/4000mil.se\/wp-content\/uploads\/2022\/11\/camino-portugues-coastal-route-map-558x1024.jpg\" alt=\"\" width=\"558\" height=\"1024\" srcset=\"https:\/\/4000mil.se\/wp-content\/uploads\/2022\/11\/camino-portugues-coastal-route-map-558x1024.jpg 558w, https:\/\/4000mil.se\/wp-content\/uploads\/2022\/11\/camino-portugues-coastal-route-map-163x300.jpg 163w, https:\/\/4000mil.se\/wp-content\/uploads\/2022\/11\/camino-portugues-coastal-route-map-768x1409.jpg 768w, https:\/\/4000mil.se\/wp-content\/uploads\/2022\/11\/camino-portugues-coastal-route-map-837x1536.jpg 837w, https:\/\/4000mil.se\/wp-content\/uploads\/2022\/11\/camino-portugues-coastal-route-map-800x1468.jpg 800w, https:\/\/4000mil.se\/wp-content\/uploads\/2022\/11\/camino-portugues-coastal-route-map.jpg 1116w\" sizes=\"auto, (max-width: 558px) 100vw, 558px\" \/><figcaption id=\"caption-attachment-55242\" class=\"wp-caption-text\">Alla olika alternativa str\u00e4ckningar av Camino Portugues<\/figcaption><\/figure>\n<p><strong>L\u00e4s ocks\u00e5:<\/strong> <a href=\"https:\/\/4000mil.se\/index.php\/vinho-verde-finns-det-verkligen-gront-vin\/\">Vinho Verde &#8211; finns det verkligen gr\u00f6nt vin?<\/a><\/p>\n<p>Missa inga inl\u00e4gg. Gl\u00f6m inte att&nbsp;<a href=\"https:\/\/www.facebook.com\/4000mil\/\" target=\"_blank\" rel=\"noopener noreferrer\">f\u00f6lja 4000mil p\u00e5 Facebook<\/a>&nbsp;och&nbsp;<a href=\"https:\/\/www.instagram.com\/4000mil.se\/\" target=\"_blank\" rel=\"noopener noreferrer\">p\u00e5 Instagram<\/a>.<\/p>\n<p>&nbsp;<\/p>\n","protected":false},"excerpt":{"rendered":"<p>Att n\u00e5gon g\u00e5ng vandra Caminon har blivit som en h\u00e4gring f\u00f6r oss. En dr\u00f6m, n\u00e5got som vi verkligen, verkligen vill ta oss tid att g\u00f6ra. Men den tar ju s\u00e5n tid! N\u00e5got som man s\u00e4llan har mitt i livet. \u00c4ven om det f\u00f6r all del \u00e4r lite b\u00e4ttre med den [&hellip;]<\/p>\n","protected":false},"author":3,"featured_media":55169,"comment_status":"open","ping_status":"open","sticky":false,"template":"","format":"standard","meta":{"_monsterinsights_skip_tracking":false,"_monsterinsights_sitenote_active":false,"_monsterinsights_sitenote_note":"","_monsterinsights_sitenote_category":0,"footnotes":""},"categories":[1497,2],"tags":[12722,12744,12683],"class_list":["post-54896","post","type-post","status-publish","format-standard","has-post-thumbnail","hentry","category-portugal","category-vandring","tag-norra-portugal","tag-pilgrimsvandring","tag-vandring-i-europa"],"yoast_head":"<!-- This site is optimized with the Yoast SEO plugin v27.5 - https:\/\/yoast.com\/product\/yoast-seo-wordpress\/ -->\n<title>Camino Portugues - pilgrimsvandring l\u00e4ngs Portugals kust<\/title>\n<meta name=\"description\" content=\"Att n\u00e5gon g\u00e5ng vandra Caminon har blivit som en h\u00e4gring f\u00f6r oss. En dr\u00f6m, n\u00e5got som vi verkligen, verkligen vill ta oss tid att g\u00f6ra. Men den tar ju s\u00e5n\" \/>\n<meta name=\"robots\" content=\"index, follow, max-snippet:-1, max-image-preview:large, max-video-preview:-1\" \/>\n<link rel=\"canonical\" href=\"https:\/\/4000mil.se\/index.php\/camino-portugues-pilgrimsvandring\/\" \/>\n<meta property=\"og:locale\" content=\"sv_SE\" \/>\n<meta property=\"og:type\" content=\"article\" \/>\n<meta property=\"og:title\" content=\"Camino Portugues - pilgrimsvandring l\u00e4ngs Portugals kust\" \/>\n<meta property=\"og:description\" content=\"Att n\u00e5gon g\u00e5ng vandra Caminon har blivit som en h\u00e4gring f\u00f6r oss. En dr\u00f6m, n\u00e5got som vi verkligen, verkligen vill ta oss tid att g\u00f6ra. Men den tar ju s\u00e5n\" \/>\n<meta property=\"og:url\" content=\"https:\/\/4000mil.se\/index.php\/camino-portugues-pilgrimsvandring\/\" \/>\n<meta property=\"og:site_name\" content=\"4000 mil - en reseblogg\" \/>\n<meta property=\"article:publisher\" content=\"https:\/\/www.facebook.com\/4000mil\/\" \/>\n<meta property=\"article:published_time\" content=\"2022-11-06T07:00:00+00:00\" \/>\n<meta property=\"article:modified_time\" content=\"2023-10-07T17:27:21+00:00\" \/>\n<meta property=\"og:image\" content=\"https:\/\/4000mil.se\/wp-content\/uploads\/2022\/11\/IMG_6969.jpg\" \/>\n\t<meta property=\"og:image:width\" content=\"2048\" \/>\n\t<meta property=\"og:image:height\" content=\"1365\" \/>\n\t<meta property=\"og:image:type\" content=\"image\/jpeg\" \/>\n<meta name=\"author\" content=\"Gunilla Yourstone\" \/>\n<meta name=\"twitter:card\" content=\"summary_large_image\" \/>\n<meta name=\"twitter:creator\" content=\"@4000mil_se\" \/>\n<meta name=\"twitter:site\" content=\"@4000mil_se\" \/>\n<meta name=\"twitter:label1\" content=\"Skriven av\" \/>\n\t<meta name=\"twitter:data1\" content=\"Gunilla Yourstone\" \/>\n\t<meta name=\"twitter:label2\" content=\"Ber\u00e4knad l\u00e4stid\" \/>\n\t<meta name=\"twitter:data2\" content=\"12 minuter\" \/>\n<script type=\"application\/ld+json\" class=\"yoast-schema-graph\">{\"@context\":\"https:\\\/\\\/schema.org\",\"@graph\":[{\"@type\":\"Article\",\"@id\":\"https:\\\/\\\/4000mil.se\\\/index.php\\\/camino-portugues-pilgrimsvandring\\\/#article\",\"isPartOf\":{\"@id\":\"https:\\\/\\\/4000mil.se\\\/index.php\\\/camino-portugues-pilgrimsvandring\\\/\"},\"author\":{\"name\":\"Gunilla Yourstone\",\"@id\":\"https:\\\/\\\/4000mil.se\\\/#\\\/schema\\\/person\\\/cda463da9f6f2c4d9bbc173471184a73\"},\"headline\":\"Camino Portugues &#8211; pilgrimsvandring l\u00e4ngs Portugals kust\",\"datePublished\":\"2022-11-06T07:00:00+00:00\",\"dateModified\":\"2023-10-07T17:27:21+00:00\",\"mainEntityOfPage\":{\"@id\":\"https:\\\/\\\/4000mil.se\\\/index.php\\\/camino-portugues-pilgrimsvandring\\\/\"},\"wordCount\":1245,\"commentCount\":6,\"publisher\":{\"@id\":\"https:\\\/\\\/4000mil.se\\\/#organization\"},\"image\":{\"@id\":\"https:\\\/\\\/4000mil.se\\\/index.php\\\/camino-portugues-pilgrimsvandring\\\/#primaryimage\"},\"thumbnailUrl\":\"https:\\\/\\\/4000mil.se\\\/wp-content\\\/uploads\\\/2022\\\/11\\\/IMG_6969.jpg\",\"keywords\":[\"Norra Portugal\",\"pilgrimsvandring\",\"Vandring i Europa\"],\"articleSection\":[\"Portugal\",\"Vandring\"],\"inLanguage\":\"sv-SE\",\"potentialAction\":[{\"@type\":\"CommentAction\",\"name\":\"Comment\",\"target\":[\"https:\\\/\\\/4000mil.se\\\/index.php\\\/camino-portugues-pilgrimsvandring\\\/#respond\"]}]},{\"@type\":\"WebPage\",\"@id\":\"https:\\\/\\\/4000mil.se\\\/index.php\\\/camino-portugues-pilgrimsvandring\\\/\",\"url\":\"https:\\\/\\\/4000mil.se\\\/index.php\\\/camino-portugues-pilgrimsvandring\\\/\",\"name\":\"Camino Portugues - pilgrimsvandring l\u00e4ngs Portugals kust\",\"isPartOf\":{\"@id\":\"https:\\\/\\\/4000mil.se\\\/#website\"},\"primaryImageOfPage\":{\"@id\":\"https:\\\/\\\/4000mil.se\\\/index.php\\\/camino-portugues-pilgrimsvandring\\\/#primaryimage\"},\"image\":{\"@id\":\"https:\\\/\\\/4000mil.se\\\/index.php\\\/camino-portugues-pilgrimsvandring\\\/#primaryimage\"},\"thumbnailUrl\":\"https:\\\/\\\/4000mil.se\\\/wp-content\\\/uploads\\\/2022\\\/11\\\/IMG_6969.jpg\",\"datePublished\":\"2022-11-06T07:00:00+00:00\",\"dateModified\":\"2023-10-07T17:27:21+00:00\",\"description\":\"Att n\u00e5gon g\u00e5ng vandra Caminon har blivit som en h\u00e4gring f\u00f6r oss. En dr\u00f6m, n\u00e5got som vi verkligen, verkligen vill ta oss tid att g\u00f6ra. Men den tar ju s\u00e5n\",\"breadcrumb\":{\"@id\":\"https:\\\/\\\/4000mil.se\\\/index.php\\\/camino-portugues-pilgrimsvandring\\\/#breadcrumb\"},\"inLanguage\":\"sv-SE\",\"potentialAction\":[{\"@type\":\"ReadAction\",\"target\":[\"https:\\\/\\\/4000mil.se\\\/index.php\\\/camino-portugues-pilgrimsvandring\\\/\"]}]},{\"@type\":\"ImageObject\",\"inLanguage\":\"sv-SE\",\"@id\":\"https:\\\/\\\/4000mil.se\\\/index.php\\\/camino-portugues-pilgrimsvandring\\\/#primaryimage\",\"url\":\"https:\\\/\\\/4000mil.se\\\/wp-content\\\/uploads\\\/2022\\\/11\\\/IMG_6969.jpg\",\"contentUrl\":\"https:\\\/\\\/4000mil.se\\\/wp-content\\\/uploads\\\/2022\\\/11\\\/IMG_6969.jpg\",\"width\":2048,\"height\":1365},{\"@type\":\"BreadcrumbList\",\"@id\":\"https:\\\/\\\/4000mil.se\\\/index.php\\\/camino-portugues-pilgrimsvandring\\\/#breadcrumb\",\"itemListElement\":[{\"@type\":\"ListItem\",\"position\":1,\"name\":\"Home\",\"item\":\"https:\\\/\\\/4000mil.se\\\/\"},{\"@type\":\"ListItem\",\"position\":2,\"name\":\"Camino Portugues &#8211; pilgrimsvandring l\u00e4ngs Portugals kust\"}]},{\"@type\":\"WebSite\",\"@id\":\"https:\\\/\\\/4000mil.se\\\/#website\",\"url\":\"https:\\\/\\\/4000mil.se\\\/\",\"name\":\"4000 mil - en reseblogg\",\"description\":\"We haven&#039;t been everywhere, but it is on our list.\",\"publisher\":{\"@id\":\"https:\\\/\\\/4000mil.se\\\/#organization\"},\"potentialAction\":[{\"@type\":\"SearchAction\",\"target\":{\"@type\":\"EntryPoint\",\"urlTemplate\":\"https:\\\/\\\/4000mil.se\\\/?s={search_term_string}\"},\"query-input\":{\"@type\":\"PropertyValueSpecification\",\"valueRequired\":true,\"valueName\":\"search_term_string\"}}],\"inLanguage\":\"sv-SE\"},{\"@type\":\"Organization\",\"@id\":\"https:\\\/\\\/4000mil.se\\\/#organization\",\"name\":\"4000mil\",\"url\":\"https:\\\/\\\/4000mil.se\\\/\",\"logo\":{\"@type\":\"ImageObject\",\"inLanguage\":\"sv-SE\",\"@id\":\"https:\\\/\\\/4000mil.se\\\/#\\\/schema\\\/logo\\\/image\\\/\",\"url\":\"https:\\\/\\\/4000mil.se\\\/wp-content\\\/uploads\\\/2017\\\/07\\\/rsz_img_5178-e1511641744338.jpg\",\"contentUrl\":\"https:\\\/\\\/4000mil.se\\\/wp-content\\\/uploads\\\/2017\\\/07\\\/rsz_img_5178-e1511641744338.jpg\",\"width\":1000,\"height\":667,\"caption\":\"4000mil\"},\"image\":{\"@id\":\"https:\\\/\\\/4000mil.se\\\/#\\\/schema\\\/logo\\\/image\\\/\"},\"sameAs\":[\"https:\\\/\\\/www.facebook.com\\\/4000mil\\\/\",\"https:\\\/\\\/x.com\\\/4000mil_se\",\"https:\\\/\\\/www.instagram.com\\\/4000mil.se\\\/\",\"https:\\\/\\\/www.youtube.com\\\/channel\\\/UCJ-arZd2a7dT4Kqq5GtVbXQ\"]},{\"@type\":\"Person\",\"@id\":\"https:\\\/\\\/4000mil.se\\\/#\\\/schema\\\/person\\\/cda463da9f6f2c4d9bbc173471184a73\",\"name\":\"Gunilla Yourstone\",\"image\":{\"@type\":\"ImageObject\",\"inLanguage\":\"sv-SE\",\"@id\":\"https:\\\/\\\/secure.gravatar.com\\\/avatar\\\/2df85d0820b33bffdd86a729d25273c6153c1cc9b1338f26ef0c98d01163520d?s=96&d=mm&r=g\",\"url\":\"https:\\\/\\\/secure.gravatar.com\\\/avatar\\\/2df85d0820b33bffdd86a729d25273c6153c1cc9b1338f26ef0c98d01163520d?s=96&d=mm&r=g\",\"contentUrl\":\"https:\\\/\\\/secure.gravatar.com\\\/avatar\\\/2df85d0820b33bffdd86a729d25273c6153c1cc9b1338f26ef0c98d01163520d?s=96&d=mm&r=g\",\"caption\":\"Gunilla Yourstone\"},\"url\":\"https:\\\/\\\/4000mil.se\\\/index.php\\\/author\\\/gunillay\\\/\"}]}<\/script>\n<!-- \/ Yoast SEO plugin. -->","yoast_head_json":{"title":"Camino Portugues - pilgrimsvandring l\u00e4ngs Portugals kust","description":"Att n\u00e5gon g\u00e5ng vandra Caminon har blivit som en h\u00e4gring f\u00f6r oss. En dr\u00f6m, n\u00e5got som vi verkligen, verkligen vill ta oss tid att g\u00f6ra. Men den tar ju s\u00e5n","robots":{"index":"index","follow":"follow","max-snippet":"max-snippet:-1","max-image-preview":"max-image-preview:large","max-video-preview":"max-video-preview:-1"},"canonical":"https:\/\/4000mil.se\/index.php\/camino-portugues-pilgrimsvandring\/","og_locale":"sv_SE","og_type":"article","og_title":"Camino Portugues - pilgrimsvandring l\u00e4ngs Portugals kust","og_description":"Att n\u00e5gon g\u00e5ng vandra Caminon har blivit som en h\u00e4gring f\u00f6r oss. En dr\u00f6m, n\u00e5got som vi verkligen, verkligen vill ta oss tid att g\u00f6ra. Men den tar ju s\u00e5n","og_url":"https:\/\/4000mil.se\/index.php\/camino-portugues-pilgrimsvandring\/","og_site_name":"4000 mil - en reseblogg","article_publisher":"https:\/\/www.facebook.com\/4000mil\/","article_published_time":"2022-11-06T07:00:00+00:00","article_modified_time":"2023-10-07T17:27:21+00:00","og_image":[{"width":2048,"height":1365,"url":"https:\/\/4000mil.se\/wp-content\/uploads\/2022\/11\/IMG_6969.jpg","type":"image\/jpeg"}],"author":"Gunilla Yourstone","twitter_card":"summary_large_image","twitter_creator":"@4000mil_se","twitter_site":"@4000mil_se","twitter_misc":{"Skriven av":"Gunilla Yourstone","Ber\u00e4knad l\u00e4stid":"12 minuter"},"schema":{"@context":"https:\/\/schema.org","@graph":[{"@type":"Article","@id":"https:\/\/4000mil.se\/index.php\/camino-portugues-pilgrimsvandring\/#article","isPartOf":{"@id":"https:\/\/4000mil.se\/index.php\/camino-portugues-pilgrimsvandring\/"},"author":{"name":"Gunilla Yourstone","@id":"https:\/\/4000mil.se\/#\/schema\/person\/cda463da9f6f2c4d9bbc173471184a73"},"headline":"Camino Portugues &#8211; pilgrimsvandring l\u00e4ngs Portugals kust","datePublished":"2022-11-06T07:00:00+00:00","dateModified":"2023-10-07T17:27:21+00:00","mainEntityOfPage":{"@id":"https:\/\/4000mil.se\/index.php\/camino-portugues-pilgrimsvandring\/"},"wordCount":1245,"commentCount":6,"publisher":{"@id":"https:\/\/4000mil.se\/#organization"},"image":{"@id":"https:\/\/4000mil.se\/index.php\/camino-portugues-pilgrimsvandring\/#primaryimage"},"thumbnailUrl":"https:\/\/4000mil.se\/wp-content\/uploads\/2022\/11\/IMG_6969.jpg","keywords":["Norra Portugal","pilgrimsvandring","Vandring i Europa"],"articleSection":["Portugal","Vandring"],"inLanguage":"sv-SE","potentialAction":[{"@type":"CommentAction","name":"Comment","target":["https:\/\/4000mil.se\/index.php\/camino-portugues-pilgrimsvandring\/#respond"]}]},{"@type":"WebPage","@id":"https:\/\/4000mil.se\/index.php\/camino-portugues-pilgrimsvandring\/","url":"https:\/\/4000mil.se\/index.php\/camino-portugues-pilgrimsvandring\/","name":"Camino Portugues - pilgrimsvandring l\u00e4ngs Portugals kust","isPartOf":{"@id":"https:\/\/4000mil.se\/#website"},"primaryImageOfPage":{"@id":"https:\/\/4000mil.se\/index.php\/camino-portugues-pilgrimsvandring\/#primaryimage"},"image":{"@id":"https:\/\/4000mil.se\/index.php\/camino-portugues-pilgrimsvandring\/#primaryimage"},"thumbnailUrl":"https:\/\/4000mil.se\/wp-content\/uploads\/2022\/11\/IMG_6969.jpg","datePublished":"2022-11-06T07:00:00+00:00","dateModified":"2023-10-07T17:27:21+00:00","description":"Att n\u00e5gon g\u00e5ng vandra Caminon har blivit som en h\u00e4gring f\u00f6r oss. En dr\u00f6m, n\u00e5got som vi verkligen, verkligen vill ta oss tid att g\u00f6ra. Men den tar ju s\u00e5n","breadcrumb":{"@id":"https:\/\/4000mil.se\/index.php\/camino-portugues-pilgrimsvandring\/#breadcrumb"},"inLanguage":"sv-SE","potentialAction":[{"@type":"ReadAction","target":["https:\/\/4000mil.se\/index.php\/camino-portugues-pilgrimsvandring\/"]}]},{"@type":"ImageObject","inLanguage":"sv-SE","@id":"https:\/\/4000mil.se\/index.php\/camino-portugues-pilgrimsvandring\/#primaryimage","url":"https:\/\/4000mil.se\/wp-content\/uploads\/2022\/11\/IMG_6969.jpg","contentUrl":"https:\/\/4000mil.se\/wp-content\/uploads\/2022\/11\/IMG_6969.jpg","width":2048,"height":1365},{"@type":"BreadcrumbList","@id":"https:\/\/4000mil.se\/index.php\/camino-portugues-pilgrimsvandring\/#breadcrumb","itemListElement":[{"@type":"ListItem","position":1,"name":"Home","item":"https:\/\/4000mil.se\/"},{"@type":"ListItem","position":2,"name":"Camino Portugues &#8211; pilgrimsvandring l\u00e4ngs Portugals kust"}]},{"@type":"WebSite","@id":"https:\/\/4000mil.se\/#website","url":"https:\/\/4000mil.se\/","name":"4000 mil - en reseblogg","description":"We haven&#039;t been everywhere, but it is on our list.","publisher":{"@id":"https:\/\/4000mil.se\/#organization"},"potentialAction":[{"@type":"SearchAction","target":{"@type":"EntryPoint","urlTemplate":"https:\/\/4000mil.se\/?s={search_term_string}"},"query-input":{"@type":"PropertyValueSpecification","valueRequired":true,"valueName":"search_term_string"}}],"inLanguage":"sv-SE"},{"@type":"Organization","@id":"https:\/\/4000mil.se\/#organization","name":"4000mil","url":"https:\/\/4000mil.se\/","logo":{"@type":"ImageObject","inLanguage":"sv-SE","@id":"https:\/\/4000mil.se\/#\/schema\/logo\/image\/","url":"https:\/\/4000mil.se\/wp-content\/uploads\/2017\/07\/rsz_img_5178-e1511641744338.jpg","contentUrl":"https:\/\/4000mil.se\/wp-content\/uploads\/2017\/07\/rsz_img_5178-e1511641744338.jpg","width":1000,"height":667,"caption":"4000mil"},"image":{"@id":"https:\/\/4000mil.se\/#\/schema\/logo\/image\/"},"sameAs":["https:\/\/www.facebook.com\/4000mil\/","https:\/\/x.com\/4000mil_se","https:\/\/www.instagram.com\/4000mil.se\/","https:\/\/www.youtube.com\/channel\/UCJ-arZd2a7dT4Kqq5GtVbXQ"]},{"@type":"Person","@id":"https:\/\/4000mil.se\/#\/schema\/person\/cda463da9f6f2c4d9bbc173471184a73","name":"Gunilla Yourstone","image":{"@type":"ImageObject","inLanguage":"sv-SE","@id":"https:\/\/secure.gravatar.com\/avatar\/2df85d0820b33bffdd86a729d25273c6153c1cc9b1338f26ef0c98d01163520d?s=96&d=mm&r=g","url":"https:\/\/secure.gravatar.com\/avatar\/2df85d0820b33bffdd86a729d25273c6153c1cc9b1338f26ef0c98d01163520d?s=96&d=mm&r=g","contentUrl":"https:\/\/secure.gravatar.com\/avatar\/2df85d0820b33bffdd86a729d25273c6153c1cc9b1338f26ef0c98d01163520d?s=96&d=mm&r=g","caption":"Gunilla Yourstone"},"url":"https:\/\/4000mil.se\/index.php\/author\/gunillay\/"}]}},"_links":{"self":[{"href":"https:\/\/4000mil.se\/index.php\/wp-json\/wp\/v2\/posts\/54896","targetHints":{"allow":["GET"]}}],"collection":[{"href":"https:\/\/4000mil.se\/index.php\/wp-json\/wp\/v2\/posts"}],"about":[{"href":"https:\/\/4000mil.se\/index.php\/wp-json\/wp\/v2\/types\/post"}],"author":[{"embeddable":true,"href":"https:\/\/4000mil.se\/index.php\/wp-json\/wp\/v2\/users\/3"}],"replies":[{"embeddable":true,"href":"https:\/\/4000mil.se\/index.php\/wp-json\/wp\/v2\/comments?post=54896"}],"version-history":[{"count":17,"href":"https:\/\/4000mil.se\/index.php\/wp-json\/wp\/v2\/posts\/54896\/revisions"}],"predecessor-version":[{"id":59371,"href":"https:\/\/4000mil.se\/index.php\/wp-json\/wp\/v2\/posts\/54896\/revisions\/59371"}],"wp:featuredmedia":[{"embeddable":true,"href":"https:\/\/4000mil.se\/index.php\/wp-json\/wp\/v2\/media\/55169"}],"wp:attachment":[{"href":"https:\/\/4000mil.se\/index.php\/wp-json\/wp\/v2\/media?parent=54896"}],"wp:term":[{"taxonomy":"category","embeddable":true,"href":"https:\/\/4000mil.se\/index.php\/wp-json\/wp\/v2\/categories?post=54896"},{"taxonomy":"post_tag","embeddable":true,"href":"https:\/\/4000mil.se\/index.php\/wp-json\/wp\/v2\/tags?post=54896"}],"curies":[{"name":"wp","href":"https:\/\/api.w.org\/{rel}","templated":true}]}}