{"id":57439,"date":"2023-03-05T08:00:00","date_gmt":"2023-03-05T07:00:00","guid":{"rendered":"https:\/\/4000mil.se\/?p=57439"},"modified":"2023-03-05T13:13:12","modified_gmt":"2023-03-05T12:13:12","slug":"vandringsresan-berg-och-sjoar-i-salzkammergut","status":"publish","type":"post","link":"https:\/\/4000mil.se\/index.php\/vandringsresan-berg-och-sjoar-i-salzkammergut\/","title":{"rendered":"Dr\u00f6mmen om vandringsresan forts\u00e4tter med Berg och sj\u00f6ar i Salzkammergut"},"content":{"rendered":"\n<p>\u00c5h den h\u00e4r vandringsresan skulle vi ju allra helst vilja g\u00f6ra redan i morgon! <a href=\"https:\/\/www.travl.se\/vandring\/osterrike\/vandring-berg-och-sjoear-i-salzkammergut\" target=\"_blank\" rel=\"noreferrer noopener\">&#8221;Berg och sj\u00f6ar i Salzkammergut&#8221;<\/a>. S\u00e5 h\u00e4rlig och perfekt f\u00f6r oss verkar den.<\/p>\n\n\n\n<figure class=\"wp-block-image size-large\"><img loading=\"lazy\" decoding=\"async\" width=\"1024\" height=\"683\" src=\"https:\/\/4000mil.se\/wp-content\/uploads\/2023\/03\/salzkammergut2-1024x683.jpg\" alt=\"\" class=\"wp-image-57462\" srcset=\"https:\/\/4000mil.se\/wp-content\/uploads\/2023\/03\/salzkammergut2-1024x683.jpg 1024w, https:\/\/4000mil.se\/wp-content\/uploads\/2023\/03\/salzkammergut2-300x200.jpg 300w, https:\/\/4000mil.se\/wp-content\/uploads\/2023\/03\/salzkammergut2-768x512.jpg 768w, https:\/\/4000mil.se\/wp-content\/uploads\/2023\/03\/salzkammergut2-1536x1024.jpg 1536w, https:\/\/4000mil.se\/wp-content\/uploads\/2023\/03\/salzkammergut2-2000x1333.jpg 2000w, https:\/\/4000mil.se\/wp-content\/uploads\/2023\/03\/salzkammergut2-800x533.jpg 800w, https:\/\/4000mil.se\/wp-content\/uploads\/2023\/03\/salzkammergut2.jpg 2048w\" sizes=\"auto, (max-width: 1024px) 100vw, 1024px\" \/><\/figure>\n\n\n\n<p>Att vandra i Alperna \u00e4r ju n\u00e5got alldeles speciellt. Vi har redan varit v\u00e4g ett g\u00e4ng g\u00e5nger. F\u00f6rra \u00e5ret vandrade vi i \u00f6sterrikiska <a href=\"https:\/\/4000mil.se\/index.php\/vandring-i-hinterglemm-spieleckkogel\/\">Hinterglemm<\/a> och i Brienz i Schweiz. 2019 i Jungfrau-regionen och 2018 i Dolomiterna. Samt att jag \u00e4ven vandrat i Badgastein f\u00f6r l\u00e4nge sedan.<\/p>\n\n\n\n<p>En j\u00e4drans flyt med v\u00e4dret brukar vi ha i Alperna ocks\u00e5. Mest bara v\u00e4rmeb\u00f6lja och str\u00e5lande sol varenda dag.<\/p>\n\n\n\n<figure class=\"wp-block-image size-large\"><img loading=\"lazy\" decoding=\"async\" width=\"1024\" height=\"683\" src=\"https:\/\/4000mil.se\/wp-content\/uploads\/2022\/09\/IMG_8609-1024x683.jpg\" alt=\"\" class=\"wp-image-53894\" srcset=\"https:\/\/4000mil.se\/wp-content\/uploads\/2022\/09\/IMG_8609-1024x683.jpg 1024w, https:\/\/4000mil.se\/wp-content\/uploads\/2022\/09\/IMG_8609-300x200.jpg 300w, https:\/\/4000mil.se\/wp-content\/uploads\/2022\/09\/IMG_8609-768x512.jpg 768w, https:\/\/4000mil.se\/wp-content\/uploads\/2022\/09\/IMG_8609-1536x1024.jpg 1536w, https:\/\/4000mil.se\/wp-content\/uploads\/2022\/09\/IMG_8609-2000x1333.jpg 2000w, https:\/\/4000mil.se\/wp-content\/uploads\/2022\/09\/IMG_8609-800x533.jpg 800w, https:\/\/4000mil.se\/wp-content\/uploads\/2022\/09\/IMG_8609.jpg 2048w\" sizes=\"auto, (max-width: 1024px) 100vw, 1024px\" \/><figcaption class=\"wp-element-caption\">S\u00e5 h\u00e4r fint brukar vi ha det<\/figcaption><\/figure>\n\n\n\n<p>Det enda med Alperna \u00e4r v\u00e4l det d\u00e4r med sv\u00e5righetsgraden. Hur man \u00e4n f\u00f6rs\u00f6ker leta lagoma vandringar, s\u00e5 \u00e4r det l\u00e4tt att man \u00e4nd\u00e5 hamnar i spektrat &#8221;lite f\u00f6r avancerat&#8221;. Pl\u00f6tsligt \u00e4r det stup, <em>scrambling <\/em>(allts\u00e5 att man m\u00e5ste anv\u00e4nda h\u00e4nderna och lite halvkl\u00e4ttra) och rullgrus nedf\u00f6r, hur man \u00e4n f\u00f6rs\u00f6ker v\u00e4lja r\u00e4tt innan.<\/p>\n\n\n\n<figure class=\"wp-block-image size-large\"><img loading=\"lazy\" decoding=\"async\" width=\"1024\" height=\"768\" src=\"https:\/\/4000mil.se\/wp-content\/uploads\/2023\/03\/austria-1812485_1280-1024x768.jpg\" alt=\"\" class=\"wp-image-57463\" srcset=\"https:\/\/4000mil.se\/wp-content\/uploads\/2023\/03\/austria-1812485_1280-1024x768.jpg 1024w, https:\/\/4000mil.se\/wp-content\/uploads\/2023\/03\/austria-1812485_1280-300x225.jpg 300w, https:\/\/4000mil.se\/wp-content\/uploads\/2023\/03\/austria-1812485_1280-768x576.jpg 768w, https:\/\/4000mil.se\/wp-content\/uploads\/2023\/03\/austria-1812485_1280-800x600.jpg 800w, https:\/\/4000mil.se\/wp-content\/uploads\/2023\/03\/austria-1812485_1280.jpg 1280w\" sizes=\"auto, (max-width: 1024px) 100vw, 1024px\" \/><\/figure>\n\n\n\n<p>D\u00e4rf\u00f6r blir jag s\u00e5 f\u00f6rtjust i denna vandring. Den \u00e4r mer l\u00e4ttsam \u00e4n vad man kanske annars \u00e4r van vid i Alperna och saknar tekniskt utmanande partier. Utan att f\u00f6r den skulle ge avkall p\u00e5 vyer och alpk\u00e4nsla.<\/p>\n\n\n\n<figure class=\"wp-block-image size-large\"><img loading=\"lazy\" decoding=\"async\" width=\"1024\" height=\"683\" src=\"https:\/\/4000mil.se\/wp-content\/uploads\/2023\/03\/aussersee-3891957_1920-1024x683.jpg\" alt=\"\" class=\"wp-image-57464\" srcset=\"https:\/\/4000mil.se\/wp-content\/uploads\/2023\/03\/aussersee-3891957_1920-1024x683.jpg 1024w, https:\/\/4000mil.se\/wp-content\/uploads\/2023\/03\/aussersee-3891957_1920-300x200.jpg 300w, https:\/\/4000mil.se\/wp-content\/uploads\/2023\/03\/aussersee-3891957_1920-768x512.jpg 768w, https:\/\/4000mil.se\/wp-content\/uploads\/2023\/03\/aussersee-3891957_1920-1536x1024.jpg 1536w, https:\/\/4000mil.se\/wp-content\/uploads\/2023\/03\/aussersee-3891957_1920-800x533.jpg 800w, https:\/\/4000mil.se\/wp-content\/uploads\/2023\/03\/aussersee-3891957_1920.jpg 1920w\" sizes=\"auto, (max-width: 1024px) 100vw, 1024px\" \/><\/figure>\n\n\n\n<p>Salzkammergut \u00e4r ett omr\u00e5de i de \u00f6sterrikiska Alpernas hj\u00e4rta, delar av det ett UNECO-v\u00e4rldsarv och det \u00e4r ansett som ett av de vackraste omr\u00e5dena i \u00d6sterrike. H\u00e4r avl\u00f6ser de vackra, klara sj\u00f6arna varandra. Ni vet s\u00e5na med turkost vatten, ett svanpar och s\u00e5 en galet pittoresk by i fonden. Omgiven f\u00f6rst\u00e5s av de riktigt imponerande \u00f6sterrikiska alptopparna.<\/p>\n\n\n\n<figure class=\"wp-block-image size-large\"><img loading=\"lazy\" decoding=\"async\" width=\"1024\" height=\"588\" src=\"https:\/\/4000mil.se\/wp-content\/uploads\/2023\/03\/swans-5897740_1920-1024x588.jpg\" alt=\"\" class=\"wp-image-57518\" srcset=\"https:\/\/4000mil.se\/wp-content\/uploads\/2023\/03\/swans-5897740_1920-1024x588.jpg 1024w, https:\/\/4000mil.se\/wp-content\/uploads\/2023\/03\/swans-5897740_1920-300x172.jpg 300w, https:\/\/4000mil.se\/wp-content\/uploads\/2023\/03\/swans-5897740_1920-768x441.jpg 768w, https:\/\/4000mil.se\/wp-content\/uploads\/2023\/03\/swans-5897740_1920-1536x882.jpg 1536w, https:\/\/4000mil.se\/wp-content\/uploads\/2023\/03\/swans-5897740_1920-800x460.jpg 800w, https:\/\/4000mil.se\/wp-content\/uploads\/2023\/03\/swans-5897740_1920.jpg 1920w\" sizes=\"auto, (max-width: 1024px) 100vw, 1024px\" \/><\/figure>\n\n\n\n<figure class=\"wp-block-image size-large\"><img loading=\"lazy\" decoding=\"async\" width=\"1024\" height=\"683\" src=\"https:\/\/4000mil.se\/wp-content\/uploads\/2022\/09\/IMG_1511-1024x683.jpg\" alt=\"\" class=\"wp-image-53870\" srcset=\"https:\/\/4000mil.se\/wp-content\/uploads\/2022\/09\/IMG_1511-1024x683.jpg 1024w, https:\/\/4000mil.se\/wp-content\/uploads\/2022\/09\/IMG_1511-300x200.jpg 300w, https:\/\/4000mil.se\/wp-content\/uploads\/2022\/09\/IMG_1511-768x512.jpg 768w, https:\/\/4000mil.se\/wp-content\/uploads\/2022\/09\/IMG_1511-1536x1024.jpg 1536w, https:\/\/4000mil.se\/wp-content\/uploads\/2022\/09\/IMG_1511-2000x1333.jpg 2000w, https:\/\/4000mil.se\/wp-content\/uploads\/2022\/09\/IMG_1511-800x533.jpg 800w, https:\/\/4000mil.se\/wp-content\/uploads\/2022\/09\/IMG_1511.jpg 2048w\" sizes=\"auto, (max-width: 1024px) 100vw, 1024px\" \/><\/figure>\n\n\n\n<p>En dag p\u00e5 denna vandring, stiger man 990 meter, f\u00f6r att komma upp p\u00e5 h\u00f6gplat\u00e5n Tauplitzalm&nbsp;och den unika milj\u00f6n d\u00e4r, men annars \u00e4r stigningarna mer m\u00e5ttliga. En dag bor man kvar p\u00e5 samma st\u00e4lle, uppe p\u00e5 Tauplitzalm&nbsp;och kan d\u00e4rf\u00f6r v\u00e4lja en rundtur med en l\u00e4ngd och sv\u00e5righetsgrad som passar en sj\u00e4lv.<\/p>\n\n\n\n<figure class=\"wp-block-image size-large\"><img loading=\"lazy\" decoding=\"async\" width=\"1024\" height=\"683\" src=\"https:\/\/4000mil.se\/wp-content\/uploads\/2023\/03\/st-wolfgang-6678751_1920-1024x683.jpg\" alt=\"\" class=\"wp-image-57508\" srcset=\"https:\/\/4000mil.se\/wp-content\/uploads\/2023\/03\/st-wolfgang-6678751_1920-1024x683.jpg 1024w, https:\/\/4000mil.se\/wp-content\/uploads\/2023\/03\/st-wolfgang-6678751_1920-300x200.jpg 300w, https:\/\/4000mil.se\/wp-content\/uploads\/2023\/03\/st-wolfgang-6678751_1920-768x512.jpg 768w, https:\/\/4000mil.se\/wp-content\/uploads\/2023\/03\/st-wolfgang-6678751_1920-1536x1024.jpg 1536w, https:\/\/4000mil.se\/wp-content\/uploads\/2023\/03\/st-wolfgang-6678751_1920-800x533.jpg 800w, https:\/\/4000mil.se\/wp-content\/uploads\/2023\/03\/st-wolfgang-6678751_1920.jpg 1920w\" sizes=\"auto, (max-width: 1024px) 100vw, 1024px\" \/><\/figure>\n\n\n\n<p>Det \u00e4r inte alls fel, tycker vi, n\u00e4r det finns alternativa vandringar och valm\u00f6jligheter vissa av vandringsdagarna, f\u00f6r man vet ju inte i f\u00f6rv\u00e4g hur pigg och fr\u00e4sch man kommer att vara. Kanske har man massor av spring i bena kvar och vill utmana sig. Och d\u00e5 \u00e4r det ju bara att go for it. Eller s\u00e5 k\u00e4nner man av det d\u00e4r gamla kn\u00e4t eller h\u00f6ften, och vill hellre softa lite. Och d\u00e5 k\u00f6r man en kortare vandring och sedan ryggl\u00e4ge p\u00e5 en blomster\u00e4ng.<\/p>\n\n\n\n<figure class=\"wp-block-image size-large\"><img loading=\"lazy\" decoding=\"async\" width=\"1024\" height=\"768\" src=\"https:\/\/4000mil.se\/wp-content\/uploads\/2018\/06\/rsz_p1240298-1024x768.jpg\" alt=\"\" class=\"wp-image-20187\" srcset=\"https:\/\/4000mil.se\/wp-content\/uploads\/2018\/06\/rsz_p1240298-1024x768.jpg 1024w, https:\/\/4000mil.se\/wp-content\/uploads\/2018\/06\/rsz_p1240298-300x225.jpg 300w, https:\/\/4000mil.se\/wp-content\/uploads\/2018\/06\/rsz_p1240298-768x576.jpg 768w, https:\/\/4000mil.se\/wp-content\/uploads\/2018\/06\/rsz_p1240298-800x600.jpg 800w, https:\/\/4000mil.se\/wp-content\/uploads\/2018\/06\/rsz_p1240298.jpg 1280w\" sizes=\"auto, (max-width: 1024px) 100vw, 1024px\" \/><figcaption class=\"wp-element-caption\">Ryggl\u00e4ge p\u00e5 blomster\u00e4ng. Check.<\/figcaption><\/figure>\n\n\n\n<figure class=\"wp-block-image size-large\"><img loading=\"lazy\" decoding=\"async\" width=\"1024\" height=\"683\" src=\"https:\/\/4000mil.se\/wp-content\/uploads\/2023\/03\/salzkammergut-1024x683.jpg\" alt=\"\" class=\"wp-image-57465\" srcset=\"https:\/\/4000mil.se\/wp-content\/uploads\/2023\/03\/salzkammergut-1024x683.jpg 1024w, https:\/\/4000mil.se\/wp-content\/uploads\/2023\/03\/salzkammergut-300x200.jpg 300w, https:\/\/4000mil.se\/wp-content\/uploads\/2023\/03\/salzkammergut-768x512.jpg 768w, https:\/\/4000mil.se\/wp-content\/uploads\/2023\/03\/salzkammergut-1536x1024.jpg 1536w, https:\/\/4000mil.se\/wp-content\/uploads\/2023\/03\/salzkammergut-2000x1333.jpg 2000w, https:\/\/4000mil.se\/wp-content\/uploads\/2023\/03\/salzkammergut-800x533.jpg 800w, https:\/\/4000mil.se\/wp-content\/uploads\/2023\/03\/salzkammergut.jpg 2048w\" sizes=\"auto, (max-width: 1024px) 100vw, 1024px\" \/><\/figure>\n\n\n\n<figure class=\"wp-block-image size-large\"><img loading=\"lazy\" decoding=\"async\" width=\"1024\" height=\"576\" src=\"https:\/\/4000mil.se\/wp-content\/uploads\/2023\/03\/salzkammergut4-1024x576.jpg\" alt=\"\" class=\"wp-image-57466\" srcset=\"https:\/\/4000mil.se\/wp-content\/uploads\/2023\/03\/salzkammergut4-1024x576.jpg 1024w, https:\/\/4000mil.se\/wp-content\/uploads\/2023\/03\/salzkammergut4-300x169.jpg 300w, https:\/\/4000mil.se\/wp-content\/uploads\/2023\/03\/salzkammergut4-768x432.jpg 768w, https:\/\/4000mil.se\/wp-content\/uploads\/2023\/03\/salzkammergut4-1536x864.jpg 1536w, https:\/\/4000mil.se\/wp-content\/uploads\/2023\/03\/salzkammergut4-2000x1125.jpg 2000w, https:\/\/4000mil.se\/wp-content\/uploads\/2023\/03\/salzkammergut4-800x450.jpg 800w, https:\/\/4000mil.se\/wp-content\/uploads\/2023\/03\/salzkammergut4.jpg 2048w\" sizes=\"auto, (max-width: 1024px) 100vw, 1024px\" \/><\/figure>\n\n\n\n<p>P\u00e5 kv\u00e4llarna blir det f\u00f6rst\u00e5s \u00f6sterrikisk <em>Gem\u00fct <\/em>med lokalt \u00f6l och schnitzel p\u00e5 en eller annan Stube med tr\u00e4inredning och kypare i traditionell kl\u00e4dsel inklusive Lederhosen. Ser vi framf\u00f6r oss. Som det ju brukas, var man \u00e4n hamnar i \u00d6sterrike.<\/p>\n\n\n\n<p><a href=\"https:\/\/www.travl.se\/vandring\/osterrike\/vandring-berg-och-sjoear-i-salzkammergut\" target=\"_blank\" rel=\"noreferrer noopener\">H\u00e4r hittade vi vandringspaketet Berg och sj\u00f6ar i Salzkammergut.<\/a><\/p>\n\n\n\n<figure class=\"wp-block-image size-large\"><img loading=\"lazy\" decoding=\"async\" width=\"1024\" height=\"683\" src=\"https:\/\/4000mil.se\/wp-content\/uploads\/2023\/01\/IMG_1777-1024x683.jpg\" alt=\"\" class=\"wp-image-56473\" srcset=\"https:\/\/4000mil.se\/wp-content\/uploads\/2023\/01\/IMG_1777-1024x683.jpg 1024w, https:\/\/4000mil.se\/wp-content\/uploads\/2023\/01\/IMG_1777-300x200.jpg 300w, https:\/\/4000mil.se\/wp-content\/uploads\/2023\/01\/IMG_1777-768x512.jpg 768w, https:\/\/4000mil.se\/wp-content\/uploads\/2023\/01\/IMG_1777-1536x1024.jpg 1536w, https:\/\/4000mil.se\/wp-content\/uploads\/2023\/01\/IMG_1777-2000x1333.jpg 2000w, https:\/\/4000mil.se\/wp-content\/uploads\/2023\/01\/IMG_1777-800x533.jpg 800w, https:\/\/4000mil.se\/wp-content\/uploads\/2023\/01\/IMG_1777.jpg 2048w\" sizes=\"auto, (max-width: 1024px) 100vw, 1024px\" \/><figcaption class=\"wp-element-caption\">Typ s\u00e5 h\u00e4r brukar det alltid sluta.<\/figcaption><\/figure>\n\n\n\n<p><strong>L\u00e4s ocks\u00e5:<\/strong> <a href=\"https:\/\/4000mil.se\/index.php\/den-vilda-atlantvagen-pa-irland\/\">Dr\u00f6mmen om vandringsresan &#8211; Den Vilda Altantv\u00e4gen p\u00e5 Irland<\/a><\/p>\n\n\n\n<p><\/p>\n\n\n\n<p>Missa inga inl\u00e4gg. Gl\u00f6m inte att&nbsp;<a href=\"https:\/\/www.facebook.com\/4000mil\/\" target=\"_blank\" rel=\"noreferrer noopener\">f\u00f6lja 4000mil p\u00e5 Facebook<\/a>&nbsp;och&nbsp;<a href=\"https:\/\/www.instagram.com\/4000mil.se\/\" target=\"_blank\" rel=\"noreferrer noopener\">p\u00e5 Instagram<\/a>.<\/p>\n\n\n\n<p><\/p>\n","protected":false},"excerpt":{"rendered":"<p>\u00c5h den h\u00e4r vandringsresan skulle vi ju allra helst vilja g\u00f6ra redan i morgon! &#8221;Berg och sj\u00f6ar i Salzkammergut&#8221;. S\u00e5 h\u00e4rlig och perfekt f\u00f6r oss verkar den. Att vandra i Alperna \u00e4r ju n\u00e5got alldeles speciellt. Vi har redan varit v\u00e4g ett g\u00e4ng g\u00e5nger. F\u00f6rra \u00e5ret vandrade vi i \u00f6sterrikiska [&hellip;]<\/p>\n","protected":false},"author":3,"featured_media":57465,"comment_status":"open","ping_status":"open","sticky":false,"template":"","format":"standard","meta":{"_monsterinsights_skip_tracking":false,"_monsterinsights_sitenote_active":false,"_monsterinsights_sitenote_note":"","_monsterinsights_sitenote_category":0,"footnotes":""},"categories":[2],"tags":[12683],"class_list":["post-57439","post","type-post","status-publish","format-standard","has-post-thumbnail","hentry","category-vandring","tag-vandring-i-europa"],"yoast_head":"<!-- This site is optimized with the Yoast SEO plugin v27.5 - https:\/\/yoast.com\/product\/yoast-seo-wordpress\/ -->\n<title>Dr\u00f6mmen om vandringsresan forts\u00e4tter med Berg och sj\u00f6ar i Salzkammergut<\/title>\n<meta name=\"description\" content=\"\u00c5h den h\u00e4r vandringsresan skulle vi ju allra helst vilja g\u00f6ra redan i morgon! &quot;Berg och sj\u00f6ar i Salzkammergut&quot;. S\u00e5 h\u00e4rlig och perfekt f\u00f6r oss verkar den.\" \/>\n<meta name=\"robots\" content=\"index, follow, max-snippet:-1, max-image-preview:large, max-video-preview:-1\" \/>\n<link rel=\"canonical\" href=\"https:\/\/4000mil.se\/index.php\/vandringsresan-berg-och-sjoar-i-salzkammergut\/\" \/>\n<meta property=\"og:locale\" content=\"sv_SE\" \/>\n<meta property=\"og:type\" content=\"article\" \/>\n<meta property=\"og:title\" content=\"Dr\u00f6mmen om vandringsresan forts\u00e4tter med Berg och sj\u00f6ar i Salzkammergut\" \/>\n<meta property=\"og:description\" content=\"\u00c5h den h\u00e4r vandringsresan skulle vi ju allra helst vilja g\u00f6ra redan i morgon! &quot;Berg och sj\u00f6ar i Salzkammergut&quot;. S\u00e5 h\u00e4rlig och perfekt f\u00f6r oss verkar den.\" \/>\n<meta property=\"og:url\" content=\"https:\/\/4000mil.se\/index.php\/vandringsresan-berg-och-sjoar-i-salzkammergut\/\" \/>\n<meta property=\"og:site_name\" content=\"4000 mil - en reseblogg\" \/>\n<meta property=\"article:publisher\" content=\"https:\/\/www.facebook.com\/4000mil\/\" \/>\n<meta property=\"article:published_time\" content=\"2023-03-05T07:00:00+00:00\" \/>\n<meta property=\"article:modified_time\" content=\"2023-03-05T12:13:12+00:00\" \/>\n<meta property=\"og:image\" content=\"https:\/\/4000mil.se\/wp-content\/uploads\/2023\/03\/salzkammergut.jpg\" \/>\n\t<meta property=\"og:image:width\" content=\"2048\" \/>\n\t<meta property=\"og:image:height\" content=\"1365\" \/>\n\t<meta property=\"og:image:type\" content=\"image\/jpeg\" \/>\n<meta name=\"author\" content=\"Gunilla Yourstone\" \/>\n<meta name=\"twitter:card\" content=\"summary_large_image\" \/>\n<meta name=\"twitter:creator\" content=\"@4000mil_se\" \/>\n<meta name=\"twitter:site\" content=\"@4000mil_se\" \/>\n<meta name=\"twitter:label1\" content=\"Skriven av\" \/>\n\t<meta name=\"twitter:data1\" content=\"Gunilla Yourstone\" \/>\n\t<meta name=\"twitter:label2\" content=\"Ber\u00e4knad l\u00e4stid\" \/>\n\t<meta name=\"twitter:data2\" content=\"5 minuter\" \/>\n<script type=\"application\/ld+json\" class=\"yoast-schema-graph\">{\"@context\":\"https:\\\/\\\/schema.org\",\"@graph\":[{\"@type\":\"Article\",\"@id\":\"https:\\\/\\\/4000mil.se\\\/index.php\\\/vandringsresan-berg-och-sjoar-i-salzkammergut\\\/#article\",\"isPartOf\":{\"@id\":\"https:\\\/\\\/4000mil.se\\\/index.php\\\/vandringsresan-berg-och-sjoar-i-salzkammergut\\\/\"},\"author\":{\"name\":\"Gunilla Yourstone\",\"@id\":\"https:\\\/\\\/4000mil.se\\\/#\\\/schema\\\/person\\\/cda463da9f6f2c4d9bbc173471184a73\"},\"headline\":\"Dr\u00f6mmen om vandringsresan forts\u00e4tter med Berg och sj\u00f6ar i Salzkammergut\",\"datePublished\":\"2023-03-05T07:00:00+00:00\",\"dateModified\":\"2023-03-05T12:13:12+00:00\",\"mainEntityOfPage\":{\"@id\":\"https:\\\/\\\/4000mil.se\\\/index.php\\\/vandringsresan-berg-och-sjoar-i-salzkammergut\\\/\"},\"wordCount\":560,\"commentCount\":6,\"publisher\":{\"@id\":\"https:\\\/\\\/4000mil.se\\\/#organization\"},\"image\":{\"@id\":\"https:\\\/\\\/4000mil.se\\\/index.php\\\/vandringsresan-berg-och-sjoar-i-salzkammergut\\\/#primaryimage\"},\"thumbnailUrl\":\"https:\\\/\\\/4000mil.se\\\/wp-content\\\/uploads\\\/2023\\\/03\\\/salzkammergut.jpg\",\"keywords\":[\"Vandring i Europa\"],\"articleSection\":[\"Vandring\"],\"inLanguage\":\"sv-SE\",\"potentialAction\":[{\"@type\":\"CommentAction\",\"name\":\"Comment\",\"target\":[\"https:\\\/\\\/4000mil.se\\\/index.php\\\/vandringsresan-berg-och-sjoar-i-salzkammergut\\\/#respond\"]}]},{\"@type\":\"WebPage\",\"@id\":\"https:\\\/\\\/4000mil.se\\\/index.php\\\/vandringsresan-berg-och-sjoar-i-salzkammergut\\\/\",\"url\":\"https:\\\/\\\/4000mil.se\\\/index.php\\\/vandringsresan-berg-och-sjoar-i-salzkammergut\\\/\",\"name\":\"Dr\u00f6mmen om vandringsresan forts\u00e4tter med Berg och sj\u00f6ar i Salzkammergut\",\"isPartOf\":{\"@id\":\"https:\\\/\\\/4000mil.se\\\/#website\"},\"primaryImageOfPage\":{\"@id\":\"https:\\\/\\\/4000mil.se\\\/index.php\\\/vandringsresan-berg-och-sjoar-i-salzkammergut\\\/#primaryimage\"},\"image\":{\"@id\":\"https:\\\/\\\/4000mil.se\\\/index.php\\\/vandringsresan-berg-och-sjoar-i-salzkammergut\\\/#primaryimage\"},\"thumbnailUrl\":\"https:\\\/\\\/4000mil.se\\\/wp-content\\\/uploads\\\/2023\\\/03\\\/salzkammergut.jpg\",\"datePublished\":\"2023-03-05T07:00:00+00:00\",\"dateModified\":\"2023-03-05T12:13:12+00:00\",\"description\":\"\u00c5h den h\u00e4r vandringsresan skulle vi ju allra helst vilja g\u00f6ra redan i morgon! \\\"Berg och sj\u00f6ar i Salzkammergut\\\". S\u00e5 h\u00e4rlig och perfekt f\u00f6r oss verkar den.\",\"breadcrumb\":{\"@id\":\"https:\\\/\\\/4000mil.se\\\/index.php\\\/vandringsresan-berg-och-sjoar-i-salzkammergut\\\/#breadcrumb\"},\"inLanguage\":\"sv-SE\",\"potentialAction\":[{\"@type\":\"ReadAction\",\"target\":[\"https:\\\/\\\/4000mil.se\\\/index.php\\\/vandringsresan-berg-och-sjoar-i-salzkammergut\\\/\"]}]},{\"@type\":\"ImageObject\",\"inLanguage\":\"sv-SE\",\"@id\":\"https:\\\/\\\/4000mil.se\\\/index.php\\\/vandringsresan-berg-och-sjoar-i-salzkammergut\\\/#primaryimage\",\"url\":\"https:\\\/\\\/4000mil.se\\\/wp-content\\\/uploads\\\/2023\\\/03\\\/salzkammergut.jpg\",\"contentUrl\":\"https:\\\/\\\/4000mil.se\\\/wp-content\\\/uploads\\\/2023\\\/03\\\/salzkammergut.jpg\",\"width\":2048,\"height\":1365},{\"@type\":\"BreadcrumbList\",\"@id\":\"https:\\\/\\\/4000mil.se\\\/index.php\\\/vandringsresan-berg-och-sjoar-i-salzkammergut\\\/#breadcrumb\",\"itemListElement\":[{\"@type\":\"ListItem\",\"position\":1,\"name\":\"Home\",\"item\":\"https:\\\/\\\/4000mil.se\\\/\"},{\"@type\":\"ListItem\",\"position\":2,\"name\":\"Dr\u00f6mmen om vandringsresan forts\u00e4tter med Berg och sj\u00f6ar i Salzkammergut\"}]},{\"@type\":\"WebSite\",\"@id\":\"https:\\\/\\\/4000mil.se\\\/#website\",\"url\":\"https:\\\/\\\/4000mil.se\\\/\",\"name\":\"4000 mil - en reseblogg\",\"description\":\"We haven&#039;t been everywhere, but it is on our list.\",\"publisher\":{\"@id\":\"https:\\\/\\\/4000mil.se\\\/#organization\"},\"potentialAction\":[{\"@type\":\"SearchAction\",\"target\":{\"@type\":\"EntryPoint\",\"urlTemplate\":\"https:\\\/\\\/4000mil.se\\\/?s={search_term_string}\"},\"query-input\":{\"@type\":\"PropertyValueSpecification\",\"valueRequired\":true,\"valueName\":\"search_term_string\"}}],\"inLanguage\":\"sv-SE\"},{\"@type\":\"Organization\",\"@id\":\"https:\\\/\\\/4000mil.se\\\/#organization\",\"name\":\"4000mil\",\"url\":\"https:\\\/\\\/4000mil.se\\\/\",\"logo\":{\"@type\":\"ImageObject\",\"inLanguage\":\"sv-SE\",\"@id\":\"https:\\\/\\\/4000mil.se\\\/#\\\/schema\\\/logo\\\/image\\\/\",\"url\":\"https:\\\/\\\/4000mil.se\\\/wp-content\\\/uploads\\\/2017\\\/07\\\/rsz_img_5178-e1511641744338.jpg\",\"contentUrl\":\"https:\\\/\\\/4000mil.se\\\/wp-content\\\/uploads\\\/2017\\\/07\\\/rsz_img_5178-e1511641744338.jpg\",\"width\":1000,\"height\":667,\"caption\":\"4000mil\"},\"image\":{\"@id\":\"https:\\\/\\\/4000mil.se\\\/#\\\/schema\\\/logo\\\/image\\\/\"},\"sameAs\":[\"https:\\\/\\\/www.facebook.com\\\/4000mil\\\/\",\"https:\\\/\\\/x.com\\\/4000mil_se\",\"https:\\\/\\\/www.instagram.com\\\/4000mil.se\\\/\",\"https:\\\/\\\/www.youtube.com\\\/channel\\\/UCJ-arZd2a7dT4Kqq5GtVbXQ\"]},{\"@type\":\"Person\",\"@id\":\"https:\\\/\\\/4000mil.se\\\/#\\\/schema\\\/person\\\/cda463da9f6f2c4d9bbc173471184a73\",\"name\":\"Gunilla Yourstone\",\"image\":{\"@type\":\"ImageObject\",\"inLanguage\":\"sv-SE\",\"@id\":\"https:\\\/\\\/secure.gravatar.com\\\/avatar\\\/2df85d0820b33bffdd86a729d25273c6153c1cc9b1338f26ef0c98d01163520d?s=96&d=mm&r=g\",\"url\":\"https:\\\/\\\/secure.gravatar.com\\\/avatar\\\/2df85d0820b33bffdd86a729d25273c6153c1cc9b1338f26ef0c98d01163520d?s=96&d=mm&r=g\",\"contentUrl\":\"https:\\\/\\\/secure.gravatar.com\\\/avatar\\\/2df85d0820b33bffdd86a729d25273c6153c1cc9b1338f26ef0c98d01163520d?s=96&d=mm&r=g\",\"caption\":\"Gunilla Yourstone\"},\"url\":\"https:\\\/\\\/4000mil.se\\\/index.php\\\/author\\\/gunillay\\\/\"}]}<\/script>\n<!-- \/ Yoast SEO plugin. -->","yoast_head_json":{"title":"Dr\u00f6mmen om vandringsresan forts\u00e4tter med Berg och sj\u00f6ar i Salzkammergut","description":"\u00c5h den h\u00e4r vandringsresan skulle vi ju allra helst vilja g\u00f6ra redan i morgon! \"Berg och sj\u00f6ar i Salzkammergut\". S\u00e5 h\u00e4rlig och perfekt f\u00f6r oss verkar den.","robots":{"index":"index","follow":"follow","max-snippet":"max-snippet:-1","max-image-preview":"max-image-preview:large","max-video-preview":"max-video-preview:-1"},"canonical":"https:\/\/4000mil.se\/index.php\/vandringsresan-berg-och-sjoar-i-salzkammergut\/","og_locale":"sv_SE","og_type":"article","og_title":"Dr\u00f6mmen om vandringsresan forts\u00e4tter med Berg och sj\u00f6ar i Salzkammergut","og_description":"\u00c5h den h\u00e4r vandringsresan skulle vi ju allra helst vilja g\u00f6ra redan i morgon! \"Berg och sj\u00f6ar i Salzkammergut\". S\u00e5 h\u00e4rlig och perfekt f\u00f6r oss verkar den.","og_url":"https:\/\/4000mil.se\/index.php\/vandringsresan-berg-och-sjoar-i-salzkammergut\/","og_site_name":"4000 mil - en reseblogg","article_publisher":"https:\/\/www.facebook.com\/4000mil\/","article_published_time":"2023-03-05T07:00:00+00:00","article_modified_time":"2023-03-05T12:13:12+00:00","og_image":[{"width":2048,"height":1365,"url":"https:\/\/4000mil.se\/wp-content\/uploads\/2023\/03\/salzkammergut.jpg","type":"image\/jpeg"}],"author":"Gunilla Yourstone","twitter_card":"summary_large_image","twitter_creator":"@4000mil_se","twitter_site":"@4000mil_se","twitter_misc":{"Skriven av":"Gunilla Yourstone","Ber\u00e4knad l\u00e4stid":"5 minuter"},"schema":{"@context":"https:\/\/schema.org","@graph":[{"@type":"Article","@id":"https:\/\/4000mil.se\/index.php\/vandringsresan-berg-och-sjoar-i-salzkammergut\/#article","isPartOf":{"@id":"https:\/\/4000mil.se\/index.php\/vandringsresan-berg-och-sjoar-i-salzkammergut\/"},"author":{"name":"Gunilla Yourstone","@id":"https:\/\/4000mil.se\/#\/schema\/person\/cda463da9f6f2c4d9bbc173471184a73"},"headline":"Dr\u00f6mmen om vandringsresan forts\u00e4tter med Berg och sj\u00f6ar i Salzkammergut","datePublished":"2023-03-05T07:00:00+00:00","dateModified":"2023-03-05T12:13:12+00:00","mainEntityOfPage":{"@id":"https:\/\/4000mil.se\/index.php\/vandringsresan-berg-och-sjoar-i-salzkammergut\/"},"wordCount":560,"commentCount":6,"publisher":{"@id":"https:\/\/4000mil.se\/#organization"},"image":{"@id":"https:\/\/4000mil.se\/index.php\/vandringsresan-berg-och-sjoar-i-salzkammergut\/#primaryimage"},"thumbnailUrl":"https:\/\/4000mil.se\/wp-content\/uploads\/2023\/03\/salzkammergut.jpg","keywords":["Vandring i Europa"],"articleSection":["Vandring"],"inLanguage":"sv-SE","potentialAction":[{"@type":"CommentAction","name":"Comment","target":["https:\/\/4000mil.se\/index.php\/vandringsresan-berg-och-sjoar-i-salzkammergut\/#respond"]}]},{"@type":"WebPage","@id":"https:\/\/4000mil.se\/index.php\/vandringsresan-berg-och-sjoar-i-salzkammergut\/","url":"https:\/\/4000mil.se\/index.php\/vandringsresan-berg-och-sjoar-i-salzkammergut\/","name":"Dr\u00f6mmen om vandringsresan forts\u00e4tter med Berg och sj\u00f6ar i Salzkammergut","isPartOf":{"@id":"https:\/\/4000mil.se\/#website"},"primaryImageOfPage":{"@id":"https:\/\/4000mil.se\/index.php\/vandringsresan-berg-och-sjoar-i-salzkammergut\/#primaryimage"},"image":{"@id":"https:\/\/4000mil.se\/index.php\/vandringsresan-berg-och-sjoar-i-salzkammergut\/#primaryimage"},"thumbnailUrl":"https:\/\/4000mil.se\/wp-content\/uploads\/2023\/03\/salzkammergut.jpg","datePublished":"2023-03-05T07:00:00+00:00","dateModified":"2023-03-05T12:13:12+00:00","description":"\u00c5h den h\u00e4r vandringsresan skulle vi ju allra helst vilja g\u00f6ra redan i morgon! \"Berg och sj\u00f6ar i Salzkammergut\". S\u00e5 h\u00e4rlig och perfekt f\u00f6r oss verkar den.","breadcrumb":{"@id":"https:\/\/4000mil.se\/index.php\/vandringsresan-berg-och-sjoar-i-salzkammergut\/#breadcrumb"},"inLanguage":"sv-SE","potentialAction":[{"@type":"ReadAction","target":["https:\/\/4000mil.se\/index.php\/vandringsresan-berg-och-sjoar-i-salzkammergut\/"]}]},{"@type":"ImageObject","inLanguage":"sv-SE","@id":"https:\/\/4000mil.se\/index.php\/vandringsresan-berg-och-sjoar-i-salzkammergut\/#primaryimage","url":"https:\/\/4000mil.se\/wp-content\/uploads\/2023\/03\/salzkammergut.jpg","contentUrl":"https:\/\/4000mil.se\/wp-content\/uploads\/2023\/03\/salzkammergut.jpg","width":2048,"height":1365},{"@type":"BreadcrumbList","@id":"https:\/\/4000mil.se\/index.php\/vandringsresan-berg-och-sjoar-i-salzkammergut\/#breadcrumb","itemListElement":[{"@type":"ListItem","position":1,"name":"Home","item":"https:\/\/4000mil.se\/"},{"@type":"ListItem","position":2,"name":"Dr\u00f6mmen om vandringsresan forts\u00e4tter med Berg och sj\u00f6ar i Salzkammergut"}]},{"@type":"WebSite","@id":"https:\/\/4000mil.se\/#website","url":"https:\/\/4000mil.se\/","name":"4000 mil - en reseblogg","description":"We haven&#039;t been everywhere, but it is on our list.","publisher":{"@id":"https:\/\/4000mil.se\/#organization"},"potentialAction":[{"@type":"SearchAction","target":{"@type":"EntryPoint","urlTemplate":"https:\/\/4000mil.se\/?s={search_term_string}"},"query-input":{"@type":"PropertyValueSpecification","valueRequired":true,"valueName":"search_term_string"}}],"inLanguage":"sv-SE"},{"@type":"Organization","@id":"https:\/\/4000mil.se\/#organization","name":"4000mil","url":"https:\/\/4000mil.se\/","logo":{"@type":"ImageObject","inLanguage":"sv-SE","@id":"https:\/\/4000mil.se\/#\/schema\/logo\/image\/","url":"https:\/\/4000mil.se\/wp-content\/uploads\/2017\/07\/rsz_img_5178-e1511641744338.jpg","contentUrl":"https:\/\/4000mil.se\/wp-content\/uploads\/2017\/07\/rsz_img_5178-e1511641744338.jpg","width":1000,"height":667,"caption":"4000mil"},"image":{"@id":"https:\/\/4000mil.se\/#\/schema\/logo\/image\/"},"sameAs":["https:\/\/www.facebook.com\/4000mil\/","https:\/\/x.com\/4000mil_se","https:\/\/www.instagram.com\/4000mil.se\/","https:\/\/www.youtube.com\/channel\/UCJ-arZd2a7dT4Kqq5GtVbXQ"]},{"@type":"Person","@id":"https:\/\/4000mil.se\/#\/schema\/person\/cda463da9f6f2c4d9bbc173471184a73","name":"Gunilla Yourstone","image":{"@type":"ImageObject","inLanguage":"sv-SE","@id":"https:\/\/secure.gravatar.com\/avatar\/2df85d0820b33bffdd86a729d25273c6153c1cc9b1338f26ef0c98d01163520d?s=96&d=mm&r=g","url":"https:\/\/secure.gravatar.com\/avatar\/2df85d0820b33bffdd86a729d25273c6153c1cc9b1338f26ef0c98d01163520d?s=96&d=mm&r=g","contentUrl":"https:\/\/secure.gravatar.com\/avatar\/2df85d0820b33bffdd86a729d25273c6153c1cc9b1338f26ef0c98d01163520d?s=96&d=mm&r=g","caption":"Gunilla Yourstone"},"url":"https:\/\/4000mil.se\/index.php\/author\/gunillay\/"}]}},"_links":{"self":[{"href":"https:\/\/4000mil.se\/index.php\/wp-json\/wp\/v2\/posts\/57439","targetHints":{"allow":["GET"]}}],"collection":[{"href":"https:\/\/4000mil.se\/index.php\/wp-json\/wp\/v2\/posts"}],"about":[{"href":"https:\/\/4000mil.se\/index.php\/wp-json\/wp\/v2\/types\/post"}],"author":[{"embeddable":true,"href":"https:\/\/4000mil.se\/index.php\/wp-json\/wp\/v2\/users\/3"}],"replies":[{"embeddable":true,"href":"https:\/\/4000mil.se\/index.php\/wp-json\/wp\/v2\/comments?post=57439"}],"version-history":[{"count":16,"href":"https:\/\/4000mil.se\/index.php\/wp-json\/wp\/v2\/posts\/57439\/revisions"}],"predecessor-version":[{"id":57538,"href":"https:\/\/4000mil.se\/index.php\/wp-json\/wp\/v2\/posts\/57439\/revisions\/57538"}],"wp:featuredmedia":[{"embeddable":true,"href":"https:\/\/4000mil.se\/index.php\/wp-json\/wp\/v2\/media\/57465"}],"wp:attachment":[{"href":"https:\/\/4000mil.se\/index.php\/wp-json\/wp\/v2\/media?parent=57439"}],"wp:term":[{"taxonomy":"category","embeddable":true,"href":"https:\/\/4000mil.se\/index.php\/wp-json\/wp\/v2\/categories?post=57439"},{"taxonomy":"post_tag","embeddable":true,"href":"https:\/\/4000mil.se\/index.php\/wp-json\/wp\/v2\/tags?post=57439"}],"curies":[{"name":"wp","href":"https:\/\/api.w.org\/{rel}","templated":true}]}}