{"id":62023,"date":"2023-08-19T08:00:00","date_gmt":"2023-08-19T06:00:00","guid":{"rendered":"https:\/\/4000mil.se\/?p=62023"},"modified":"2023-08-17T20:44:06","modified_gmt":"2023-08-17T18:44:06","slug":"forsta-veckan-efter-semestern","status":"publish","type":"post","link":"https:\/\/4000mil.se\/index.php\/forsta-veckan-efter-semestern\/","title":{"rendered":"5 saker f\u00f6rsta veckan efter semestern"},"content":{"rendered":"\n<p>F\u00f6rsta veckan efter semestern k\u00e4nns ju denna vecka som. Fast jag har ju faktiskt jobbat i tv\u00e5 veckor. F\u00f6rr-f\u00f6rra var dock i semesterl\u00e4ge. Bara n\u00e5gra f\u00e5 medarbetare p\u00e5 plats och jag som ensam chef i enheten. Vilket inneb\u00e4r att arbetsuppgifterna blir sommar-relaterade. Kolla andras inkorgar och s\u00e5nt.<\/p>\n\n\n\n<h2 class=\"wp-block-heading\">Alvas flytt till Uppsala <\/h2>\n\n\n\n<p>Det som helt dominerat den senaste veckan \u00e4r f\u00f6rst\u00e5s att min dotter Alva har flyttat till Uppsala tillsammans med sin pojkv\u00e4n, Eddie.<\/p>\n\n\n\n<p>Den h\u00e4r tiden f\u00f6rra \u00e5ret flyttade Alva (och senare Eddie) till <a href=\"https:\/\/4000mil.se\/index.php\/hemma-igen-efter-min-helg-i-berlin\/\">Berlin<\/a>. Lagom till jul kom de dock hem igen och har sedan dess bott i v\u00e5r k\u00e4llare. <br>Ny flyttar de f\u00f6r studier i Uppsala. Alva ska l\u00e4sa biolog-utbildningen. Sp\u00e4nnande f\u00f6rst\u00e5s och samtidig igen en liten omst\u00e4llning f\u00f6r mig och Christofer. Helgen i stugan efter\u00e5t t\u00e4nkte man hela tiden att &#8221;n\u00e4r vi kommer hem s\u00e5 \u00e4r ju Alva och Eddie d\u00e4r&#8221;. Men nej, inte l\u00e4ngre.<\/p>\n\n\n\n<figure class=\"wp-block-image size-large\"><img loading=\"lazy\" decoding=\"async\" width=\"1024\" height=\"683\" src=\"https:\/\/4000mil.se\/wp-content\/uploads\/2023\/08\/IMG_5732-1024x683.jpg\" alt=\"\" class=\"wp-image-61726\" srcset=\"https:\/\/4000mil.se\/wp-content\/uploads\/2023\/08\/IMG_5732-1024x683.jpg 1024w, https:\/\/4000mil.se\/wp-content\/uploads\/2023\/08\/IMG_5732-300x200.jpg 300w, https:\/\/4000mil.se\/wp-content\/uploads\/2023\/08\/IMG_5732-768x512.jpg 768w, https:\/\/4000mil.se\/wp-content\/uploads\/2023\/08\/IMG_5732-1536x1024.jpg 1536w, https:\/\/4000mil.se\/wp-content\/uploads\/2023\/08\/IMG_5732-2000x1333.jpg 2000w, https:\/\/4000mil.se\/wp-content\/uploads\/2023\/08\/IMG_5732-800x533.jpg 800w, https:\/\/4000mil.se\/wp-content\/uploads\/2023\/08\/IMG_5732.jpg 2048w\" sizes=\"auto, (max-width: 1024px) 100vw, 1024px\" \/><figcaption class=\"wp-element-caption\">Alva och Eddie i Padjelanta<\/figcaption><\/figure>\n\n\n\n<h2 class=\"wp-block-heading\">Helt\u00e4ckningsmattan p\u00e5 plats i stugan<\/h2>\n\n\n\n<p>P\u00e5 tal om stugan. Nu har v\u00e5r best\u00e4llda helt\u00e4ckningsmatta kommit och Christofer har lagt in den. Jag hade m\u00e5nga kval b\u00e5de f\u00f6re best\u00e4llningen, under och efter den, men v\u00e4l p\u00e5 plats \u00e4r det b\u00e5de snygg och otroligt sk\u00f6n att s\u00e4tta nakna f\u00f6tter p\u00e5. Precis det vi ville med k\u00f6pet.<\/p>\n\n\n\n<figure class=\"wp-block-image size-large\"><img loading=\"lazy\" decoding=\"async\" width=\"1024\" height=\"768\" src=\"https:\/\/4000mil.se\/wp-content\/uploads\/2023\/08\/IMG_5889-1024x768.jpeg\" alt=\"\" class=\"wp-image-62056\" srcset=\"https:\/\/4000mil.se\/wp-content\/uploads\/2023\/08\/IMG_5889-1024x768.jpeg 1024w, https:\/\/4000mil.se\/wp-content\/uploads\/2023\/08\/IMG_5889-300x225.jpeg 300w, https:\/\/4000mil.se\/wp-content\/uploads\/2023\/08\/IMG_5889-768x576.jpeg 768w, https:\/\/4000mil.se\/wp-content\/uploads\/2023\/08\/IMG_5889-1536x1152.jpeg 1536w, https:\/\/4000mil.se\/wp-content\/uploads\/2023\/08\/IMG_5889-2000x1500.jpeg 2000w, https:\/\/4000mil.se\/wp-content\/uploads\/2023\/08\/IMG_5889-800x600.jpeg 800w, https:\/\/4000mil.se\/wp-content\/uploads\/2023\/08\/IMG_5889.jpeg 2048w\" sizes=\"auto, (max-width: 1024px) 100vw, 1024px\" \/><\/figure>\n\n\n\n<h2 class=\"wp-block-heading\">Ume\u00e5s enda rooftop-bar<\/h2>\n\n\n\n<p>Sedan har vi ocks\u00e5 lyckats bes\u00f6ka Ume\u00e5s &#8221;nya&#8221; rooftop-bar <strong><em>Nor<\/em><\/strong>. Den har egentligen funnits \u00e4nda sedan oktober f\u00f6rra \u00e5ret, men med v\u00e5r tider\u00e4kning \u00e4r det fortfarande &#8221;nytt&#8221;. Den ligger p\u00e5 toppen av en nybyggd &#8221;skrapa&#8221; p\u00e5 13 v\u00e5ningar precis bredvid \u00e4lven I resten av huset huserar hotellkedjan Clarion. Kul att Ume\u00e5 mer och mer utnyttjar l\u00e4get vid \u00e4lven och v\u00e4nder sig mot den i st\u00e4llet f\u00f6r bort fr\u00e5n den.<\/p>\n\n\n\n<figure class=\"wp-block-image size-large\"><img loading=\"lazy\" decoding=\"async\" width=\"1024\" height=\"768\" src=\"https:\/\/4000mil.se\/wp-content\/uploads\/2023\/08\/IMG_5875-1024x768.jpeg\" alt=\"\" class=\"wp-image-62054\" srcset=\"https:\/\/4000mil.se\/wp-content\/uploads\/2023\/08\/IMG_5875-1024x768.jpeg 1024w, https:\/\/4000mil.se\/wp-content\/uploads\/2023\/08\/IMG_5875-300x225.jpeg 300w, https:\/\/4000mil.se\/wp-content\/uploads\/2023\/08\/IMG_5875-768x576.jpeg 768w, https:\/\/4000mil.se\/wp-content\/uploads\/2023\/08\/IMG_5875-1536x1152.jpeg 1536w, https:\/\/4000mil.se\/wp-content\/uploads\/2023\/08\/IMG_5875-2000x1500.jpeg 2000w, https:\/\/4000mil.se\/wp-content\/uploads\/2023\/08\/IMG_5875-800x600.jpeg 800w, https:\/\/4000mil.se\/wp-content\/uploads\/2023\/08\/IMG_5875.jpeg 2048w\" sizes=\"auto, (max-width: 1024px) 100vw, 1024px\" \/><\/figure>\n\n\n\n<figure class=\"wp-block-image size-large\"><img loading=\"lazy\" decoding=\"async\" width=\"1024\" height=\"768\" src=\"https:\/\/4000mil.se\/wp-content\/uploads\/2023\/08\/IMG_5871-1024x768.jpeg\" alt=\"\" class=\"wp-image-62055\" srcset=\"https:\/\/4000mil.se\/wp-content\/uploads\/2023\/08\/IMG_5871-1024x768.jpeg 1024w, https:\/\/4000mil.se\/wp-content\/uploads\/2023\/08\/IMG_5871-300x225.jpeg 300w, https:\/\/4000mil.se\/wp-content\/uploads\/2023\/08\/IMG_5871-768x576.jpeg 768w, https:\/\/4000mil.se\/wp-content\/uploads\/2023\/08\/IMG_5871-1536x1152.jpeg 1536w, https:\/\/4000mil.se\/wp-content\/uploads\/2023\/08\/IMG_5871-2000x1500.jpeg 2000w, https:\/\/4000mil.se\/wp-content\/uploads\/2023\/08\/IMG_5871-800x600.jpeg 800w, https:\/\/4000mil.se\/wp-content\/uploads\/2023\/08\/IMG_5871.jpeg 2048w\" sizes=\"auto, (max-width: 1024px) 100vw, 1024px\" \/><\/figure>\n\n\n\n<h2 class=\"wp-block-heading\">Dags f\u00f6r h\u00f6st-serie<\/h2>\n\n\n\n<p>Sedan, nu n\u00e4r h\u00f6stterminen \u00e4r h\u00e4r, \u00e4r det f\u00f6rst\u00e5s dags att hitta n\u00e5gon mysig serie att se p\u00e5 kv\u00e4llarna. Vi har hittat <em><strong>V\u00e5r tid \u00e4r nu<\/strong><\/em>, som gick SVTPlay f\u00f6r n\u00e5gra \u00e5r sedan. Super bra ju. Har du sett den?<\/p>\n\n\n\n<h2 class=\"wp-block-heading\">FreedomTravel p\u00e5 bes\u00f6k<\/h2>\n\n\n\n<p>Jag har ocks\u00e5 hunnit tr\u00e4ffa och \u00e4ta lunch med resebloggarkollegorna Helena och Peter fr\u00e5n FreedomTravel som \u00e5kte f\u00f6rbi Ume\u00e5 p\u00e5 v\u00e4g hem fr\u00e5n Finland. Vi fick en trevlig lunch p\u00e5 restaurang <em><strong>Sj\u00f6bris <\/strong><\/em>uteservering p\u00e5 en ponton ute p\u00e5 Ume\u00e4lven.<\/p>\n\n\n\n<figure class=\"wp-block-image size-large\"><img loading=\"lazy\" decoding=\"async\" width=\"1024\" height=\"768\" src=\"https:\/\/4000mil.se\/wp-content\/uploads\/2023\/08\/IMG_5901-1024x768.jpeg\" alt=\"\" class=\"wp-image-62052\" srcset=\"https:\/\/4000mil.se\/wp-content\/uploads\/2023\/08\/IMG_5901-1024x768.jpeg 1024w, https:\/\/4000mil.se\/wp-content\/uploads\/2023\/08\/IMG_5901-300x225.jpeg 300w, https:\/\/4000mil.se\/wp-content\/uploads\/2023\/08\/IMG_5901-768x576.jpeg 768w, https:\/\/4000mil.se\/wp-content\/uploads\/2023\/08\/IMG_5901-1536x1152.jpeg 1536w, https:\/\/4000mil.se\/wp-content\/uploads\/2023\/08\/IMG_5901-2000x1500.jpeg 2000w, https:\/\/4000mil.se\/wp-content\/uploads\/2023\/08\/IMG_5901-800x600.jpeg 800w, https:\/\/4000mil.se\/wp-content\/uploads\/2023\/08\/IMG_5901.jpeg 2048w\" sizes=\"auto, (max-width: 1024px) 100vw, 1024px\" \/><figcaption class=\"wp-element-caption\">Helena och Peter fr\u00e5n FreedomTravel<\/figcaption><\/figure>\n\n\n\n<p><\/p>\n\n\n\n<p>Missa inga inl\u00e4gg. Gl\u00f6m inte att&nbsp;<a href=\"https:\/\/www.facebook.com\/4000mil\/\" target=\"_blank\" rel=\"noreferrer noopener\">f\u00f6lja 4000mil p\u00e5 Facebook<\/a>&nbsp;och&nbsp;<a href=\"https:\/\/www.instagram.com\/4000mil.se\/\" target=\"_blank\" rel=\"noreferrer noopener\">p\u00e5 Instagram<\/a>.<\/p>\n\n\n\n<p><\/p>\n","protected":false},"excerpt":{"rendered":"<p>F\u00f6rsta veckan efter semestern k\u00e4nns ju denna vecka som. Fast jag har ju faktiskt jobbat i tv\u00e5 veckor. F\u00f6rr-f\u00f6rra var dock i semesterl\u00e4ge. Bara n\u00e5gra f\u00e5 medarbetare p\u00e5 plats och jag som ensam chef i enheten. Vilket inneb\u00e4r att arbetsuppgifterna blir sommar-relaterade. Kolla andras inkorgar och s\u00e5nt. Alvas flytt till [&hellip;]<\/p>\n","protected":false},"author":3,"featured_media":62055,"comment_status":"open","ping_status":"open","sticky":false,"template":"","format":"standard","meta":{"_monsterinsights_skip_tracking":false,"_monsterinsights_sitenote_active":false,"_monsterinsights_sitenote_note":"","_monsterinsights_sitenote_category":0,"footnotes":""},"categories":[1516],"tags":[],"class_list":["post-62023","post","type-post","status-publish","format-standard","has-post-thumbnail","hentry","category-personligt"],"yoast_head":"<!-- This site is optimized with the Yoast SEO plugin v27.5 - https:\/\/yoast.com\/product\/yoast-seo-wordpress\/ -->\n<title>5 saker f\u00f6rsta veckan efter semestern<\/title>\n<meta name=\"description\" content=\"F\u00f6rsta veckan efter semestern k\u00e4nns ju denna vecka som. Fast jag har ju faktiskt jobbat i tv\u00e5 veckor. F\u00f6rr-f\u00f6rra var dock i semesterl\u00e4ge. Bara n\u00e5gra f\u00e5\" \/>\n<meta name=\"robots\" content=\"index, follow, max-snippet:-1, max-image-preview:large, max-video-preview:-1\" \/>\n<link rel=\"canonical\" href=\"https:\/\/4000mil.se\/index.php\/forsta-veckan-efter-semestern\/\" \/>\n<meta property=\"og:locale\" content=\"sv_SE\" \/>\n<meta property=\"og:type\" content=\"article\" \/>\n<meta property=\"og:title\" content=\"5 saker f\u00f6rsta veckan efter semestern\" \/>\n<meta property=\"og:description\" content=\"F\u00f6rsta veckan efter semestern k\u00e4nns ju denna vecka som. Fast jag har ju faktiskt jobbat i tv\u00e5 veckor. F\u00f6rr-f\u00f6rra var dock i semesterl\u00e4ge. Bara n\u00e5gra f\u00e5\" \/>\n<meta property=\"og:url\" content=\"https:\/\/4000mil.se\/index.php\/forsta-veckan-efter-semestern\/\" \/>\n<meta property=\"og:site_name\" content=\"4000 mil - en reseblogg\" \/>\n<meta property=\"article:publisher\" content=\"https:\/\/www.facebook.com\/4000mil\/\" \/>\n<meta property=\"article:published_time\" content=\"2023-08-19T06:00:00+00:00\" \/>\n<meta property=\"og:image\" content=\"https:\/\/4000mil.se\/wp-content\/uploads\/2023\/08\/IMG_5871.jpeg\" \/>\n\t<meta property=\"og:image:width\" content=\"2048\" \/>\n\t<meta property=\"og:image:height\" content=\"1536\" \/>\n\t<meta property=\"og:image:type\" content=\"image\/jpeg\" \/>\n<meta name=\"author\" content=\"Gunilla Yourstone\" \/>\n<meta name=\"twitter:card\" content=\"summary_large_image\" \/>\n<meta name=\"twitter:creator\" content=\"@4000mil_se\" \/>\n<meta name=\"twitter:site\" content=\"@4000mil_se\" \/>\n<meta name=\"twitter:label1\" content=\"Skriven av\" \/>\n\t<meta name=\"twitter:data1\" content=\"Gunilla Yourstone\" \/>\n\t<meta name=\"twitter:label2\" content=\"Ber\u00e4knad l\u00e4stid\" \/>\n\t<meta name=\"twitter:data2\" content=\"3 minuter\" \/>\n<script type=\"application\/ld+json\" class=\"yoast-schema-graph\">{\"@context\":\"https:\\\/\\\/schema.org\",\"@graph\":[{\"@type\":\"Article\",\"@id\":\"https:\\\/\\\/4000mil.se\\\/index.php\\\/forsta-veckan-efter-semestern\\\/#article\",\"isPartOf\":{\"@id\":\"https:\\\/\\\/4000mil.se\\\/index.php\\\/forsta-veckan-efter-semestern\\\/\"},\"author\":{\"name\":\"Gunilla Yourstone\",\"@id\":\"https:\\\/\\\/4000mil.se\\\/#\\\/schema\\\/person\\\/cda463da9f6f2c4d9bbc173471184a73\"},\"headline\":\"5 saker f\u00f6rsta veckan efter semestern\",\"datePublished\":\"2023-08-19T06:00:00+00:00\",\"mainEntityOfPage\":{\"@id\":\"https:\\\/\\\/4000mil.se\\\/index.php\\\/forsta-veckan-efter-semestern\\\/\"},\"wordCount\":448,\"commentCount\":4,\"publisher\":{\"@id\":\"https:\\\/\\\/4000mil.se\\\/#organization\"},\"image\":{\"@id\":\"https:\\\/\\\/4000mil.se\\\/index.php\\\/forsta-veckan-efter-semestern\\\/#primaryimage\"},\"thumbnailUrl\":\"https:\\\/\\\/4000mil.se\\\/wp-content\\\/uploads\\\/2023\\\/08\\\/IMG_5871.jpeg\",\"articleSection\":[\"Personligt\"],\"inLanguage\":\"sv-SE\",\"potentialAction\":[{\"@type\":\"CommentAction\",\"name\":\"Comment\",\"target\":[\"https:\\\/\\\/4000mil.se\\\/index.php\\\/forsta-veckan-efter-semestern\\\/#respond\"]}]},{\"@type\":\"WebPage\",\"@id\":\"https:\\\/\\\/4000mil.se\\\/index.php\\\/forsta-veckan-efter-semestern\\\/\",\"url\":\"https:\\\/\\\/4000mil.se\\\/index.php\\\/forsta-veckan-efter-semestern\\\/\",\"name\":\"5 saker f\u00f6rsta veckan efter semestern\",\"isPartOf\":{\"@id\":\"https:\\\/\\\/4000mil.se\\\/#website\"},\"primaryImageOfPage\":{\"@id\":\"https:\\\/\\\/4000mil.se\\\/index.php\\\/forsta-veckan-efter-semestern\\\/#primaryimage\"},\"image\":{\"@id\":\"https:\\\/\\\/4000mil.se\\\/index.php\\\/forsta-veckan-efter-semestern\\\/#primaryimage\"},\"thumbnailUrl\":\"https:\\\/\\\/4000mil.se\\\/wp-content\\\/uploads\\\/2023\\\/08\\\/IMG_5871.jpeg\",\"datePublished\":\"2023-08-19T06:00:00+00:00\",\"description\":\"F\u00f6rsta veckan efter semestern k\u00e4nns ju denna vecka som. Fast jag har ju faktiskt jobbat i tv\u00e5 veckor. F\u00f6rr-f\u00f6rra var dock i semesterl\u00e4ge. Bara n\u00e5gra f\u00e5\",\"breadcrumb\":{\"@id\":\"https:\\\/\\\/4000mil.se\\\/index.php\\\/forsta-veckan-efter-semestern\\\/#breadcrumb\"},\"inLanguage\":\"sv-SE\",\"potentialAction\":[{\"@type\":\"ReadAction\",\"target\":[\"https:\\\/\\\/4000mil.se\\\/index.php\\\/forsta-veckan-efter-semestern\\\/\"]}]},{\"@type\":\"ImageObject\",\"inLanguage\":\"sv-SE\",\"@id\":\"https:\\\/\\\/4000mil.se\\\/index.php\\\/forsta-veckan-efter-semestern\\\/#primaryimage\",\"url\":\"https:\\\/\\\/4000mil.se\\\/wp-content\\\/uploads\\\/2023\\\/08\\\/IMG_5871.jpeg\",\"contentUrl\":\"https:\\\/\\\/4000mil.se\\\/wp-content\\\/uploads\\\/2023\\\/08\\\/IMG_5871.jpeg\",\"width\":2048,\"height\":1536},{\"@type\":\"BreadcrumbList\",\"@id\":\"https:\\\/\\\/4000mil.se\\\/index.php\\\/forsta-veckan-efter-semestern\\\/#breadcrumb\",\"itemListElement\":[{\"@type\":\"ListItem\",\"position\":1,\"name\":\"Home\",\"item\":\"https:\\\/\\\/4000mil.se\\\/\"},{\"@type\":\"ListItem\",\"position\":2,\"name\":\"5 saker f\u00f6rsta veckan efter semestern\"}]},{\"@type\":\"WebSite\",\"@id\":\"https:\\\/\\\/4000mil.se\\\/#website\",\"url\":\"https:\\\/\\\/4000mil.se\\\/\",\"name\":\"4000 mil - en reseblogg\",\"description\":\"We haven&#039;t been everywhere, but it is on our list.\",\"publisher\":{\"@id\":\"https:\\\/\\\/4000mil.se\\\/#organization\"},\"potentialAction\":[{\"@type\":\"SearchAction\",\"target\":{\"@type\":\"EntryPoint\",\"urlTemplate\":\"https:\\\/\\\/4000mil.se\\\/?s={search_term_string}\"},\"query-input\":{\"@type\":\"PropertyValueSpecification\",\"valueRequired\":true,\"valueName\":\"search_term_string\"}}],\"inLanguage\":\"sv-SE\"},{\"@type\":\"Organization\",\"@id\":\"https:\\\/\\\/4000mil.se\\\/#organization\",\"name\":\"4000mil\",\"url\":\"https:\\\/\\\/4000mil.se\\\/\",\"logo\":{\"@type\":\"ImageObject\",\"inLanguage\":\"sv-SE\",\"@id\":\"https:\\\/\\\/4000mil.se\\\/#\\\/schema\\\/logo\\\/image\\\/\",\"url\":\"https:\\\/\\\/4000mil.se\\\/wp-content\\\/uploads\\\/2017\\\/07\\\/rsz_img_5178-e1511641744338.jpg\",\"contentUrl\":\"https:\\\/\\\/4000mil.se\\\/wp-content\\\/uploads\\\/2017\\\/07\\\/rsz_img_5178-e1511641744338.jpg\",\"width\":1000,\"height\":667,\"caption\":\"4000mil\"},\"image\":{\"@id\":\"https:\\\/\\\/4000mil.se\\\/#\\\/schema\\\/logo\\\/image\\\/\"},\"sameAs\":[\"https:\\\/\\\/www.facebook.com\\\/4000mil\\\/\",\"https:\\\/\\\/x.com\\\/4000mil_se\",\"https:\\\/\\\/www.instagram.com\\\/4000mil.se\\\/\",\"https:\\\/\\\/www.youtube.com\\\/channel\\\/UCJ-arZd2a7dT4Kqq5GtVbXQ\"]},{\"@type\":\"Person\",\"@id\":\"https:\\\/\\\/4000mil.se\\\/#\\\/schema\\\/person\\\/cda463da9f6f2c4d9bbc173471184a73\",\"name\":\"Gunilla Yourstone\",\"image\":{\"@type\":\"ImageObject\",\"inLanguage\":\"sv-SE\",\"@id\":\"https:\\\/\\\/secure.gravatar.com\\\/avatar\\\/2df85d0820b33bffdd86a729d25273c6153c1cc9b1338f26ef0c98d01163520d?s=96&d=mm&r=g\",\"url\":\"https:\\\/\\\/secure.gravatar.com\\\/avatar\\\/2df85d0820b33bffdd86a729d25273c6153c1cc9b1338f26ef0c98d01163520d?s=96&d=mm&r=g\",\"contentUrl\":\"https:\\\/\\\/secure.gravatar.com\\\/avatar\\\/2df85d0820b33bffdd86a729d25273c6153c1cc9b1338f26ef0c98d01163520d?s=96&d=mm&r=g\",\"caption\":\"Gunilla Yourstone\"},\"url\":\"https:\\\/\\\/4000mil.se\\\/index.php\\\/author\\\/gunillay\\\/\"}]}<\/script>\n<!-- \/ Yoast SEO plugin. -->","yoast_head_json":{"title":"5 saker f\u00f6rsta veckan efter semestern","description":"F\u00f6rsta veckan efter semestern k\u00e4nns ju denna vecka som. Fast jag har ju faktiskt jobbat i tv\u00e5 veckor. F\u00f6rr-f\u00f6rra var dock i semesterl\u00e4ge. Bara n\u00e5gra f\u00e5","robots":{"index":"index","follow":"follow","max-snippet":"max-snippet:-1","max-image-preview":"max-image-preview:large","max-video-preview":"max-video-preview:-1"},"canonical":"https:\/\/4000mil.se\/index.php\/forsta-veckan-efter-semestern\/","og_locale":"sv_SE","og_type":"article","og_title":"5 saker f\u00f6rsta veckan efter semestern","og_description":"F\u00f6rsta veckan efter semestern k\u00e4nns ju denna vecka som. Fast jag har ju faktiskt jobbat i tv\u00e5 veckor. F\u00f6rr-f\u00f6rra var dock i semesterl\u00e4ge. Bara n\u00e5gra f\u00e5","og_url":"https:\/\/4000mil.se\/index.php\/forsta-veckan-efter-semestern\/","og_site_name":"4000 mil - en reseblogg","article_publisher":"https:\/\/www.facebook.com\/4000mil\/","article_published_time":"2023-08-19T06:00:00+00:00","og_image":[{"width":2048,"height":1536,"url":"https:\/\/4000mil.se\/wp-content\/uploads\/2023\/08\/IMG_5871.jpeg","type":"image\/jpeg"}],"author":"Gunilla Yourstone","twitter_card":"summary_large_image","twitter_creator":"@4000mil_se","twitter_site":"@4000mil_se","twitter_misc":{"Skriven av":"Gunilla Yourstone","Ber\u00e4knad l\u00e4stid":"3 minuter"},"schema":{"@context":"https:\/\/schema.org","@graph":[{"@type":"Article","@id":"https:\/\/4000mil.se\/index.php\/forsta-veckan-efter-semestern\/#article","isPartOf":{"@id":"https:\/\/4000mil.se\/index.php\/forsta-veckan-efter-semestern\/"},"author":{"name":"Gunilla Yourstone","@id":"https:\/\/4000mil.se\/#\/schema\/person\/cda463da9f6f2c4d9bbc173471184a73"},"headline":"5 saker f\u00f6rsta veckan efter semestern","datePublished":"2023-08-19T06:00:00+00:00","mainEntityOfPage":{"@id":"https:\/\/4000mil.se\/index.php\/forsta-veckan-efter-semestern\/"},"wordCount":448,"commentCount":4,"publisher":{"@id":"https:\/\/4000mil.se\/#organization"},"image":{"@id":"https:\/\/4000mil.se\/index.php\/forsta-veckan-efter-semestern\/#primaryimage"},"thumbnailUrl":"https:\/\/4000mil.se\/wp-content\/uploads\/2023\/08\/IMG_5871.jpeg","articleSection":["Personligt"],"inLanguage":"sv-SE","potentialAction":[{"@type":"CommentAction","name":"Comment","target":["https:\/\/4000mil.se\/index.php\/forsta-veckan-efter-semestern\/#respond"]}]},{"@type":"WebPage","@id":"https:\/\/4000mil.se\/index.php\/forsta-veckan-efter-semestern\/","url":"https:\/\/4000mil.se\/index.php\/forsta-veckan-efter-semestern\/","name":"5 saker f\u00f6rsta veckan efter semestern","isPartOf":{"@id":"https:\/\/4000mil.se\/#website"},"primaryImageOfPage":{"@id":"https:\/\/4000mil.se\/index.php\/forsta-veckan-efter-semestern\/#primaryimage"},"image":{"@id":"https:\/\/4000mil.se\/index.php\/forsta-veckan-efter-semestern\/#primaryimage"},"thumbnailUrl":"https:\/\/4000mil.se\/wp-content\/uploads\/2023\/08\/IMG_5871.jpeg","datePublished":"2023-08-19T06:00:00+00:00","description":"F\u00f6rsta veckan efter semestern k\u00e4nns ju denna vecka som. Fast jag har ju faktiskt jobbat i tv\u00e5 veckor. F\u00f6rr-f\u00f6rra var dock i semesterl\u00e4ge. Bara n\u00e5gra f\u00e5","breadcrumb":{"@id":"https:\/\/4000mil.se\/index.php\/forsta-veckan-efter-semestern\/#breadcrumb"},"inLanguage":"sv-SE","potentialAction":[{"@type":"ReadAction","target":["https:\/\/4000mil.se\/index.php\/forsta-veckan-efter-semestern\/"]}]},{"@type":"ImageObject","inLanguage":"sv-SE","@id":"https:\/\/4000mil.se\/index.php\/forsta-veckan-efter-semestern\/#primaryimage","url":"https:\/\/4000mil.se\/wp-content\/uploads\/2023\/08\/IMG_5871.jpeg","contentUrl":"https:\/\/4000mil.se\/wp-content\/uploads\/2023\/08\/IMG_5871.jpeg","width":2048,"height":1536},{"@type":"BreadcrumbList","@id":"https:\/\/4000mil.se\/index.php\/forsta-veckan-efter-semestern\/#breadcrumb","itemListElement":[{"@type":"ListItem","position":1,"name":"Home","item":"https:\/\/4000mil.se\/"},{"@type":"ListItem","position":2,"name":"5 saker f\u00f6rsta veckan efter semestern"}]},{"@type":"WebSite","@id":"https:\/\/4000mil.se\/#website","url":"https:\/\/4000mil.se\/","name":"4000 mil - en reseblogg","description":"We haven&#039;t been everywhere, but it is on our list.","publisher":{"@id":"https:\/\/4000mil.se\/#organization"},"potentialAction":[{"@type":"SearchAction","target":{"@type":"EntryPoint","urlTemplate":"https:\/\/4000mil.se\/?s={search_term_string}"},"query-input":{"@type":"PropertyValueSpecification","valueRequired":true,"valueName":"search_term_string"}}],"inLanguage":"sv-SE"},{"@type":"Organization","@id":"https:\/\/4000mil.se\/#organization","name":"4000mil","url":"https:\/\/4000mil.se\/","logo":{"@type":"ImageObject","inLanguage":"sv-SE","@id":"https:\/\/4000mil.se\/#\/schema\/logo\/image\/","url":"https:\/\/4000mil.se\/wp-content\/uploads\/2017\/07\/rsz_img_5178-e1511641744338.jpg","contentUrl":"https:\/\/4000mil.se\/wp-content\/uploads\/2017\/07\/rsz_img_5178-e1511641744338.jpg","width":1000,"height":667,"caption":"4000mil"},"image":{"@id":"https:\/\/4000mil.se\/#\/schema\/logo\/image\/"},"sameAs":["https:\/\/www.facebook.com\/4000mil\/","https:\/\/x.com\/4000mil_se","https:\/\/www.instagram.com\/4000mil.se\/","https:\/\/www.youtube.com\/channel\/UCJ-arZd2a7dT4Kqq5GtVbXQ"]},{"@type":"Person","@id":"https:\/\/4000mil.se\/#\/schema\/person\/cda463da9f6f2c4d9bbc173471184a73","name":"Gunilla Yourstone","image":{"@type":"ImageObject","inLanguage":"sv-SE","@id":"https:\/\/secure.gravatar.com\/avatar\/2df85d0820b33bffdd86a729d25273c6153c1cc9b1338f26ef0c98d01163520d?s=96&d=mm&r=g","url":"https:\/\/secure.gravatar.com\/avatar\/2df85d0820b33bffdd86a729d25273c6153c1cc9b1338f26ef0c98d01163520d?s=96&d=mm&r=g","contentUrl":"https:\/\/secure.gravatar.com\/avatar\/2df85d0820b33bffdd86a729d25273c6153c1cc9b1338f26ef0c98d01163520d?s=96&d=mm&r=g","caption":"Gunilla Yourstone"},"url":"https:\/\/4000mil.se\/index.php\/author\/gunillay\/"}]}},"_links":{"self":[{"href":"https:\/\/4000mil.se\/index.php\/wp-json\/wp\/v2\/posts\/62023","targetHints":{"allow":["GET"]}}],"collection":[{"href":"https:\/\/4000mil.se\/index.php\/wp-json\/wp\/v2\/posts"}],"about":[{"href":"https:\/\/4000mil.se\/index.php\/wp-json\/wp\/v2\/types\/post"}],"author":[{"embeddable":true,"href":"https:\/\/4000mil.se\/index.php\/wp-json\/wp\/v2\/users\/3"}],"replies":[{"embeddable":true,"href":"https:\/\/4000mil.se\/index.php\/wp-json\/wp\/v2\/comments?post=62023"}],"version-history":[{"count":7,"href":"https:\/\/4000mil.se\/index.php\/wp-json\/wp\/v2\/posts\/62023\/revisions"}],"predecessor-version":[{"id":62067,"href":"https:\/\/4000mil.se\/index.php\/wp-json\/wp\/v2\/posts\/62023\/revisions\/62067"}],"wp:featuredmedia":[{"embeddable":true,"href":"https:\/\/4000mil.se\/index.php\/wp-json\/wp\/v2\/media\/62055"}],"wp:attachment":[{"href":"https:\/\/4000mil.se\/index.php\/wp-json\/wp\/v2\/media?parent=62023"}],"wp:term":[{"taxonomy":"category","embeddable":true,"href":"https:\/\/4000mil.se\/index.php\/wp-json\/wp\/v2\/categories?post=62023"},{"taxonomy":"post_tag","embeddable":true,"href":"https:\/\/4000mil.se\/index.php\/wp-json\/wp\/v2\/tags?post=62023"}],"curies":[{"name":"wp","href":"https:\/\/api.w.org\/{rel}","templated":true}]}}