{"id":63674,"date":"2023-10-28T08:00:00","date_gmt":"2023-10-28T06:00:00","guid":{"rendered":"https:\/\/4000mil.se\/?p=63674"},"modified":"2023-10-28T12:52:04","modified_gmt":"2023-10-28T10:52:04","slug":"pamplona-starten-for-mitt-camino-aventyr","status":"publish","type":"post","link":"https:\/\/4000mil.se\/index.php\/pamplona-starten-for-mitt-camino-aventyr\/","title":{"rendered":"Pamplona &#8211; starten f\u00f6r mitt Camino-\u00e4ventyr"},"content":{"rendered":"\n<p>Jag befinner mig p\u00e5 egen hand p\u00e5 resa i Spanien. Dagen innan landade jag i Madrid. En av de, relativt f\u00e5, huvudst\u00e4der som jag haft kvar att uppt\u00e4cka i Europa. Tiden r\u00e4cker inte till mycket uppt\u00e4ckande nu heller. Men en glimt i alla fall. Jag har bokat boende i Sol, ett omr\u00e5de i Madrid som jag l\u00e4st mig till ska ha m\u00e5nga restauranger.<\/p>\n\n\n\n<figure class=\"wp-block-image size-large\"><img loading=\"lazy\" decoding=\"async\" width=\"768\" height=\"1024\" src=\"https:\/\/4000mil.se\/wp-content\/uploads\/2023\/10\/IMG_6868-768x1024.jpeg\" alt=\"\" class=\"wp-image-63731\" srcset=\"https:\/\/4000mil.se\/wp-content\/uploads\/2023\/10\/IMG_6868-768x1024.jpeg 768w, https:\/\/4000mil.se\/wp-content\/uploads\/2023\/10\/IMG_6868-225x300.jpeg 225w, https:\/\/4000mil.se\/wp-content\/uploads\/2023\/10\/IMG_6868-1152x1536.jpeg 1152w, https:\/\/4000mil.se\/wp-content\/uploads\/2023\/10\/IMG_6868-800x1067.jpeg 800w, https:\/\/4000mil.se\/wp-content\/uploads\/2023\/10\/IMG_6868.jpeg 1536w\" sizes=\"auto, (max-width: 768px) 100vw, 768px\" \/><\/figure>\n\n\n\n<h2 class=\"wp-block-heading\">Madrid p\u00e5 sj\u00e4lvaste nationaldagen<\/h2>\n\n\n\n<p>Kv\u00e4llen \u00e4r ljum och staden full av m\u00e4nniskor. Som ett folkhav! Det ska dr\u00f6ja en stund innan jag f\u00f6rst\u00e5r varf\u00f6r. Men jag har ju f\u00f6r sjutton lyckats boka in mig i Madrid p\u00e5 sj\u00e4lvaste Spaniens nationaldag. P\u00e5 torget i Sol p\u00e5g\u00e5r ett upptr\u00e4dande av n\u00e5got slag. Om jag f\u00e5r gissa en iscens\u00e4ttning av n\u00e5got gammal historisk h\u00e4ndelse?<\/p>\n\n\n\n<p>Middag hittar jag mig p\u00e5 en tv\u00e4rgata. <a href=\"https:\/\/www.tripadvisor.se\/Restaurant_Review-g187514-d4261978-Reviews-Estancia_La_Adriana-Madrid.html\" target=\"_blank\" rel=\"noreferrer noopener\">Restaurang La Adriana<\/a>. Jag best\u00e4ller bara en sallad och en sangria. Men serveras ocks\u00e5 en stycket f\u00f6rdrink i  form av ros\u00e9bubbel, en gazpacho, samt \u00e4ven en liten efterr\u00e4tt med tillh\u00f6rande drink och sedan en kaffelik\u00f6r med fri p\u00e5fyllning. Hur kan man bli annat \u00e4n n\u00f6jd av en s\u00e5n uppvaktning?<\/p>\n\n\n\n<figure class=\"wp-block-image size-large\"><img loading=\"lazy\" decoding=\"async\" width=\"768\" height=\"1024\" src=\"https:\/\/4000mil.se\/wp-content\/uploads\/2023\/10\/IMG_6882-768x1024.jpeg\" alt=\"\" class=\"wp-image-63732\" srcset=\"https:\/\/4000mil.se\/wp-content\/uploads\/2023\/10\/IMG_6882-768x1024.jpeg 768w, https:\/\/4000mil.se\/wp-content\/uploads\/2023\/10\/IMG_6882-225x300.jpeg 225w, https:\/\/4000mil.se\/wp-content\/uploads\/2023\/10\/IMG_6882-1152x1536.jpeg 1152w, https:\/\/4000mil.se\/wp-content\/uploads\/2023\/10\/IMG_6882-800x1067.jpeg 800w, https:\/\/4000mil.se\/wp-content\/uploads\/2023\/10\/IMG_6882.jpeg 1536w\" sizes=\"auto, (max-width: 768px) 100vw, 768px\" \/><\/figure>\n\n\n\n<h2 class=\"wp-block-heading\">Pamplona<\/h2>\n\n\n\n<p>N\u00e4sta dag har jag bokat t\u00e5g till Pamplona. 3 timmar tar f\u00e4rden med ett snabbt\u00e5g som \u00e4r bokat till sista plats. J\u00e4rnv\u00e4gsstationerna i Spanien verkar oftast ligga en bra bit utanf\u00f6r centrum. Byggde man j\u00e4rnv\u00e4gen s\u00e5 sent att de liksom inte fick plats inne i st\u00e4derna? <\/p>\n\n\n\n<figure class=\"wp-block-image size-large\"><img loading=\"lazy\" decoding=\"async\" width=\"768\" height=\"1024\" src=\"https:\/\/4000mil.se\/wp-content\/uploads\/2023\/10\/IMG_6915-768x1024.jpeg\" alt=\"\" class=\"wp-image-63733\" srcset=\"https:\/\/4000mil.se\/wp-content\/uploads\/2023\/10\/IMG_6915-768x1024.jpeg 768w, https:\/\/4000mil.se\/wp-content\/uploads\/2023\/10\/IMG_6915-225x300.jpeg 225w, https:\/\/4000mil.se\/wp-content\/uploads\/2023\/10\/IMG_6915-1152x1536.jpeg 1152w, https:\/\/4000mil.se\/wp-content\/uploads\/2023\/10\/IMG_6915-800x1067.jpeg 800w, https:\/\/4000mil.se\/wp-content\/uploads\/2023\/10\/IMG_6915.jpeg 1536w\" sizes=\"auto, (max-width: 768px) 100vw, 768px\" \/><\/figure>\n\n\n\n<p>Hur som haver , v\u00e4l p\u00e5 plats i Pamplona unnar jag mig en taxi till hotellet. \u00c4ven utan gemensamt spr\u00e5k har vi trevligt jag och chauff\u00f6ren. Kommer bra \u00f6verens. Idag ska jag uppt\u00e4cka Pamplona. Staden som \u00e4r k\u00e4nd f\u00f6r San Fermin-festivalen med sin tjurrusning. D\u00e5 unga m\u00e4n springer i gr\u00e4nderna framf\u00f6r rusande tjurar. F\u00f6r att visa sitt mod.<br>Nu befinner vi oss dock l\u00e5ngt ifr\u00e5n tjurrusningss\u00e4song. <\/p>\n\n\n\n<figure class=\"wp-block-image size-large\"><img loading=\"lazy\" decoding=\"async\" width=\"1024\" height=\"623\" src=\"https:\/\/4000mil.se\/wp-content\/uploads\/2023\/10\/IMG_8081-1024x623.jpg\" alt=\"\" class=\"wp-image-63755\" srcset=\"https:\/\/4000mil.se\/wp-content\/uploads\/2023\/10\/IMG_8081-1024x623.jpg 1024w, https:\/\/4000mil.se\/wp-content\/uploads\/2023\/10\/IMG_8081-300x182.jpg 300w, https:\/\/4000mil.se\/wp-content\/uploads\/2023\/10\/IMG_8081-768x467.jpg 768w, https:\/\/4000mil.se\/wp-content\/uploads\/2023\/10\/IMG_8081-1536x934.jpg 1536w, https:\/\/4000mil.se\/wp-content\/uploads\/2023\/10\/IMG_8081-2000x1216.jpg 2000w, https:\/\/4000mil.se\/wp-content\/uploads\/2023\/10\/IMG_8081-800x486.jpg 800w, https:\/\/4000mil.se\/wp-content\/uploads\/2023\/10\/IMG_8081.jpg 2048w\" sizes=\"auto, (max-width: 1024px) 100vw, 1024px\" \/><\/figure>\n\n\n\n<figure class=\"wp-block-image size-large\"><img loading=\"lazy\" decoding=\"async\" width=\"1024\" height=\"683\" src=\"https:\/\/4000mil.se\/wp-content\/uploads\/2023\/10\/IMG_7668-1-1024x683.jpg\" alt=\"\" class=\"wp-image-63725\" srcset=\"https:\/\/4000mil.se\/wp-content\/uploads\/2023\/10\/IMG_7668-1-1024x683.jpg 1024w, https:\/\/4000mil.se\/wp-content\/uploads\/2023\/10\/IMG_7668-1-300x200.jpg 300w, https:\/\/4000mil.se\/wp-content\/uploads\/2023\/10\/IMG_7668-1-768x512.jpg 768w, https:\/\/4000mil.se\/wp-content\/uploads\/2023\/10\/IMG_7668-1-1536x1024.jpg 1536w, https:\/\/4000mil.se\/wp-content\/uploads\/2023\/10\/IMG_7668-1-2000x1333.jpg 2000w, https:\/\/4000mil.se\/wp-content\/uploads\/2023\/10\/IMG_7668-1-800x533.jpg 800w, https:\/\/4000mil.se\/wp-content\/uploads\/2023\/10\/IMG_7668-1.jpg 2048w\" sizes=\"auto, (max-width: 1024px) 100vw, 1024px\" \/><\/figure>\n\n\n\n<figure class=\"wp-block-image size-large\"><img loading=\"lazy\" decoding=\"async\" width=\"768\" height=\"1024\" src=\"https:\/\/4000mil.se\/wp-content\/uploads\/2023\/10\/IMG_6956-768x1024.jpeg\" alt=\"\" class=\"wp-image-63742\" srcset=\"https:\/\/4000mil.se\/wp-content\/uploads\/2023\/10\/IMG_6956-768x1024.jpeg 768w, https:\/\/4000mil.se\/wp-content\/uploads\/2023\/10\/IMG_6956-225x300.jpeg 225w, https:\/\/4000mil.se\/wp-content\/uploads\/2023\/10\/IMG_6956-1152x1536.jpeg 1152w, https:\/\/4000mil.se\/wp-content\/uploads\/2023\/10\/IMG_6956-800x1067.jpeg 800w, https:\/\/4000mil.se\/wp-content\/uploads\/2023\/10\/IMG_6956.jpeg 1536w\" sizes=\"auto, (max-width: 768px) 100vw, 768px\" \/><\/figure>\n\n\n\n<p>Stegen styr mig spontant mot Plaza del Castillo. Ett typiskt spanskt stadstorg, med husen i en t\u00e4t fyrkant runtom och serveringar hela v\u00e4gen runt. Ungef\u00e4r h\u00e4r b\u00f6rjar jag m\u00f6ta dem. Pilgrimerna. Med stora ryggs\u00e4ckar, vandringsstavar eller k\u00e4ppar. Ing\u00e5ngna k\u00e4ngor och ett sn\u00e4ckskal v\u00e4l synligt n\u00e5gonstans p\u00e5 packningen. En av dem jag s\u00e5 g\u00e4rna vill vara.<\/p>\n\n\n\n<figure class=\"wp-block-image size-large\"><img loading=\"lazy\" decoding=\"async\" width=\"768\" height=\"1024\" src=\"https:\/\/4000mil.se\/wp-content\/uploads\/2023\/10\/IMG_6916-768x1024.jpeg\" alt=\"\" class=\"wp-image-63734\" srcset=\"https:\/\/4000mil.se\/wp-content\/uploads\/2023\/10\/IMG_6916-768x1024.jpeg 768w, https:\/\/4000mil.se\/wp-content\/uploads\/2023\/10\/IMG_6916-225x300.jpeg 225w, https:\/\/4000mil.se\/wp-content\/uploads\/2023\/10\/IMG_6916-1152x1536.jpeg 1152w, https:\/\/4000mil.se\/wp-content\/uploads\/2023\/10\/IMG_6916-800x1067.jpeg 800w, https:\/\/4000mil.se\/wp-content\/uploads\/2023\/10\/IMG_6916.jpeg 1536w\" sizes=\"auto, (max-width: 768px) 100vw, 768px\" \/><\/figure>\n\n\n\n<p>Snart nog springer jag p\u00e5 min f\u00f6rsta pilgrims-shop ocks\u00e5. K\u00f6per med rodnande kinder min egen pilgrimsmussla. F\u00f6r jag \u00e4r ju fejk. Wannabe. Jag ska bara provg\u00e5 lite, lite p\u00e5 Caminon denna g\u00e5ng. Men jag kommer ju tillbaka? Och d\u00e5 har jag ju redan min pilgrimsmussla klappad och klar.<\/p>\n\n\n\n<figure class=\"wp-block-image size-large\"><img loading=\"lazy\" decoding=\"async\" width=\"768\" height=\"1024\" src=\"https:\/\/4000mil.se\/wp-content\/uploads\/2023\/10\/IMG_6918-768x1024.jpeg\" alt=\"\" class=\"wp-image-63735\" srcset=\"https:\/\/4000mil.se\/wp-content\/uploads\/2023\/10\/IMG_6918-768x1024.jpeg 768w, https:\/\/4000mil.se\/wp-content\/uploads\/2023\/10\/IMG_6918-225x300.jpeg 225w, https:\/\/4000mil.se\/wp-content\/uploads\/2023\/10\/IMG_6918-1152x1536.jpeg 1152w, https:\/\/4000mil.se\/wp-content\/uploads\/2023\/10\/IMG_6918-800x1067.jpeg 800w, https:\/\/4000mil.se\/wp-content\/uploads\/2023\/10\/IMG_6918.jpeg 1536w\" sizes=\"auto, (max-width: 768px) 100vw, 768px\" \/><\/figure>\n\n\n\n<h2 class=\"wp-block-heading\">Katedralen<\/h2>\n\n\n\n<p>Den snitslade banan av pilgrimer leder mig till katedralen. M\u00e4ktig och inbjudande. Det kostar 5 Euro i intr\u00e4de och kanske d\u00e4rf\u00f6r \u00e4r det n\u00e4stan tomt d\u00e4r inne. Jag str\u00f6var runt. And\u00e4ktigt. Dessa medeltida katolska katedraler som liksom tar andan ur en. <\/p>\n\n\n\n<div class=\"wp-block-group\"><div class=\"wp-block-group__inner-container is-layout-constrained wp-block-group-is-layout-constrained\">\n<figure class=\"wp-block-image size-large\"><img loading=\"lazy\" decoding=\"async\" width=\"1024\" height=\"768\" src=\"https:\/\/4000mil.se\/wp-content\/uploads\/2023\/10\/IMG_6922-1024x768.jpeg\" alt=\"\" class=\"wp-image-63736\" srcset=\"https:\/\/4000mil.se\/wp-content\/uploads\/2023\/10\/IMG_6922-1024x768.jpeg 1024w, https:\/\/4000mil.se\/wp-content\/uploads\/2023\/10\/IMG_6922-300x225.jpeg 300w, https:\/\/4000mil.se\/wp-content\/uploads\/2023\/10\/IMG_6922-768x576.jpeg 768w, https:\/\/4000mil.se\/wp-content\/uploads\/2023\/10\/IMG_6922-1536x1152.jpeg 1536w, https:\/\/4000mil.se\/wp-content\/uploads\/2023\/10\/IMG_6922-2000x1500.jpeg 2000w, https:\/\/4000mil.se\/wp-content\/uploads\/2023\/10\/IMG_6922-800x600.jpeg 800w, https:\/\/4000mil.se\/wp-content\/uploads\/2023\/10\/IMG_6922.jpeg 2048w\" sizes=\"auto, (max-width: 1024px) 100vw, 1024px\" \/><\/figure>\n\n\n\n<figure class=\"wp-block-image size-large\"><img loading=\"lazy\" decoding=\"async\" width=\"1024\" height=\"768\" src=\"https:\/\/4000mil.se\/wp-content\/uploads\/2023\/10\/IMG_6924-1024x768.jpeg\" alt=\"\" class=\"wp-image-63738\" srcset=\"https:\/\/4000mil.se\/wp-content\/uploads\/2023\/10\/IMG_6924-1024x768.jpeg 1024w, https:\/\/4000mil.se\/wp-content\/uploads\/2023\/10\/IMG_6924-300x225.jpeg 300w, https:\/\/4000mil.se\/wp-content\/uploads\/2023\/10\/IMG_6924-768x576.jpeg 768w, https:\/\/4000mil.se\/wp-content\/uploads\/2023\/10\/IMG_6924-1536x1152.jpeg 1536w, https:\/\/4000mil.se\/wp-content\/uploads\/2023\/10\/IMG_6924-2000x1500.jpeg 2000w, https:\/\/4000mil.se\/wp-content\/uploads\/2023\/10\/IMG_6924-800x600.jpeg 800w, https:\/\/4000mil.se\/wp-content\/uploads\/2023\/10\/IMG_6924.jpeg 2048w\" sizes=\"auto, (max-width: 1024px) 100vw, 1024px\" \/><\/figure>\n\n\n\n<figure class=\"wp-block-image size-large\"><img loading=\"lazy\" decoding=\"async\" width=\"768\" height=\"1024\" src=\"https:\/\/4000mil.se\/wp-content\/uploads\/2023\/10\/IMG_6927-768x1024.jpeg\" alt=\"\" class=\"wp-image-63739\" srcset=\"https:\/\/4000mil.se\/wp-content\/uploads\/2023\/10\/IMG_6927-768x1024.jpeg 768w, https:\/\/4000mil.se\/wp-content\/uploads\/2023\/10\/IMG_6927-225x300.jpeg 225w, https:\/\/4000mil.se\/wp-content\/uploads\/2023\/10\/IMG_6927-1152x1536.jpeg 1152w, https:\/\/4000mil.se\/wp-content\/uploads\/2023\/10\/IMG_6927-800x1067.jpeg 800w, https:\/\/4000mil.se\/wp-content\/uploads\/2023\/10\/IMG_6927.jpeg 1536w\" sizes=\"auto, (max-width: 768px) 100vw, 768px\" \/><\/figure>\n\n\n\n<figure class=\"wp-block-image size-large\"><img loading=\"lazy\" decoding=\"async\" width=\"1024\" height=\"768\" src=\"https:\/\/4000mil.se\/wp-content\/uploads\/2023\/10\/IMG_6929-1024x768.jpeg\" alt=\"\" class=\"wp-image-63740\" srcset=\"https:\/\/4000mil.se\/wp-content\/uploads\/2023\/10\/IMG_6929-1024x768.jpeg 1024w, https:\/\/4000mil.se\/wp-content\/uploads\/2023\/10\/IMG_6929-300x225.jpeg 300w, https:\/\/4000mil.se\/wp-content\/uploads\/2023\/10\/IMG_6929-768x576.jpeg 768w, https:\/\/4000mil.se\/wp-content\/uploads\/2023\/10\/IMG_6929-1536x1152.jpeg 1536w, https:\/\/4000mil.se\/wp-content\/uploads\/2023\/10\/IMG_6929-2000x1500.jpeg 2000w, https:\/\/4000mil.se\/wp-content\/uploads\/2023\/10\/IMG_6929-800x600.jpeg 800w, https:\/\/4000mil.se\/wp-content\/uploads\/2023\/10\/IMG_6929.jpeg 2048w\" sizes=\"auto, (max-width: 1024px) 100vw, 1024px\" \/><\/figure>\n<\/div><\/div>\n\n\n\n<p>F\u00f6r hur var det m\u00f6jligt? Under s\u00e5 fattiga tider n\u00e4r de flesta inte ens hade nog att \u00e4ta f\u00f6r dagen. Att man kunde skapa n\u00e5got som detta? En s\u00e5dan om\u00e4ttlig rikedom och \u00f6verfl\u00f6d. Eller var det tv\u00e4rt om? Var det projekt om detta som m\u00f6jliggjorde att m\u00e4nniskor kunde f\u00f6rs\u00f6rja sig p\u00e5 annat \u00e4n det jorden gav. Som ett nav i civilisationens utveckling?<\/p>\n\n\n\n<figure class=\"wp-block-image size-large\"><img loading=\"lazy\" decoding=\"async\" width=\"1024\" height=\"683\" src=\"https:\/\/4000mil.se\/wp-content\/uploads\/2023\/10\/IMG_7680-1-1024x683.jpg\" alt=\"\" class=\"wp-image-63726\" srcset=\"https:\/\/4000mil.se\/wp-content\/uploads\/2023\/10\/IMG_7680-1-1024x683.jpg 1024w, https:\/\/4000mil.se\/wp-content\/uploads\/2023\/10\/IMG_7680-1-300x200.jpg 300w, https:\/\/4000mil.se\/wp-content\/uploads\/2023\/10\/IMG_7680-1-768x512.jpg 768w, https:\/\/4000mil.se\/wp-content\/uploads\/2023\/10\/IMG_7680-1-1536x1024.jpg 1536w, https:\/\/4000mil.se\/wp-content\/uploads\/2023\/10\/IMG_7680-1-2000x1333.jpg 2000w, https:\/\/4000mil.se\/wp-content\/uploads\/2023\/10\/IMG_7680-1-800x533.jpg 800w, https:\/\/4000mil.se\/wp-content\/uploads\/2023\/10\/IMG_7680-1.jpg 2048w\" sizes=\"auto, (max-width: 1024px) 100vw, 1024px\" \/><\/figure>\n\n\n\n<figure class=\"wp-block-image size-large\"><img loading=\"lazy\" decoding=\"async\" width=\"1024\" height=\"683\" src=\"https:\/\/4000mil.se\/wp-content\/uploads\/2023\/10\/IMG_7687-1024x683.jpg\" alt=\"\" class=\"wp-image-63727\" srcset=\"https:\/\/4000mil.se\/wp-content\/uploads\/2023\/10\/IMG_7687-1024x683.jpg 1024w, https:\/\/4000mil.se\/wp-content\/uploads\/2023\/10\/IMG_7687-300x200.jpg 300w, https:\/\/4000mil.se\/wp-content\/uploads\/2023\/10\/IMG_7687-768x512.jpg 768w, https:\/\/4000mil.se\/wp-content\/uploads\/2023\/10\/IMG_7687-1536x1024.jpg 1536w, https:\/\/4000mil.se\/wp-content\/uploads\/2023\/10\/IMG_7687-2000x1333.jpg 2000w, https:\/\/4000mil.se\/wp-content\/uploads\/2023\/10\/IMG_7687-800x533.jpg 800w, https:\/\/4000mil.se\/wp-content\/uploads\/2023\/10\/IMG_7687.jpg 2048w\" sizes=\"auto, (max-width: 1024px) 100vw, 1024px\" \/><\/figure>\n\n\n\n<p>Jag s\u00e4tter mig f\u00f6rsiktigt p\u00e5 b\u00e4nkraden l\u00e4ngst fram. K\u00f6rs\u00e5ng som spelas upp n\u00e5gonstans ifr\u00e5n. Som f\u00f6rflyttad till medeltiden sitter jag som en liten, liten enkel m\u00e4nniskospillra i allt detta storslagna. Jesus p\u00e5 korset liksom tittar ner p\u00e5 mig. Och jag t\u00e4nker p\u00e5 allt jag b\u00e4r. S\u00e5 sk\u00f6nt det vore att bara en liten stund f\u00e5 vila litegrann? Att f\u00e5 l\u00e4gga \u00f6ver allt p\u00e5 n\u00e5gon annans axlar? Den nutida m\u00e4nniskans f\u00f6rbannelse. Att m\u00e5sta b\u00e4ra allt, allt sj\u00e4lv.<\/p>\n\n\n\n<figure class=\"wp-block-image size-large\"><img loading=\"lazy\" decoding=\"async\" width=\"768\" height=\"1024\" src=\"https:\/\/4000mil.se\/wp-content\/uploads\/2023\/10\/IMG_6951-768x1024.jpeg\" alt=\"\" class=\"wp-image-63741\" srcset=\"https:\/\/4000mil.se\/wp-content\/uploads\/2023\/10\/IMG_6951-768x1024.jpeg 768w, https:\/\/4000mil.se\/wp-content\/uploads\/2023\/10\/IMG_6951-225x300.jpeg 225w, https:\/\/4000mil.se\/wp-content\/uploads\/2023\/10\/IMG_6951-1152x1536.jpeg 1152w, https:\/\/4000mil.se\/wp-content\/uploads\/2023\/10\/IMG_6951-800x1067.jpeg 800w, https:\/\/4000mil.se\/wp-content\/uploads\/2023\/10\/IMG_6951.jpeg 1536w\" sizes=\"auto, (max-width: 768px) 100vw, 768px\" \/><\/figure>\n\n\n\n<p><\/p>\n\n\n\n<p>Missa inga inl\u00e4gg. Gl\u00f6m inte att&nbsp;<a href=\"https:\/\/www.facebook.com\/4000mil\/\" target=\"_blank\" rel=\"noreferrer noopener\">f\u00f6lja 4000mil p\u00e5 Facebook<\/a>&nbsp;och&nbsp;<a href=\"https:\/\/www.instagram.com\/4000mil.se\/\" target=\"_blank\" rel=\"noreferrer noopener\">p\u00e5 Instagram<\/a>.<\/p>\n\n\n\n<p><\/p>\n","protected":false},"excerpt":{"rendered":"<p>Jag befinner mig p\u00e5 egen hand p\u00e5 resa i Spanien. Dagen innan landade jag i Madrid. En av de, relativt f\u00e5, huvudst\u00e4der som jag haft kvar att uppt\u00e4cka i Europa. Tiden r\u00e4cker inte till mycket uppt\u00e4ckande nu heller. Men en glimt i alla fall. Jag har bokat boende i Sol, [&hellip;]<\/p>\n","protected":false},"author":3,"featured_media":63725,"comment_status":"open","ping_status":"open","sticky":false,"template":"","format":"standard","meta":{"_monsterinsights_skip_tracking":false,"_monsterinsights_sitenote_active":false,"_monsterinsights_sitenote_note":"","_monsterinsights_sitenote_category":0,"footnotes":""},"categories":[888],"tags":[12745],"class_list":["post-63674","post","type-post","status-publish","format-standard","has-post-thumbnail","hentry","category-spanien","tag-camino-de-frances"],"yoast_head":"<!-- This site is optimized with the Yoast SEO plugin v27.5 - https:\/\/yoast.com\/product\/yoast-seo-wordpress\/ -->\n<title>Pamplona - starten f\u00f6r mitt Camino-\u00e4ventyr<\/title>\n<meta name=\"description\" content=\"Jag befinner mig p\u00e5 egen hand p\u00e5 resa i Spanien. Dagen innan landade jag i Madrid. En av de, relativt f\u00e5, huvudst\u00e4der som jag haft kvar att uppt\u00e4cka i\" \/>\n<meta name=\"robots\" content=\"index, follow, max-snippet:-1, max-image-preview:large, max-video-preview:-1\" \/>\n<link rel=\"canonical\" href=\"https:\/\/4000mil.se\/index.php\/pamplona-starten-for-mitt-camino-aventyr\/\" \/>\n<meta property=\"og:locale\" content=\"sv_SE\" \/>\n<meta property=\"og:type\" content=\"article\" \/>\n<meta property=\"og:title\" content=\"Pamplona - starten f\u00f6r mitt Camino-\u00e4ventyr\" \/>\n<meta property=\"og:description\" content=\"Jag befinner mig p\u00e5 egen hand p\u00e5 resa i Spanien. Dagen innan landade jag i Madrid. En av de, relativt f\u00e5, huvudst\u00e4der som jag haft kvar att uppt\u00e4cka i\" \/>\n<meta property=\"og:url\" content=\"https:\/\/4000mil.se\/index.php\/pamplona-starten-for-mitt-camino-aventyr\/\" \/>\n<meta property=\"og:site_name\" content=\"4000 mil - en reseblogg\" \/>\n<meta property=\"article:publisher\" content=\"https:\/\/www.facebook.com\/4000mil\/\" \/>\n<meta property=\"article:published_time\" content=\"2023-10-28T06:00:00+00:00\" \/>\n<meta property=\"article:modified_time\" content=\"2023-10-28T10:52:04+00:00\" \/>\n<meta property=\"og:image\" content=\"https:\/\/4000mil.se\/wp-content\/uploads\/2023\/10\/IMG_7668-1.jpg\" \/>\n\t<meta property=\"og:image:width\" content=\"2048\" \/>\n\t<meta property=\"og:image:height\" content=\"1365\" \/>\n\t<meta property=\"og:image:type\" content=\"image\/jpeg\" \/>\n<meta name=\"author\" content=\"Gunilla Yourstone\" \/>\n<meta name=\"twitter:card\" content=\"summary_large_image\" \/>\n<meta name=\"twitter:creator\" content=\"@4000mil_se\" \/>\n<meta name=\"twitter:site\" content=\"@4000mil_se\" \/>\n<meta name=\"twitter:label1\" content=\"Skriven av\" \/>\n\t<meta name=\"twitter:data1\" content=\"Gunilla Yourstone\" \/>\n\t<meta name=\"twitter:label2\" content=\"Ber\u00e4knad l\u00e4stid\" \/>\n\t<meta name=\"twitter:data2\" content=\"6 minuter\" \/>\n<script type=\"application\/ld+json\" class=\"yoast-schema-graph\">{\"@context\":\"https:\\\/\\\/schema.org\",\"@graph\":[{\"@type\":\"Article\",\"@id\":\"https:\\\/\\\/4000mil.se\\\/index.php\\\/pamplona-starten-for-mitt-camino-aventyr\\\/#article\",\"isPartOf\":{\"@id\":\"https:\\\/\\\/4000mil.se\\\/index.php\\\/pamplona-starten-for-mitt-camino-aventyr\\\/\"},\"author\":{\"name\":\"Gunilla Yourstone\",\"@id\":\"https:\\\/\\\/4000mil.se\\\/#\\\/schema\\\/person\\\/cda463da9f6f2c4d9bbc173471184a73\"},\"headline\":\"Pamplona &#8211; starten f\u00f6r mitt Camino-\u00e4ventyr\",\"datePublished\":\"2023-10-28T06:00:00+00:00\",\"dateModified\":\"2023-10-28T10:52:04+00:00\",\"mainEntityOfPage\":{\"@id\":\"https:\\\/\\\/4000mil.se\\\/index.php\\\/pamplona-starten-for-mitt-camino-aventyr\\\/\"},\"wordCount\":697,\"commentCount\":0,\"publisher\":{\"@id\":\"https:\\\/\\\/4000mil.se\\\/#organization\"},\"image\":{\"@id\":\"https:\\\/\\\/4000mil.se\\\/index.php\\\/pamplona-starten-for-mitt-camino-aventyr\\\/#primaryimage\"},\"thumbnailUrl\":\"https:\\\/\\\/4000mil.se\\\/wp-content\\\/uploads\\\/2023\\\/10\\\/IMG_7668-1.jpg\",\"keywords\":[\"Camino Frances\"],\"articleSection\":[\"Spanien\"],\"inLanguage\":\"sv-SE\",\"potentialAction\":[{\"@type\":\"CommentAction\",\"name\":\"Comment\",\"target\":[\"https:\\\/\\\/4000mil.se\\\/index.php\\\/pamplona-starten-for-mitt-camino-aventyr\\\/#respond\"]}]},{\"@type\":\"WebPage\",\"@id\":\"https:\\\/\\\/4000mil.se\\\/index.php\\\/pamplona-starten-for-mitt-camino-aventyr\\\/\",\"url\":\"https:\\\/\\\/4000mil.se\\\/index.php\\\/pamplona-starten-for-mitt-camino-aventyr\\\/\",\"name\":\"Pamplona - starten f\u00f6r mitt Camino-\u00e4ventyr\",\"isPartOf\":{\"@id\":\"https:\\\/\\\/4000mil.se\\\/#website\"},\"primaryImageOfPage\":{\"@id\":\"https:\\\/\\\/4000mil.se\\\/index.php\\\/pamplona-starten-for-mitt-camino-aventyr\\\/#primaryimage\"},\"image\":{\"@id\":\"https:\\\/\\\/4000mil.se\\\/index.php\\\/pamplona-starten-for-mitt-camino-aventyr\\\/#primaryimage\"},\"thumbnailUrl\":\"https:\\\/\\\/4000mil.se\\\/wp-content\\\/uploads\\\/2023\\\/10\\\/IMG_7668-1.jpg\",\"datePublished\":\"2023-10-28T06:00:00+00:00\",\"dateModified\":\"2023-10-28T10:52:04+00:00\",\"description\":\"Jag befinner mig p\u00e5 egen hand p\u00e5 resa i Spanien. Dagen innan landade jag i Madrid. En av de, relativt f\u00e5, huvudst\u00e4der som jag haft kvar att uppt\u00e4cka i\",\"breadcrumb\":{\"@id\":\"https:\\\/\\\/4000mil.se\\\/index.php\\\/pamplona-starten-for-mitt-camino-aventyr\\\/#breadcrumb\"},\"inLanguage\":\"sv-SE\",\"potentialAction\":[{\"@type\":\"ReadAction\",\"target\":[\"https:\\\/\\\/4000mil.se\\\/index.php\\\/pamplona-starten-for-mitt-camino-aventyr\\\/\"]}]},{\"@type\":\"ImageObject\",\"inLanguage\":\"sv-SE\",\"@id\":\"https:\\\/\\\/4000mil.se\\\/index.php\\\/pamplona-starten-for-mitt-camino-aventyr\\\/#primaryimage\",\"url\":\"https:\\\/\\\/4000mil.se\\\/wp-content\\\/uploads\\\/2023\\\/10\\\/IMG_7668-1.jpg\",\"contentUrl\":\"https:\\\/\\\/4000mil.se\\\/wp-content\\\/uploads\\\/2023\\\/10\\\/IMG_7668-1.jpg\",\"width\":2048,\"height\":1365},{\"@type\":\"BreadcrumbList\",\"@id\":\"https:\\\/\\\/4000mil.se\\\/index.php\\\/pamplona-starten-for-mitt-camino-aventyr\\\/#breadcrumb\",\"itemListElement\":[{\"@type\":\"ListItem\",\"position\":1,\"name\":\"Home\",\"item\":\"https:\\\/\\\/4000mil.se\\\/\"},{\"@type\":\"ListItem\",\"position\":2,\"name\":\"Pamplona &#8211; starten f\u00f6r mitt Camino-\u00e4ventyr\"}]},{\"@type\":\"WebSite\",\"@id\":\"https:\\\/\\\/4000mil.se\\\/#website\",\"url\":\"https:\\\/\\\/4000mil.se\\\/\",\"name\":\"4000 mil - en reseblogg\",\"description\":\"We haven&#039;t been everywhere, but it is on our list.\",\"publisher\":{\"@id\":\"https:\\\/\\\/4000mil.se\\\/#organization\"},\"potentialAction\":[{\"@type\":\"SearchAction\",\"target\":{\"@type\":\"EntryPoint\",\"urlTemplate\":\"https:\\\/\\\/4000mil.se\\\/?s={search_term_string}\"},\"query-input\":{\"@type\":\"PropertyValueSpecification\",\"valueRequired\":true,\"valueName\":\"search_term_string\"}}],\"inLanguage\":\"sv-SE\"},{\"@type\":\"Organization\",\"@id\":\"https:\\\/\\\/4000mil.se\\\/#organization\",\"name\":\"4000mil\",\"url\":\"https:\\\/\\\/4000mil.se\\\/\",\"logo\":{\"@type\":\"ImageObject\",\"inLanguage\":\"sv-SE\",\"@id\":\"https:\\\/\\\/4000mil.se\\\/#\\\/schema\\\/logo\\\/image\\\/\",\"url\":\"https:\\\/\\\/4000mil.se\\\/wp-content\\\/uploads\\\/2017\\\/07\\\/rsz_img_5178-e1511641744338.jpg\",\"contentUrl\":\"https:\\\/\\\/4000mil.se\\\/wp-content\\\/uploads\\\/2017\\\/07\\\/rsz_img_5178-e1511641744338.jpg\",\"width\":1000,\"height\":667,\"caption\":\"4000mil\"},\"image\":{\"@id\":\"https:\\\/\\\/4000mil.se\\\/#\\\/schema\\\/logo\\\/image\\\/\"},\"sameAs\":[\"https:\\\/\\\/www.facebook.com\\\/4000mil\\\/\",\"https:\\\/\\\/x.com\\\/4000mil_se\",\"https:\\\/\\\/www.instagram.com\\\/4000mil.se\\\/\",\"https:\\\/\\\/www.youtube.com\\\/channel\\\/UCJ-arZd2a7dT4Kqq5GtVbXQ\"]},{\"@type\":\"Person\",\"@id\":\"https:\\\/\\\/4000mil.se\\\/#\\\/schema\\\/person\\\/cda463da9f6f2c4d9bbc173471184a73\",\"name\":\"Gunilla Yourstone\",\"image\":{\"@type\":\"ImageObject\",\"inLanguage\":\"sv-SE\",\"@id\":\"https:\\\/\\\/secure.gravatar.com\\\/avatar\\\/2df85d0820b33bffdd86a729d25273c6153c1cc9b1338f26ef0c98d01163520d?s=96&d=mm&r=g\",\"url\":\"https:\\\/\\\/secure.gravatar.com\\\/avatar\\\/2df85d0820b33bffdd86a729d25273c6153c1cc9b1338f26ef0c98d01163520d?s=96&d=mm&r=g\",\"contentUrl\":\"https:\\\/\\\/secure.gravatar.com\\\/avatar\\\/2df85d0820b33bffdd86a729d25273c6153c1cc9b1338f26ef0c98d01163520d?s=96&d=mm&r=g\",\"caption\":\"Gunilla Yourstone\"},\"url\":\"https:\\\/\\\/4000mil.se\\\/index.php\\\/author\\\/gunillay\\\/\"}]}<\/script>\n<!-- \/ Yoast SEO plugin. -->","yoast_head_json":{"title":"Pamplona - starten f\u00f6r mitt Camino-\u00e4ventyr","description":"Jag befinner mig p\u00e5 egen hand p\u00e5 resa i Spanien. Dagen innan landade jag i Madrid. En av de, relativt f\u00e5, huvudst\u00e4der som jag haft kvar att uppt\u00e4cka i","robots":{"index":"index","follow":"follow","max-snippet":"max-snippet:-1","max-image-preview":"max-image-preview:large","max-video-preview":"max-video-preview:-1"},"canonical":"https:\/\/4000mil.se\/index.php\/pamplona-starten-for-mitt-camino-aventyr\/","og_locale":"sv_SE","og_type":"article","og_title":"Pamplona - starten f\u00f6r mitt Camino-\u00e4ventyr","og_description":"Jag befinner mig p\u00e5 egen hand p\u00e5 resa i Spanien. Dagen innan landade jag i Madrid. En av de, relativt f\u00e5, huvudst\u00e4der som jag haft kvar att uppt\u00e4cka i","og_url":"https:\/\/4000mil.se\/index.php\/pamplona-starten-for-mitt-camino-aventyr\/","og_site_name":"4000 mil - en reseblogg","article_publisher":"https:\/\/www.facebook.com\/4000mil\/","article_published_time":"2023-10-28T06:00:00+00:00","article_modified_time":"2023-10-28T10:52:04+00:00","og_image":[{"width":2048,"height":1365,"url":"https:\/\/4000mil.se\/wp-content\/uploads\/2023\/10\/IMG_7668-1.jpg","type":"image\/jpeg"}],"author":"Gunilla Yourstone","twitter_card":"summary_large_image","twitter_creator":"@4000mil_se","twitter_site":"@4000mil_se","twitter_misc":{"Skriven av":"Gunilla Yourstone","Ber\u00e4knad l\u00e4stid":"6 minuter"},"schema":{"@context":"https:\/\/schema.org","@graph":[{"@type":"Article","@id":"https:\/\/4000mil.se\/index.php\/pamplona-starten-for-mitt-camino-aventyr\/#article","isPartOf":{"@id":"https:\/\/4000mil.se\/index.php\/pamplona-starten-for-mitt-camino-aventyr\/"},"author":{"name":"Gunilla Yourstone","@id":"https:\/\/4000mil.se\/#\/schema\/person\/cda463da9f6f2c4d9bbc173471184a73"},"headline":"Pamplona &#8211; starten f\u00f6r mitt Camino-\u00e4ventyr","datePublished":"2023-10-28T06:00:00+00:00","dateModified":"2023-10-28T10:52:04+00:00","mainEntityOfPage":{"@id":"https:\/\/4000mil.se\/index.php\/pamplona-starten-for-mitt-camino-aventyr\/"},"wordCount":697,"commentCount":0,"publisher":{"@id":"https:\/\/4000mil.se\/#organization"},"image":{"@id":"https:\/\/4000mil.se\/index.php\/pamplona-starten-for-mitt-camino-aventyr\/#primaryimage"},"thumbnailUrl":"https:\/\/4000mil.se\/wp-content\/uploads\/2023\/10\/IMG_7668-1.jpg","keywords":["Camino Frances"],"articleSection":["Spanien"],"inLanguage":"sv-SE","potentialAction":[{"@type":"CommentAction","name":"Comment","target":["https:\/\/4000mil.se\/index.php\/pamplona-starten-for-mitt-camino-aventyr\/#respond"]}]},{"@type":"WebPage","@id":"https:\/\/4000mil.se\/index.php\/pamplona-starten-for-mitt-camino-aventyr\/","url":"https:\/\/4000mil.se\/index.php\/pamplona-starten-for-mitt-camino-aventyr\/","name":"Pamplona - starten f\u00f6r mitt Camino-\u00e4ventyr","isPartOf":{"@id":"https:\/\/4000mil.se\/#website"},"primaryImageOfPage":{"@id":"https:\/\/4000mil.se\/index.php\/pamplona-starten-for-mitt-camino-aventyr\/#primaryimage"},"image":{"@id":"https:\/\/4000mil.se\/index.php\/pamplona-starten-for-mitt-camino-aventyr\/#primaryimage"},"thumbnailUrl":"https:\/\/4000mil.se\/wp-content\/uploads\/2023\/10\/IMG_7668-1.jpg","datePublished":"2023-10-28T06:00:00+00:00","dateModified":"2023-10-28T10:52:04+00:00","description":"Jag befinner mig p\u00e5 egen hand p\u00e5 resa i Spanien. Dagen innan landade jag i Madrid. En av de, relativt f\u00e5, huvudst\u00e4der som jag haft kvar att uppt\u00e4cka i","breadcrumb":{"@id":"https:\/\/4000mil.se\/index.php\/pamplona-starten-for-mitt-camino-aventyr\/#breadcrumb"},"inLanguage":"sv-SE","potentialAction":[{"@type":"ReadAction","target":["https:\/\/4000mil.se\/index.php\/pamplona-starten-for-mitt-camino-aventyr\/"]}]},{"@type":"ImageObject","inLanguage":"sv-SE","@id":"https:\/\/4000mil.se\/index.php\/pamplona-starten-for-mitt-camino-aventyr\/#primaryimage","url":"https:\/\/4000mil.se\/wp-content\/uploads\/2023\/10\/IMG_7668-1.jpg","contentUrl":"https:\/\/4000mil.se\/wp-content\/uploads\/2023\/10\/IMG_7668-1.jpg","width":2048,"height":1365},{"@type":"BreadcrumbList","@id":"https:\/\/4000mil.se\/index.php\/pamplona-starten-for-mitt-camino-aventyr\/#breadcrumb","itemListElement":[{"@type":"ListItem","position":1,"name":"Home","item":"https:\/\/4000mil.se\/"},{"@type":"ListItem","position":2,"name":"Pamplona &#8211; starten f\u00f6r mitt Camino-\u00e4ventyr"}]},{"@type":"WebSite","@id":"https:\/\/4000mil.se\/#website","url":"https:\/\/4000mil.se\/","name":"4000 mil - en reseblogg","description":"We haven&#039;t been everywhere, but it is on our list.","publisher":{"@id":"https:\/\/4000mil.se\/#organization"},"potentialAction":[{"@type":"SearchAction","target":{"@type":"EntryPoint","urlTemplate":"https:\/\/4000mil.se\/?s={search_term_string}"},"query-input":{"@type":"PropertyValueSpecification","valueRequired":true,"valueName":"search_term_string"}}],"inLanguage":"sv-SE"},{"@type":"Organization","@id":"https:\/\/4000mil.se\/#organization","name":"4000mil","url":"https:\/\/4000mil.se\/","logo":{"@type":"ImageObject","inLanguage":"sv-SE","@id":"https:\/\/4000mil.se\/#\/schema\/logo\/image\/","url":"https:\/\/4000mil.se\/wp-content\/uploads\/2017\/07\/rsz_img_5178-e1511641744338.jpg","contentUrl":"https:\/\/4000mil.se\/wp-content\/uploads\/2017\/07\/rsz_img_5178-e1511641744338.jpg","width":1000,"height":667,"caption":"4000mil"},"image":{"@id":"https:\/\/4000mil.se\/#\/schema\/logo\/image\/"},"sameAs":["https:\/\/www.facebook.com\/4000mil\/","https:\/\/x.com\/4000mil_se","https:\/\/www.instagram.com\/4000mil.se\/","https:\/\/www.youtube.com\/channel\/UCJ-arZd2a7dT4Kqq5GtVbXQ"]},{"@type":"Person","@id":"https:\/\/4000mil.se\/#\/schema\/person\/cda463da9f6f2c4d9bbc173471184a73","name":"Gunilla Yourstone","image":{"@type":"ImageObject","inLanguage":"sv-SE","@id":"https:\/\/secure.gravatar.com\/avatar\/2df85d0820b33bffdd86a729d25273c6153c1cc9b1338f26ef0c98d01163520d?s=96&d=mm&r=g","url":"https:\/\/secure.gravatar.com\/avatar\/2df85d0820b33bffdd86a729d25273c6153c1cc9b1338f26ef0c98d01163520d?s=96&d=mm&r=g","contentUrl":"https:\/\/secure.gravatar.com\/avatar\/2df85d0820b33bffdd86a729d25273c6153c1cc9b1338f26ef0c98d01163520d?s=96&d=mm&r=g","caption":"Gunilla Yourstone"},"url":"https:\/\/4000mil.se\/index.php\/author\/gunillay\/"}]}},"_links":{"self":[{"href":"https:\/\/4000mil.se\/index.php\/wp-json\/wp\/v2\/posts\/63674","targetHints":{"allow":["GET"]}}],"collection":[{"href":"https:\/\/4000mil.se\/index.php\/wp-json\/wp\/v2\/posts"}],"about":[{"href":"https:\/\/4000mil.se\/index.php\/wp-json\/wp\/v2\/types\/post"}],"author":[{"embeddable":true,"href":"https:\/\/4000mil.se\/index.php\/wp-json\/wp\/v2\/users\/3"}],"replies":[{"embeddable":true,"href":"https:\/\/4000mil.se\/index.php\/wp-json\/wp\/v2\/comments?post=63674"}],"version-history":[{"count":11,"href":"https:\/\/4000mil.se\/index.php\/wp-json\/wp\/v2\/posts\/63674\/revisions"}],"predecessor-version":[{"id":63767,"href":"https:\/\/4000mil.se\/index.php\/wp-json\/wp\/v2\/posts\/63674\/revisions\/63767"}],"wp:featuredmedia":[{"embeddable":true,"href":"https:\/\/4000mil.se\/index.php\/wp-json\/wp\/v2\/media\/63725"}],"wp:attachment":[{"href":"https:\/\/4000mil.se\/index.php\/wp-json\/wp\/v2\/media?parent=63674"}],"wp:term":[{"taxonomy":"category","embeddable":true,"href":"https:\/\/4000mil.se\/index.php\/wp-json\/wp\/v2\/categories?post=63674"},{"taxonomy":"post_tag","embeddable":true,"href":"https:\/\/4000mil.se\/index.php\/wp-json\/wp\/v2\/tags?post=63674"}],"curies":[{"name":"wp","href":"https:\/\/api.w.org\/{rel}","templated":true}]}}