{"id":65022,"date":"2023-12-09T08:00:00","date_gmt":"2023-12-09T07:00:00","guid":{"rendered":"https:\/\/4000mil.se\/?p=65022"},"modified":"2024-09-18T17:23:21","modified_gmt":"2024-09-18T15:23:21","slug":"vart-ska-vi-aka-pa-var-tagluff-i-ar","status":"publish","type":"post","link":"https:\/\/4000mil.se\/index.php\/vart-ska-vi-aka-pa-var-tagluff-i-ar\/","title":{"rendered":"Vart ska vi \u00e5ka p\u00e5 v\u00e5r t\u00e5gluff i sommar?"},"content":{"rendered":"\n<p>Bir det n\u00e5gon t\u00e5gluff i \u00e5r? Ja, men det \u00e4r klart det blir. Vi t\u00e4nker oss nog att det alltid ska bli en t\u00e5gluff varje \u00e5r framgent. S\u00e5 fr\u00e5gan \u00e4r p\u00e5 intet s\u00e4tt om, utan bara var.<\/p>\n\n\n\n<p>Tidsm\u00e4ssigt kommer t\u00e5gluffen \u00e4ga rum ungef\u00e4r samma tidsperiod som de tv\u00e5 senaste, det vill s\u00e4ga med b\u00f6rjan i juni och sedan 3-4 veckor fram\u00e5t till en bit in i juli. Mest troligt blir det fr\u00e5n och med midsommarhelgen vi kommer iv\u00e4g.<\/p>\n\n\n\n<figure class=\"wp-block-image size-large\"><img loading=\"lazy\" decoding=\"async\" width=\"1024\" height=\"768\" src=\"https:\/\/4000mil.se\/wp-content\/uploads\/2022\/06\/C311CD32-696E-4370-96BB-12222FEBF683-1024x768.jpeg\" alt=\"\" class=\"wp-image-52544\" srcset=\"https:\/\/4000mil.se\/wp-content\/uploads\/2022\/06\/C311CD32-696E-4370-96BB-12222FEBF683-1024x768.jpeg 1024w, https:\/\/4000mil.se\/wp-content\/uploads\/2022\/06\/C311CD32-696E-4370-96BB-12222FEBF683-300x225.jpeg 300w, https:\/\/4000mil.se\/wp-content\/uploads\/2022\/06\/C311CD32-696E-4370-96BB-12222FEBF683-768x576.jpeg 768w, https:\/\/4000mil.se\/wp-content\/uploads\/2022\/06\/C311CD32-696E-4370-96BB-12222FEBF683-1536x1152.jpeg 1536w, https:\/\/4000mil.se\/wp-content\/uploads\/2022\/06\/C311CD32-696E-4370-96BB-12222FEBF683-2000x1500.jpeg 2000w, https:\/\/4000mil.se\/wp-content\/uploads\/2022\/06\/C311CD32-696E-4370-96BB-12222FEBF683-800x600.jpeg 800w, https:\/\/4000mil.se\/wp-content\/uploads\/2022\/06\/C311CD32-696E-4370-96BB-12222FEBF683.jpeg 2048w\" sizes=\"auto, (max-width: 1024px) 100vw, 1024px\" \/><\/figure>\n\n\n\n<h2 class=\"wp-block-heading\">Tidigare t\u00e5gluffar<\/h2>\n\n\n\n<p>De tv\u00e5 t\u00e5gluffar vi varit ute p\u00e5 2022 och 2023 gick till ungef\u00e4r samma omr\u00e5de, om \u00e4n till olika platser.<\/p>\n\n\n\n<p>2022 \u00e5kte vi till Moseldalen i Tyskland, Salzburg och \u00f6sterrikiska Alperna, Brienz i Schweiz, Alsace i Frankrike och Luxemburg. <\/p>\n\n\n\n<p><strong>F\u00f6r utf\u00f6rligare beskrivning l\u00e4s mer h\u00e4r:<\/strong> <a href=\"https:\/\/4000mil.se\/index.php\/rutt-pa-tagluffen\/\">V\u00e5r rutt p\u00e5 t\u00e5gluffen 2022 \u2013 s\u00e5 h\u00e4r \u00e5kte vi<\/a><\/p>\n\n\n\n<p><a href=\"https:\/\/4000mil.se\/index.php\/tag\/tagluff-2022\/\">Alla inl\u00e4gg fr\u00e5n 2022 \u00e5rs t\u00e5gluff hittar du h\u00e4r.<\/a><\/p>\n\n\n\n<figure class=\"wp-block-image size-large\"><img loading=\"lazy\" decoding=\"async\" width=\"1024\" height=\"683\" src=\"https:\/\/4000mil.se\/wp-content\/uploads\/2022\/08\/IMG_2156-1024x683.jpg\" alt=\"\" class=\"wp-image-53402\" srcset=\"https:\/\/4000mil.se\/wp-content\/uploads\/2022\/08\/IMG_2156-1024x683.jpg 1024w, https:\/\/4000mil.se\/wp-content\/uploads\/2022\/08\/IMG_2156-300x200.jpg 300w, https:\/\/4000mil.se\/wp-content\/uploads\/2022\/08\/IMG_2156-768x512.jpg 768w, https:\/\/4000mil.se\/wp-content\/uploads\/2022\/08\/IMG_2156-1536x1024.jpg 1536w, https:\/\/4000mil.se\/wp-content\/uploads\/2022\/08\/IMG_2156-2000x1333.jpg 2000w, https:\/\/4000mil.se\/wp-content\/uploads\/2022\/08\/IMG_2156-800x533.jpg 800w, https:\/\/4000mil.se\/wp-content\/uploads\/2022\/08\/IMG_2156.jpg 2048w\" sizes=\"auto, (max-width: 1024px) 100vw, 1024px\" \/><figcaption class=\"wp-element-caption\">Brienz<\/figcaption><\/figure>\n\n\n\n<p>2023 blev det Bayern i Tyskland, Bratislava i Slovakien, Dachstein i \u00f6sterrikiska Alperna, Zermatt i Schweiz och Rhendalen i Tyskland.<\/p>\n\n\n\n<p><strong>F\u00f6r utf\u00f6rligare beskrivning l\u00e4s mer h\u00e4r:<\/strong> <a href=\"https:\/\/4000mil.se\/index.php\/var-rutt-pa-tagluffen-2023-sa-har-akte-vi\/\">V\u00e5r rutt p\u00e5 t\u00e5gluffen 2023 \u2013 s\u00e5 h\u00e4r \u00e5kte vi<\/a><\/p>\n\n\n\n<p><a href=\"https:\/\/4000mil.se\/index.php\/tag\/tagluff-2023\/\">Alla inl\u00e4gg fr\u00e5n 2023 \u00e5rs t\u00e5gluff hittar du h\u00e4r.<\/a><\/p>\n\n\n\n<figure class=\"wp-block-image size-large\"><img loading=\"lazy\" decoding=\"async\" width=\"1024\" height=\"683\" src=\"https:\/\/4000mil.se\/wp-content\/uploads\/2023\/07\/IMG_4090-1024x683.jpg\" alt=\"\" class=\"wp-image-60617\" srcset=\"https:\/\/4000mil.se\/wp-content\/uploads\/2023\/07\/IMG_4090-1024x683.jpg 1024w, https:\/\/4000mil.se\/wp-content\/uploads\/2023\/07\/IMG_4090-300x200.jpg 300w, https:\/\/4000mil.se\/wp-content\/uploads\/2023\/07\/IMG_4090-768x512.jpg 768w, https:\/\/4000mil.se\/wp-content\/uploads\/2023\/07\/IMG_4090-1536x1024.jpg 1536w, https:\/\/4000mil.se\/wp-content\/uploads\/2023\/07\/IMG_4090-2000x1333.jpg 2000w, https:\/\/4000mil.se\/wp-content\/uploads\/2023\/07\/IMG_4090-800x533.jpg 800w, https:\/\/4000mil.se\/wp-content\/uploads\/2023\/07\/IMG_4090.jpg 2048w\" sizes=\"auto, (max-width: 1024px) 100vw, 1024px\" \/><figcaption class=\"wp-element-caption\">Hallstatt<\/figcaption><\/figure>\n\n\n\n<h2 class=\"wp-block-heading\">S\u00e5 vart ska vi \u00e5ka i \u00e5r?<\/h2>\n\n\n\n<p>\u00c4rligt talat. Vi har massor av id\u00e9er p\u00e5 helt fantastiska t\u00e5gluff-rutter. Det sv\u00e5ra \u00e4r egentligen att best\u00e4mma sig f\u00f6r en. S\u00e4tta ner foten liksom. Och d\u00e4rmed vinka farv\u00e4l till alla de andra roliga rutterna. Och det \u00e4r v\u00e4l d\u00e4r problemet ligger. Helst skulle vi ju vilja g\u00f6ra alla v\u00e5ra rutter p\u00e5 en och samma g\u00e5ng. Som tv\u00e5 flatcoated retrievers som vill h\u00e4lsa p\u00e5 alla i rummet samtidigt.<\/p>\n\n\n\n<p>S\u00e5 d\u00e4rf\u00f6r ber vi allra \u00f6dmjukast om input. Vart ska vi \u00e5ka?<\/p>\n\n\n\n<figure class=\"wp-block-image size-large\"><img loading=\"lazy\" decoding=\"async\" width=\"1024\" height=\"683\" src=\"https:\/\/4000mil.se\/wp-content\/uploads\/2022\/06\/IMG_0240-1024x683.jpg\" alt=\"\" class=\"wp-image-52350\" srcset=\"https:\/\/4000mil.se\/wp-content\/uploads\/2022\/06\/IMG_0240-1024x683.jpg 1024w, https:\/\/4000mil.se\/wp-content\/uploads\/2022\/06\/IMG_0240-300x200.jpg 300w, https:\/\/4000mil.se\/wp-content\/uploads\/2022\/06\/IMG_0240-768x512.jpg 768w, https:\/\/4000mil.se\/wp-content\/uploads\/2022\/06\/IMG_0240-1536x1024.jpg 1536w, https:\/\/4000mil.se\/wp-content\/uploads\/2022\/06\/IMG_0240-2000x1333.jpg 2000w, https:\/\/4000mil.se\/wp-content\/uploads\/2022\/06\/IMG_0240-800x533.jpg 800w, https:\/\/4000mil.se\/wp-content\/uploads\/2022\/06\/IMG_0240.jpg 2048w\" sizes=\"auto, (max-width: 1024px) 100vw, 1024px\" \/><figcaption class=\"wp-element-caption\">Moseldalen<\/figcaption><\/figure>\n\n\n\n<h2 class=\"wp-block-heading\">Alternativ 1: Camino Primitivo<\/h2>\n\n\n\n<p>Efter min <a href=\"https:\/\/4000mil.se\/index.php\/13-hojdpunkter-langs-camino-de-santiago\/\">Camino-resa i oktober<\/a> \u00e4r jag grymt sugen p\u00e5 att \u00e5terv\u00e4nda och g\u00e5 en riktig och hel Camino. Om vi v\u00e4ljer detta alternativ blir det inte j\u00e4ttemycket runt-luffande. Vi hinner n\u00e5got stopp i Frankrike eller Andorra p\u00e5 nerv\u00e4g. Och sedan kanske, kanske Porto i Portugal innan vi \u00e5ker hem\u00e5t igen. F\u00f6rutom sj\u00e4lva Primitivo d\u00e5 som \u00e4r 13 dagars vandring.<\/p>\n\n\n\n<figure class=\"wp-block-image size-large\"><img loading=\"lazy\" decoding=\"async\" width=\"1024\" height=\"576\" src=\"https:\/\/4000mil.se\/wp-content\/uploads\/2023\/12\/spain-4994105_1280-1024x576.jpg\" alt=\"\" class=\"wp-image-65024\" srcset=\"https:\/\/4000mil.se\/wp-content\/uploads\/2023\/12\/spain-4994105_1280-1024x576.jpg 1024w, https:\/\/4000mil.se\/wp-content\/uploads\/2023\/12\/spain-4994105_1280-300x169.jpg 300w, https:\/\/4000mil.se\/wp-content\/uploads\/2023\/12\/spain-4994105_1280-768x432.jpg 768w, https:\/\/4000mil.se\/wp-content\/uploads\/2023\/12\/spain-4994105_1280-800x450.jpg 800w, https:\/\/4000mil.se\/wp-content\/uploads\/2023\/12\/spain-4994105_1280.jpg 1280w\" sizes=\"auto, (max-width: 1024px) 100vw, 1024px\" \/><\/figure>\n\n\n\n<figure class=\"wp-block-image size-large\"><img loading=\"lazy\" decoding=\"async\" width=\"1024\" height=\"683\" src=\"https:\/\/4000mil.se\/wp-content\/uploads\/2023\/10\/IMG_7908-1024x683.jpg\" alt=\"\" class=\"wp-image-63784\" srcset=\"https:\/\/4000mil.se\/wp-content\/uploads\/2023\/10\/IMG_7908-1024x683.jpg 1024w, https:\/\/4000mil.se\/wp-content\/uploads\/2023\/10\/IMG_7908-300x200.jpg 300w, https:\/\/4000mil.se\/wp-content\/uploads\/2023\/10\/IMG_7908-768x512.jpg 768w, https:\/\/4000mil.se\/wp-content\/uploads\/2023\/10\/IMG_7908-1536x1024.jpg 1536w, https:\/\/4000mil.se\/wp-content\/uploads\/2023\/10\/IMG_7908-2000x1333.jpg 2000w, https:\/\/4000mil.se\/wp-content\/uploads\/2023\/10\/IMG_7908-800x533.jpg 800w, https:\/\/4000mil.se\/wp-content\/uploads\/2023\/10\/IMG_7908.jpg 2048w\" sizes=\"auto, (max-width: 1024px) 100vw, 1024px\" \/><figcaption class=\"wp-element-caption\">Caminon<\/figcaption><\/figure>\n\n\n\n<h2 class=\"wp-block-heading\">Alternativ 2: Italien<\/h2>\n\n\n\n<p>En t\u00e5gluff med fokus p\u00e5 Italien vore v\u00e4l ljuvligt? Apulien, Sicilien, Lago Maggiore, Aostadalen och Chestnut Route i italienska Alperna \u00e4r id\u00e9er som vi har f\u00f6r en s\u00e5dan resa. \u00c4ven om vi inser att inte allt f\u00e5r plats. <br>Vi \u00e4r bara r\u00e4dda att det hinner bli alldeles f\u00f6r varmt om vi \u00e4r kvar nere i Italien tills i mitten p\u00e5 juli.<\/p>\n\n\n\n<figure class=\"wp-block-image size-large\"><img loading=\"lazy\" decoding=\"async\" width=\"1024\" height=\"684\" src=\"https:\/\/4000mil.se\/wp-content\/uploads\/2024\/01\/italy-3116211_1280-1024x684.jpg\" alt=\"\" class=\"wp-image-65025\" srcset=\"https:\/\/4000mil.se\/wp-content\/uploads\/2024\/01\/italy-3116211_1280-1024x684.jpg 1024w, https:\/\/4000mil.se\/wp-content\/uploads\/2024\/01\/italy-3116211_1280-300x200.jpg 300w, https:\/\/4000mil.se\/wp-content\/uploads\/2024\/01\/italy-3116211_1280-768x513.jpg 768w, https:\/\/4000mil.se\/wp-content\/uploads\/2024\/01\/italy-3116211_1280-800x534.jpg 800w, https:\/\/4000mil.se\/wp-content\/uploads\/2024\/01\/italy-3116211_1280.jpg 1280w\" sizes=\"auto, (max-width: 1024px) 100vw, 1024px\" \/><figcaption class=\"wp-element-caption\">Sicilien<\/figcaption><\/figure>\n\n\n\n<figure class=\"wp-block-image size-large\"><img loading=\"lazy\" decoding=\"async\" width=\"1024\" height=\"678\" src=\"https:\/\/4000mil.se\/wp-content\/uploads\/2024\/01\/alberobello-1848734_1280-1024x678.jpg\" alt=\"\" class=\"wp-image-65026\" srcset=\"https:\/\/4000mil.se\/wp-content\/uploads\/2024\/01\/alberobello-1848734_1280-1024x678.jpg 1024w, https:\/\/4000mil.se\/wp-content\/uploads\/2024\/01\/alberobello-1848734_1280-300x199.jpg 300w, https:\/\/4000mil.se\/wp-content\/uploads\/2024\/01\/alberobello-1848734_1280-768x509.jpg 768w, https:\/\/4000mil.se\/wp-content\/uploads\/2024\/01\/alberobello-1848734_1280-800x530.jpg 800w, https:\/\/4000mil.se\/wp-content\/uploads\/2024\/01\/alberobello-1848734_1280-370x245.jpg 370w, https:\/\/4000mil.se\/wp-content\/uploads\/2024\/01\/alberobello-1848734_1280.jpg 1280w\" sizes=\"auto, (max-width: 1024px) 100vw, 1024px\" \/><figcaption class=\"wp-element-caption\">Alberobello<\/figcaption><\/figure>\n\n\n\n<h2 class=\"wp-block-heading\">Alternativ 3: Frankrike<\/h2>\n\n\n\n<p>Lite sugna \u00e4r vi p\u00e5 Frankrike \u00e4nd\u00e5. Normandie med sina minnen fr\u00e5n 2:a v\u00e4rldskriget, Carcassonne, Dordogne, Dune du Pilat, Annecy, ja det finns ju massor. <br>Det enda som talar emot Frankrike \u00e4r v\u00e4l tyv\u00e4rr fransm\u00e4nnens vana att vara r\u00e4tt of\u00f6rsk\u00e4mda mot personer som inte talar franska? Hm.<\/p>\n\n\n\n<figure class=\"wp-block-image size-large\"><img loading=\"lazy\" decoding=\"async\" width=\"1024\" height=\"768\" src=\"https:\/\/4000mil.se\/wp-content\/uploads\/2023\/12\/castle-1004841_1280-1024x768.jpg\" alt=\"\" class=\"wp-image-65027\" srcset=\"https:\/\/4000mil.se\/wp-content\/uploads\/2023\/12\/castle-1004841_1280-1024x768.jpg 1024w, https:\/\/4000mil.se\/wp-content\/uploads\/2023\/12\/castle-1004841_1280-300x225.jpg 300w, https:\/\/4000mil.se\/wp-content\/uploads\/2023\/12\/castle-1004841_1280-768x576.jpg 768w, https:\/\/4000mil.se\/wp-content\/uploads\/2023\/12\/castle-1004841_1280-800x600.jpg 800w, https:\/\/4000mil.se\/wp-content\/uploads\/2023\/12\/castle-1004841_1280.jpg 1280w\" sizes=\"auto, (max-width: 1024px) 100vw, 1024px\" \/><figcaption class=\"wp-element-caption\">Carcassonne<\/figcaption><\/figure>\n\n\n\n<figure class=\"wp-block-image size-large\"><img loading=\"lazy\" decoding=\"async\" width=\"1024\" height=\"681\" src=\"https:\/\/4000mil.se\/wp-content\/uploads\/2023\/12\/mont-saint-michel-688405_1280-1024x681.jpg\" alt=\"\" class=\"wp-image-65028\" srcset=\"https:\/\/4000mil.se\/wp-content\/uploads\/2023\/12\/mont-saint-michel-688405_1280-1024x681.jpg 1024w, https:\/\/4000mil.se\/wp-content\/uploads\/2023\/12\/mont-saint-michel-688405_1280-300x199.jpg 300w, https:\/\/4000mil.se\/wp-content\/uploads\/2023\/12\/mont-saint-michel-688405_1280-768x511.jpg 768w, https:\/\/4000mil.se\/wp-content\/uploads\/2023\/12\/mont-saint-michel-688405_1280-800x532.jpg 800w, https:\/\/4000mil.se\/wp-content\/uploads\/2023\/12\/mont-saint-michel-688405_1280-370x245.jpg 370w, https:\/\/4000mil.se\/wp-content\/uploads\/2023\/12\/mont-saint-michel-688405_1280.jpg 1280w\" sizes=\"auto, (max-width: 1024px) 100vw, 1024px\" \/><\/figure>\n\n\n\n<h2 class=\"wp-block-heading\">Alternativ 4: Same, same but different<\/h2>\n\n\n\n<p>Sen, \u00e4rligt talat, lockar det faktiskt, faktiskt att resa till exakt samma l\u00e4nder som tidigare \u00e5r. Igen. Tyskland, \u00d6sterrike och Schweiz. Massor av h\u00e4rliga Alper s\u00e5 l\u00e5ngt \u00f6gat n\u00e5r. Hur kan det n\u00e5gonsin bli fel? Dessutom \u00e4r ju resv\u00e4gen betydligt kortare \u00e4n till Spanien eller s\u00f6dra Italien.<\/p>\n\n\n\n<figure class=\"wp-block-image size-large\"><img loading=\"lazy\" decoding=\"async\" width=\"1024\" height=\"768\" src=\"https:\/\/4000mil.se\/wp-content\/uploads\/2023\/12\/germany-85142_1280-1024x768.jpg\" alt=\"\" class=\"wp-image-65030\" srcset=\"https:\/\/4000mil.se\/wp-content\/uploads\/2023\/12\/germany-85142_1280-1024x768.jpg 1024w, https:\/\/4000mil.se\/wp-content\/uploads\/2023\/12\/germany-85142_1280-300x225.jpg 300w, https:\/\/4000mil.se\/wp-content\/uploads\/2023\/12\/germany-85142_1280-768x576.jpg 768w, https:\/\/4000mil.se\/wp-content\/uploads\/2023\/12\/germany-85142_1280-800x600.jpg 800w, https:\/\/4000mil.se\/wp-content\/uploads\/2023\/12\/germany-85142_1280.jpg 1280w\" sizes=\"auto, (max-width: 1024px) 100vw, 1024px\" \/><\/figure>\n\n\n\n<figure class=\"wp-block-image size-large\"><img loading=\"lazy\" decoding=\"async\" width=\"1024\" height=\"576\" src=\"https:\/\/4000mil.se\/wp-content\/uploads\/2023\/12\/geneva-7245360_1280-1024x576.jpg\" alt=\"\" class=\"wp-image-65031\" srcset=\"https:\/\/4000mil.se\/wp-content\/uploads\/2023\/12\/geneva-7245360_1280-1024x576.jpg 1024w, https:\/\/4000mil.se\/wp-content\/uploads\/2023\/12\/geneva-7245360_1280-300x169.jpg 300w, https:\/\/4000mil.se\/wp-content\/uploads\/2023\/12\/geneva-7245360_1280-768x432.jpg 768w, https:\/\/4000mil.se\/wp-content\/uploads\/2023\/12\/geneva-7245360_1280-800x450.jpg 800w, https:\/\/4000mil.se\/wp-content\/uploads\/2023\/12\/geneva-7245360_1280.jpg 1280w\" sizes=\"auto, (max-width: 1024px) 100vw, 1024px\" \/><\/figure>\n\n\n\n<p>S\u00e5 vad tycker ni, vart ska vi ta v\u00e4gen i sommar?<\/p>\n\n\n\n<p><strong>L\u00e4s ocks\u00e5:<\/strong><br><a href=\"https:\/\/4000mil.se\/index.php\/packlista-for-tagluff\/\">Packlista f\u00f6r t\u00e5gluff \u2013 s\u00e5 h\u00e4r ser v\u00e5r packning ut<\/a><br><a href=\"https:\/\/4000mil.se\/index.php\/var-rutt-pa-tagluffen-2024\/\">V\u00e5r rutt p\u00e5 t\u00e5gluffen 2024 \u2013 s\u00e5 h\u00e4r \u00e5kte vi<\/a><br><a href=\"https:\/\/4000mil.se\/index.php\/hur-planerar-man-en-tagluff\/\">Hur planerar man en t\u00e5gluff?<\/a><\/p>\n\n\n\n<p><\/p>\n\n\n\n<p>Missa inga inl\u00e4gg. Gl\u00f6m inte att&nbsp;<a href=\"https:\/\/www.facebook.com\/4000mil\/\" target=\"_blank\" rel=\"noreferrer noopener\">f\u00f6lja 4000mil p\u00e5 Facebook<\/a>&nbsp;och&nbsp;<a href=\"https:\/\/www.instagram.com\/4000mil.se\/\" target=\"_blank\" rel=\"noreferrer noopener\">p\u00e5 Instagram<\/a>.<\/p>\n\n\n\n<p><\/p>\n","protected":false},"excerpt":{"rendered":"<p>Bir det n\u00e5gon t\u00e5gluff i \u00e5r? Ja, men det \u00e4r klart det blir. Vi t\u00e4nker oss nog att det alltid ska bli en t\u00e5gluff varje \u00e5r framgent. S\u00e5 fr\u00e5gan \u00e4r p\u00e5 intet s\u00e4tt om, utan bara var. Tidsm\u00e4ssigt kommer t\u00e5gluffen \u00e4ga rum ungef\u00e4r samma tidsperiod som de tv\u00e5 senaste, det [&hellip;]<\/p>\n","protected":false},"author":3,"featured_media":65032,"comment_status":"open","ping_status":"open","sticky":false,"template":"","format":"standard","meta":{"_monsterinsights_skip_tracking":false,"_monsterinsights_sitenote_active":false,"_monsterinsights_sitenote_note":"","_monsterinsights_sitenote_category":0,"footnotes":""},"categories":[1606],"tags":[704],"class_list":["post-65022","post","type-post","status-publish","format-standard","has-post-thumbnail","hentry","category-tagresor","tag-resplaner"],"yoast_head":"<!-- This site is optimized with the Yoast SEO plugin v27.5 - https:\/\/yoast.com\/product\/yoast-seo-wordpress\/ -->\n<title>Vart ska vi \u00e5ka p\u00e5 v\u00e5r t\u00e5gluff i sommar?<\/title>\n<meta name=\"description\" content=\"Bir det n\u00e5gon t\u00e5gluff i \u00e5r? Ja, men det \u00e4r klart det blir. Vi t\u00e4nker oss nog att det alltid ska bli en t\u00e5gluff varje \u00e5r framgent. S\u00e5 fr\u00e5gan \u00e4r p\u00e5 intet\" \/>\n<meta name=\"robots\" content=\"index, follow, max-snippet:-1, max-image-preview:large, max-video-preview:-1\" \/>\n<link rel=\"canonical\" href=\"https:\/\/4000mil.se\/index.php\/vart-ska-vi-aka-pa-var-tagluff-i-ar\/\" \/>\n<meta property=\"og:locale\" content=\"sv_SE\" \/>\n<meta property=\"og:type\" content=\"article\" \/>\n<meta property=\"og:title\" content=\"Vart ska vi \u00e5ka p\u00e5 v\u00e5r t\u00e5gluff i sommar?\" \/>\n<meta property=\"og:description\" content=\"Bir det n\u00e5gon t\u00e5gluff i \u00e5r? Ja, men det \u00e4r klart det blir. Vi t\u00e4nker oss nog att det alltid ska bli en t\u00e5gluff varje \u00e5r framgent. S\u00e5 fr\u00e5gan \u00e4r p\u00e5 intet\" \/>\n<meta property=\"og:url\" content=\"https:\/\/4000mil.se\/index.php\/vart-ska-vi-aka-pa-var-tagluff-i-ar\/\" \/>\n<meta property=\"og:site_name\" content=\"4000 mil - en reseblogg\" \/>\n<meta property=\"article:publisher\" content=\"https:\/\/www.facebook.com\/4000mil\/\" \/>\n<meta property=\"article:published_time\" content=\"2023-12-09T07:00:00+00:00\" \/>\n<meta property=\"article:modified_time\" content=\"2024-09-18T15:23:21+00:00\" \/>\n<meta property=\"og:image\" content=\"https:\/\/4000mil.se\/wp-content\/uploads\/2024\/01\/collageTagluff2024.jpg\" \/>\n\t<meta property=\"og:image:width\" content=\"2048\" \/>\n\t<meta property=\"og:image:height\" content=\"1432\" \/>\n\t<meta property=\"og:image:type\" content=\"image\/jpeg\" \/>\n<meta name=\"author\" content=\"Gunilla Yourstone\" \/>\n<meta name=\"twitter:card\" content=\"summary_large_image\" \/>\n<meta name=\"twitter:creator\" content=\"@4000mil_se\" \/>\n<meta name=\"twitter:site\" content=\"@4000mil_se\" \/>\n<meta name=\"twitter:label1\" content=\"Skriven av\" \/>\n\t<meta name=\"twitter:data1\" content=\"Gunilla Yourstone\" \/>\n\t<meta name=\"twitter:label2\" content=\"Ber\u00e4knad l\u00e4stid\" \/>\n\t<meta name=\"twitter:data2\" content=\"6 minuter\" \/>\n<script type=\"application\/ld+json\" class=\"yoast-schema-graph\">{\"@context\":\"https:\\\/\\\/schema.org\",\"@graph\":[{\"@type\":\"Article\",\"@id\":\"https:\\\/\\\/4000mil.se\\\/index.php\\\/vart-ska-vi-aka-pa-var-tagluff-i-ar\\\/#article\",\"isPartOf\":{\"@id\":\"https:\\\/\\\/4000mil.se\\\/index.php\\\/vart-ska-vi-aka-pa-var-tagluff-i-ar\\\/\"},\"author\":{\"name\":\"Gunilla Yourstone\",\"@id\":\"https:\\\/\\\/4000mil.se\\\/#\\\/schema\\\/person\\\/cda463da9f6f2c4d9bbc173471184a73\"},\"headline\":\"Vart ska vi \u00e5ka p\u00e5 v\u00e5r t\u00e5gluff i sommar?\",\"datePublished\":\"2023-12-09T07:00:00+00:00\",\"dateModified\":\"2024-09-18T15:23:21+00:00\",\"mainEntityOfPage\":{\"@id\":\"https:\\\/\\\/4000mil.se\\\/index.php\\\/vart-ska-vi-aka-pa-var-tagluff-i-ar\\\/\"},\"wordCount\":641,\"commentCount\":12,\"publisher\":{\"@id\":\"https:\\\/\\\/4000mil.se\\\/#organization\"},\"image\":{\"@id\":\"https:\\\/\\\/4000mil.se\\\/index.php\\\/vart-ska-vi-aka-pa-var-tagluff-i-ar\\\/#primaryimage\"},\"thumbnailUrl\":\"https:\\\/\\\/4000mil.se\\\/wp-content\\\/uploads\\\/2024\\\/01\\\/collageTagluff2024.jpg\",\"keywords\":[\"resplaner\"],\"articleSection\":[\"T\u00e5gresor\"],\"inLanguage\":\"sv-SE\",\"potentialAction\":[{\"@type\":\"CommentAction\",\"name\":\"Comment\",\"target\":[\"https:\\\/\\\/4000mil.se\\\/index.php\\\/vart-ska-vi-aka-pa-var-tagluff-i-ar\\\/#respond\"]}]},{\"@type\":\"WebPage\",\"@id\":\"https:\\\/\\\/4000mil.se\\\/index.php\\\/vart-ska-vi-aka-pa-var-tagluff-i-ar\\\/\",\"url\":\"https:\\\/\\\/4000mil.se\\\/index.php\\\/vart-ska-vi-aka-pa-var-tagluff-i-ar\\\/\",\"name\":\"Vart ska vi \u00e5ka p\u00e5 v\u00e5r t\u00e5gluff i sommar?\",\"isPartOf\":{\"@id\":\"https:\\\/\\\/4000mil.se\\\/#website\"},\"primaryImageOfPage\":{\"@id\":\"https:\\\/\\\/4000mil.se\\\/index.php\\\/vart-ska-vi-aka-pa-var-tagluff-i-ar\\\/#primaryimage\"},\"image\":{\"@id\":\"https:\\\/\\\/4000mil.se\\\/index.php\\\/vart-ska-vi-aka-pa-var-tagluff-i-ar\\\/#primaryimage\"},\"thumbnailUrl\":\"https:\\\/\\\/4000mil.se\\\/wp-content\\\/uploads\\\/2024\\\/01\\\/collageTagluff2024.jpg\",\"datePublished\":\"2023-12-09T07:00:00+00:00\",\"dateModified\":\"2024-09-18T15:23:21+00:00\",\"description\":\"Bir det n\u00e5gon t\u00e5gluff i \u00e5r? Ja, men det \u00e4r klart det blir. Vi t\u00e4nker oss nog att det alltid ska bli en t\u00e5gluff varje \u00e5r framgent. S\u00e5 fr\u00e5gan \u00e4r p\u00e5 intet\",\"breadcrumb\":{\"@id\":\"https:\\\/\\\/4000mil.se\\\/index.php\\\/vart-ska-vi-aka-pa-var-tagluff-i-ar\\\/#breadcrumb\"},\"inLanguage\":\"sv-SE\",\"potentialAction\":[{\"@type\":\"ReadAction\",\"target\":[\"https:\\\/\\\/4000mil.se\\\/index.php\\\/vart-ska-vi-aka-pa-var-tagluff-i-ar\\\/\"]}]},{\"@type\":\"ImageObject\",\"inLanguage\":\"sv-SE\",\"@id\":\"https:\\\/\\\/4000mil.se\\\/index.php\\\/vart-ska-vi-aka-pa-var-tagluff-i-ar\\\/#primaryimage\",\"url\":\"https:\\\/\\\/4000mil.se\\\/wp-content\\\/uploads\\\/2024\\\/01\\\/collageTagluff2024.jpg\",\"contentUrl\":\"https:\\\/\\\/4000mil.se\\\/wp-content\\\/uploads\\\/2024\\\/01\\\/collageTagluff2024.jpg\",\"width\":2048,\"height\":1432},{\"@type\":\"BreadcrumbList\",\"@id\":\"https:\\\/\\\/4000mil.se\\\/index.php\\\/vart-ska-vi-aka-pa-var-tagluff-i-ar\\\/#breadcrumb\",\"itemListElement\":[{\"@type\":\"ListItem\",\"position\":1,\"name\":\"Home\",\"item\":\"https:\\\/\\\/4000mil.se\\\/\"},{\"@type\":\"ListItem\",\"position\":2,\"name\":\"Vart ska vi \u00e5ka p\u00e5 v\u00e5r t\u00e5gluff i sommar?\"}]},{\"@type\":\"WebSite\",\"@id\":\"https:\\\/\\\/4000mil.se\\\/#website\",\"url\":\"https:\\\/\\\/4000mil.se\\\/\",\"name\":\"4000 mil - en reseblogg\",\"description\":\"We haven&#039;t been everywhere, but it is on our list.\",\"publisher\":{\"@id\":\"https:\\\/\\\/4000mil.se\\\/#organization\"},\"potentialAction\":[{\"@type\":\"SearchAction\",\"target\":{\"@type\":\"EntryPoint\",\"urlTemplate\":\"https:\\\/\\\/4000mil.se\\\/?s={search_term_string}\"},\"query-input\":{\"@type\":\"PropertyValueSpecification\",\"valueRequired\":true,\"valueName\":\"search_term_string\"}}],\"inLanguage\":\"sv-SE\"},{\"@type\":\"Organization\",\"@id\":\"https:\\\/\\\/4000mil.se\\\/#organization\",\"name\":\"4000mil\",\"url\":\"https:\\\/\\\/4000mil.se\\\/\",\"logo\":{\"@type\":\"ImageObject\",\"inLanguage\":\"sv-SE\",\"@id\":\"https:\\\/\\\/4000mil.se\\\/#\\\/schema\\\/logo\\\/image\\\/\",\"url\":\"https:\\\/\\\/4000mil.se\\\/wp-content\\\/uploads\\\/2017\\\/07\\\/rsz_img_5178-e1511641744338.jpg\",\"contentUrl\":\"https:\\\/\\\/4000mil.se\\\/wp-content\\\/uploads\\\/2017\\\/07\\\/rsz_img_5178-e1511641744338.jpg\",\"width\":1000,\"height\":667,\"caption\":\"4000mil\"},\"image\":{\"@id\":\"https:\\\/\\\/4000mil.se\\\/#\\\/schema\\\/logo\\\/image\\\/\"},\"sameAs\":[\"https:\\\/\\\/www.facebook.com\\\/4000mil\\\/\",\"https:\\\/\\\/x.com\\\/4000mil_se\",\"https:\\\/\\\/www.instagram.com\\\/4000mil.se\\\/\",\"https:\\\/\\\/www.youtube.com\\\/channel\\\/UCJ-arZd2a7dT4Kqq5GtVbXQ\"]},{\"@type\":\"Person\",\"@id\":\"https:\\\/\\\/4000mil.se\\\/#\\\/schema\\\/person\\\/cda463da9f6f2c4d9bbc173471184a73\",\"name\":\"Gunilla Yourstone\",\"image\":{\"@type\":\"ImageObject\",\"inLanguage\":\"sv-SE\",\"@id\":\"https:\\\/\\\/secure.gravatar.com\\\/avatar\\\/2df85d0820b33bffdd86a729d25273c6153c1cc9b1338f26ef0c98d01163520d?s=96&d=mm&r=g\",\"url\":\"https:\\\/\\\/secure.gravatar.com\\\/avatar\\\/2df85d0820b33bffdd86a729d25273c6153c1cc9b1338f26ef0c98d01163520d?s=96&d=mm&r=g\",\"contentUrl\":\"https:\\\/\\\/secure.gravatar.com\\\/avatar\\\/2df85d0820b33bffdd86a729d25273c6153c1cc9b1338f26ef0c98d01163520d?s=96&d=mm&r=g\",\"caption\":\"Gunilla Yourstone\"},\"url\":\"https:\\\/\\\/4000mil.se\\\/index.php\\\/author\\\/gunillay\\\/\"}]}<\/script>\n<!-- \/ Yoast SEO plugin. -->","yoast_head_json":{"title":"Vart ska vi \u00e5ka p\u00e5 v\u00e5r t\u00e5gluff i sommar?","description":"Bir det n\u00e5gon t\u00e5gluff i \u00e5r? Ja, men det \u00e4r klart det blir. Vi t\u00e4nker oss nog att det alltid ska bli en t\u00e5gluff varje \u00e5r framgent. S\u00e5 fr\u00e5gan \u00e4r p\u00e5 intet","robots":{"index":"index","follow":"follow","max-snippet":"max-snippet:-1","max-image-preview":"max-image-preview:large","max-video-preview":"max-video-preview:-1"},"canonical":"https:\/\/4000mil.se\/index.php\/vart-ska-vi-aka-pa-var-tagluff-i-ar\/","og_locale":"sv_SE","og_type":"article","og_title":"Vart ska vi \u00e5ka p\u00e5 v\u00e5r t\u00e5gluff i sommar?","og_description":"Bir det n\u00e5gon t\u00e5gluff i \u00e5r? Ja, men det \u00e4r klart det blir. Vi t\u00e4nker oss nog att det alltid ska bli en t\u00e5gluff varje \u00e5r framgent. S\u00e5 fr\u00e5gan \u00e4r p\u00e5 intet","og_url":"https:\/\/4000mil.se\/index.php\/vart-ska-vi-aka-pa-var-tagluff-i-ar\/","og_site_name":"4000 mil - en reseblogg","article_publisher":"https:\/\/www.facebook.com\/4000mil\/","article_published_time":"2023-12-09T07:00:00+00:00","article_modified_time":"2024-09-18T15:23:21+00:00","og_image":[{"width":2048,"height":1432,"url":"https:\/\/4000mil.se\/wp-content\/uploads\/2024\/01\/collageTagluff2024.jpg","type":"image\/jpeg"}],"author":"Gunilla Yourstone","twitter_card":"summary_large_image","twitter_creator":"@4000mil_se","twitter_site":"@4000mil_se","twitter_misc":{"Skriven av":"Gunilla Yourstone","Ber\u00e4knad l\u00e4stid":"6 minuter"},"schema":{"@context":"https:\/\/schema.org","@graph":[{"@type":"Article","@id":"https:\/\/4000mil.se\/index.php\/vart-ska-vi-aka-pa-var-tagluff-i-ar\/#article","isPartOf":{"@id":"https:\/\/4000mil.se\/index.php\/vart-ska-vi-aka-pa-var-tagluff-i-ar\/"},"author":{"name":"Gunilla Yourstone","@id":"https:\/\/4000mil.se\/#\/schema\/person\/cda463da9f6f2c4d9bbc173471184a73"},"headline":"Vart ska vi \u00e5ka p\u00e5 v\u00e5r t\u00e5gluff i sommar?","datePublished":"2023-12-09T07:00:00+00:00","dateModified":"2024-09-18T15:23:21+00:00","mainEntityOfPage":{"@id":"https:\/\/4000mil.se\/index.php\/vart-ska-vi-aka-pa-var-tagluff-i-ar\/"},"wordCount":641,"commentCount":12,"publisher":{"@id":"https:\/\/4000mil.se\/#organization"},"image":{"@id":"https:\/\/4000mil.se\/index.php\/vart-ska-vi-aka-pa-var-tagluff-i-ar\/#primaryimage"},"thumbnailUrl":"https:\/\/4000mil.se\/wp-content\/uploads\/2024\/01\/collageTagluff2024.jpg","keywords":["resplaner"],"articleSection":["T\u00e5gresor"],"inLanguage":"sv-SE","potentialAction":[{"@type":"CommentAction","name":"Comment","target":["https:\/\/4000mil.se\/index.php\/vart-ska-vi-aka-pa-var-tagluff-i-ar\/#respond"]}]},{"@type":"WebPage","@id":"https:\/\/4000mil.se\/index.php\/vart-ska-vi-aka-pa-var-tagluff-i-ar\/","url":"https:\/\/4000mil.se\/index.php\/vart-ska-vi-aka-pa-var-tagluff-i-ar\/","name":"Vart ska vi \u00e5ka p\u00e5 v\u00e5r t\u00e5gluff i sommar?","isPartOf":{"@id":"https:\/\/4000mil.se\/#website"},"primaryImageOfPage":{"@id":"https:\/\/4000mil.se\/index.php\/vart-ska-vi-aka-pa-var-tagluff-i-ar\/#primaryimage"},"image":{"@id":"https:\/\/4000mil.se\/index.php\/vart-ska-vi-aka-pa-var-tagluff-i-ar\/#primaryimage"},"thumbnailUrl":"https:\/\/4000mil.se\/wp-content\/uploads\/2024\/01\/collageTagluff2024.jpg","datePublished":"2023-12-09T07:00:00+00:00","dateModified":"2024-09-18T15:23:21+00:00","description":"Bir det n\u00e5gon t\u00e5gluff i \u00e5r? Ja, men det \u00e4r klart det blir. Vi t\u00e4nker oss nog att det alltid ska bli en t\u00e5gluff varje \u00e5r framgent. S\u00e5 fr\u00e5gan \u00e4r p\u00e5 intet","breadcrumb":{"@id":"https:\/\/4000mil.se\/index.php\/vart-ska-vi-aka-pa-var-tagluff-i-ar\/#breadcrumb"},"inLanguage":"sv-SE","potentialAction":[{"@type":"ReadAction","target":["https:\/\/4000mil.se\/index.php\/vart-ska-vi-aka-pa-var-tagluff-i-ar\/"]}]},{"@type":"ImageObject","inLanguage":"sv-SE","@id":"https:\/\/4000mil.se\/index.php\/vart-ska-vi-aka-pa-var-tagluff-i-ar\/#primaryimage","url":"https:\/\/4000mil.se\/wp-content\/uploads\/2024\/01\/collageTagluff2024.jpg","contentUrl":"https:\/\/4000mil.se\/wp-content\/uploads\/2024\/01\/collageTagluff2024.jpg","width":2048,"height":1432},{"@type":"BreadcrumbList","@id":"https:\/\/4000mil.se\/index.php\/vart-ska-vi-aka-pa-var-tagluff-i-ar\/#breadcrumb","itemListElement":[{"@type":"ListItem","position":1,"name":"Home","item":"https:\/\/4000mil.se\/"},{"@type":"ListItem","position":2,"name":"Vart ska vi \u00e5ka p\u00e5 v\u00e5r t\u00e5gluff i sommar?"}]},{"@type":"WebSite","@id":"https:\/\/4000mil.se\/#website","url":"https:\/\/4000mil.se\/","name":"4000 mil - en reseblogg","description":"We haven&#039;t been everywhere, but it is on our list.","publisher":{"@id":"https:\/\/4000mil.se\/#organization"},"potentialAction":[{"@type":"SearchAction","target":{"@type":"EntryPoint","urlTemplate":"https:\/\/4000mil.se\/?s={search_term_string}"},"query-input":{"@type":"PropertyValueSpecification","valueRequired":true,"valueName":"search_term_string"}}],"inLanguage":"sv-SE"},{"@type":"Organization","@id":"https:\/\/4000mil.se\/#organization","name":"4000mil","url":"https:\/\/4000mil.se\/","logo":{"@type":"ImageObject","inLanguage":"sv-SE","@id":"https:\/\/4000mil.se\/#\/schema\/logo\/image\/","url":"https:\/\/4000mil.se\/wp-content\/uploads\/2017\/07\/rsz_img_5178-e1511641744338.jpg","contentUrl":"https:\/\/4000mil.se\/wp-content\/uploads\/2017\/07\/rsz_img_5178-e1511641744338.jpg","width":1000,"height":667,"caption":"4000mil"},"image":{"@id":"https:\/\/4000mil.se\/#\/schema\/logo\/image\/"},"sameAs":["https:\/\/www.facebook.com\/4000mil\/","https:\/\/x.com\/4000mil_se","https:\/\/www.instagram.com\/4000mil.se\/","https:\/\/www.youtube.com\/channel\/UCJ-arZd2a7dT4Kqq5GtVbXQ"]},{"@type":"Person","@id":"https:\/\/4000mil.se\/#\/schema\/person\/cda463da9f6f2c4d9bbc173471184a73","name":"Gunilla Yourstone","image":{"@type":"ImageObject","inLanguage":"sv-SE","@id":"https:\/\/secure.gravatar.com\/avatar\/2df85d0820b33bffdd86a729d25273c6153c1cc9b1338f26ef0c98d01163520d?s=96&d=mm&r=g","url":"https:\/\/secure.gravatar.com\/avatar\/2df85d0820b33bffdd86a729d25273c6153c1cc9b1338f26ef0c98d01163520d?s=96&d=mm&r=g","contentUrl":"https:\/\/secure.gravatar.com\/avatar\/2df85d0820b33bffdd86a729d25273c6153c1cc9b1338f26ef0c98d01163520d?s=96&d=mm&r=g","caption":"Gunilla Yourstone"},"url":"https:\/\/4000mil.se\/index.php\/author\/gunillay\/"}]}},"_links":{"self":[{"href":"https:\/\/4000mil.se\/index.php\/wp-json\/wp\/v2\/posts\/65022","targetHints":{"allow":["GET"]}}],"collection":[{"href":"https:\/\/4000mil.se\/index.php\/wp-json\/wp\/v2\/posts"}],"about":[{"href":"https:\/\/4000mil.se\/index.php\/wp-json\/wp\/v2\/types\/post"}],"author":[{"embeddable":true,"href":"https:\/\/4000mil.se\/index.php\/wp-json\/wp\/v2\/users\/3"}],"replies":[{"embeddable":true,"href":"https:\/\/4000mil.se\/index.php\/wp-json\/wp\/v2\/comments?post=65022"}],"version-history":[{"count":8,"href":"https:\/\/4000mil.se\/index.php\/wp-json\/wp\/v2\/posts\/65022\/revisions"}],"predecessor-version":[{"id":73365,"href":"https:\/\/4000mil.se\/index.php\/wp-json\/wp\/v2\/posts\/65022\/revisions\/73365"}],"wp:featuredmedia":[{"embeddable":true,"href":"https:\/\/4000mil.se\/index.php\/wp-json\/wp\/v2\/media\/65032"}],"wp:attachment":[{"href":"https:\/\/4000mil.se\/index.php\/wp-json\/wp\/v2\/media?parent=65022"}],"wp:term":[{"taxonomy":"category","embeddable":true,"href":"https:\/\/4000mil.se\/index.php\/wp-json\/wp\/v2\/categories?post=65022"},{"taxonomy":"post_tag","embeddable":true,"href":"https:\/\/4000mil.se\/index.php\/wp-json\/wp\/v2\/tags?post=65022"}],"curies":[{"name":"wp","href":"https:\/\/api.w.org\/{rel}","templated":true}]}}