{"id":67252,"date":"2024-03-12T06:45:00","date_gmt":"2024-03-12T05:45:00","guid":{"rendered":"https:\/\/4000mil.se\/?p=67252"},"modified":"2024-03-11T22:43:33","modified_gmt":"2024-03-11T21:43:33","slug":"svenskarna-flyger-mindre-efter-pandemin","status":"publish","type":"post","link":"https:\/\/4000mil.se\/index.php\/svenskarna-flyger-mindre-efter-pandemin\/","title":{"rendered":"Nya siffror &#8211; Svenskarna flyger mindre efter pandemin"},"content":{"rendered":"\n<p>Nyligen kom f\u00e4rska siffror om svenskarnas flygande. Datan kommer ursprungligen fr\u00e5n Transportstyrelsen, men i den sammanst\u00e4llning jag l\u00e4ser har den analyserats av <em>Sveriges Natur<\/em> i samarbete med <em>Newsworthy<\/em>.<\/p>\n\n\n\n<figure class=\"wp-block-image size-large\"><img loading=\"lazy\" decoding=\"async\" width=\"1024\" height=\"768\" src=\"https:\/\/4000mil.se\/wp-content\/uploads\/2024\/03\/jet-437741_1920-1024x768.jpg\" alt=\"\" class=\"wp-image-67315\" srcset=\"https:\/\/4000mil.se\/wp-content\/uploads\/2024\/03\/jet-437741_1920-1024x768.jpg 1024w, https:\/\/4000mil.se\/wp-content\/uploads\/2024\/03\/jet-437741_1920-300x225.jpg 300w, https:\/\/4000mil.se\/wp-content\/uploads\/2024\/03\/jet-437741_1920-768x576.jpg 768w, https:\/\/4000mil.se\/wp-content\/uploads\/2024\/03\/jet-437741_1920-1536x1152.jpg 1536w, https:\/\/4000mil.se\/wp-content\/uploads\/2024\/03\/jet-437741_1920-800x600.jpg 800w, https:\/\/4000mil.se\/wp-content\/uploads\/2024\/03\/jet-437741_1920.jpg 1920w\" sizes=\"auto, (max-width: 1024px) 100vw, 1024px\" \/><\/figure>\n\n\n\n<p>Sedan i somras kan en ny trend i flygandet sk\u00f6njas. Flygtrafiken har planat ut p\u00e5 en niv\u00e5 som \u00e4r l\u00e4gre \u00e4n innan pandemin.<\/p>\n\n\n\n<p>Faktum \u00e4r att redan innan pandemin planade flygandet ut. Sedan flygandet startade har trenden stadigt varit upp\u00e5t. Tillf\u00e4lliga svackor som vid oljekrisen p\u00e5 70-talet, finanskrisen i b\u00f6rjan p\u00e5 1990-talet och vid 11 september-attentaten 2001, har varit just tillf\u00e4lliga dippar och snart nog efter dessa har flygandets tillv\u00e4xttrend fortsatt. <\/p>\n\n\n\n<p>Tills 2017-2018. F\u00f6r d\u00e5 h\u00e4nde n\u00e5got. Flygandet planade ut. Sedan kom pandemin och flyget st\u00f6rtd\u00f6k till n\u00e4ra nog noll. Sedan allts\u00e5 en \u00f6kning igen, tills nu.<\/p>\n\n\n\n<figure class=\"wp-block-image size-large\"><img loading=\"lazy\" decoding=\"async\" width=\"1024\" height=\"694\" src=\"https:\/\/4000mil.se\/wp-content\/uploads\/2024\/03\/hysfb-antalet-flygresen-rer-per-m-nad-har-planat-ut1-1181x800-1-1024x694.jpg\" alt=\"\" class=\"wp-image-67312\" srcset=\"https:\/\/4000mil.se\/wp-content\/uploads\/2024\/03\/hysfb-antalet-flygresen-rer-per-m-nad-har-planat-ut1-1181x800-1-1024x694.jpg 1024w, https:\/\/4000mil.se\/wp-content\/uploads\/2024\/03\/hysfb-antalet-flygresen-rer-per-m-nad-har-planat-ut1-1181x800-1-300x203.jpg 300w, https:\/\/4000mil.se\/wp-content\/uploads\/2024\/03\/hysfb-antalet-flygresen-rer-per-m-nad-har-planat-ut1-1181x800-1-768x520.jpg 768w, https:\/\/4000mil.se\/wp-content\/uploads\/2024\/03\/hysfb-antalet-flygresen-rer-per-m-nad-har-planat-ut1-1181x800-1-800x542.jpg 800w, https:\/\/4000mil.se\/wp-content\/uploads\/2024\/03\/hysfb-antalet-flygresen-rer-per-m-nad-har-planat-ut1-1181x800-1.jpg 1181w\" sizes=\"auto, (max-width: 1024px) 100vw, 1024px\" \/><\/figure>\n\n\n\n<h2 class=\"wp-block-heading\">Andra trender<\/h2>\n\n\n\n<p>Andra trender \u00e4r att vi flyger kortare str\u00e4ckor. Flygandet utanf\u00f6r Europa ligger l\u00e5ngt under siffrorna fr\u00e5n f\u00f6re pandemin. Medan mer n\u00e4rliggande resm\u00e5l som t.ex. Mallorca och Cypern n\u00e4stan helt kommit tillbaka till volymen innan pandemin.<\/p>\n\n\n\n<figure class=\"wp-block-image size-large\"><img loading=\"lazy\" decoding=\"async\" width=\"1024\" height=\"641\" src=\"https:\/\/4000mil.se\/wp-content\/uploads\/2024\/03\/h76xp-mindre-trafik-till-l-ngv-ga-charterdestinationer3-1200x751-1-1024x641.jpg\" alt=\"\" class=\"wp-image-67313\" srcset=\"https:\/\/4000mil.se\/wp-content\/uploads\/2024\/03\/h76xp-mindre-trafik-till-l-ngv-ga-charterdestinationer3-1200x751-1-1024x641.jpg 1024w, https:\/\/4000mil.se\/wp-content\/uploads\/2024\/03\/h76xp-mindre-trafik-till-l-ngv-ga-charterdestinationer3-1200x751-1-300x188.jpg 300w, https:\/\/4000mil.se\/wp-content\/uploads\/2024\/03\/h76xp-mindre-trafik-till-l-ngv-ga-charterdestinationer3-1200x751-1-768x481.jpg 768w, https:\/\/4000mil.se\/wp-content\/uploads\/2024\/03\/h76xp-mindre-trafik-till-l-ngv-ga-charterdestinationer3-1200x751-1-800x501.jpg 800w, https:\/\/4000mil.se\/wp-content\/uploads\/2024\/03\/h76xp-mindre-trafik-till-l-ngv-ga-charterdestinationer3-1200x751-1-640x400.jpg 640w, https:\/\/4000mil.se\/wp-content\/uploads\/2024\/03\/h76xp-mindre-trafik-till-l-ngv-ga-charterdestinationer3-1200x751-1.jpg 1200w\" sizes=\"auto, (max-width: 1024px) 100vw, 1024px\" \/><\/figure>\n\n\n\n<h2 class=\"wp-block-heading\">Rekordf\u00e5 flyger till Berlin<\/h2>\n\n\n\n<p>En siffra som sticker ut extra i statistiken \u00e4r flygtrafiken till Berlin. Efter pandemin ligger Berlintrafiken l\u00e5ngt ifr\u00e5n \u00f6vriga europeiska storst\u00e4der.<\/p>\n\n\n\n<figure class=\"wp-block-image size-large\"><img loading=\"lazy\" decoding=\"async\" width=\"1024\" height=\"774\" src=\"https:\/\/4000mil.se\/wp-content\/uploads\/2024\/03\/vv3dg-berlinflygandet-har-halverats1-1058x800-1-1024x774.jpg\" alt=\"\" class=\"wp-image-67314\" srcset=\"https:\/\/4000mil.se\/wp-content\/uploads\/2024\/03\/vv3dg-berlinflygandet-har-halverats1-1058x800-1-1024x774.jpg 1024w, https:\/\/4000mil.se\/wp-content\/uploads\/2024\/03\/vv3dg-berlinflygandet-har-halverats1-1058x800-1-300x227.jpg 300w, https:\/\/4000mil.se\/wp-content\/uploads\/2024\/03\/vv3dg-berlinflygandet-har-halverats1-1058x800-1-768x581.jpg 768w, https:\/\/4000mil.se\/wp-content\/uploads\/2024\/03\/vv3dg-berlinflygandet-har-halverats1-1058x800-1-800x605.jpg 800w, https:\/\/4000mil.se\/wp-content\/uploads\/2024\/03\/vv3dg-berlinflygandet-har-halverats1-1058x800-1.jpg 1058w\" sizes=\"auto, (max-width: 1024px) 100vw, 1024px\" \/><\/figure>\n\n\n\n<p>Berlinflyget har tappat 200.000 passagerare j\u00e4mf\u00f6rt med 2019. Samtidigt som b\u00e5de Sn\u00e4llt\u00e5get och SJ b\u00f6rjar k\u00f6ra natt\u00e5g direkt till Berlin med en kapacitet p\u00e5 ca 100.000 passagerare per \u00e5r. I den artikel som jag l\u00e4ser, t\u00e4nker man sig att det finns ett samband. Och det \u00e4r v\u00e4l inte en alltf\u00f6r l\u00e5ngs\u00f6kt tanke?<\/p>\n\n\n\n<h2 class=\"wp-block-heading\">Minskar natt\u00e5gslinjer flygandet?<\/h2>\n\n\n\n<p>F\u00f6r oss \u00e4r det givet. Om det finns ett smidigt s\u00e4tt att ta sig med t\u00e5g till en destination, s\u00e5 v\u00e4ljer vi sj\u00e4lvklart det framf\u00f6r flyget. Inom Sverige \u00e5ker vi s\u00e5 gott som alltid t\u00e5g numera, \u00e4ven i jobbet. <\/p>\n\n\n\n<figure class=\"wp-block-image size-large\"><img loading=\"lazy\" decoding=\"async\" width=\"1024\" height=\"768\" src=\"https:\/\/4000mil.se\/wp-content\/uploads\/2023\/07\/8EBC09A5-025C-4288-B697-6FE151990A26-1024x768.jpeg\" alt=\"\" class=\"wp-image-60940\" srcset=\"https:\/\/4000mil.se\/wp-content\/uploads\/2023\/07\/8EBC09A5-025C-4288-B697-6FE151990A26-1024x768.jpeg 1024w, https:\/\/4000mil.se\/wp-content\/uploads\/2023\/07\/8EBC09A5-025C-4288-B697-6FE151990A26-300x225.jpeg 300w, https:\/\/4000mil.se\/wp-content\/uploads\/2023\/07\/8EBC09A5-025C-4288-B697-6FE151990A26-768x576.jpeg 768w, https:\/\/4000mil.se\/wp-content\/uploads\/2023\/07\/8EBC09A5-025C-4288-B697-6FE151990A26-1536x1152.jpeg 1536w, https:\/\/4000mil.se\/wp-content\/uploads\/2023\/07\/8EBC09A5-025C-4288-B697-6FE151990A26-2000x1500.jpeg 2000w, https:\/\/4000mil.se\/wp-content\/uploads\/2023\/07\/8EBC09A5-025C-4288-B697-6FE151990A26-800x600.jpeg 800w, https:\/\/4000mil.se\/wp-content\/uploads\/2023\/07\/8EBC09A5-025C-4288-B697-6FE151990A26.jpeg 2048w\" sizes=\"auto, (max-width: 1024px) 100vw, 1024px\" \/><figcaption class=\"wp-element-caption\">Hamburg. Klassik j\u00e4rnv\u00e4gsstation.<\/figcaption><\/figure>\n\n\n\n<p>Berlin och Hamburg \u00e4r ju busl\u00e4tt att ta t\u00e5get till numera. Vi som precis b\u00f6rjat boka biljetter inf\u00f6r sommarens t\u00e5gluff har \u00e4ven uppt\u00e4ckt att London \u00e4r ju r\u00e4tt enkelt med t\u00e5g det ocks\u00e5.<\/p>\n\n\n\n<p>Vi kan \u00e4rligt talat ha lite sv\u00e5rt att fatta att de som bor i Sk\u00e5ne flyger ner p\u00e5 kontinenten i Europa. Det \u00e4r ju s\u00e5 n\u00e4ra och tar s\u00e5 pass kort tid?<\/p>\n\n\n\n<p>Vad t\u00e4nker du som l\u00e4ser? Flyger du mindre nu \u00e4n innan pandemin? Skulle fler natt\u00e5gsdestinationer minska ditt flygande?<\/p>\n\n\n\n<figure class=\"wp-block-image size-large\"><img loading=\"lazy\" decoding=\"async\" width=\"1024\" height=\"683\" src=\"https:\/\/4000mil.se\/wp-content\/uploads\/2019\/07\/IMG_4573-1-1024x683.jpg\" alt=\"\" class=\"wp-image-28162\" srcset=\"https:\/\/4000mil.se\/wp-content\/uploads\/2019\/07\/IMG_4573-1-1024x683.jpg 1024w, https:\/\/4000mil.se\/wp-content\/uploads\/2019\/07\/IMG_4573-1-300x200.jpg 300w, https:\/\/4000mil.se\/wp-content\/uploads\/2019\/07\/IMG_4573-1-768x512.jpg 768w, https:\/\/4000mil.se\/wp-content\/uploads\/2019\/07\/IMG_4573-1-2000x1333.jpg 2000w, https:\/\/4000mil.se\/wp-content\/uploads\/2019\/07\/IMG_4573-1-800x533.jpg 800w, https:\/\/4000mil.se\/wp-content\/uploads\/2019\/07\/IMG_4573-1.jpg 2048w\" sizes=\"auto, (max-width: 1024px) 100vw, 1024px\" \/><\/figure>\n\n\n\n<p><\/p>\n\n\n\n<p>Missa inga inl\u00e4gg. Gl\u00f6m inte att&nbsp;<a href=\"https:\/\/www.facebook.com\/4000mil\/\" target=\"_blank\" rel=\"noreferrer noopener\">f\u00f6lja 4000mil p\u00e5 Facebook<\/a>&nbsp;och&nbsp;<a href=\"https:\/\/www.instagram.com\/4000mil.se\/\" target=\"_blank\" rel=\"noreferrer noopener\">p\u00e5 Instagram<\/a>.<\/p>\n\n\n\n<p><\/p>\n","protected":false},"excerpt":{"rendered":"<p>Nyligen kom f\u00e4rska siffror om svenskarnas flygande. Datan kommer ursprungligen fr\u00e5n Transportstyrelsen, men i den sammanst\u00e4llning jag l\u00e4ser har den analyserats av Sveriges Natur i samarbete med Newsworthy. Sedan i somras kan en ny trend i flygandet sk\u00f6njas. Flygtrafiken har planat ut p\u00e5 en niv\u00e5 som \u00e4r l\u00e4gre \u00e4n innan [&hellip;]<\/p>\n","protected":false},"author":3,"featured_media":67315,"comment_status":"open","ping_status":"open","sticky":false,"template":"","format":"standard","meta":{"_monsterinsights_skip_tracking":false,"_monsterinsights_sitenote_active":false,"_monsterinsights_sitenote_note":"","_monsterinsights_sitenote_category":0,"footnotes":""},"categories":[1498],"tags":[12710],"class_list":["post-67252","post","type-post","status-publish","format-standard","has-post-thumbnail","hentry","category-flygresor","tag-hallbart-resande"],"yoast_head":"<!-- This site is optimized with the Yoast SEO plugin v27.5 - https:\/\/yoast.com\/product\/yoast-seo-wordpress\/ -->\n<title>Nya siffror - Svenskarna flyger mindre efter pandemin<\/title>\n<meta name=\"description\" content=\"Nyligen kom f\u00e4rska siffror om svenskarnas flygande. Datan kommer ursprungligen fr\u00e5n Transportstyrelsen, men i den sammanst\u00e4llning jag l\u00e4ser har den\" \/>\n<meta name=\"robots\" content=\"index, follow, max-snippet:-1, max-image-preview:large, max-video-preview:-1\" \/>\n<link rel=\"canonical\" href=\"https:\/\/4000mil.se\/index.php\/svenskarna-flyger-mindre-efter-pandemin\/\" \/>\n<meta property=\"og:locale\" content=\"sv_SE\" \/>\n<meta property=\"og:type\" content=\"article\" \/>\n<meta property=\"og:title\" content=\"Nya siffror - Svenskarna flyger mindre efter pandemin\" \/>\n<meta property=\"og:description\" content=\"Nyligen kom f\u00e4rska siffror om svenskarnas flygande. Datan kommer ursprungligen fr\u00e5n Transportstyrelsen, men i den sammanst\u00e4llning jag l\u00e4ser har den\" \/>\n<meta property=\"og:url\" content=\"https:\/\/4000mil.se\/index.php\/svenskarna-flyger-mindre-efter-pandemin\/\" \/>\n<meta property=\"og:site_name\" content=\"4000 mil - en reseblogg\" \/>\n<meta property=\"article:publisher\" content=\"https:\/\/www.facebook.com\/4000mil\/\" \/>\n<meta property=\"article:published_time\" content=\"2024-03-12T05:45:00+00:00\" \/>\n<meta property=\"og:image\" content=\"https:\/\/4000mil.se\/wp-content\/uploads\/2024\/03\/jet-437741_1920.jpg\" \/>\n\t<meta property=\"og:image:width\" content=\"1920\" \/>\n\t<meta property=\"og:image:height\" content=\"1440\" \/>\n\t<meta property=\"og:image:type\" content=\"image\/jpeg\" \/>\n<meta name=\"author\" content=\"Gunilla Yourstone\" \/>\n<meta name=\"twitter:card\" content=\"summary_large_image\" \/>\n<meta name=\"twitter:creator\" content=\"@4000mil_se\" \/>\n<meta name=\"twitter:site\" content=\"@4000mil_se\" \/>\n<meta name=\"twitter:label1\" content=\"Skriven av\" \/>\n\t<meta name=\"twitter:data1\" content=\"Gunilla Yourstone\" \/>\n\t<meta name=\"twitter:label2\" content=\"Ber\u00e4knad l\u00e4stid\" \/>\n\t<meta name=\"twitter:data2\" content=\"4 minuter\" \/>\n<script type=\"application\/ld+json\" class=\"yoast-schema-graph\">{\"@context\":\"https:\\\/\\\/schema.org\",\"@graph\":[{\"@type\":\"Article\",\"@id\":\"https:\\\/\\\/4000mil.se\\\/index.php\\\/svenskarna-flyger-mindre-efter-pandemin\\\/#article\",\"isPartOf\":{\"@id\":\"https:\\\/\\\/4000mil.se\\\/index.php\\\/svenskarna-flyger-mindre-efter-pandemin\\\/\"},\"author\":{\"name\":\"Gunilla Yourstone\",\"@id\":\"https:\\\/\\\/4000mil.se\\\/#\\\/schema\\\/person\\\/cda463da9f6f2c4d9bbc173471184a73\"},\"headline\":\"Nya siffror &#8211; Svenskarna flyger mindre efter pandemin\",\"datePublished\":\"2024-03-12T05:45:00+00:00\",\"mainEntityOfPage\":{\"@id\":\"https:\\\/\\\/4000mil.se\\\/index.php\\\/svenskarna-flyger-mindre-efter-pandemin\\\/\"},\"wordCount\":437,\"commentCount\":1,\"publisher\":{\"@id\":\"https:\\\/\\\/4000mil.se\\\/#organization\"},\"image\":{\"@id\":\"https:\\\/\\\/4000mil.se\\\/index.php\\\/svenskarna-flyger-mindre-efter-pandemin\\\/#primaryimage\"},\"thumbnailUrl\":\"https:\\\/\\\/4000mil.se\\\/wp-content\\\/uploads\\\/2024\\\/03\\\/jet-437741_1920.jpg\",\"keywords\":[\"h\u00e5llbart resande\"],\"articleSection\":[\"Flygresor\"],\"inLanguage\":\"sv-SE\",\"potentialAction\":[{\"@type\":\"CommentAction\",\"name\":\"Comment\",\"target\":[\"https:\\\/\\\/4000mil.se\\\/index.php\\\/svenskarna-flyger-mindre-efter-pandemin\\\/#respond\"]}]},{\"@type\":\"WebPage\",\"@id\":\"https:\\\/\\\/4000mil.se\\\/index.php\\\/svenskarna-flyger-mindre-efter-pandemin\\\/\",\"url\":\"https:\\\/\\\/4000mil.se\\\/index.php\\\/svenskarna-flyger-mindre-efter-pandemin\\\/\",\"name\":\"Nya siffror - Svenskarna flyger mindre efter pandemin\",\"isPartOf\":{\"@id\":\"https:\\\/\\\/4000mil.se\\\/#website\"},\"primaryImageOfPage\":{\"@id\":\"https:\\\/\\\/4000mil.se\\\/index.php\\\/svenskarna-flyger-mindre-efter-pandemin\\\/#primaryimage\"},\"image\":{\"@id\":\"https:\\\/\\\/4000mil.se\\\/index.php\\\/svenskarna-flyger-mindre-efter-pandemin\\\/#primaryimage\"},\"thumbnailUrl\":\"https:\\\/\\\/4000mil.se\\\/wp-content\\\/uploads\\\/2024\\\/03\\\/jet-437741_1920.jpg\",\"datePublished\":\"2024-03-12T05:45:00+00:00\",\"description\":\"Nyligen kom f\u00e4rska siffror om svenskarnas flygande. Datan kommer ursprungligen fr\u00e5n Transportstyrelsen, men i den sammanst\u00e4llning jag l\u00e4ser har den\",\"breadcrumb\":{\"@id\":\"https:\\\/\\\/4000mil.se\\\/index.php\\\/svenskarna-flyger-mindre-efter-pandemin\\\/#breadcrumb\"},\"inLanguage\":\"sv-SE\",\"potentialAction\":[{\"@type\":\"ReadAction\",\"target\":[\"https:\\\/\\\/4000mil.se\\\/index.php\\\/svenskarna-flyger-mindre-efter-pandemin\\\/\"]}]},{\"@type\":\"ImageObject\",\"inLanguage\":\"sv-SE\",\"@id\":\"https:\\\/\\\/4000mil.se\\\/index.php\\\/svenskarna-flyger-mindre-efter-pandemin\\\/#primaryimage\",\"url\":\"https:\\\/\\\/4000mil.se\\\/wp-content\\\/uploads\\\/2024\\\/03\\\/jet-437741_1920.jpg\",\"contentUrl\":\"https:\\\/\\\/4000mil.se\\\/wp-content\\\/uploads\\\/2024\\\/03\\\/jet-437741_1920.jpg\",\"width\":1920,\"height\":1440},{\"@type\":\"BreadcrumbList\",\"@id\":\"https:\\\/\\\/4000mil.se\\\/index.php\\\/svenskarna-flyger-mindre-efter-pandemin\\\/#breadcrumb\",\"itemListElement\":[{\"@type\":\"ListItem\",\"position\":1,\"name\":\"Home\",\"item\":\"https:\\\/\\\/4000mil.se\\\/\"},{\"@type\":\"ListItem\",\"position\":2,\"name\":\"Nya siffror &#8211; Svenskarna flyger mindre efter pandemin\"}]},{\"@type\":\"WebSite\",\"@id\":\"https:\\\/\\\/4000mil.se\\\/#website\",\"url\":\"https:\\\/\\\/4000mil.se\\\/\",\"name\":\"4000 mil - en reseblogg\",\"description\":\"We haven&#039;t been everywhere, but it is on our list.\",\"publisher\":{\"@id\":\"https:\\\/\\\/4000mil.se\\\/#organization\"},\"potentialAction\":[{\"@type\":\"SearchAction\",\"target\":{\"@type\":\"EntryPoint\",\"urlTemplate\":\"https:\\\/\\\/4000mil.se\\\/?s={search_term_string}\"},\"query-input\":{\"@type\":\"PropertyValueSpecification\",\"valueRequired\":true,\"valueName\":\"search_term_string\"}}],\"inLanguage\":\"sv-SE\"},{\"@type\":\"Organization\",\"@id\":\"https:\\\/\\\/4000mil.se\\\/#organization\",\"name\":\"4000mil\",\"url\":\"https:\\\/\\\/4000mil.se\\\/\",\"logo\":{\"@type\":\"ImageObject\",\"inLanguage\":\"sv-SE\",\"@id\":\"https:\\\/\\\/4000mil.se\\\/#\\\/schema\\\/logo\\\/image\\\/\",\"url\":\"https:\\\/\\\/4000mil.se\\\/wp-content\\\/uploads\\\/2017\\\/07\\\/rsz_img_5178-e1511641744338.jpg\",\"contentUrl\":\"https:\\\/\\\/4000mil.se\\\/wp-content\\\/uploads\\\/2017\\\/07\\\/rsz_img_5178-e1511641744338.jpg\",\"width\":1000,\"height\":667,\"caption\":\"4000mil\"},\"image\":{\"@id\":\"https:\\\/\\\/4000mil.se\\\/#\\\/schema\\\/logo\\\/image\\\/\"},\"sameAs\":[\"https:\\\/\\\/www.facebook.com\\\/4000mil\\\/\",\"https:\\\/\\\/x.com\\\/4000mil_se\",\"https:\\\/\\\/www.instagram.com\\\/4000mil.se\\\/\",\"https:\\\/\\\/www.youtube.com\\\/channel\\\/UCJ-arZd2a7dT4Kqq5GtVbXQ\"]},{\"@type\":\"Person\",\"@id\":\"https:\\\/\\\/4000mil.se\\\/#\\\/schema\\\/person\\\/cda463da9f6f2c4d9bbc173471184a73\",\"name\":\"Gunilla Yourstone\",\"image\":{\"@type\":\"ImageObject\",\"inLanguage\":\"sv-SE\",\"@id\":\"https:\\\/\\\/secure.gravatar.com\\\/avatar\\\/2df85d0820b33bffdd86a729d25273c6153c1cc9b1338f26ef0c98d01163520d?s=96&d=mm&r=g\",\"url\":\"https:\\\/\\\/secure.gravatar.com\\\/avatar\\\/2df85d0820b33bffdd86a729d25273c6153c1cc9b1338f26ef0c98d01163520d?s=96&d=mm&r=g\",\"contentUrl\":\"https:\\\/\\\/secure.gravatar.com\\\/avatar\\\/2df85d0820b33bffdd86a729d25273c6153c1cc9b1338f26ef0c98d01163520d?s=96&d=mm&r=g\",\"caption\":\"Gunilla Yourstone\"},\"url\":\"https:\\\/\\\/4000mil.se\\\/index.php\\\/author\\\/gunillay\\\/\"}]}<\/script>\n<!-- \/ Yoast SEO plugin. -->","yoast_head_json":{"title":"Nya siffror - Svenskarna flyger mindre efter pandemin","description":"Nyligen kom f\u00e4rska siffror om svenskarnas flygande. Datan kommer ursprungligen fr\u00e5n Transportstyrelsen, men i den sammanst\u00e4llning jag l\u00e4ser har den","robots":{"index":"index","follow":"follow","max-snippet":"max-snippet:-1","max-image-preview":"max-image-preview:large","max-video-preview":"max-video-preview:-1"},"canonical":"https:\/\/4000mil.se\/index.php\/svenskarna-flyger-mindre-efter-pandemin\/","og_locale":"sv_SE","og_type":"article","og_title":"Nya siffror - Svenskarna flyger mindre efter pandemin","og_description":"Nyligen kom f\u00e4rska siffror om svenskarnas flygande. Datan kommer ursprungligen fr\u00e5n Transportstyrelsen, men i den sammanst\u00e4llning jag l\u00e4ser har den","og_url":"https:\/\/4000mil.se\/index.php\/svenskarna-flyger-mindre-efter-pandemin\/","og_site_name":"4000 mil - en reseblogg","article_publisher":"https:\/\/www.facebook.com\/4000mil\/","article_published_time":"2024-03-12T05:45:00+00:00","og_image":[{"width":1920,"height":1440,"url":"https:\/\/4000mil.se\/wp-content\/uploads\/2024\/03\/jet-437741_1920.jpg","type":"image\/jpeg"}],"author":"Gunilla Yourstone","twitter_card":"summary_large_image","twitter_creator":"@4000mil_se","twitter_site":"@4000mil_se","twitter_misc":{"Skriven av":"Gunilla Yourstone","Ber\u00e4knad l\u00e4stid":"4 minuter"},"schema":{"@context":"https:\/\/schema.org","@graph":[{"@type":"Article","@id":"https:\/\/4000mil.se\/index.php\/svenskarna-flyger-mindre-efter-pandemin\/#article","isPartOf":{"@id":"https:\/\/4000mil.se\/index.php\/svenskarna-flyger-mindre-efter-pandemin\/"},"author":{"name":"Gunilla Yourstone","@id":"https:\/\/4000mil.se\/#\/schema\/person\/cda463da9f6f2c4d9bbc173471184a73"},"headline":"Nya siffror &#8211; Svenskarna flyger mindre efter pandemin","datePublished":"2024-03-12T05:45:00+00:00","mainEntityOfPage":{"@id":"https:\/\/4000mil.se\/index.php\/svenskarna-flyger-mindre-efter-pandemin\/"},"wordCount":437,"commentCount":1,"publisher":{"@id":"https:\/\/4000mil.se\/#organization"},"image":{"@id":"https:\/\/4000mil.se\/index.php\/svenskarna-flyger-mindre-efter-pandemin\/#primaryimage"},"thumbnailUrl":"https:\/\/4000mil.se\/wp-content\/uploads\/2024\/03\/jet-437741_1920.jpg","keywords":["h\u00e5llbart resande"],"articleSection":["Flygresor"],"inLanguage":"sv-SE","potentialAction":[{"@type":"CommentAction","name":"Comment","target":["https:\/\/4000mil.se\/index.php\/svenskarna-flyger-mindre-efter-pandemin\/#respond"]}]},{"@type":"WebPage","@id":"https:\/\/4000mil.se\/index.php\/svenskarna-flyger-mindre-efter-pandemin\/","url":"https:\/\/4000mil.se\/index.php\/svenskarna-flyger-mindre-efter-pandemin\/","name":"Nya siffror - Svenskarna flyger mindre efter pandemin","isPartOf":{"@id":"https:\/\/4000mil.se\/#website"},"primaryImageOfPage":{"@id":"https:\/\/4000mil.se\/index.php\/svenskarna-flyger-mindre-efter-pandemin\/#primaryimage"},"image":{"@id":"https:\/\/4000mil.se\/index.php\/svenskarna-flyger-mindre-efter-pandemin\/#primaryimage"},"thumbnailUrl":"https:\/\/4000mil.se\/wp-content\/uploads\/2024\/03\/jet-437741_1920.jpg","datePublished":"2024-03-12T05:45:00+00:00","description":"Nyligen kom f\u00e4rska siffror om svenskarnas flygande. Datan kommer ursprungligen fr\u00e5n Transportstyrelsen, men i den sammanst\u00e4llning jag l\u00e4ser har den","breadcrumb":{"@id":"https:\/\/4000mil.se\/index.php\/svenskarna-flyger-mindre-efter-pandemin\/#breadcrumb"},"inLanguage":"sv-SE","potentialAction":[{"@type":"ReadAction","target":["https:\/\/4000mil.se\/index.php\/svenskarna-flyger-mindre-efter-pandemin\/"]}]},{"@type":"ImageObject","inLanguage":"sv-SE","@id":"https:\/\/4000mil.se\/index.php\/svenskarna-flyger-mindre-efter-pandemin\/#primaryimage","url":"https:\/\/4000mil.se\/wp-content\/uploads\/2024\/03\/jet-437741_1920.jpg","contentUrl":"https:\/\/4000mil.se\/wp-content\/uploads\/2024\/03\/jet-437741_1920.jpg","width":1920,"height":1440},{"@type":"BreadcrumbList","@id":"https:\/\/4000mil.se\/index.php\/svenskarna-flyger-mindre-efter-pandemin\/#breadcrumb","itemListElement":[{"@type":"ListItem","position":1,"name":"Home","item":"https:\/\/4000mil.se\/"},{"@type":"ListItem","position":2,"name":"Nya siffror &#8211; Svenskarna flyger mindre efter pandemin"}]},{"@type":"WebSite","@id":"https:\/\/4000mil.se\/#website","url":"https:\/\/4000mil.se\/","name":"4000 mil - en reseblogg","description":"We haven&#039;t been everywhere, but it is on our list.","publisher":{"@id":"https:\/\/4000mil.se\/#organization"},"potentialAction":[{"@type":"SearchAction","target":{"@type":"EntryPoint","urlTemplate":"https:\/\/4000mil.se\/?s={search_term_string}"},"query-input":{"@type":"PropertyValueSpecification","valueRequired":true,"valueName":"search_term_string"}}],"inLanguage":"sv-SE"},{"@type":"Organization","@id":"https:\/\/4000mil.se\/#organization","name":"4000mil","url":"https:\/\/4000mil.se\/","logo":{"@type":"ImageObject","inLanguage":"sv-SE","@id":"https:\/\/4000mil.se\/#\/schema\/logo\/image\/","url":"https:\/\/4000mil.se\/wp-content\/uploads\/2017\/07\/rsz_img_5178-e1511641744338.jpg","contentUrl":"https:\/\/4000mil.se\/wp-content\/uploads\/2017\/07\/rsz_img_5178-e1511641744338.jpg","width":1000,"height":667,"caption":"4000mil"},"image":{"@id":"https:\/\/4000mil.se\/#\/schema\/logo\/image\/"},"sameAs":["https:\/\/www.facebook.com\/4000mil\/","https:\/\/x.com\/4000mil_se","https:\/\/www.instagram.com\/4000mil.se\/","https:\/\/www.youtube.com\/channel\/UCJ-arZd2a7dT4Kqq5GtVbXQ"]},{"@type":"Person","@id":"https:\/\/4000mil.se\/#\/schema\/person\/cda463da9f6f2c4d9bbc173471184a73","name":"Gunilla Yourstone","image":{"@type":"ImageObject","inLanguage":"sv-SE","@id":"https:\/\/secure.gravatar.com\/avatar\/2df85d0820b33bffdd86a729d25273c6153c1cc9b1338f26ef0c98d01163520d?s=96&d=mm&r=g","url":"https:\/\/secure.gravatar.com\/avatar\/2df85d0820b33bffdd86a729d25273c6153c1cc9b1338f26ef0c98d01163520d?s=96&d=mm&r=g","contentUrl":"https:\/\/secure.gravatar.com\/avatar\/2df85d0820b33bffdd86a729d25273c6153c1cc9b1338f26ef0c98d01163520d?s=96&d=mm&r=g","caption":"Gunilla Yourstone"},"url":"https:\/\/4000mil.se\/index.php\/author\/gunillay\/"}]}},"_links":{"self":[{"href":"https:\/\/4000mil.se\/index.php\/wp-json\/wp\/v2\/posts\/67252","targetHints":{"allow":["GET"]}}],"collection":[{"href":"https:\/\/4000mil.se\/index.php\/wp-json\/wp\/v2\/posts"}],"about":[{"href":"https:\/\/4000mil.se\/index.php\/wp-json\/wp\/v2\/types\/post"}],"author":[{"embeddable":true,"href":"https:\/\/4000mil.se\/index.php\/wp-json\/wp\/v2\/users\/3"}],"replies":[{"embeddable":true,"href":"https:\/\/4000mil.se\/index.php\/wp-json\/wp\/v2\/comments?post=67252"}],"version-history":[{"count":3,"href":"https:\/\/4000mil.se\/index.php\/wp-json\/wp\/v2\/posts\/67252\/revisions"}],"predecessor-version":[{"id":67407,"href":"https:\/\/4000mil.se\/index.php\/wp-json\/wp\/v2\/posts\/67252\/revisions\/67407"}],"wp:featuredmedia":[{"embeddable":true,"href":"https:\/\/4000mil.se\/index.php\/wp-json\/wp\/v2\/media\/67315"}],"wp:attachment":[{"href":"https:\/\/4000mil.se\/index.php\/wp-json\/wp\/v2\/media?parent=67252"}],"wp:term":[{"taxonomy":"category","embeddable":true,"href":"https:\/\/4000mil.se\/index.php\/wp-json\/wp\/v2\/categories?post=67252"},{"taxonomy":"post_tag","embeddable":true,"href":"https:\/\/4000mil.se\/index.php\/wp-json\/wp\/v2\/tags?post=67252"}],"curies":[{"name":"wp","href":"https:\/\/api.w.org\/{rel}","templated":true}]}}