{"id":67960,"date":"2024-04-11T06:45:00","date_gmt":"2024-04-11T04:45:00","guid":{"rendered":"https:\/\/4000mil.se\/?p=67960"},"modified":"2024-10-29T19:56:18","modified_gmt":"2024-10-29T18:56:18","slug":"vandring-till-montana-altavista","status":"publish","type":"post","link":"https:\/\/4000mil.se\/index.php\/vandring-till-montana-altavista\/","title":{"rendered":"Vandring till Montana Altavista"},"content":{"rendered":"\n<p>Ny dag, nya vandring. Idag har det blivit dags f\u00f6r oss att checka ut fr\u00e5n v\u00e5rt <a href=\"https:\/\/www.booking.com\/hotel\/es\/parador-de-cruz-de-tejeda.sv.html?aid=950752&amp;no_rooms=1&amp;group_adults=2\" target=\"_blank\" rel=\"noreferrer noopener\">Parador de Cruz de Tejeda<\/a> p\u00e5 toppen av Gran Canaria och bege oss ner till Agaete p\u00e5 v\u00e4stkusten. Men f\u00f6rst vill vi f\u00f6rst\u00e5s krama ut det sista av \u00f6ns hj\u00e4rta. Vi \u00e5ker upp p\u00e5  Roque Bentayga, men kommer v\u00e4l fram till att denna klippa \u00e4nd\u00e5 g\u00f6r sig allra b\u00e4st i blickf\u00e5nget. Inte mitt p\u00e5 den s\u00e5 att s\u00e4ga.<\/p>\n\n\n\n<figure class=\"wp-block-image size-large\"><img loading=\"lazy\" decoding=\"async\" width=\"1024\" height=\"683\" src=\"https:\/\/4000mil.se\/wp-content\/uploads\/2024\/04\/IMG_1231-2-1024x683.jpg\" alt=\"\" class=\"wp-image-67901\" srcset=\"https:\/\/4000mil.se\/wp-content\/uploads\/2024\/04\/IMG_1231-2-1024x683.jpg 1024w, https:\/\/4000mil.se\/wp-content\/uploads\/2024\/04\/IMG_1231-2-300x200.jpg 300w, https:\/\/4000mil.se\/wp-content\/uploads\/2024\/04\/IMG_1231-2-768x512.jpg 768w, https:\/\/4000mil.se\/wp-content\/uploads\/2024\/04\/IMG_1231-2-1536x1024.jpg 1536w, https:\/\/4000mil.se\/wp-content\/uploads\/2024\/04\/IMG_1231-2-2000x1333.jpg 2000w, https:\/\/4000mil.se\/wp-content\/uploads\/2024\/04\/IMG_1231-2-800x533.jpg 800w, https:\/\/4000mil.se\/wp-content\/uploads\/2024\/04\/IMG_1231-2.jpg 2048w\" sizes=\"auto, (max-width: 1024px) 100vw, 1024px\" \/><figcaption class=\"wp-element-caption\">S\u00e5 h\u00e4r vill man ha den!<\/figcaption><\/figure>\n\n\n\n<p>Sedan har vi nosat upp en l\u00e4mplig vandring f\u00f6r dagen. En vandring med utsikt \u00e5t tv\u00e5 h\u00e5ll. Dels \u00f6ver samma gamla barranco, n\u00e4mligen Barranco de Tejeda, d\u00e4r vi bott nu i 3 n\u00e4tter. Fast den \u00e4r ju liksom den m\u00e4ktigaste av dem alla, s\u00e5 varf\u00f6r inte?<\/p>\n\n\n\n<p>Men vi kommer ju att f\u00e5 en ny utsikt ocks\u00e5. \u00c5t andra h\u00e5ller, v\u00e4sterut, ut mot havet. <\/p>\n\n\n\n<figure class=\"wp-block-image size-large\"><img loading=\"lazy\" decoding=\"async\" width=\"1024\" height=\"683\" src=\"https:\/\/4000mil.se\/wp-content\/uploads\/2024\/04\/IMG_1513-1024x683.jpg\" alt=\"\" class=\"wp-image-67979\" srcset=\"https:\/\/4000mil.se\/wp-content\/uploads\/2024\/04\/IMG_1513-1024x683.jpg 1024w, https:\/\/4000mil.se\/wp-content\/uploads\/2024\/04\/IMG_1513-300x200.jpg 300w, https:\/\/4000mil.se\/wp-content\/uploads\/2024\/04\/IMG_1513-768x512.jpg 768w, https:\/\/4000mil.se\/wp-content\/uploads\/2024\/04\/IMG_1513-1536x1024.jpg 1536w, https:\/\/4000mil.se\/wp-content\/uploads\/2024\/04\/IMG_1513-2000x1333.jpg 2000w, https:\/\/4000mil.se\/wp-content\/uploads\/2024\/04\/IMG_1513-800x533.jpg 800w, https:\/\/4000mil.se\/wp-content\/uploads\/2024\/04\/IMG_1513.jpg 2048w\" sizes=\"auto, (max-width: 1024px) 100vw, 1024px\" \/><\/figure>\n\n\n\n<h2 class=\"wp-block-heading\">Degollada del Sargento<\/h2>\n\n\n\n<p>Dagens vandring b\u00f6rjar vid utsiktspunkten <em>Degollada del Sargento<\/em>, bel\u00e4gen l\u00e4ngs den mindre v\u00e4gen GC-216. Vi har en halvtimmes k\u00f6rning, f\u00f6rbi och bortanf\u00f6r Artenara, d\u00e4r vi avslutade g\u00e5rdagens vandring.<\/p>\n\n\n\n<figure class=\"wp-block-image size-large\"><img loading=\"lazy\" decoding=\"async\" width=\"1024\" height=\"683\" src=\"https:\/\/4000mil.se\/wp-content\/uploads\/2024\/04\/IMG_9563-1024x683.jpg\" alt=\"\" class=\"wp-image-67980\" srcset=\"https:\/\/4000mil.se\/wp-content\/uploads\/2024\/04\/IMG_9563-1024x683.jpg 1024w, https:\/\/4000mil.se\/wp-content\/uploads\/2024\/04\/IMG_9563-300x200.jpg 300w, https:\/\/4000mil.se\/wp-content\/uploads\/2024\/04\/IMG_9563-768x512.jpg 768w, https:\/\/4000mil.se\/wp-content\/uploads\/2024\/04\/IMG_9563-1536x1024.jpg 1536w, https:\/\/4000mil.se\/wp-content\/uploads\/2024\/04\/IMG_9563-2000x1333.jpg 2000w, https:\/\/4000mil.se\/wp-content\/uploads\/2024\/04\/IMG_9563-800x533.jpg 800w, https:\/\/4000mil.se\/wp-content\/uploads\/2024\/04\/IMG_9563.jpg 2048w\" sizes=\"auto, (max-width: 1024px) 100vw, 1024px\" \/><\/figure>\n\n\n\n<p>En r\u00e4tt oansenlig liten utsiktspunkt \u00e4r det, bara plats f\u00f6r 2 bilar. Vi f\u00e5r st\u00e4lla oss l\u00e4ngs v\u00e4gen ist\u00e4llet. Vandringsleden hittar vi och massor av skyltar, men ingen till Altavista, s\u00e5 denna vandring \u00e4r vi beroende av v\u00e5r vandringsbok f\u00f6r att hitta r\u00e4tt.<\/p>\n\n\n\n<figure class=\"wp-block-image size-large\"><img loading=\"lazy\" decoding=\"async\" width=\"1024\" height=\"683\" src=\"https:\/\/4000mil.se\/wp-content\/uploads\/2024\/04\/IMG_1467-1024x683.jpg\" alt=\"\" class=\"wp-image-67983\" srcset=\"https:\/\/4000mil.se\/wp-content\/uploads\/2024\/04\/IMG_1467-1024x683.jpg 1024w, https:\/\/4000mil.se\/wp-content\/uploads\/2024\/04\/IMG_1467-300x200.jpg 300w, https:\/\/4000mil.se\/wp-content\/uploads\/2024\/04\/IMG_1467-768x512.jpg 768w, https:\/\/4000mil.se\/wp-content\/uploads\/2024\/04\/IMG_1467-1536x1024.jpg 1536w, https:\/\/4000mil.se\/wp-content\/uploads\/2024\/04\/IMG_1467-2000x1333.jpg 2000w, https:\/\/4000mil.se\/wp-content\/uploads\/2024\/04\/IMG_1467-800x533.jpg 800w, https:\/\/4000mil.se\/wp-content\/uploads\/2024\/04\/IMG_1467.jpg 2048w\" sizes=\"auto, (max-width: 1024px) 100vw, 1024px\" \/><\/figure>\n\n\n\n<figure class=\"wp-block-image size-large\"><img loading=\"lazy\" decoding=\"async\" width=\"1024\" height=\"683\" src=\"https:\/\/4000mil.se\/wp-content\/uploads\/2024\/04\/IMG_1477-1024x683.jpg\" alt=\"\" class=\"wp-image-67984\" srcset=\"https:\/\/4000mil.se\/wp-content\/uploads\/2024\/04\/IMG_1477-1024x683.jpg 1024w, https:\/\/4000mil.se\/wp-content\/uploads\/2024\/04\/IMG_1477-300x200.jpg 300w, https:\/\/4000mil.se\/wp-content\/uploads\/2024\/04\/IMG_1477-768x512.jpg 768w, https:\/\/4000mil.se\/wp-content\/uploads\/2024\/04\/IMG_1477-1536x1024.jpg 1536w, https:\/\/4000mil.se\/wp-content\/uploads\/2024\/04\/IMG_1477-2000x1333.jpg 2000w, https:\/\/4000mil.se\/wp-content\/uploads\/2024\/04\/IMG_1477-800x533.jpg 800w, https:\/\/4000mil.se\/wp-content\/uploads\/2024\/04\/IMG_1477.jpg 2048w\" sizes=\"auto, (max-width: 1024px) 100vw, 1024px\" \/><\/figure>\n\n\n\n<p>Den \u00e4r en liten toppbestigning vi ska g\u00f6ra idag. Inget m\u00e4rkv\u00e4rdigt i h\u00f6jdmeter, men en topp \u00e4r alltid en topp. Rej\u00e4l l\u00f6n f\u00f6r m\u00f6dan.<\/p>\n\n\n\n<figure class=\"wp-block-image size-large\"><img loading=\"lazy\" decoding=\"async\" width=\"1024\" height=\"683\" src=\"https:\/\/4000mil.se\/wp-content\/uploads\/2024\/04\/IMG_9586-1024x683.jpg\" alt=\"Vandring till Montana Altavista\" class=\"wp-image-67982\" srcset=\"https:\/\/4000mil.se\/wp-content\/uploads\/2024\/04\/IMG_9586-1024x683.jpg 1024w, https:\/\/4000mil.se\/wp-content\/uploads\/2024\/04\/IMG_9586-300x200.jpg 300w, https:\/\/4000mil.se\/wp-content\/uploads\/2024\/04\/IMG_9586-768x512.jpg 768w, https:\/\/4000mil.se\/wp-content\/uploads\/2024\/04\/IMG_9586-1536x1024.jpg 1536w, https:\/\/4000mil.se\/wp-content\/uploads\/2024\/04\/IMG_9586-2000x1333.jpg 2000w, https:\/\/4000mil.se\/wp-content\/uploads\/2024\/04\/IMG_9586-800x533.jpg 800w, https:\/\/4000mil.se\/wp-content\/uploads\/2024\/04\/IMG_9586.jpg 2048w\" sizes=\"auto, (max-width: 1024px) 100vw, 1024px\" \/><\/figure>\n\n\n\n<h2 class=\"wp-block-heading\">Vandringen<\/h2>\n\n\n\n<p>Vi k\u00f6r ig\u00e5ng och vandrar p\u00e5. Det \u00e4r l\u00e4tt att hitta, bara rakt fram. Vi g\u00e5r litegrann p\u00e5 en kam, som sagt, med utsikt \u00e5t tv\u00e5 h\u00e5ll. Tv\u00e5 g\u00e5nger tappar vi h\u00f6jd ner i s\u00e4nkor, och f\u00e5r sedan kl\u00e4ttra upp igen. <\/p>\n\n\n\n<figure class=\"wp-block-image size-large\"><img loading=\"lazy\" decoding=\"async\" width=\"1024\" height=\"683\" src=\"https:\/\/4000mil.se\/wp-content\/uploads\/2024\/04\/IMG_1521-1024x683.jpg\" alt=\"\" class=\"wp-image-67986\" srcset=\"https:\/\/4000mil.se\/wp-content\/uploads\/2024\/04\/IMG_1521-1024x683.jpg 1024w, https:\/\/4000mil.se\/wp-content\/uploads\/2024\/04\/IMG_1521-300x200.jpg 300w, https:\/\/4000mil.se\/wp-content\/uploads\/2024\/04\/IMG_1521-768x512.jpg 768w, https:\/\/4000mil.se\/wp-content\/uploads\/2024\/04\/IMG_1521-1536x1024.jpg 1536w, https:\/\/4000mil.se\/wp-content\/uploads\/2024\/04\/IMG_1521-2000x1333.jpg 2000w, https:\/\/4000mil.se\/wp-content\/uploads\/2024\/04\/IMG_1521-800x533.jpg 800w, https:\/\/4000mil.se\/wp-content\/uploads\/2024\/04\/IMG_1521.jpg 2048w\" sizes=\"auto, (max-width: 1024px) 100vw, 1024px\" \/><\/figure>\n\n\n\n<p>Vi \u00e4r inte ensamma p\u00e5 vandringen, tr\u00e4ffar n\u00e5gra andra s\u00e4llskap ocks\u00e5, bland annat en ensamvandrare som tar sig tid till att stanna till och peka ut Teide f\u00f6r oss. D\u00e4r p\u00e5 andra sidan havet. Vi har vi redan sett f\u00f6rst\u00e5s och vet att detta \u00e4r Teide, Kanarie\u00f6arnas h\u00f6gsta berg, bel\u00e4get p\u00e5 Teneriffa. Men vi tackar \u00e4nd\u00e5 sn\u00e4llt f\u00f6r upplysningen.<\/p>\n\n\n\n<figure class=\"wp-block-image size-large\"><img loading=\"lazy\" decoding=\"async\" width=\"1024\" height=\"683\" src=\"https:\/\/4000mil.se\/wp-content\/uploads\/2024\/04\/IMG_9571-1024x683.jpg\" alt=\"Vandring till Montana Altavista\" class=\"wp-image-67981\" srcset=\"https:\/\/4000mil.se\/wp-content\/uploads\/2024\/04\/IMG_9571-1024x683.jpg 1024w, https:\/\/4000mil.se\/wp-content\/uploads\/2024\/04\/IMG_9571-300x200.jpg 300w, https:\/\/4000mil.se\/wp-content\/uploads\/2024\/04\/IMG_9571-768x512.jpg 768w, https:\/\/4000mil.se\/wp-content\/uploads\/2024\/04\/IMG_9571-1536x1024.jpg 1536w, https:\/\/4000mil.se\/wp-content\/uploads\/2024\/04\/IMG_9571-2000x1333.jpg 2000w, https:\/\/4000mil.se\/wp-content\/uploads\/2024\/04\/IMG_9571-800x533.jpg 800w, https:\/\/4000mil.se\/wp-content\/uploads\/2024\/04\/IMG_9571.jpg 2048w\" sizes=\"auto, (max-width: 1024px) 100vw, 1024px\" \/><\/figure>\n\n\n\n<figure class=\"wp-block-image size-large\"><img loading=\"lazy\" decoding=\"async\" width=\"1024\" height=\"649\" src=\"https:\/\/4000mil.se\/wp-content\/uploads\/2024\/04\/IMG_1497-1024x649.jpg\" alt=\"\" class=\"wp-image-67985\" srcset=\"https:\/\/4000mil.se\/wp-content\/uploads\/2024\/04\/IMG_1497-1024x649.jpg 1024w, https:\/\/4000mil.se\/wp-content\/uploads\/2024\/04\/IMG_1497-300x190.jpg 300w, https:\/\/4000mil.se\/wp-content\/uploads\/2024\/04\/IMG_1497-768x486.jpg 768w, https:\/\/4000mil.se\/wp-content\/uploads\/2024\/04\/IMG_1497-1536x973.jpg 1536w, https:\/\/4000mil.se\/wp-content\/uploads\/2024\/04\/IMG_1497-2000x1267.jpg 2000w, https:\/\/4000mil.se\/wp-content\/uploads\/2024\/04\/IMG_1497-800x507.jpg 800w, https:\/\/4000mil.se\/wp-content\/uploads\/2024\/04\/IMG_1497.jpg 2048w\" sizes=\"auto, (max-width: 1024px) 100vw, 1024px\" \/><\/figure>\n\n\n\n<p>Pl\u00f6tsligt springer vi n\u00e4stan p\u00e5 en man med en killing i ett rep. M\u00f6ter sedan en annan man med 4 hundar i koppel. S\u00e5 slutligen en till man med en motsp\u00e4nstig get-mamma med stort juver, i rep. <br>&#8211; Vad h\u00e4nder h\u00e4r? Det m\u00e5ste v\u00e4l vara mamman till killingen? Har n\u00e5gon av dem sprungit bort? Och den andra plus hundarna anv\u00e4nds f\u00f6r att locka tillbaka den f\u00f6rlupne igen?<\/p>\n\n\n\n<figure class=\"wp-block-image size-large\"><img loading=\"lazy\" decoding=\"async\" width=\"1024\" height=\"683\" src=\"https:\/\/4000mil.se\/wp-content\/uploads\/2024\/04\/IMG_1520-1024x683.jpg\" alt=\"Vandring till Montana Altavista\" class=\"wp-image-67987\" srcset=\"https:\/\/4000mil.se\/wp-content\/uploads\/2024\/04\/IMG_1520-1024x683.jpg 1024w, https:\/\/4000mil.se\/wp-content\/uploads\/2024\/04\/IMG_1520-300x200.jpg 300w, https:\/\/4000mil.se\/wp-content\/uploads\/2024\/04\/IMG_1520-768x512.jpg 768w, https:\/\/4000mil.se\/wp-content\/uploads\/2024\/04\/IMG_1520-1536x1024.jpg 1536w, https:\/\/4000mil.se\/wp-content\/uploads\/2024\/04\/IMG_1520-2000x1333.jpg 2000w, https:\/\/4000mil.se\/wp-content\/uploads\/2024\/04\/IMG_1520-800x533.jpg 800w, https:\/\/4000mil.se\/wp-content\/uploads\/2024\/04\/IMG_1520.jpg 2048w\" sizes=\"auto, (max-width: 1024px) 100vw, 1024px\" \/><\/figure>\n\n\n\n<p>En kort str\u00e4cka f\u00e5r Christofer lite svindel-problem, men i stort g\u00e5r denna vandring mycket bra och \u00e4r p\u00e5 en lagom niv\u00e5.<\/p>\n\n\n\n<figure class=\"wp-block-image size-large\"><img loading=\"lazy\" decoding=\"async\" width=\"1024\" height=\"683\" src=\"https:\/\/4000mil.se\/wp-content\/uploads\/2024\/04\/IMG_1528-1024x683.jpg\" alt=\"Vandring till Montana Altavista\" class=\"wp-image-67988\" srcset=\"https:\/\/4000mil.se\/wp-content\/uploads\/2024\/04\/IMG_1528-1024x683.jpg 1024w, https:\/\/4000mil.se\/wp-content\/uploads\/2024\/04\/IMG_1528-300x200.jpg 300w, https:\/\/4000mil.se\/wp-content\/uploads\/2024\/04\/IMG_1528-768x512.jpg 768w, https:\/\/4000mil.se\/wp-content\/uploads\/2024\/04\/IMG_1528-1536x1024.jpg 1536w, https:\/\/4000mil.se\/wp-content\/uploads\/2024\/04\/IMG_1528-2000x1333.jpg 2000w, https:\/\/4000mil.se\/wp-content\/uploads\/2024\/04\/IMG_1528-800x533.jpg 800w, https:\/\/4000mil.se\/wp-content\/uploads\/2024\/04\/IMG_1528.jpg 2048w\" sizes=\"auto, (max-width: 1024px) 100vw, 1024px\" \/><\/figure>\n\n\n\n<h2 class=\"wp-block-heading\">Montana Altavista<\/h2>\n\n\n\n<p>Sista biten till toppen viker av fr\u00e5n huvudleden, som i st\u00e4llet forts\u00e4tter till San Nicolas. Serpentinv\u00e4gar upp till toppen. D\u00e4r uppe finns en stolpe som toppmarkering. Utsikten \u00e4r havet och Gran Canarias gr\u00f6nsaksodlingar. H\u00e4r \u00e4r ju perfekt att \u00e4ta sin mats\u00e4ckslunch innan vi \u00e5terv\u00e4nder samma v\u00e4g.<\/p>\n\n\n\n<figure class=\"wp-block-image size-large\"><img loading=\"lazy\" decoding=\"async\" width=\"1024\" height=\"683\" src=\"https:\/\/4000mil.se\/wp-content\/uploads\/2024\/04\/IMG_1524-1024x683.jpg\" alt=\"\" class=\"wp-image-67993\" srcset=\"https:\/\/4000mil.se\/wp-content\/uploads\/2024\/04\/IMG_1524-1024x683.jpg 1024w, https:\/\/4000mil.se\/wp-content\/uploads\/2024\/04\/IMG_1524-300x200.jpg 300w, https:\/\/4000mil.se\/wp-content\/uploads\/2024\/04\/IMG_1524-768x512.jpg 768w, https:\/\/4000mil.se\/wp-content\/uploads\/2024\/04\/IMG_1524-1536x1024.jpg 1536w, https:\/\/4000mil.se\/wp-content\/uploads\/2024\/04\/IMG_1524-2000x1333.jpg 2000w, https:\/\/4000mil.se\/wp-content\/uploads\/2024\/04\/IMG_1524-800x533.jpg 800w, https:\/\/4000mil.se\/wp-content\/uploads\/2024\/04\/IMG_1524.jpg 2048w\" sizes=\"auto, (max-width: 1024px) 100vw, 1024px\" \/><\/figure>\n\n\n\n<figure class=\"wp-block-image size-large\"><img loading=\"lazy\" decoding=\"async\" width=\"1024\" height=\"683\" src=\"https:\/\/4000mil.se\/wp-content\/uploads\/2024\/04\/IMG_1531-1024x683.jpg\" alt=\"Vandring till Montana Altavista\" class=\"wp-image-67990\" srcset=\"https:\/\/4000mil.se\/wp-content\/uploads\/2024\/04\/IMG_1531-1024x683.jpg 1024w, https:\/\/4000mil.se\/wp-content\/uploads\/2024\/04\/IMG_1531-300x200.jpg 300w, https:\/\/4000mil.se\/wp-content\/uploads\/2024\/04\/IMG_1531-768x512.jpg 768w, https:\/\/4000mil.se\/wp-content\/uploads\/2024\/04\/IMG_1531-1536x1024.jpg 1536w, https:\/\/4000mil.se\/wp-content\/uploads\/2024\/04\/IMG_1531-2000x1333.jpg 2000w, https:\/\/4000mil.se\/wp-content\/uploads\/2024\/04\/IMG_1531-800x533.jpg 800w, https:\/\/4000mil.se\/wp-content\/uploads\/2024\/04\/IMG_1531.jpg 2048w\" sizes=\"auto, (max-width: 1024px) 100vw, 1024px\" \/><figcaption class=\"wp-element-caption\">Vandring till Montana Altavista: check<\/figcaption><\/figure>\n\n\n\n<figure class=\"wp-block-image size-large\"><img loading=\"lazy\" decoding=\"async\" width=\"1024\" height=\"683\" src=\"https:\/\/4000mil.se\/wp-content\/uploads\/2024\/04\/IMG_1535-1024x683.jpg\" alt=\"Vandring till Montana Altavista\" class=\"wp-image-67992\" srcset=\"https:\/\/4000mil.se\/wp-content\/uploads\/2024\/04\/IMG_1535-1024x683.jpg 1024w, https:\/\/4000mil.se\/wp-content\/uploads\/2024\/04\/IMG_1535-300x200.jpg 300w, https:\/\/4000mil.se\/wp-content\/uploads\/2024\/04\/IMG_1535-768x512.jpg 768w, https:\/\/4000mil.se\/wp-content\/uploads\/2024\/04\/IMG_1535-1536x1024.jpg 1536w, https:\/\/4000mil.se\/wp-content\/uploads\/2024\/04\/IMG_1535-2000x1333.jpg 2000w, https:\/\/4000mil.se\/wp-content\/uploads\/2024\/04\/IMG_1535-800x533.jpg 800w, https:\/\/4000mil.se\/wp-content\/uploads\/2024\/04\/IMG_1535.jpg 2048w\" sizes=\"auto, (max-width: 1024px) 100vw, 1024px\" \/><\/figure>\n\n\n\n<figure class=\"wp-block-image size-large\"><img loading=\"lazy\" decoding=\"async\" width=\"1024\" height=\"683\" src=\"https:\/\/4000mil.se\/wp-content\/uploads\/2024\/04\/IMG_1538-1024x683.jpg\" alt=\"Vandring till Montana Altavista\" class=\"wp-image-67991\" srcset=\"https:\/\/4000mil.se\/wp-content\/uploads\/2024\/04\/IMG_1538-1024x683.jpg 1024w, https:\/\/4000mil.se\/wp-content\/uploads\/2024\/04\/IMG_1538-300x200.jpg 300w, https:\/\/4000mil.se\/wp-content\/uploads\/2024\/04\/IMG_1538-768x512.jpg 768w, https:\/\/4000mil.se\/wp-content\/uploads\/2024\/04\/IMG_1538-1536x1024.jpg 1536w, https:\/\/4000mil.se\/wp-content\/uploads\/2024\/04\/IMG_1538-2000x1333.jpg 2000w, https:\/\/4000mil.se\/wp-content\/uploads\/2024\/04\/IMG_1538-800x533.jpg 800w, https:\/\/4000mil.se\/wp-content\/uploads\/2024\/04\/IMG_1538.jpg 2048w\" sizes=\"auto, (max-width: 1024px) 100vw, 1024px\" \/><\/figure>\n\n\n\n<figure class=\"wp-block-image size-large\"><img loading=\"lazy\" decoding=\"async\" width=\"1024\" height=\"683\" src=\"https:\/\/4000mil.se\/wp-content\/uploads\/2024\/04\/IMG_1540-1024x683.jpg\" alt=\"Vandring till Montana Altavista\" class=\"wp-image-67989\" srcset=\"https:\/\/4000mil.se\/wp-content\/uploads\/2024\/04\/IMG_1540-1024x683.jpg 1024w, https:\/\/4000mil.se\/wp-content\/uploads\/2024\/04\/IMG_1540-300x200.jpg 300w, https:\/\/4000mil.se\/wp-content\/uploads\/2024\/04\/IMG_1540-768x512.jpg 768w, https:\/\/4000mil.se\/wp-content\/uploads\/2024\/04\/IMG_1540-1536x1024.jpg 1536w, https:\/\/4000mil.se\/wp-content\/uploads\/2024\/04\/IMG_1540-2000x1333.jpg 2000w, https:\/\/4000mil.se\/wp-content\/uploads\/2024\/04\/IMG_1540-800x533.jpg 800w, https:\/\/4000mil.se\/wp-content\/uploads\/2024\/04\/IMG_1540.jpg 2048w\" sizes=\"auto, (max-width: 1024px) 100vw, 1024px\" \/><\/figure>\n\n\n\n<p>En trevlig vandring med mycket vyer. Varav den \u00f6ver Teide var den m\u00e4ktigaste idag.<\/p>\n\n\n\n<h2 class=\"wp-block-heading\">Fakta om v\u00e5r vandring till Montana Altavista<\/h2>\n\n\n\n<p>Denna vandring finns i boken \u201dVandring p\u00e5 Gran Canaria\u201d av Anita och Birger L\u00f8vland som nummer 26. I boken \u00e4r den angiven som 2 stj\u00e4rnor av 4 i sv\u00e5righetsgrad, 10 km l\u00e5ng t.o.r. samt 300 meter upp och ner.<\/p>\n\n\n\n<figure class=\"wp-block-image size-large\"><img loading=\"lazy\" decoding=\"async\" width=\"1024\" height=\"683\" src=\"https:\/\/4000mil.se\/wp-content\/uploads\/2024\/04\/IMG_1547-2-1024x683.jpg\" alt=\"Vandring till Montana Altavista\" class=\"wp-image-68001\" srcset=\"https:\/\/4000mil.se\/wp-content\/uploads\/2024\/04\/IMG_1547-2-1024x683.jpg 1024w, https:\/\/4000mil.se\/wp-content\/uploads\/2024\/04\/IMG_1547-2-300x200.jpg 300w, https:\/\/4000mil.se\/wp-content\/uploads\/2024\/04\/IMG_1547-2-768x512.jpg 768w, https:\/\/4000mil.se\/wp-content\/uploads\/2024\/04\/IMG_1547-2-1536x1024.jpg 1536w, https:\/\/4000mil.se\/wp-content\/uploads\/2024\/04\/IMG_1547-2-2000x1333.jpg 2000w, https:\/\/4000mil.se\/wp-content\/uploads\/2024\/04\/IMG_1547-2-800x533.jpg 800w, https:\/\/4000mil.se\/wp-content\/uploads\/2024\/04\/IMG_1547-2.jpg 2048w\" sizes=\"auto, (max-width: 1024px) 100vw, 1024px\" \/><\/figure>\n\n\n\n<figure class=\"wp-block-image size-large\"><img loading=\"lazy\" decoding=\"async\" width=\"1024\" height=\"683\" src=\"https:\/\/4000mil.se\/wp-content\/uploads\/2024\/04\/IMG_1552-2-1024x683.jpg\" alt=\"\" class=\"wp-image-68002\" srcset=\"https:\/\/4000mil.se\/wp-content\/uploads\/2024\/04\/IMG_1552-2-1024x683.jpg 1024w, https:\/\/4000mil.se\/wp-content\/uploads\/2024\/04\/IMG_1552-2-300x200.jpg 300w, https:\/\/4000mil.se\/wp-content\/uploads\/2024\/04\/IMG_1552-2-768x512.jpg 768w, https:\/\/4000mil.se\/wp-content\/uploads\/2024\/04\/IMG_1552-2-1536x1024.jpg 1536w, https:\/\/4000mil.se\/wp-content\/uploads\/2024\/04\/IMG_1552-2-2000x1333.jpg 2000w, https:\/\/4000mil.se\/wp-content\/uploads\/2024\/04\/IMG_1552-2-800x533.jpg 800w, https:\/\/4000mil.se\/wp-content\/uploads\/2024\/04\/IMG_1552-2.jpg 2048w\" sizes=\"auto, (max-width: 1024px) 100vw, 1024px\" \/><\/figure>\n\n\n\n<p>Vi m\u00e4ter ocks\u00e5 upp vandringen till 10 km. D\u00e4remot \u00e4r vi ute i 4 timmar och 12 minuter inklusive raster och g\u00e5r 541 meter upp och ner totalt.<\/p>\n\n\n\n<p><a href=\"https:\/\/connect.garmin.com\/modern\/activity\/14622118207?share_unique_id=2\">H\u00e4r hittar du v\u00e5r Garmin-ruttning av vandringen.<\/a><\/p>\n\n\n\n<figure class=\"wp-block-image size-large\"><img loading=\"lazy\" decoding=\"async\" width=\"1024\" height=\"683\" src=\"https:\/\/4000mil.se\/wp-content\/uploads\/2024\/04\/IMG_1562-1024x683.jpg\" alt=\"\" class=\"wp-image-68003\" srcset=\"https:\/\/4000mil.se\/wp-content\/uploads\/2024\/04\/IMG_1562-1024x683.jpg 1024w, https:\/\/4000mil.se\/wp-content\/uploads\/2024\/04\/IMG_1562-300x200.jpg 300w, https:\/\/4000mil.se\/wp-content\/uploads\/2024\/04\/IMG_1562-768x512.jpg 768w, https:\/\/4000mil.se\/wp-content\/uploads\/2024\/04\/IMG_1562-1536x1024.jpg 1536w, https:\/\/4000mil.se\/wp-content\/uploads\/2024\/04\/IMG_1562-2000x1333.jpg 2000w, https:\/\/4000mil.se\/wp-content\/uploads\/2024\/04\/IMG_1562-800x533.jpg 800w, https:\/\/4000mil.se\/wp-content\/uploads\/2024\/04\/IMG_1562.jpg 2048w\" sizes=\"auto, (max-width: 1024px) 100vw, 1024px\" \/><\/figure>\n\n\n\n<figure class=\"wp-block-image size-large\"><img loading=\"lazy\" decoding=\"async\" width=\"1024\" height=\"683\" src=\"https:\/\/4000mil.se\/wp-content\/uploads\/2024\/04\/IMG_1545-2-1024x683.jpg\" alt=\"Vandring till Montana Altavista\" class=\"wp-image-68000\" srcset=\"https:\/\/4000mil.se\/wp-content\/uploads\/2024\/04\/IMG_1545-2-1024x683.jpg 1024w, https:\/\/4000mil.se\/wp-content\/uploads\/2024\/04\/IMG_1545-2-300x200.jpg 300w, https:\/\/4000mil.se\/wp-content\/uploads\/2024\/04\/IMG_1545-2-768x512.jpg 768w, https:\/\/4000mil.se\/wp-content\/uploads\/2024\/04\/IMG_1545-2-1536x1024.jpg 1536w, https:\/\/4000mil.se\/wp-content\/uploads\/2024\/04\/IMG_1545-2-2000x1333.jpg 2000w, https:\/\/4000mil.se\/wp-content\/uploads\/2024\/04\/IMG_1545-2-800x533.jpg 800w, https:\/\/4000mil.se\/wp-content\/uploads\/2024\/04\/IMG_1545-2.jpg 2048w\" sizes=\"auto, (max-width: 1024px) 100vw, 1024px\" \/><\/figure>\n\n\n\n<p><strong>L\u00e4s ocks\u00e5:<\/strong> <br><a href=\"https:\/\/4000mil.se\/index.php\/vandring-fran-cruz-de-tejeda-till-artenara\/\">Vandring fr\u00e5n Cruz de Tejeda till Artenara, Gran Canarias h\u00f6gst bel\u00e4gna by<\/a><\/p>\n\n\n\n<p><a href=\"https:\/\/4000mil.se\/index.php\/att-gora-pa-gran-canaria\/\">18 saker att g\u00f6ra p\u00e5 Gran Canaria \u2013 v\u00e5ra b\u00e4sta tips<\/a><\/p>\n\n\n\n<p><\/p>\n\n\n\n<p>Missa inga inl\u00e4gg. Gl\u00f6m inte att&nbsp;<a href=\"https:\/\/www.facebook.com\/4000mil\/\" target=\"_blank\" rel=\"noreferrer noopener\">f\u00f6lja 4000mil p\u00e5 Facebook<\/a>&nbsp;och&nbsp;<a href=\"https:\/\/www.instagram.com\/4000mil.se\/\" target=\"_blank\" rel=\"noreferrer noopener\">p\u00e5 Instagram<\/a>.<\/p>\n\n\n\n<p><\/p>\n","protected":false},"excerpt":{"rendered":"<p>Ny dag, nya vandring. Idag har det blivit dags f\u00f6r oss att checka ut fr\u00e5n v\u00e5rt Parador de Cruz de Tejeda p\u00e5 toppen av Gran Canaria och bege oss ner till Agaete p\u00e5 v\u00e4stkusten. Men f\u00f6rst vill vi f\u00f6rst\u00e5s krama ut det sista av \u00f6ns hj\u00e4rta. Vi \u00e5ker upp p\u00e5 [&hellip;]<\/p>\n","protected":false},"author":3,"featured_media":67981,"comment_status":"open","ping_status":"open","sticky":false,"template":"","format":"standard","meta":{"_monsterinsights_skip_tracking":false,"_monsterinsights_sitenote_active":false,"_monsterinsights_sitenote_note":"","_monsterinsights_sitenote_category":0,"footnotes":""},"categories":[888,2],"tags":[12750,12702,12683,12684],"class_list":["post-67960","post","type-post","status-publish","format-standard","has-post-thumbnail","hentry","category-spanien","category-vandring","tag-gran-canaria","tag-kanarieoarna","tag-vandring-i-europa","tag-vandring-i-varlden"],"yoast_head":"<!-- This site is optimized with the Yoast SEO plugin v27.5 - https:\/\/yoast.com\/product\/yoast-seo-wordpress\/ -->\n<title>Vandring till Montana Altavista<\/title>\n<meta name=\"description\" content=\"V\u00e5r vandring till Montana Altavista leder oss ut mot havet och vyn \u00f6ver Teide p\u00e5 Teneriffa. en h\u00e4rlig halvdagsvandring.\" \/>\n<meta name=\"robots\" content=\"index, follow, max-snippet:-1, max-image-preview:large, max-video-preview:-1\" \/>\n<link rel=\"canonical\" href=\"https:\/\/4000mil.se\/index.php\/vandring-till-montana-altavista\/\" \/>\n<meta property=\"og:locale\" content=\"sv_SE\" \/>\n<meta property=\"og:type\" content=\"article\" \/>\n<meta property=\"og:title\" content=\"Vandring till Montana Altavista\" \/>\n<meta property=\"og:description\" content=\"V\u00e5r vandring till Montana Altavista leder oss ut mot havet och vyn \u00f6ver Teide p\u00e5 Teneriffa. en h\u00e4rlig halvdagsvandring.\" \/>\n<meta property=\"og:url\" content=\"https:\/\/4000mil.se\/index.php\/vandring-till-montana-altavista\/\" \/>\n<meta property=\"og:site_name\" content=\"4000 mil - en reseblogg\" \/>\n<meta property=\"article:publisher\" content=\"https:\/\/www.facebook.com\/4000mil\/\" \/>\n<meta property=\"article:published_time\" content=\"2024-04-11T04:45:00+00:00\" \/>\n<meta property=\"article:modified_time\" content=\"2024-10-29T18:56:18+00:00\" \/>\n<meta property=\"og:image\" content=\"https:\/\/4000mil.se\/wp-content\/uploads\/2024\/04\/IMG_9571.jpg\" \/>\n\t<meta property=\"og:image:width\" content=\"2048\" \/>\n\t<meta property=\"og:image:height\" content=\"1365\" \/>\n\t<meta property=\"og:image:type\" content=\"image\/jpeg\" \/>\n<meta name=\"author\" content=\"Gunilla Yourstone\" \/>\n<meta name=\"twitter:card\" content=\"summary_large_image\" \/>\n<meta name=\"twitter:creator\" content=\"@4000mil_se\" \/>\n<meta name=\"twitter:site\" content=\"@4000mil_se\" \/>\n<meta name=\"twitter:label1\" content=\"Skriven av\" \/>\n\t<meta name=\"twitter:data1\" content=\"Gunilla Yourstone\" \/>\n\t<meta name=\"twitter:label2\" content=\"Ber\u00e4knad l\u00e4stid\" \/>\n\t<meta name=\"twitter:data2\" content=\"8 minuter\" \/>\n<script type=\"application\/ld+json\" class=\"yoast-schema-graph\">{\"@context\":\"https:\\\/\\\/schema.org\",\"@graph\":[{\"@type\":\"Article\",\"@id\":\"https:\\\/\\\/4000mil.se\\\/index.php\\\/vandring-till-montana-altavista\\\/#article\",\"isPartOf\":{\"@id\":\"https:\\\/\\\/4000mil.se\\\/index.php\\\/vandring-till-montana-altavista\\\/\"},\"author\":{\"name\":\"Gunilla Yourstone\",\"@id\":\"https:\\\/\\\/4000mil.se\\\/#\\\/schema\\\/person\\\/cda463da9f6f2c4d9bbc173471184a73\"},\"headline\":\"Vandring till Montana Altavista\",\"datePublished\":\"2024-04-11T04:45:00+00:00\",\"dateModified\":\"2024-10-29T18:56:18+00:00\",\"mainEntityOfPage\":{\"@id\":\"https:\\\/\\\/4000mil.se\\\/index.php\\\/vandring-till-montana-altavista\\\/\"},\"wordCount\":711,\"commentCount\":2,\"publisher\":{\"@id\":\"https:\\\/\\\/4000mil.se\\\/#organization\"},\"image\":{\"@id\":\"https:\\\/\\\/4000mil.se\\\/index.php\\\/vandring-till-montana-altavista\\\/#primaryimage\"},\"thumbnailUrl\":\"https:\\\/\\\/4000mil.se\\\/wp-content\\\/uploads\\\/2024\\\/04\\\/IMG_9571.jpg\",\"keywords\":[\"Gran Canaria\",\"Kanarie\u00f6arna\",\"Vandring i Europa\",\"Vandring i v\u00e4rlden\"],\"articleSection\":[\"Spanien\",\"Vandring\"],\"inLanguage\":\"sv-SE\",\"potentialAction\":[{\"@type\":\"CommentAction\",\"name\":\"Comment\",\"target\":[\"https:\\\/\\\/4000mil.se\\\/index.php\\\/vandring-till-montana-altavista\\\/#respond\"]}]},{\"@type\":\"WebPage\",\"@id\":\"https:\\\/\\\/4000mil.se\\\/index.php\\\/vandring-till-montana-altavista\\\/\",\"url\":\"https:\\\/\\\/4000mil.se\\\/index.php\\\/vandring-till-montana-altavista\\\/\",\"name\":\"Vandring till Montana Altavista\",\"isPartOf\":{\"@id\":\"https:\\\/\\\/4000mil.se\\\/#website\"},\"primaryImageOfPage\":{\"@id\":\"https:\\\/\\\/4000mil.se\\\/index.php\\\/vandring-till-montana-altavista\\\/#primaryimage\"},\"image\":{\"@id\":\"https:\\\/\\\/4000mil.se\\\/index.php\\\/vandring-till-montana-altavista\\\/#primaryimage\"},\"thumbnailUrl\":\"https:\\\/\\\/4000mil.se\\\/wp-content\\\/uploads\\\/2024\\\/04\\\/IMG_9571.jpg\",\"datePublished\":\"2024-04-11T04:45:00+00:00\",\"dateModified\":\"2024-10-29T18:56:18+00:00\",\"description\":\"V\u00e5r vandring till Montana Altavista leder oss ut mot havet och vyn \u00f6ver Teide p\u00e5 Teneriffa. en h\u00e4rlig halvdagsvandring.\",\"breadcrumb\":{\"@id\":\"https:\\\/\\\/4000mil.se\\\/index.php\\\/vandring-till-montana-altavista\\\/#breadcrumb\"},\"inLanguage\":\"sv-SE\",\"potentialAction\":[{\"@type\":\"ReadAction\",\"target\":[\"https:\\\/\\\/4000mil.se\\\/index.php\\\/vandring-till-montana-altavista\\\/\"]}]},{\"@type\":\"ImageObject\",\"inLanguage\":\"sv-SE\",\"@id\":\"https:\\\/\\\/4000mil.se\\\/index.php\\\/vandring-till-montana-altavista\\\/#primaryimage\",\"url\":\"https:\\\/\\\/4000mil.se\\\/wp-content\\\/uploads\\\/2024\\\/04\\\/IMG_9571.jpg\",\"contentUrl\":\"https:\\\/\\\/4000mil.se\\\/wp-content\\\/uploads\\\/2024\\\/04\\\/IMG_9571.jpg\",\"width\":2048,\"height\":1365},{\"@type\":\"BreadcrumbList\",\"@id\":\"https:\\\/\\\/4000mil.se\\\/index.php\\\/vandring-till-montana-altavista\\\/#breadcrumb\",\"itemListElement\":[{\"@type\":\"ListItem\",\"position\":1,\"name\":\"Home\",\"item\":\"https:\\\/\\\/4000mil.se\\\/\"},{\"@type\":\"ListItem\",\"position\":2,\"name\":\"Vandring till Montana Altavista\"}]},{\"@type\":\"WebSite\",\"@id\":\"https:\\\/\\\/4000mil.se\\\/#website\",\"url\":\"https:\\\/\\\/4000mil.se\\\/\",\"name\":\"4000 mil - en reseblogg\",\"description\":\"We haven&#039;t been everywhere, but it is on our list.\",\"publisher\":{\"@id\":\"https:\\\/\\\/4000mil.se\\\/#organization\"},\"potentialAction\":[{\"@type\":\"SearchAction\",\"target\":{\"@type\":\"EntryPoint\",\"urlTemplate\":\"https:\\\/\\\/4000mil.se\\\/?s={search_term_string}\"},\"query-input\":{\"@type\":\"PropertyValueSpecification\",\"valueRequired\":true,\"valueName\":\"search_term_string\"}}],\"inLanguage\":\"sv-SE\"},{\"@type\":\"Organization\",\"@id\":\"https:\\\/\\\/4000mil.se\\\/#organization\",\"name\":\"4000mil\",\"url\":\"https:\\\/\\\/4000mil.se\\\/\",\"logo\":{\"@type\":\"ImageObject\",\"inLanguage\":\"sv-SE\",\"@id\":\"https:\\\/\\\/4000mil.se\\\/#\\\/schema\\\/logo\\\/image\\\/\",\"url\":\"https:\\\/\\\/4000mil.se\\\/wp-content\\\/uploads\\\/2017\\\/07\\\/rsz_img_5178-e1511641744338.jpg\",\"contentUrl\":\"https:\\\/\\\/4000mil.se\\\/wp-content\\\/uploads\\\/2017\\\/07\\\/rsz_img_5178-e1511641744338.jpg\",\"width\":1000,\"height\":667,\"caption\":\"4000mil\"},\"image\":{\"@id\":\"https:\\\/\\\/4000mil.se\\\/#\\\/schema\\\/logo\\\/image\\\/\"},\"sameAs\":[\"https:\\\/\\\/www.facebook.com\\\/4000mil\\\/\",\"https:\\\/\\\/x.com\\\/4000mil_se\",\"https:\\\/\\\/www.instagram.com\\\/4000mil.se\\\/\",\"https:\\\/\\\/www.youtube.com\\\/channel\\\/UCJ-arZd2a7dT4Kqq5GtVbXQ\"]},{\"@type\":\"Person\",\"@id\":\"https:\\\/\\\/4000mil.se\\\/#\\\/schema\\\/person\\\/cda463da9f6f2c4d9bbc173471184a73\",\"name\":\"Gunilla Yourstone\",\"image\":{\"@type\":\"ImageObject\",\"inLanguage\":\"sv-SE\",\"@id\":\"https:\\\/\\\/secure.gravatar.com\\\/avatar\\\/2df85d0820b33bffdd86a729d25273c6153c1cc9b1338f26ef0c98d01163520d?s=96&d=mm&r=g\",\"url\":\"https:\\\/\\\/secure.gravatar.com\\\/avatar\\\/2df85d0820b33bffdd86a729d25273c6153c1cc9b1338f26ef0c98d01163520d?s=96&d=mm&r=g\",\"contentUrl\":\"https:\\\/\\\/secure.gravatar.com\\\/avatar\\\/2df85d0820b33bffdd86a729d25273c6153c1cc9b1338f26ef0c98d01163520d?s=96&d=mm&r=g\",\"caption\":\"Gunilla Yourstone\"},\"url\":\"https:\\\/\\\/4000mil.se\\\/index.php\\\/author\\\/gunillay\\\/\"}]}<\/script>\n<!-- \/ Yoast SEO plugin. -->","yoast_head_json":{"title":"Vandring till Montana Altavista","description":"V\u00e5r vandring till Montana Altavista leder oss ut mot havet och vyn \u00f6ver Teide p\u00e5 Teneriffa. en h\u00e4rlig halvdagsvandring.","robots":{"index":"index","follow":"follow","max-snippet":"max-snippet:-1","max-image-preview":"max-image-preview:large","max-video-preview":"max-video-preview:-1"},"canonical":"https:\/\/4000mil.se\/index.php\/vandring-till-montana-altavista\/","og_locale":"sv_SE","og_type":"article","og_title":"Vandring till Montana Altavista","og_description":"V\u00e5r vandring till Montana Altavista leder oss ut mot havet och vyn \u00f6ver Teide p\u00e5 Teneriffa. en h\u00e4rlig halvdagsvandring.","og_url":"https:\/\/4000mil.se\/index.php\/vandring-till-montana-altavista\/","og_site_name":"4000 mil - en reseblogg","article_publisher":"https:\/\/www.facebook.com\/4000mil\/","article_published_time":"2024-04-11T04:45:00+00:00","article_modified_time":"2024-10-29T18:56:18+00:00","og_image":[{"width":2048,"height":1365,"url":"https:\/\/4000mil.se\/wp-content\/uploads\/2024\/04\/IMG_9571.jpg","type":"image\/jpeg"}],"author":"Gunilla Yourstone","twitter_card":"summary_large_image","twitter_creator":"@4000mil_se","twitter_site":"@4000mil_se","twitter_misc":{"Skriven av":"Gunilla Yourstone","Ber\u00e4knad l\u00e4stid":"8 minuter"},"schema":{"@context":"https:\/\/schema.org","@graph":[{"@type":"Article","@id":"https:\/\/4000mil.se\/index.php\/vandring-till-montana-altavista\/#article","isPartOf":{"@id":"https:\/\/4000mil.se\/index.php\/vandring-till-montana-altavista\/"},"author":{"name":"Gunilla Yourstone","@id":"https:\/\/4000mil.se\/#\/schema\/person\/cda463da9f6f2c4d9bbc173471184a73"},"headline":"Vandring till Montana Altavista","datePublished":"2024-04-11T04:45:00+00:00","dateModified":"2024-10-29T18:56:18+00:00","mainEntityOfPage":{"@id":"https:\/\/4000mil.se\/index.php\/vandring-till-montana-altavista\/"},"wordCount":711,"commentCount":2,"publisher":{"@id":"https:\/\/4000mil.se\/#organization"},"image":{"@id":"https:\/\/4000mil.se\/index.php\/vandring-till-montana-altavista\/#primaryimage"},"thumbnailUrl":"https:\/\/4000mil.se\/wp-content\/uploads\/2024\/04\/IMG_9571.jpg","keywords":["Gran Canaria","Kanarie\u00f6arna","Vandring i Europa","Vandring i v\u00e4rlden"],"articleSection":["Spanien","Vandring"],"inLanguage":"sv-SE","potentialAction":[{"@type":"CommentAction","name":"Comment","target":["https:\/\/4000mil.se\/index.php\/vandring-till-montana-altavista\/#respond"]}]},{"@type":"WebPage","@id":"https:\/\/4000mil.se\/index.php\/vandring-till-montana-altavista\/","url":"https:\/\/4000mil.se\/index.php\/vandring-till-montana-altavista\/","name":"Vandring till Montana Altavista","isPartOf":{"@id":"https:\/\/4000mil.se\/#website"},"primaryImageOfPage":{"@id":"https:\/\/4000mil.se\/index.php\/vandring-till-montana-altavista\/#primaryimage"},"image":{"@id":"https:\/\/4000mil.se\/index.php\/vandring-till-montana-altavista\/#primaryimage"},"thumbnailUrl":"https:\/\/4000mil.se\/wp-content\/uploads\/2024\/04\/IMG_9571.jpg","datePublished":"2024-04-11T04:45:00+00:00","dateModified":"2024-10-29T18:56:18+00:00","description":"V\u00e5r vandring till Montana Altavista leder oss ut mot havet och vyn \u00f6ver Teide p\u00e5 Teneriffa. en h\u00e4rlig halvdagsvandring.","breadcrumb":{"@id":"https:\/\/4000mil.se\/index.php\/vandring-till-montana-altavista\/#breadcrumb"},"inLanguage":"sv-SE","potentialAction":[{"@type":"ReadAction","target":["https:\/\/4000mil.se\/index.php\/vandring-till-montana-altavista\/"]}]},{"@type":"ImageObject","inLanguage":"sv-SE","@id":"https:\/\/4000mil.se\/index.php\/vandring-till-montana-altavista\/#primaryimage","url":"https:\/\/4000mil.se\/wp-content\/uploads\/2024\/04\/IMG_9571.jpg","contentUrl":"https:\/\/4000mil.se\/wp-content\/uploads\/2024\/04\/IMG_9571.jpg","width":2048,"height":1365},{"@type":"BreadcrumbList","@id":"https:\/\/4000mil.se\/index.php\/vandring-till-montana-altavista\/#breadcrumb","itemListElement":[{"@type":"ListItem","position":1,"name":"Home","item":"https:\/\/4000mil.se\/"},{"@type":"ListItem","position":2,"name":"Vandring till Montana Altavista"}]},{"@type":"WebSite","@id":"https:\/\/4000mil.se\/#website","url":"https:\/\/4000mil.se\/","name":"4000 mil - en reseblogg","description":"We haven&#039;t been everywhere, but it is on our list.","publisher":{"@id":"https:\/\/4000mil.se\/#organization"},"potentialAction":[{"@type":"SearchAction","target":{"@type":"EntryPoint","urlTemplate":"https:\/\/4000mil.se\/?s={search_term_string}"},"query-input":{"@type":"PropertyValueSpecification","valueRequired":true,"valueName":"search_term_string"}}],"inLanguage":"sv-SE"},{"@type":"Organization","@id":"https:\/\/4000mil.se\/#organization","name":"4000mil","url":"https:\/\/4000mil.se\/","logo":{"@type":"ImageObject","inLanguage":"sv-SE","@id":"https:\/\/4000mil.se\/#\/schema\/logo\/image\/","url":"https:\/\/4000mil.se\/wp-content\/uploads\/2017\/07\/rsz_img_5178-e1511641744338.jpg","contentUrl":"https:\/\/4000mil.se\/wp-content\/uploads\/2017\/07\/rsz_img_5178-e1511641744338.jpg","width":1000,"height":667,"caption":"4000mil"},"image":{"@id":"https:\/\/4000mil.se\/#\/schema\/logo\/image\/"},"sameAs":["https:\/\/www.facebook.com\/4000mil\/","https:\/\/x.com\/4000mil_se","https:\/\/www.instagram.com\/4000mil.se\/","https:\/\/www.youtube.com\/channel\/UCJ-arZd2a7dT4Kqq5GtVbXQ"]},{"@type":"Person","@id":"https:\/\/4000mil.se\/#\/schema\/person\/cda463da9f6f2c4d9bbc173471184a73","name":"Gunilla Yourstone","image":{"@type":"ImageObject","inLanguage":"sv-SE","@id":"https:\/\/secure.gravatar.com\/avatar\/2df85d0820b33bffdd86a729d25273c6153c1cc9b1338f26ef0c98d01163520d?s=96&d=mm&r=g","url":"https:\/\/secure.gravatar.com\/avatar\/2df85d0820b33bffdd86a729d25273c6153c1cc9b1338f26ef0c98d01163520d?s=96&d=mm&r=g","contentUrl":"https:\/\/secure.gravatar.com\/avatar\/2df85d0820b33bffdd86a729d25273c6153c1cc9b1338f26ef0c98d01163520d?s=96&d=mm&r=g","caption":"Gunilla Yourstone"},"url":"https:\/\/4000mil.se\/index.php\/author\/gunillay\/"}]}},"_links":{"self":[{"href":"https:\/\/4000mil.se\/index.php\/wp-json\/wp\/v2\/posts\/67960","targetHints":{"allow":["GET"]}}],"collection":[{"href":"https:\/\/4000mil.se\/index.php\/wp-json\/wp\/v2\/posts"}],"about":[{"href":"https:\/\/4000mil.se\/index.php\/wp-json\/wp\/v2\/types\/post"}],"author":[{"embeddable":true,"href":"https:\/\/4000mil.se\/index.php\/wp-json\/wp\/v2\/users\/3"}],"replies":[{"embeddable":true,"href":"https:\/\/4000mil.se\/index.php\/wp-json\/wp\/v2\/comments?post=67960"}],"version-history":[{"count":24,"href":"https:\/\/4000mil.se\/index.php\/wp-json\/wp\/v2\/posts\/67960\/revisions"}],"predecessor-version":[{"id":75086,"href":"https:\/\/4000mil.se\/index.php\/wp-json\/wp\/v2\/posts\/67960\/revisions\/75086"}],"wp:featuredmedia":[{"embeddable":true,"href":"https:\/\/4000mil.se\/index.php\/wp-json\/wp\/v2\/media\/67981"}],"wp:attachment":[{"href":"https:\/\/4000mil.se\/index.php\/wp-json\/wp\/v2\/media?parent=67960"}],"wp:term":[{"taxonomy":"category","embeddable":true,"href":"https:\/\/4000mil.se\/index.php\/wp-json\/wp\/v2\/categories?post=67960"},{"taxonomy":"post_tag","embeddable":true,"href":"https:\/\/4000mil.se\/index.php\/wp-json\/wp\/v2\/tags?post=67960"}],"curies":[{"name":"wp","href":"https:\/\/api.w.org\/{rel}","templated":true}]}}