{"id":70086,"date":"2024-07-14T06:45:00","date_gmt":"2024-07-14T04:45:00","guid":{"rendered":"https:\/\/4000mil.se\/?p=70086"},"modified":"2024-07-19T16:25:29","modified_gmt":"2024-07-19T14:25:29","slug":"tivedens-nationalpark-stenkallerundan","status":"publish","type":"post","link":"https:\/\/4000mil.se\/index.php\/tivedens-nationalpark-stenkallerundan\/","title":{"rendered":"Tivedens nationalpark &#8211; vi vandrar Stenk\u00e4llerundan"},"content":{"rendered":"\n<p>Tivendenskogarna har vi bes\u00f6kt f\u00f6rut. Vi har ju relativt ofta \u00e4renden \u00e5t det h\u00e4r h\u00e5llet i Sverige, eftersom min syster bor h\u00e4r. Men har vi varit i nationalparken? Fr\u00e5n b\u00f6rjan t\u00e4nker vi att ja, det har vi s\u00e4kert varit, men ju mer jag funderar p\u00e5 saken inser jag att Tiveden \u00e4r stort, medan nationalparken \u00e4r liten. S\u00e5 kanske inte \u00e4nd\u00e5?<\/p>\n\n\n\n<figure class=\"wp-block-image size-large\"><img loading=\"lazy\" decoding=\"async\" width=\"1024\" height=\"683\" src=\"https:\/\/4000mil.se\/wp-content\/uploads\/2024\/06\/IMG_3102-1024x683.jpg\" alt=\"\" class=\"wp-image-69611\" srcset=\"https:\/\/4000mil.se\/wp-content\/uploads\/2024\/06\/IMG_3102-1024x683.jpg 1024w, https:\/\/4000mil.se\/wp-content\/uploads\/2024\/06\/IMG_3102-300x200.jpg 300w, https:\/\/4000mil.se\/wp-content\/uploads\/2024\/06\/IMG_3102-768x512.jpg 768w, https:\/\/4000mil.se\/wp-content\/uploads\/2024\/06\/IMG_3102-1536x1024.jpg 1536w, https:\/\/4000mil.se\/wp-content\/uploads\/2024\/06\/IMG_3102-2000x1333.jpg 2000w, https:\/\/4000mil.se\/wp-content\/uploads\/2024\/06\/IMG_3102-800x533.jpg 800w, https:\/\/4000mil.se\/wp-content\/uploads\/2024\/06\/IMG_3102.jpg 2048w\" sizes=\"auto, (max-width: 1024px) 100vw, 1024px\" \/><\/figure>\n\n\n\n<p>Den h\u00e4r typen av existentiella funderingar \u00e5tg\u00e4rdas ju allra b\u00e4st genom ett \u00e5terbes\u00f6k. D\u00e4r man genomf\u00f6r saker och ting korrekt och sakligt och inom nationalparkens gr\u00e4nser. <\/p>\n\n\n\n<figure class=\"wp-block-image size-large\"><img loading=\"lazy\" decoding=\"async\" width=\"1024\" height=\"683\" src=\"https:\/\/4000mil.se\/wp-content\/uploads\/2024\/06\/IMG_9909-1024x683.jpg\" alt=\"\" class=\"wp-image-69574\" srcset=\"https:\/\/4000mil.se\/wp-content\/uploads\/2024\/06\/IMG_9909-1024x683.jpg 1024w, https:\/\/4000mil.se\/wp-content\/uploads\/2024\/06\/IMG_9909-300x200.jpg 300w, https:\/\/4000mil.se\/wp-content\/uploads\/2024\/06\/IMG_9909-768x512.jpg 768w, https:\/\/4000mil.se\/wp-content\/uploads\/2024\/06\/IMG_9909-1536x1024.jpg 1536w, https:\/\/4000mil.se\/wp-content\/uploads\/2024\/06\/IMG_9909-2000x1333.jpg 2000w, https:\/\/4000mil.se\/wp-content\/uploads\/2024\/06\/IMG_9909-800x533.jpg 800w, https:\/\/4000mil.se\/wp-content\/uploads\/2024\/06\/IMG_9909.jpg 2048w\" sizes=\"auto, (max-width: 1024px) 100vw, 1024px\" \/><\/figure>\n\n\n\n<p>Vi v\u00e4ljer sj\u00e4lvaste Sveriges nationaldag f\u00f6r tilldragelsen. Det h\u00f6r man ju p\u00e5 namnet? Att p\u00e5 nationaldagen f\u00f6rmodas man vandra i en nationalpark?<\/p>\n\n\n\n<figure class=\"wp-block-image size-large\"><img loading=\"lazy\" decoding=\"async\" width=\"1024\" height=\"683\" src=\"https:\/\/4000mil.se\/wp-content\/uploads\/2024\/06\/IMG_3111-1024x683.jpg\" alt=\"\" class=\"wp-image-69612\" srcset=\"https:\/\/4000mil.se\/wp-content\/uploads\/2024\/06\/IMG_3111-1024x683.jpg 1024w, https:\/\/4000mil.se\/wp-content\/uploads\/2024\/06\/IMG_3111-300x200.jpg 300w, https:\/\/4000mil.se\/wp-content\/uploads\/2024\/06\/IMG_3111-768x512.jpg 768w, https:\/\/4000mil.se\/wp-content\/uploads\/2024\/06\/IMG_3111-1536x1024.jpg 1536w, https:\/\/4000mil.se\/wp-content\/uploads\/2024\/06\/IMG_3111-2000x1333.jpg 2000w, https:\/\/4000mil.se\/wp-content\/uploads\/2024\/06\/IMG_3111-800x533.jpg 800w, https:\/\/4000mil.se\/wp-content\/uploads\/2024\/06\/IMG_3111.jpg 2048w\" sizes=\"auto, (max-width: 1024px) 100vw, 1024px\" \/><\/figure>\n\n\n\n<p>Regnet h\u00e4nger dock i luften litegrann. Plus att vi har lite andra grejer i n\u00e4rheten som vi ocks\u00e5 vill hinna med idag. Vi v\u00e4ljer allts\u00e5 inte, som vi annars brukar, den l\u00e4ngsta leden i nationalparken utan en kortare, Stenk\u00e4llerundan. Stenk\u00e4llerundan ska ocks\u00e5 vara den popul\u00e4raste leden och vi tror oss ha forskat fram att det \u00e4r l\u00e4ngs denna led som m\u00e5nga av de d\u00e4r trollska fotona fr\u00e5n Tiveden \u00e4r tagna. De med gigantiska stenblock p\u00e5? Dem vill vi ocks\u00e5 uppleva och d\u00e4rf\u00f6r v\u00e4ljer vi allts\u00e5 Stenk\u00e4llerundan.<\/p>\n\n\n\n<figure class=\"wp-block-image size-large\"><img loading=\"lazy\" decoding=\"async\" width=\"1024\" height=\"683\" src=\"https:\/\/4000mil.se\/wp-content\/uploads\/2024\/06\/IMG_9920-1024x683.jpg\" alt=\"\" class=\"wp-image-69575\" srcset=\"https:\/\/4000mil.se\/wp-content\/uploads\/2024\/06\/IMG_9920-1024x683.jpg 1024w, https:\/\/4000mil.se\/wp-content\/uploads\/2024\/06\/IMG_9920-300x200.jpg 300w, https:\/\/4000mil.se\/wp-content\/uploads\/2024\/06\/IMG_9920-768x512.jpg 768w, https:\/\/4000mil.se\/wp-content\/uploads\/2024\/06\/IMG_9920-1536x1024.jpg 1536w, https:\/\/4000mil.se\/wp-content\/uploads\/2024\/06\/IMG_9920-2000x1333.jpg 2000w, https:\/\/4000mil.se\/wp-content\/uploads\/2024\/06\/IMG_9920-800x533.jpg 800w, https:\/\/4000mil.se\/wp-content\/uploads\/2024\/06\/IMG_9920.jpg 2048w\" sizes=\"auto, (max-width: 1024px) 100vw, 1024px\" \/><\/figure>\n\n\n\n<figure class=\"wp-block-image size-large\"><img loading=\"lazy\" decoding=\"async\" width=\"1024\" height=\"683\" src=\"https:\/\/4000mil.se\/wp-content\/uploads\/2024\/06\/IMG_9929-1024x683.jpg\" alt=\"\" class=\"wp-image-69577\" srcset=\"https:\/\/4000mil.se\/wp-content\/uploads\/2024\/06\/IMG_9929-1024x683.jpg 1024w, https:\/\/4000mil.se\/wp-content\/uploads\/2024\/06\/IMG_9929-300x200.jpg 300w, https:\/\/4000mil.se\/wp-content\/uploads\/2024\/06\/IMG_9929-768x512.jpg 768w, https:\/\/4000mil.se\/wp-content\/uploads\/2024\/06\/IMG_9929-1536x1024.jpg 1536w, https:\/\/4000mil.se\/wp-content\/uploads\/2024\/06\/IMG_9929-2000x1333.jpg 2000w, https:\/\/4000mil.se\/wp-content\/uploads\/2024\/06\/IMG_9929-800x533.jpg 800w, https:\/\/4000mil.se\/wp-content\/uploads\/2024\/06\/IMG_9929.jpg 2048w\" sizes=\"auto, (max-width: 1024px) 100vw, 1024px\" \/><\/figure>\n\n\n\n<figure class=\"wp-block-image size-large\"><img loading=\"lazy\" decoding=\"async\" width=\"768\" height=\"1024\" src=\"https:\/\/4000mil.se\/wp-content\/uploads\/2024\/07\/IMG_3806-768x1024.jpeg\" alt=\"\" class=\"wp-image-70571\" srcset=\"https:\/\/4000mil.se\/wp-content\/uploads\/2024\/07\/IMG_3806-768x1024.jpeg 768w, https:\/\/4000mil.se\/wp-content\/uploads\/2024\/07\/IMG_3806-225x300.jpeg 225w, https:\/\/4000mil.se\/wp-content\/uploads\/2024\/07\/IMG_3806-1152x1536.jpeg 1152w, https:\/\/4000mil.se\/wp-content\/uploads\/2024\/07\/IMG_3806-800x1067.jpeg 800w, https:\/\/4000mil.se\/wp-content\/uploads\/2024\/07\/IMG_3806.jpeg 1536w\" sizes=\"auto, (max-width: 768px) 100vw, 768px\" \/><\/figure>\n\n\n\n<h2 class=\"wp-block-heading\">Stenk\u00e4llerundan<\/h2>\n\n\n\n<p>Haussen fr\u00e5n pandemin har definitivt klingat av nu, 2024. D\u00e5 n\u00e4r nationalparkerna i s\u00f6dra Sverige var spr\u00e4ngfyllda av vandrare. Nu \u00e4r vi bil nummer 4 p\u00e5 parkeringen. Ser och m\u00f6ter egentligen ingen, utom ett tyskt par som r\u00e5kar starta ungef\u00e4r samtidigt som oss.<\/p>\n\n\n\n<figure class=\"wp-block-image size-large\"><img loading=\"lazy\" decoding=\"async\" width=\"768\" height=\"1024\" src=\"https:\/\/4000mil.se\/wp-content\/uploads\/2024\/07\/IMG_3819-768x1024.jpeg\" alt=\"Stenk\u00e4llerundan\" class=\"wp-image-70568\" srcset=\"https:\/\/4000mil.se\/wp-content\/uploads\/2024\/07\/IMG_3819-768x1024.jpeg 768w, https:\/\/4000mil.se\/wp-content\/uploads\/2024\/07\/IMG_3819-225x300.jpeg 225w, https:\/\/4000mil.se\/wp-content\/uploads\/2024\/07\/IMG_3819-1152x1536.jpeg 1152w, https:\/\/4000mil.se\/wp-content\/uploads\/2024\/07\/IMG_3819-800x1067.jpeg 800w, https:\/\/4000mil.se\/wp-content\/uploads\/2024\/07\/IMG_3819.jpeg 1536w\" sizes=\"auto, (max-width: 768px) 100vw, 768px\" \/><\/figure>\n\n\n\n<figure class=\"wp-block-image size-large\"><img loading=\"lazy\" decoding=\"async\" width=\"768\" height=\"1024\" src=\"https:\/\/4000mil.se\/wp-content\/uploads\/2024\/07\/IMG_3804-768x1024.jpeg\" alt=\"\" class=\"wp-image-70569\" srcset=\"https:\/\/4000mil.se\/wp-content\/uploads\/2024\/07\/IMG_3804-768x1024.jpeg 768w, https:\/\/4000mil.se\/wp-content\/uploads\/2024\/07\/IMG_3804-225x300.jpeg 225w, https:\/\/4000mil.se\/wp-content\/uploads\/2024\/07\/IMG_3804-1152x1536.jpeg 1152w, https:\/\/4000mil.se\/wp-content\/uploads\/2024\/07\/IMG_3804-800x1067.jpeg 800w, https:\/\/4000mil.se\/wp-content\/uploads\/2024\/07\/IMG_3804.jpeg 1536w\" sizes=\"auto, (max-width: 768px) 100vw, 768px\" \/><\/figure>\n\n\n\n<p>Klippor  och klippformationer f\u00e5r vi massor av ganska direkt p\u00e5 vandringen. Stora stenblock som beh\u00f6ver hj\u00e4lp av mannkraft f\u00f6r att h\u00e5lla sig uppe och p\u00e5 plats! Att dyka ner under, att kl\u00e4ttra upp p\u00e5. Vackert och m\u00e4ktigt.<\/p>\n\n\n\n<figure class=\"wp-block-image size-large\"><img loading=\"lazy\" decoding=\"async\" width=\"1024\" height=\"683\" src=\"https:\/\/4000mil.se\/wp-content\/uploads\/2024\/06\/IMG_9907-1024x683.jpg\" alt=\"Stenk\u00e4llerundan\" class=\"wp-image-69573\" srcset=\"https:\/\/4000mil.se\/wp-content\/uploads\/2024\/06\/IMG_9907-1024x683.jpg 1024w, https:\/\/4000mil.se\/wp-content\/uploads\/2024\/06\/IMG_9907-300x200.jpg 300w, https:\/\/4000mil.se\/wp-content\/uploads\/2024\/06\/IMG_9907-768x512.jpg 768w, https:\/\/4000mil.se\/wp-content\/uploads\/2024\/06\/IMG_9907-1536x1024.jpg 1536w, https:\/\/4000mil.se\/wp-content\/uploads\/2024\/06\/IMG_9907-2000x1333.jpg 2000w, https:\/\/4000mil.se\/wp-content\/uploads\/2024\/06\/IMG_9907-800x533.jpg 800w, https:\/\/4000mil.se\/wp-content\/uploads\/2024\/06\/IMG_9907.jpg 2048w\" sizes=\"auto, (max-width: 1024px) 100vw, 1024px\" \/><figcaption class=\"wp-element-caption\">M\u00e5ste h\u00e5llas p\u00e5 plats av mannkraft. Ett tungt jobb!<\/figcaption><\/figure>\n\n\n\n<figure class=\"wp-block-image size-large\"><img loading=\"lazy\" decoding=\"async\" width=\"1024\" height=\"683\" src=\"https:\/\/4000mil.se\/wp-content\/uploads\/2024\/06\/IMG_9931-1024x683.jpg\" alt=\"Stenk\u00e4llerundan\" class=\"wp-image-69578\" srcset=\"https:\/\/4000mil.se\/wp-content\/uploads\/2024\/06\/IMG_9931-1024x683.jpg 1024w, https:\/\/4000mil.se\/wp-content\/uploads\/2024\/06\/IMG_9931-300x200.jpg 300w, https:\/\/4000mil.se\/wp-content\/uploads\/2024\/06\/IMG_9931-768x512.jpg 768w, https:\/\/4000mil.se\/wp-content\/uploads\/2024\/06\/IMG_9931-1536x1024.jpg 1536w, https:\/\/4000mil.se\/wp-content\/uploads\/2024\/06\/IMG_9931-2000x1333.jpg 2000w, https:\/\/4000mil.se\/wp-content\/uploads\/2024\/06\/IMG_9931-800x533.jpg 800w, https:\/\/4000mil.se\/wp-content\/uploads\/2024\/06\/IMG_9931.jpg 2048w\" sizes=\"auto, (max-width: 1024px) 100vw, 1024px\" \/><\/figure>\n\n\n\n<p>S\u00e5 kommer regnet. V\u00e5ra tyska v\u00e4nner f\u00e5r br\u00e5ttom tillbaka mot bilen och f\u00f6rsvinner snabbt i regnet. Sj\u00e4lva \u00e4r vi f\u00f6rberedda och plockar fram regnst\u00e4llen. Forts\u00e4tter vandringen i maklig takt. Snart \u00e4ndrar vandringen karakt\u00e4r. Nu g\u00e5r vi uppe p\u00e5 klippan l\u00e4ngs en sj\u00f6. Ocks\u00e5 en m\u00e4ktig, vacker milj\u00f6. <\/p>\n\n\n\n<figure class=\"wp-block-image size-large\"><img loading=\"lazy\" decoding=\"async\" width=\"1024\" height=\"683\" src=\"https:\/\/4000mil.se\/wp-content\/uploads\/2024\/06\/IMG_3152-1024x683.jpg\" alt=\"\" class=\"wp-image-69614\" srcset=\"https:\/\/4000mil.se\/wp-content\/uploads\/2024\/06\/IMG_3152-1024x683.jpg 1024w, https:\/\/4000mil.se\/wp-content\/uploads\/2024\/06\/IMG_3152-300x200.jpg 300w, https:\/\/4000mil.se\/wp-content\/uploads\/2024\/06\/IMG_3152-768x512.jpg 768w, https:\/\/4000mil.se\/wp-content\/uploads\/2024\/06\/IMG_3152-1536x1024.jpg 1536w, https:\/\/4000mil.se\/wp-content\/uploads\/2024\/06\/IMG_3152-2000x1333.jpg 2000w, https:\/\/4000mil.se\/wp-content\/uploads\/2024\/06\/IMG_3152-800x533.jpg 800w, https:\/\/4000mil.se\/wp-content\/uploads\/2024\/06\/IMG_3152.jpg 2048w\" sizes=\"auto, (max-width: 1024px) 100vw, 1024px\" \/><\/figure>\n\n\n\n<figure class=\"wp-block-image size-large\"><img loading=\"lazy\" decoding=\"async\" width=\"1024\" height=\"683\" src=\"https:\/\/4000mil.se\/wp-content\/uploads\/2024\/06\/IMG_3146-1024x683.jpg\" alt=\"Stenk\u00e4llerundan\" class=\"wp-image-69613\" srcset=\"https:\/\/4000mil.se\/wp-content\/uploads\/2024\/06\/IMG_3146-1024x683.jpg 1024w, https:\/\/4000mil.se\/wp-content\/uploads\/2024\/06\/IMG_3146-300x200.jpg 300w, https:\/\/4000mil.se\/wp-content\/uploads\/2024\/06\/IMG_3146-768x512.jpg 768w, https:\/\/4000mil.se\/wp-content\/uploads\/2024\/06\/IMG_3146-1536x1024.jpg 1536w, https:\/\/4000mil.se\/wp-content\/uploads\/2024\/06\/IMG_3146-2000x1333.jpg 2000w, https:\/\/4000mil.se\/wp-content\/uploads\/2024\/06\/IMG_3146-800x533.jpg 800w, https:\/\/4000mil.se\/wp-content\/uploads\/2024\/06\/IMG_3146.jpg 2048w\" sizes=\"auto, (max-width: 1024px) 100vw, 1024px\" \/><\/figure>\n\n\n\n<p>Regnet upph\u00f6r lika snabbt som det kom och nu spricker det till och med upp med sol och allt. Regnkl\u00e4derna skalas av igen och den sista str\u00e4ckan av vandringen blir lika behaglig som den f\u00f6rsta.<\/p>\n\n\n\n<p>Vi fick uppleva mycket p\u00e5 bara 2,2 kilometer idag.<\/p>\n\n\n\n<figure class=\"wp-block-image size-large\"><img loading=\"lazy\" decoding=\"async\" width=\"768\" height=\"1024\" src=\"https:\/\/4000mil.se\/wp-content\/uploads\/2024\/07\/IMG_3851-768x1024.jpeg\" alt=\"Stenk\u00e4llerundan\" class=\"wp-image-70572\" srcset=\"https:\/\/4000mil.se\/wp-content\/uploads\/2024\/07\/IMG_3851-768x1024.jpeg 768w, https:\/\/4000mil.se\/wp-content\/uploads\/2024\/07\/IMG_3851-225x300.jpeg 225w, https:\/\/4000mil.se\/wp-content\/uploads\/2024\/07\/IMG_3851-1152x1536.jpeg 1152w, https:\/\/4000mil.se\/wp-content\/uploads\/2024\/07\/IMG_3851-800x1067.jpeg 800w, https:\/\/4000mil.se\/wp-content\/uploads\/2024\/07\/IMG_3851.jpeg 1536w\" sizes=\"auto, (max-width: 768px) 100vw, 768px\" \/><\/figure>\n\n\n\n<h2 class=\"wp-block-heading\">Fakta om vandringen<\/h2>\n\n\n\n<p>Vi vandrar allts\u00e5 Stenk\u00e4llerundan idag. Det \u00e4r en cirkul\u00e4r vandring med start och slut vid huvudentr\u00e9n. Gul ledmarkering och 2,2 km l\u00e5ng. Vi \u00e4r ute i en dryg timme ungef\u00e4r. P\u00e5 Sveriges nationalparkers hemsida betecknas denna led som kr\u00e4vande, men vi skulle v\u00e4l mer ben\u00e4mna den som medel med plus i kanten. En vanlig skogsstig d\u00e4r man vid n\u00e5gra tillf\u00e4llen beh\u00f6ver kl\u00e4ttra lite p\u00e5 klippblock. <\/p>\n\n\n\n<figure class=\"wp-block-image size-large\"><img loading=\"lazy\" decoding=\"async\" width=\"1024\" height=\"683\" src=\"https:\/\/4000mil.se\/wp-content\/uploads\/2024\/06\/IMG_9924-1024x683.jpg\" alt=\"Stenk\u00e4llerundan\" class=\"wp-image-69576\" srcset=\"https:\/\/4000mil.se\/wp-content\/uploads\/2024\/06\/IMG_9924-1024x683.jpg 1024w, https:\/\/4000mil.se\/wp-content\/uploads\/2024\/06\/IMG_9924-300x200.jpg 300w, https:\/\/4000mil.se\/wp-content\/uploads\/2024\/06\/IMG_9924-768x512.jpg 768w, https:\/\/4000mil.se\/wp-content\/uploads\/2024\/06\/IMG_9924-1536x1024.jpg 1536w, https:\/\/4000mil.se\/wp-content\/uploads\/2024\/06\/IMG_9924-2000x1333.jpg 2000w, https:\/\/4000mil.se\/wp-content\/uploads\/2024\/06\/IMG_9924-800x533.jpg 800w, https:\/\/4000mil.se\/wp-content\/uploads\/2024\/06\/IMG_9924.jpg 2048w\" sizes=\"auto, (max-width: 1024px) 100vw, 1024px\" \/><\/figure>\n\n\n\n<h2 class=\"wp-block-heading\">Fakta om Tivedens nationalpark<\/h2>\n\n\n\n<p>Tiveden nationalpark \u00e4r en del av ett st\u00f6rre omr\u00e5de skog, Tivedenskogarna. Nationalparken blev till 1983. Omr\u00e5det \u00e4r ett av Sydsveriges vildaste skogar med blockmarker och upp till 10 meter h\u00f6ga klippblock som l\u00e4mnats h\u00e4r av inlandsisen.<\/p>\n\n\n\n<p>H\u00e4r finns ocks\u00e5 flera sj\u00f6ar med fina badm\u00f6jligheter.<\/p>\n\n\n\n<figure class=\"wp-block-image size-large\"><img loading=\"lazy\" decoding=\"async\" width=\"768\" height=\"1024\" src=\"https:\/\/4000mil.se\/wp-content\/uploads\/2024\/07\/IMG_3790-768x1024.jpeg\" alt=\"Stenk\u00e4llerundan\" class=\"wp-image-70570\" srcset=\"https:\/\/4000mil.se\/wp-content\/uploads\/2024\/07\/IMG_3790-768x1024.jpeg 768w, https:\/\/4000mil.se\/wp-content\/uploads\/2024\/07\/IMG_3790-225x300.jpeg 225w, https:\/\/4000mil.se\/wp-content\/uploads\/2024\/07\/IMG_3790-1152x1536.jpeg 1152w, https:\/\/4000mil.se\/wp-content\/uploads\/2024\/07\/IMG_3790-800x1067.jpeg 800w, https:\/\/4000mil.se\/wp-content\/uploads\/2024\/07\/IMG_3790.jpeg 1536w\" sizes=\"auto, (max-width: 768px) 100vw, 768px\" \/><\/figure>\n\n\n\n<p><strong>L\u00e4s ocks\u00e5:<\/strong> <a href=\"https:\/\/4000mil.se\/index.php\/norra-kvill-nationalpark\/\">Norra Kvill \u2013 storskogens och skogstj\u00e4rnarnas nationalpark<\/a><\/p>\n\n\n\n<p><\/p>\n\n\n\n<p>Missa inga inl\u00e4gg. Gl\u00f6m inte att&nbsp;<a href=\"https:\/\/www.facebook.com\/4000mil\/\" target=\"_blank\" rel=\"noreferrer noopener\">f\u00f6lja 4000mil p\u00e5 Facebook<\/a>&nbsp;och&nbsp;<a href=\"https:\/\/www.instagram.com\/4000mil.se\/\" target=\"_blank\" rel=\"noreferrer noopener\">p\u00e5 Instagram<\/a>.<\/p>\n\n\n\n<p><\/p>\n","protected":false},"excerpt":{"rendered":"<p>Tivendenskogarna har vi bes\u00f6kt f\u00f6rut. Vi har ju relativt ofta \u00e4renden \u00e5t det h\u00e4r h\u00e5llet i Sverige, eftersom min syster bor h\u00e4r. Men har vi varit i nationalparken? Fr\u00e5n b\u00f6rjan t\u00e4nker vi att ja, det har vi s\u00e4kert varit, men ju mer jag funderar p\u00e5 saken inser jag att Tiveden [&hellip;]<\/p>\n","protected":false},"author":3,"featured_media":69574,"comment_status":"open","ping_status":"open","sticky":false,"template":"","format":"standard","meta":{"_monsterinsights_skip_tracking":false,"_monsterinsights_sitenote_active":false,"_monsterinsights_sitenote_note":"","_monsterinsights_sitenote_category":0,"footnotes":""},"categories":[8,2],"tags":[11220,12682,12693],"class_list":["post-70086","post","type-post","status-publish","format-standard","has-post-thumbnail","hentry","category-sverige","category-vandring","tag-nationalparker","tag-vandring-i-sverige","tag-vastergotland"],"yoast_head":"<!-- This site is optimized with the Yoast SEO plugin v27.5 - https:\/\/yoast.com\/product\/yoast-seo-wordpress\/ -->\n<title>Tivedens nationalpark - vi vandrar Stenk\u00e4llerundan<\/title>\n<meta name=\"description\" content=\"Vi bes\u00f6ker Tivedens nationalpark och vandrar Stenk\u00e4llerundan, men lagom l\u00e5ng vandringsled med m\u00e5nga h\u00e4rliga klippblock l\u00e4ngs v\u00e4gen.\" \/>\n<meta name=\"robots\" content=\"index, follow, max-snippet:-1, max-image-preview:large, max-video-preview:-1\" \/>\n<link rel=\"canonical\" href=\"https:\/\/4000mil.se\/index.php\/tivedens-nationalpark-stenkallerundan\/\" \/>\n<meta property=\"og:locale\" content=\"sv_SE\" \/>\n<meta property=\"og:type\" content=\"article\" \/>\n<meta property=\"og:title\" content=\"Tivedens nationalpark - vi vandrar Stenk\u00e4llerundan\" \/>\n<meta property=\"og:description\" content=\"Vi bes\u00f6ker Tivedens nationalpark och vandrar Stenk\u00e4llerundan, men lagom l\u00e5ng vandringsled med m\u00e5nga h\u00e4rliga klippblock l\u00e4ngs v\u00e4gen.\" \/>\n<meta property=\"og:url\" content=\"https:\/\/4000mil.se\/index.php\/tivedens-nationalpark-stenkallerundan\/\" \/>\n<meta property=\"og:site_name\" content=\"4000 mil - en reseblogg\" \/>\n<meta property=\"article:publisher\" content=\"https:\/\/www.facebook.com\/4000mil\/\" \/>\n<meta property=\"article:published_time\" content=\"2024-07-14T04:45:00+00:00\" \/>\n<meta property=\"article:modified_time\" content=\"2024-07-19T14:25:29+00:00\" \/>\n<meta property=\"og:image\" content=\"https:\/\/4000mil.se\/wp-content\/uploads\/2024\/06\/IMG_9909.jpg\" \/>\n\t<meta property=\"og:image:width\" content=\"2048\" \/>\n\t<meta property=\"og:image:height\" content=\"1365\" \/>\n\t<meta property=\"og:image:type\" content=\"image\/jpeg\" \/>\n<meta name=\"author\" content=\"Gunilla Yourstone\" \/>\n<meta name=\"twitter:card\" content=\"summary_large_image\" \/>\n<meta name=\"twitter:creator\" content=\"@4000mil_se\" \/>\n<meta name=\"twitter:site\" content=\"@4000mil_se\" \/>\n<meta name=\"twitter:label1\" content=\"Skriven av\" \/>\n\t<meta name=\"twitter:data1\" content=\"Gunilla Yourstone\" \/>\n\t<meta name=\"twitter:label2\" content=\"Ber\u00e4knad l\u00e4stid\" \/>\n\t<meta name=\"twitter:data2\" content=\"6 minuter\" \/>\n<script type=\"application\/ld+json\" class=\"yoast-schema-graph\">{\"@context\":\"https:\\\/\\\/schema.org\",\"@graph\":[{\"@type\":\"Article\",\"@id\":\"https:\\\/\\\/4000mil.se\\\/index.php\\\/tivedens-nationalpark-stenkallerundan\\\/#article\",\"isPartOf\":{\"@id\":\"https:\\\/\\\/4000mil.se\\\/index.php\\\/tivedens-nationalpark-stenkallerundan\\\/\"},\"author\":{\"name\":\"Gunilla Yourstone\",\"@id\":\"https:\\\/\\\/4000mil.se\\\/#\\\/schema\\\/person\\\/cda463da9f6f2c4d9bbc173471184a73\"},\"headline\":\"Tivedens nationalpark &#8211; vi vandrar Stenk\u00e4llerundan\",\"datePublished\":\"2024-07-14T04:45:00+00:00\",\"dateModified\":\"2024-07-19T14:25:29+00:00\",\"mainEntityOfPage\":{\"@id\":\"https:\\\/\\\/4000mil.se\\\/index.php\\\/tivedens-nationalpark-stenkallerundan\\\/\"},\"wordCount\":594,\"commentCount\":0,\"publisher\":{\"@id\":\"https:\\\/\\\/4000mil.se\\\/#organization\"},\"image\":{\"@id\":\"https:\\\/\\\/4000mil.se\\\/index.php\\\/tivedens-nationalpark-stenkallerundan\\\/#primaryimage\"},\"thumbnailUrl\":\"https:\\\/\\\/4000mil.se\\\/wp-content\\\/uploads\\\/2024\\\/06\\\/IMG_9909.jpg\",\"keywords\":[\"nationalparker\",\"Vandring i Sverige\",\"V\u00e4sterg\u00f6tland\"],\"articleSection\":[\"Sverige\",\"Vandring\"],\"inLanguage\":\"sv-SE\",\"potentialAction\":[{\"@type\":\"CommentAction\",\"name\":\"Comment\",\"target\":[\"https:\\\/\\\/4000mil.se\\\/index.php\\\/tivedens-nationalpark-stenkallerundan\\\/#respond\"]}]},{\"@type\":\"WebPage\",\"@id\":\"https:\\\/\\\/4000mil.se\\\/index.php\\\/tivedens-nationalpark-stenkallerundan\\\/\",\"url\":\"https:\\\/\\\/4000mil.se\\\/index.php\\\/tivedens-nationalpark-stenkallerundan\\\/\",\"name\":\"Tivedens nationalpark - vi vandrar Stenk\u00e4llerundan\",\"isPartOf\":{\"@id\":\"https:\\\/\\\/4000mil.se\\\/#website\"},\"primaryImageOfPage\":{\"@id\":\"https:\\\/\\\/4000mil.se\\\/index.php\\\/tivedens-nationalpark-stenkallerundan\\\/#primaryimage\"},\"image\":{\"@id\":\"https:\\\/\\\/4000mil.se\\\/index.php\\\/tivedens-nationalpark-stenkallerundan\\\/#primaryimage\"},\"thumbnailUrl\":\"https:\\\/\\\/4000mil.se\\\/wp-content\\\/uploads\\\/2024\\\/06\\\/IMG_9909.jpg\",\"datePublished\":\"2024-07-14T04:45:00+00:00\",\"dateModified\":\"2024-07-19T14:25:29+00:00\",\"description\":\"Vi bes\u00f6ker Tivedens nationalpark och vandrar Stenk\u00e4llerundan, men lagom l\u00e5ng vandringsled med m\u00e5nga h\u00e4rliga klippblock l\u00e4ngs v\u00e4gen.\",\"breadcrumb\":{\"@id\":\"https:\\\/\\\/4000mil.se\\\/index.php\\\/tivedens-nationalpark-stenkallerundan\\\/#breadcrumb\"},\"inLanguage\":\"sv-SE\",\"potentialAction\":[{\"@type\":\"ReadAction\",\"target\":[\"https:\\\/\\\/4000mil.se\\\/index.php\\\/tivedens-nationalpark-stenkallerundan\\\/\"]}]},{\"@type\":\"ImageObject\",\"inLanguage\":\"sv-SE\",\"@id\":\"https:\\\/\\\/4000mil.se\\\/index.php\\\/tivedens-nationalpark-stenkallerundan\\\/#primaryimage\",\"url\":\"https:\\\/\\\/4000mil.se\\\/wp-content\\\/uploads\\\/2024\\\/06\\\/IMG_9909.jpg\",\"contentUrl\":\"https:\\\/\\\/4000mil.se\\\/wp-content\\\/uploads\\\/2024\\\/06\\\/IMG_9909.jpg\",\"width\":2048,\"height\":1365},{\"@type\":\"BreadcrumbList\",\"@id\":\"https:\\\/\\\/4000mil.se\\\/index.php\\\/tivedens-nationalpark-stenkallerundan\\\/#breadcrumb\",\"itemListElement\":[{\"@type\":\"ListItem\",\"position\":1,\"name\":\"Home\",\"item\":\"https:\\\/\\\/4000mil.se\\\/\"},{\"@type\":\"ListItem\",\"position\":2,\"name\":\"Tivedens nationalpark &#8211; vi vandrar Stenk\u00e4llerundan\"}]},{\"@type\":\"WebSite\",\"@id\":\"https:\\\/\\\/4000mil.se\\\/#website\",\"url\":\"https:\\\/\\\/4000mil.se\\\/\",\"name\":\"4000 mil - en reseblogg\",\"description\":\"We haven&#039;t been everywhere, but it is on our list.\",\"publisher\":{\"@id\":\"https:\\\/\\\/4000mil.se\\\/#organization\"},\"potentialAction\":[{\"@type\":\"SearchAction\",\"target\":{\"@type\":\"EntryPoint\",\"urlTemplate\":\"https:\\\/\\\/4000mil.se\\\/?s={search_term_string}\"},\"query-input\":{\"@type\":\"PropertyValueSpecification\",\"valueRequired\":true,\"valueName\":\"search_term_string\"}}],\"inLanguage\":\"sv-SE\"},{\"@type\":\"Organization\",\"@id\":\"https:\\\/\\\/4000mil.se\\\/#organization\",\"name\":\"4000mil\",\"url\":\"https:\\\/\\\/4000mil.se\\\/\",\"logo\":{\"@type\":\"ImageObject\",\"inLanguage\":\"sv-SE\",\"@id\":\"https:\\\/\\\/4000mil.se\\\/#\\\/schema\\\/logo\\\/image\\\/\",\"url\":\"https:\\\/\\\/4000mil.se\\\/wp-content\\\/uploads\\\/2017\\\/07\\\/rsz_img_5178-e1511641744338.jpg\",\"contentUrl\":\"https:\\\/\\\/4000mil.se\\\/wp-content\\\/uploads\\\/2017\\\/07\\\/rsz_img_5178-e1511641744338.jpg\",\"width\":1000,\"height\":667,\"caption\":\"4000mil\"},\"image\":{\"@id\":\"https:\\\/\\\/4000mil.se\\\/#\\\/schema\\\/logo\\\/image\\\/\"},\"sameAs\":[\"https:\\\/\\\/www.facebook.com\\\/4000mil\\\/\",\"https:\\\/\\\/x.com\\\/4000mil_se\",\"https:\\\/\\\/www.instagram.com\\\/4000mil.se\\\/\",\"https:\\\/\\\/www.youtube.com\\\/channel\\\/UCJ-arZd2a7dT4Kqq5GtVbXQ\"]},{\"@type\":\"Person\",\"@id\":\"https:\\\/\\\/4000mil.se\\\/#\\\/schema\\\/person\\\/cda463da9f6f2c4d9bbc173471184a73\",\"name\":\"Gunilla Yourstone\",\"image\":{\"@type\":\"ImageObject\",\"inLanguage\":\"sv-SE\",\"@id\":\"https:\\\/\\\/secure.gravatar.com\\\/avatar\\\/2df85d0820b33bffdd86a729d25273c6153c1cc9b1338f26ef0c98d01163520d?s=96&d=mm&r=g\",\"url\":\"https:\\\/\\\/secure.gravatar.com\\\/avatar\\\/2df85d0820b33bffdd86a729d25273c6153c1cc9b1338f26ef0c98d01163520d?s=96&d=mm&r=g\",\"contentUrl\":\"https:\\\/\\\/secure.gravatar.com\\\/avatar\\\/2df85d0820b33bffdd86a729d25273c6153c1cc9b1338f26ef0c98d01163520d?s=96&d=mm&r=g\",\"caption\":\"Gunilla Yourstone\"},\"url\":\"https:\\\/\\\/4000mil.se\\\/index.php\\\/author\\\/gunillay\\\/\"}]}<\/script>\n<!-- \/ Yoast SEO plugin. -->","yoast_head_json":{"title":"Tivedens nationalpark - vi vandrar Stenk\u00e4llerundan","description":"Vi bes\u00f6ker Tivedens nationalpark och vandrar Stenk\u00e4llerundan, men lagom l\u00e5ng vandringsled med m\u00e5nga h\u00e4rliga klippblock l\u00e4ngs v\u00e4gen.","robots":{"index":"index","follow":"follow","max-snippet":"max-snippet:-1","max-image-preview":"max-image-preview:large","max-video-preview":"max-video-preview:-1"},"canonical":"https:\/\/4000mil.se\/index.php\/tivedens-nationalpark-stenkallerundan\/","og_locale":"sv_SE","og_type":"article","og_title":"Tivedens nationalpark - vi vandrar Stenk\u00e4llerundan","og_description":"Vi bes\u00f6ker Tivedens nationalpark och vandrar Stenk\u00e4llerundan, men lagom l\u00e5ng vandringsled med m\u00e5nga h\u00e4rliga klippblock l\u00e4ngs v\u00e4gen.","og_url":"https:\/\/4000mil.se\/index.php\/tivedens-nationalpark-stenkallerundan\/","og_site_name":"4000 mil - en reseblogg","article_publisher":"https:\/\/www.facebook.com\/4000mil\/","article_published_time":"2024-07-14T04:45:00+00:00","article_modified_time":"2024-07-19T14:25:29+00:00","og_image":[{"width":2048,"height":1365,"url":"https:\/\/4000mil.se\/wp-content\/uploads\/2024\/06\/IMG_9909.jpg","type":"image\/jpeg"}],"author":"Gunilla Yourstone","twitter_card":"summary_large_image","twitter_creator":"@4000mil_se","twitter_site":"@4000mil_se","twitter_misc":{"Skriven av":"Gunilla Yourstone","Ber\u00e4knad l\u00e4stid":"6 minuter"},"schema":{"@context":"https:\/\/schema.org","@graph":[{"@type":"Article","@id":"https:\/\/4000mil.se\/index.php\/tivedens-nationalpark-stenkallerundan\/#article","isPartOf":{"@id":"https:\/\/4000mil.se\/index.php\/tivedens-nationalpark-stenkallerundan\/"},"author":{"name":"Gunilla Yourstone","@id":"https:\/\/4000mil.se\/#\/schema\/person\/cda463da9f6f2c4d9bbc173471184a73"},"headline":"Tivedens nationalpark &#8211; vi vandrar Stenk\u00e4llerundan","datePublished":"2024-07-14T04:45:00+00:00","dateModified":"2024-07-19T14:25:29+00:00","mainEntityOfPage":{"@id":"https:\/\/4000mil.se\/index.php\/tivedens-nationalpark-stenkallerundan\/"},"wordCount":594,"commentCount":0,"publisher":{"@id":"https:\/\/4000mil.se\/#organization"},"image":{"@id":"https:\/\/4000mil.se\/index.php\/tivedens-nationalpark-stenkallerundan\/#primaryimage"},"thumbnailUrl":"https:\/\/4000mil.se\/wp-content\/uploads\/2024\/06\/IMG_9909.jpg","keywords":["nationalparker","Vandring i Sverige","V\u00e4sterg\u00f6tland"],"articleSection":["Sverige","Vandring"],"inLanguage":"sv-SE","potentialAction":[{"@type":"CommentAction","name":"Comment","target":["https:\/\/4000mil.se\/index.php\/tivedens-nationalpark-stenkallerundan\/#respond"]}]},{"@type":"WebPage","@id":"https:\/\/4000mil.se\/index.php\/tivedens-nationalpark-stenkallerundan\/","url":"https:\/\/4000mil.se\/index.php\/tivedens-nationalpark-stenkallerundan\/","name":"Tivedens nationalpark - vi vandrar Stenk\u00e4llerundan","isPartOf":{"@id":"https:\/\/4000mil.se\/#website"},"primaryImageOfPage":{"@id":"https:\/\/4000mil.se\/index.php\/tivedens-nationalpark-stenkallerundan\/#primaryimage"},"image":{"@id":"https:\/\/4000mil.se\/index.php\/tivedens-nationalpark-stenkallerundan\/#primaryimage"},"thumbnailUrl":"https:\/\/4000mil.se\/wp-content\/uploads\/2024\/06\/IMG_9909.jpg","datePublished":"2024-07-14T04:45:00+00:00","dateModified":"2024-07-19T14:25:29+00:00","description":"Vi bes\u00f6ker Tivedens nationalpark och vandrar Stenk\u00e4llerundan, men lagom l\u00e5ng vandringsled med m\u00e5nga h\u00e4rliga klippblock l\u00e4ngs v\u00e4gen.","breadcrumb":{"@id":"https:\/\/4000mil.se\/index.php\/tivedens-nationalpark-stenkallerundan\/#breadcrumb"},"inLanguage":"sv-SE","potentialAction":[{"@type":"ReadAction","target":["https:\/\/4000mil.se\/index.php\/tivedens-nationalpark-stenkallerundan\/"]}]},{"@type":"ImageObject","inLanguage":"sv-SE","@id":"https:\/\/4000mil.se\/index.php\/tivedens-nationalpark-stenkallerundan\/#primaryimage","url":"https:\/\/4000mil.se\/wp-content\/uploads\/2024\/06\/IMG_9909.jpg","contentUrl":"https:\/\/4000mil.se\/wp-content\/uploads\/2024\/06\/IMG_9909.jpg","width":2048,"height":1365},{"@type":"BreadcrumbList","@id":"https:\/\/4000mil.se\/index.php\/tivedens-nationalpark-stenkallerundan\/#breadcrumb","itemListElement":[{"@type":"ListItem","position":1,"name":"Home","item":"https:\/\/4000mil.se\/"},{"@type":"ListItem","position":2,"name":"Tivedens nationalpark &#8211; vi vandrar Stenk\u00e4llerundan"}]},{"@type":"WebSite","@id":"https:\/\/4000mil.se\/#website","url":"https:\/\/4000mil.se\/","name":"4000 mil - en reseblogg","description":"We haven&#039;t been everywhere, but it is on our list.","publisher":{"@id":"https:\/\/4000mil.se\/#organization"},"potentialAction":[{"@type":"SearchAction","target":{"@type":"EntryPoint","urlTemplate":"https:\/\/4000mil.se\/?s={search_term_string}"},"query-input":{"@type":"PropertyValueSpecification","valueRequired":true,"valueName":"search_term_string"}}],"inLanguage":"sv-SE"},{"@type":"Organization","@id":"https:\/\/4000mil.se\/#organization","name":"4000mil","url":"https:\/\/4000mil.se\/","logo":{"@type":"ImageObject","inLanguage":"sv-SE","@id":"https:\/\/4000mil.se\/#\/schema\/logo\/image\/","url":"https:\/\/4000mil.se\/wp-content\/uploads\/2017\/07\/rsz_img_5178-e1511641744338.jpg","contentUrl":"https:\/\/4000mil.se\/wp-content\/uploads\/2017\/07\/rsz_img_5178-e1511641744338.jpg","width":1000,"height":667,"caption":"4000mil"},"image":{"@id":"https:\/\/4000mil.se\/#\/schema\/logo\/image\/"},"sameAs":["https:\/\/www.facebook.com\/4000mil\/","https:\/\/x.com\/4000mil_se","https:\/\/www.instagram.com\/4000mil.se\/","https:\/\/www.youtube.com\/channel\/UCJ-arZd2a7dT4Kqq5GtVbXQ"]},{"@type":"Person","@id":"https:\/\/4000mil.se\/#\/schema\/person\/cda463da9f6f2c4d9bbc173471184a73","name":"Gunilla Yourstone","image":{"@type":"ImageObject","inLanguage":"sv-SE","@id":"https:\/\/secure.gravatar.com\/avatar\/2df85d0820b33bffdd86a729d25273c6153c1cc9b1338f26ef0c98d01163520d?s=96&d=mm&r=g","url":"https:\/\/secure.gravatar.com\/avatar\/2df85d0820b33bffdd86a729d25273c6153c1cc9b1338f26ef0c98d01163520d?s=96&d=mm&r=g","contentUrl":"https:\/\/secure.gravatar.com\/avatar\/2df85d0820b33bffdd86a729d25273c6153c1cc9b1338f26ef0c98d01163520d?s=96&d=mm&r=g","caption":"Gunilla Yourstone"},"url":"https:\/\/4000mil.se\/index.php\/author\/gunillay\/"}]}},"_links":{"self":[{"href":"https:\/\/4000mil.se\/index.php\/wp-json\/wp\/v2\/posts\/70086","targetHints":{"allow":["GET"]}}],"collection":[{"href":"https:\/\/4000mil.se\/index.php\/wp-json\/wp\/v2\/posts"}],"about":[{"href":"https:\/\/4000mil.se\/index.php\/wp-json\/wp\/v2\/types\/post"}],"author":[{"embeddable":true,"href":"https:\/\/4000mil.se\/index.php\/wp-json\/wp\/v2\/users\/3"}],"replies":[{"embeddable":true,"href":"https:\/\/4000mil.se\/index.php\/wp-json\/wp\/v2\/comments?post=70086"}],"version-history":[{"count":19,"href":"https:\/\/4000mil.se\/index.php\/wp-json\/wp\/v2\/posts\/70086\/revisions"}],"predecessor-version":[{"id":70890,"href":"https:\/\/4000mil.se\/index.php\/wp-json\/wp\/v2\/posts\/70086\/revisions\/70890"}],"wp:featuredmedia":[{"embeddable":true,"href":"https:\/\/4000mil.se\/index.php\/wp-json\/wp\/v2\/media\/69574"}],"wp:attachment":[{"href":"https:\/\/4000mil.se\/index.php\/wp-json\/wp\/v2\/media?parent=70086"}],"wp:term":[{"taxonomy":"category","embeddable":true,"href":"https:\/\/4000mil.se\/index.php\/wp-json\/wp\/v2\/categories?post=70086"},{"taxonomy":"post_tag","embeddable":true,"href":"https:\/\/4000mil.se\/index.php\/wp-json\/wp\/v2\/tags?post=70086"}],"curies":[{"name":"wp","href":"https:\/\/api.w.org\/{rel}","templated":true}]}}