{"id":78438,"date":"2026-03-19T06:00:00","date_gmt":"2026-03-19T05:00:00","guid":{"rendered":"https:\/\/4000mil.se\/?p=78438"},"modified":"2026-03-21T16:14:31","modified_gmt":"2026-03-21T15:14:31","slug":"pask-pa-gran-canaria-semana-santa","status":"publish","type":"post","link":"https:\/\/4000mil.se\/index.php\/pask-pa-gran-canaria-semana-santa\/","title":{"rendered":"P\u00e5sk p\u00e5 Gran Canaria &#8211; en guide till Semana Santa"},"content":{"rendered":"\n<p>P\u00e5sken i den katolska delen av v\u00e4rlden \u00e4r n\u00e5got helt annat \u00e4n vad vi svenskar \u00e4r vana vid. H\u00e4r firas det stort i en dryg vecka med extravaganta processioner runt om i st\u00e4der och byar.<\/p>\n\n\n\n<p>Det hade l\u00e4nge varit en dr\u00f6m f\u00f6r mig att n\u00e5gon g\u00e5ng f\u00e5 uppleva p\u00e5sken i n\u00e5got katolskt land, n\u00e4r vi bokade v\u00e5r resa till Gran Canaria \u00f6ver p\u00e5sk f\u00f6r ett par \u00e5r sedan. <\/p>\n\n\n\n<figure class=\"wp-block-image size-large\"><img loading=\"lazy\" decoding=\"async\" width=\"1024\" height=\"768\" src=\"https:\/\/4000mil.se\/wp-content\/uploads\/2026\/03\/IMG_0242-1024x768.jpeg\" alt=\"\" class=\"wp-image-85874\" srcset=\"https:\/\/4000mil.se\/wp-content\/uploads\/2026\/03\/IMG_0242-1024x768.jpeg 1024w, https:\/\/4000mil.se\/wp-content\/uploads\/2026\/03\/IMG_0242-300x225.jpeg 300w, https:\/\/4000mil.se\/wp-content\/uploads\/2026\/03\/IMG_0242-768x576.jpeg 768w, https:\/\/4000mil.se\/wp-content\/uploads\/2026\/03\/IMG_0242-1536x1152.jpeg 1536w, https:\/\/4000mil.se\/wp-content\/uploads\/2026\/03\/IMG_0242-2000x1500.jpeg 2000w, https:\/\/4000mil.se\/wp-content\/uploads\/2026\/03\/IMG_0242-800x600.jpeg 800w, https:\/\/4000mil.se\/wp-content\/uploads\/2026\/03\/IMG_0242.jpeg 2048w\" sizes=\"auto, (max-width: 1024px) 100vw, 1024px\" \/><\/figure>\n\n\n\n<p>Skulle en s\u00e5 pass turistifierad plats som Gran Canaria kunna uppfylla mina p\u00e5sk-processionsdr\u00f6mmar? En period av intensivt googlande och ett samtal med en v\u00e4n med lokalk\u00e4nnedom gav mig svaret. Gran Canaria satsar lika stort p\u00e5 p\u00e5sken som vilken annan katolsk plats som helst. H\u00e4r skulle jag kunna hitta allt jag dr\u00f6mt om processionsledes. P\u00e5 Gran Canaria \u00e4r firandet faktiskt mer lokalt och genuint \u00e4n i m\u00e5nga spanska storst\u00e4der.<\/p>\n\n\n\n<p>S\u00e5 h\u00e4r g\u00f6r man f\u00f6r att p\u00e5sk-processions-maxa sin Gran Canaria resa.<\/p>\n\n\n\n<figure class=\"wp-block-image size-large\"><img loading=\"lazy\" decoding=\"async\" width=\"768\" height=\"1024\" src=\"https:\/\/4000mil.se\/wp-content\/uploads\/2024\/03\/IMG_0200-768x1024.jpeg\" alt=\"\" class=\"wp-image-67678\" srcset=\"https:\/\/4000mil.se\/wp-content\/uploads\/2024\/03\/IMG_0200-768x1024.jpeg 768w, https:\/\/4000mil.se\/wp-content\/uploads\/2024\/03\/IMG_0200-225x300.jpeg 225w, https:\/\/4000mil.se\/wp-content\/uploads\/2024\/03\/IMG_0200-1152x1536.jpeg 1152w, https:\/\/4000mil.se\/wp-content\/uploads\/2024\/03\/IMG_0200-800x1067.jpeg 800w, https:\/\/4000mil.se\/wp-content\/uploads\/2024\/03\/IMG_0200.jpeg 1536w\" sizes=\"auto, (max-width: 768px) 100vw, 768px\" \/><\/figure>\n\n\n\n<p><\/p>\n\n\n\n<h2 class=\"wp-block-heading\">Semana Santa<\/h2>\n\n\n\n<p>P\u00e5skfirandet i Spanien kallas <strong>Semana Santa<\/strong>. Det betyder heliga veckan och best\u00e5r av religi\u00f6sa processioner d\u00e4r stora statyer av Jesus och Jungfru Maria b\u00e4rs genom st\u00e4derna. Traditionen g\u00e5r flera hundra \u00e5r tillbaka och sker i m\u00e5nga st\u00e4der p\u00e5 Gran Canaria.<\/p>\n\n\n\n<p>Processionerna best\u00e5r ofta av religi\u00f6sa br\u00f6draskap i k\u00e5por och huvor, orkestrar och stora plattformar med helgonstatyer.<\/p>\n\n\n\n<figure class=\"wp-block-image size-large\"><img loading=\"lazy\" decoding=\"async\" width=\"1024\" height=\"768\" src=\"https:\/\/4000mil.se\/wp-content\/uploads\/2024\/03\/IMG_0219-1024x768.jpeg\" alt=\"P\u00e5sk p\u00e5 Gran Canaria\" class=\"wp-image-67675\" srcset=\"https:\/\/4000mil.se\/wp-content\/uploads\/2024\/03\/IMG_0219-1024x768.jpeg 1024w, https:\/\/4000mil.se\/wp-content\/uploads\/2024\/03\/IMG_0219-300x225.jpeg 300w, https:\/\/4000mil.se\/wp-content\/uploads\/2024\/03\/IMG_0219-768x576.jpeg 768w, https:\/\/4000mil.se\/wp-content\/uploads\/2024\/03\/IMG_0219-1536x1152.jpeg 1536w, https:\/\/4000mil.se\/wp-content\/uploads\/2024\/03\/IMG_0219-2000x1500.jpeg 2000w, https:\/\/4000mil.se\/wp-content\/uploads\/2024\/03\/IMG_0219-800x600.jpeg 800w, https:\/\/4000mil.se\/wp-content\/uploads\/2024\/03\/IMG_0219.jpeg 2048w\" sizes=\"auto, (max-width: 1024px) 100vw, 1024px\" \/><\/figure>\n\n\n\n<p><\/p>\n\n\n\n<h2 class=\"wp-block-heading\">De viktigaste dagarna under p\u00e5skveckan<\/h2>\n\n\n\n<h3 class=\"wp-block-heading\">Palms\u00f6ndag \u2013 Domingo de Ramos<\/h3>\n\n\n\n<p>Palms\u00f6ndagen utg\u00f6r starten p\u00e5 p\u00e5skveckan. Typiskt f\u00f6r denna dag \u00e4r processioner p\u00e5 f\u00f6rmiddagen, deltagare med palmblad och plattformar med Jesus ridande p\u00e5 en \u00e5sna. Detta eftersom den riktiga Jesus ju red in i Jerusalem p\u00e5 en \u00e5sna under palms\u00f6ndagen. &#8221;<em>Str\u00f6 palmer, bred ut kl\u00e4der&#8221;<\/em> som det sjungs i &#8221;Hosianna David son&#8221;.<\/p>\n\n\n\n<figure class=\"wp-block-image size-large\"><img loading=\"lazy\" decoding=\"async\" width=\"1024\" height=\"768\" src=\"https:\/\/4000mil.se\/wp-content\/uploads\/2024\/03\/IMG_0077-1024x768.jpeg\" alt=\"P\u00e5sk p\u00e5 Gran Canaria\" class=\"wp-image-67681\" srcset=\"https:\/\/4000mil.se\/wp-content\/uploads\/2024\/03\/IMG_0077-1024x768.jpeg 1024w, https:\/\/4000mil.se\/wp-content\/uploads\/2024\/03\/IMG_0077-300x225.jpeg 300w, https:\/\/4000mil.se\/wp-content\/uploads\/2024\/03\/IMG_0077-768x576.jpeg 768w, https:\/\/4000mil.se\/wp-content\/uploads\/2024\/03\/IMG_0077-1536x1152.jpeg 1536w, https:\/\/4000mil.se\/wp-content\/uploads\/2024\/03\/IMG_0077-2000x1500.jpeg 2000w, https:\/\/4000mil.se\/wp-content\/uploads\/2024\/03\/IMG_0077-800x600.jpeg 800w, https:\/\/4000mil.se\/wp-content\/uploads\/2024\/03\/IMG_0077.jpeg 2048w\" sizes=\"auto, (max-width: 1024px) 100vw, 1024px\" \/><\/figure>\n\n\n\n<h3 class=\"wp-block-heading\">Dymmelondag \u2013 Mi\u00e9rcoles Santo<\/h3>\n\n\n\n<p>Efter att m\u00e5ndag, tisdag \u00e4r r\u00e4tt lugna, drar det ig\u00e5ng igen p\u00e5 onsdagen med kv\u00e4llsprocessioner.<\/p>\n\n\n\n<h3 class=\"wp-block-heading\">Sk\u00e4rtorsdag \u2013 Jueves Santo<\/h3>\n\n\n\n<p>Detta \u00e4r en av de viktigaste dagarna. Nu \u00e4r det dramatiska kv\u00e4llsprocessioner, mycket musik och stora statyer.<\/p>\n\n\n\n<h3 class=\"wp-block-heading\">L\u00e5ngfredagen \u2013 Viernes Santo<\/h3>\n\n\n\n<p>Detta \u00e4r den mest h\u00f6gtidliga dagen. idag \u00e4r det vanligt med dels processioner p\u00e5 morgonen och dels begravningsliknande processioner p\u00e5 kv\u00e4llen.<\/p>\n\n\n\n<h3 class=\"wp-block-heading\">P\u00e5skdagen \u2013 Domingo de Resurrecci\u00f3n<\/h3>\n\n\n\n<p>Nu har ju Jesus \u00e5teruppst\u00e5tt, s\u00e5 nu \u00e4r det mycket mer gl\u00e4djefull st\u00e4mning i processionerna. Inga dysterkvistar g\u00f6re sig besv\u00e4r.<\/p>\n\n\n\n<figure class=\"wp-block-image size-large\"><img loading=\"lazy\" decoding=\"async\" width=\"1024\" height=\"768\" src=\"https:\/\/4000mil.se\/wp-content\/uploads\/2026\/03\/IMG_0186-1024x768.jpeg\" alt=\"P\u00e5sk p\u00e5 Gran Canaria\" class=\"wp-image-85873\" srcset=\"https:\/\/4000mil.se\/wp-content\/uploads\/2026\/03\/IMG_0186-1024x768.jpeg 1024w, https:\/\/4000mil.se\/wp-content\/uploads\/2026\/03\/IMG_0186-300x225.jpeg 300w, https:\/\/4000mil.se\/wp-content\/uploads\/2026\/03\/IMG_0186-768x576.jpeg 768w, https:\/\/4000mil.se\/wp-content\/uploads\/2026\/03\/IMG_0186-1536x1152.jpeg 1536w, https:\/\/4000mil.se\/wp-content\/uploads\/2026\/03\/IMG_0186-2000x1500.jpeg 2000w, https:\/\/4000mil.se\/wp-content\/uploads\/2026\/03\/IMG_0186-800x600.jpeg 800w, https:\/\/4000mil.se\/wp-content\/uploads\/2026\/03\/IMG_0186.jpeg 2048w\" sizes=\"auto, (max-width: 1024px) 100vw, 1024px\" \/><\/figure>\n\n\n\n<p><\/p>\n\n\n\n<h2 class=\"wp-block-heading\">Var \u00e4r processionerna b\u00e4st p\u00e5 Gran Canaria?<\/h2>\n\n\n\n<h3 class=\"wp-block-heading\">1. Las Palmas de Gran Canaria \u2013 st\u00f6rst och flest<\/h3>\n\n\n\n<p>Den mest k\u00e4nda Semana Santa p\u00e5 \u00f6n sker i <strong>Vegueta<\/strong>, den historiska stadsdelen i Las palmas.<\/p>\n\n\n\n<p>Typiska processioner h\u00e4r \u00e4r tex<\/p>\n\n\n\n<ul class=\"wp-block-list\">\n<li>Palms\u00f6ndagen (Domingo de Ramos), Denna procession startar ofta vid kyrkan Santo Domingo <\/li>\n\n\n\n<li>Dymmelonsdag &#8211; olika kv\u00e4llsprocessioner<\/li>\n\n\n\n<li>Sk\u00e4rtorsdag &#8211; en av de st\u00f6rsta processionerna<\/li>\n\n\n\n<li>L\u00e5ngfredag \u2013 flera processioner under dagen, t.ex. <strong>\u201cSanto Encuentro de Cristo\u201d<\/strong>, d\u00e4r statyer av Jesus och Maria m\u00f6ts p\u00e5 Plaza de Santa Ana framf\u00f6r katedralen.<\/li>\n<\/ul>\n\n\n\n<figure class=\"wp-block-image size-large\"><img loading=\"lazy\" decoding=\"async\" width=\"768\" height=\"1024\" src=\"https:\/\/4000mil.se\/wp-content\/uploads\/2024\/03\/IMG_0234-768x1024.jpeg\" alt=\"P\u00e5sk p\u00e5 Gran Canaria\" class=\"wp-image-67676\" srcset=\"https:\/\/4000mil.se\/wp-content\/uploads\/2024\/03\/IMG_0234-768x1024.jpeg 768w, https:\/\/4000mil.se\/wp-content\/uploads\/2024\/03\/IMG_0234-225x300.jpeg 225w, https:\/\/4000mil.se\/wp-content\/uploads\/2024\/03\/IMG_0234-1152x1536.jpeg 1152w, https:\/\/4000mil.se\/wp-content\/uploads\/2024\/03\/IMG_0234-800x1067.jpeg 800w, https:\/\/4000mil.se\/wp-content\/uploads\/2024\/03\/IMG_0234.jpeg 1536w\" sizes=\"auto, (max-width: 768px) 100vw, 768px\" \/><\/figure>\n\n\n\n<h3 class=\"wp-block-heading\">2. Arucas \u2013 dramatisk milj\u00f6<\/h3>\n\n\n\n<p>Arucas, norr om Las Palmas, har n\u00e5gra av de mest st\u00e4mningsfulla processionerna eftersom de g\u00e5r runt den stora<strong> <\/strong>kyrkan<strong> San Juan Bautista<\/strong>.<br>H\u00e4r \u00e4r processionerna mindre och mer lokala, samt p\u00e5g\u00e5r ofta p\u00e5 kv\u00e4llen.<\/p>\n\n\n\n<h3 class=\"wp-block-heading\">3. Ag\u00fcimes \u2013 traditionell Semana Santa<\/h3>\n\n\n\n<p>Ag\u00fcimes p\u00e5skfirande anses av m\u00e5nga vara den mest traditionella p\u00e5 \u00f6n. S\u00e4rskilt k\u00e4nd \u00e4r <strong>Via Crucis <\/strong> p\u00e5 l\u00e5ngfredagen med deltagare i historiska dr\u00e4kter.<\/p>\n\n\n\n<h3 class=\"wp-block-heading\">4. G\u00e1ldar<\/h3>\n\n\n\n<p>H\u00e4r h\u00e5lls processioner kring <strong>Santiago de los Caballeros-kyrkan<\/strong>.<br>Bra alternativ om man bor i Agaete eller Puerto de las Nieves<\/p>\n\n\n\n<h3 class=\"wp-block-heading\">5. Telde<\/h3>\n\n\n\n<p>Detta \u00e4r en doldis i sammanhanget. Hit ska du \u00e5ka om du vill se n\u00e5got v\u00e4ldigt lokalt. H\u00e4r slipper du andra turister och uppleva mer stillsam religi\u00f6s st\u00e4mning.<\/p>\n\n\n\n<figure class=\"wp-block-image size-large\"><img loading=\"lazy\" decoding=\"async\" width=\"1024\" height=\"682\" src=\"https:\/\/4000mil.se\/wp-content\/uploads\/2026\/03\/ursus612-semana-santa-3807528_1280-1024x682.jpg\" alt=\"\" class=\"wp-image-85875\" srcset=\"https:\/\/4000mil.se\/wp-content\/uploads\/2026\/03\/ursus612-semana-santa-3807528_1280-1024x682.jpg 1024w, https:\/\/4000mil.se\/wp-content\/uploads\/2026\/03\/ursus612-semana-santa-3807528_1280-300x200.jpg 300w, https:\/\/4000mil.se\/wp-content\/uploads\/2026\/03\/ursus612-semana-santa-3807528_1280-768x512.jpg 768w, https:\/\/4000mil.se\/wp-content\/uploads\/2026\/03\/ursus612-semana-santa-3807528_1280-800x533.jpg 800w, https:\/\/4000mil.se\/wp-content\/uploads\/2026\/03\/ursus612-semana-santa-3807528_1280-370x245.jpg 370w, https:\/\/4000mil.se\/wp-content\/uploads\/2026\/03\/ursus612-semana-santa-3807528_1280.jpg 1280w\" sizes=\"auto, (max-width: 1024px) 100vw, 1024px\" \/><\/figure>\n\n\n\n<p><\/p>\n\n\n\n<h2 class=\"wp-block-heading\">N\u00e4r p\u00e5 dagen sker processionerna?<\/h2>\n\n\n\n<p>Det finns precessioner b\u00e5de p\u00e5 morgonen, p\u00e5 eftermiddagen, kv\u00e4llen och under sen kv\u00e4ll. Kv\u00e4llsprocessionerna \u00e4r ofta de st\u00f6rsta och mest dramatiska. Sen kv\u00e4ll \u00e4r det l\u00e5ngsamma h\u00f6gtidliga processioner.<\/p>\n\n\n\n<figure class=\"wp-block-image size-large\"><img loading=\"lazy\" decoding=\"async\" width=\"1024\" height=\"683\" src=\"https:\/\/4000mil.se\/wp-content\/uploads\/2026\/03\/IMG_9480_edited-1024x683.jpg\" alt=\"P\u00e5sk p\u00e5 Gran Canaria\" class=\"wp-image-85877\" srcset=\"https:\/\/4000mil.se\/wp-content\/uploads\/2026\/03\/IMG_9480_edited-1024x683.jpg 1024w, https:\/\/4000mil.se\/wp-content\/uploads\/2026\/03\/IMG_9480_edited-300x200.jpg 300w, https:\/\/4000mil.se\/wp-content\/uploads\/2026\/03\/IMG_9480_edited-768x512.jpg 768w, https:\/\/4000mil.se\/wp-content\/uploads\/2026\/03\/IMG_9480_edited-1536x1025.jpg 1536w, https:\/\/4000mil.se\/wp-content\/uploads\/2026\/03\/IMG_9480_edited-2000x1334.jpg 2000w, https:\/\/4000mil.se\/wp-content\/uploads\/2026\/03\/IMG_9480_edited-800x534.jpg 800w, https:\/\/4000mil.se\/wp-content\/uploads\/2026\/03\/IMG_9480_edited.jpg 2048w\" sizes=\"auto, (max-width: 1024px) 100vw, 1024px\" \/><\/figure>\n\n\n\n<p><\/p>\n\n\n\n<h2 class=\"wp-block-heading\">Bra sajter f\u00f6r \u00e5rets program<\/h2>\n\n\n\n<ul class=\"wp-block-list\">\n<li><strong><a href=\"https:\/\/thecanaryguide.com\" type=\"link\" id=\"https:\/\/thecanaryguide.com\" target=\"_blank\" rel=\"noreferrer noopener\">1. The Canary Guide<\/a><\/strong><\/li>\n\n\n\n<li><strong><a href=\"https:\/\/lpavisit.com\" type=\"link\" id=\"https:\/\/lpavisit.com\" target=\"_blank\" rel=\"noreferrer noopener\">2. Las Palmas turistkontor<\/a><\/strong><\/li>\n\n\n\n<li><strong><a href=\"https:\/\/www.grancanaria.com\" type=\"link\" id=\"https:\/\/www.grancanaria.com\" target=\"_blank\" rel=\"noreferrer noopener\">3. Gran Canarias officiella turistsajt<\/a><\/strong><\/li>\n<\/ul>\n\n\n\n<p>Programmen publiceras ofta <strong>2\u20134 veckor f\u00f6re p\u00e5sk<\/strong>.<\/p>\n\n\n\n<figure class=\"wp-block-image size-large\"><img loading=\"lazy\" decoding=\"async\" width=\"768\" height=\"1024\" src=\"https:\/\/4000mil.se\/wp-content\/uploads\/2024\/03\/IMG_0202-768x1024.jpeg\" alt=\"\" class=\"wp-image-67677\" srcset=\"https:\/\/4000mil.se\/wp-content\/uploads\/2024\/03\/IMG_0202-768x1024.jpeg 768w, https:\/\/4000mil.se\/wp-content\/uploads\/2024\/03\/IMG_0202-225x300.jpeg 225w, https:\/\/4000mil.se\/wp-content\/uploads\/2024\/03\/IMG_0202-1152x1536.jpeg 1152w, https:\/\/4000mil.se\/wp-content\/uploads\/2024\/03\/IMG_0202-800x1067.jpeg 800w, https:\/\/4000mil.se\/wp-content\/uploads\/2024\/03\/IMG_0202.jpeg 1536w\" sizes=\"auto, (max-width: 768px) 100vw, 768px\" \/><\/figure>\n\n\n\n<p><\/p>\n\n\n\n<h2 class=\"wp-block-heading\">Varf\u00f6r ser br\u00f6draskapen i processionerna ut som Ku klux klan?<\/h2>\n\n\n\n<p>Just de l\u00e5nga processionerna med m\u00e4n i konformade huvor och k\u00e5por \u00e4r faktiskt lite ot\u00e4ck i och med att det ger viss Ku klux klan-k\u00e4nsla f\u00f6r den oinvigda, men dessa tv\u00e5 typer av organisationer har absolut inget med varandra att g\u00f6ra.<\/p>\n\n\n\n<p>Eller r\u00e4ttare sagt, kl\u00e4dedr\u00e4kterna i de spanska processionerna har l\u00e5nat inspiration fr\u00e5n spanska inkvisitionen och h\u00e4rstammar fr\u00e5n medeltiden, Ku klux klan-r\u00f6relsen har sedan inspirerats av de dessa spanska religi\u00f6sa br\u00f6draskap i sitt kl\u00e4dval. Men i \u00f6vrigt finns inga gemensamma n\u00e4mnare.<\/p>\n\n\n\n<figure class=\"wp-block-image size-large\"><img loading=\"lazy\" decoding=\"async\" width=\"1024\" height=\"683\" src=\"https:\/\/4000mil.se\/wp-content\/uploads\/2026\/03\/esteban-palacios-blanco-_CDeT66OOhc-unsplash-1024x683.jpg\" alt=\"\" class=\"wp-image-85893\" srcset=\"https:\/\/4000mil.se\/wp-content\/uploads\/2026\/03\/esteban-palacios-blanco-_CDeT66OOhc-unsplash-1024x683.jpg 1024w, https:\/\/4000mil.se\/wp-content\/uploads\/2026\/03\/esteban-palacios-blanco-_CDeT66OOhc-unsplash-300x200.jpg 300w, https:\/\/4000mil.se\/wp-content\/uploads\/2026\/03\/esteban-palacios-blanco-_CDeT66OOhc-unsplash-768x512.jpg 768w, https:\/\/4000mil.se\/wp-content\/uploads\/2026\/03\/esteban-palacios-blanco-_CDeT66OOhc-unsplash-1536x1024.jpg 1536w, https:\/\/4000mil.se\/wp-content\/uploads\/2026\/03\/esteban-palacios-blanco-_CDeT66OOhc-unsplash-2000x1333.jpg 2000w, https:\/\/4000mil.se\/wp-content\/uploads\/2026\/03\/esteban-palacios-blanco-_CDeT66OOhc-unsplash-800x533.jpg 800w, https:\/\/4000mil.se\/wp-content\/uploads\/2026\/03\/esteban-palacios-blanco-_CDeT66OOhc-unsplash.jpg 2048w\" sizes=\"auto, (max-width: 1024px) 100vw, 1024px\" \/><figcaption class=\"wp-element-caption\">Photo by <a href=\"https:\/\/unsplash.com\/@estebanjvr?utm_source=unsplash&amp;utm_medium=referral&amp;utm_content=creditCopyText\">Esteban Palacios Blanco<\/a> on <a href=\"https:\/\/unsplash.com\/photos\/a-row-of-blue-and-white-dresses-_CDeT66OOhc?utm_source=unsplash&amp;utm_medium=referral&amp;utm_content=creditCopyText\">Unsplash<\/a><\/figcaption><\/figure>\n\n\n\n<p><\/p>\n\n\n\n<h2 class=\"wp-block-heading\">Vad tyckte vi om Semana Santa p\u00e5 Gran Canaria?<\/h2>\n\n\n\n<p>Vi gillade verkligen detta. Om man aldrig har sett katolska p\u00e5sk processioner \u00e4r detta en stor och m\u00e4ktig upplevelse som inte f\u00e5r missas om man \u00e4r p\u00e5 Gran Canaria vid r\u00e4tt tidpunkt p\u00e5 \u00e5ret.<\/p>\n\n\n\n<p>Vi blev ocks\u00e5 f\u00f6rv\u00e5nade \u00f6ver att det var s\u00e5 pass f\u00e5 turister p\u00e5 plats. De flesta verkar inte ens veta om att detta finns?<\/p>\n\n\n\n<figure class=\"wp-block-image size-large\"><img loading=\"lazy\" decoding=\"async\" width=\"1024\" height=\"683\" src=\"https:\/\/4000mil.se\/wp-content\/uploads\/2024\/03\/IMG_9476-1024x683.jpg\" alt=\"P\u00e5sk p\u00e5 Gran Canaria\" class=\"wp-image-67712\" srcset=\"https:\/\/4000mil.se\/wp-content\/uploads\/2024\/03\/IMG_9476-1024x683.jpg 1024w, https:\/\/4000mil.se\/wp-content\/uploads\/2024\/03\/IMG_9476-300x200.jpg 300w, https:\/\/4000mil.se\/wp-content\/uploads\/2024\/03\/IMG_9476-768x512.jpg 768w, https:\/\/4000mil.se\/wp-content\/uploads\/2024\/03\/IMG_9476-1536x1024.jpg 1536w, https:\/\/4000mil.se\/wp-content\/uploads\/2024\/03\/IMG_9476-2000x1333.jpg 2000w, https:\/\/4000mil.se\/wp-content\/uploads\/2024\/03\/IMG_9476-800x533.jpg 800w, https:\/\/4000mil.se\/wp-content\/uploads\/2024\/03\/IMG_9476.jpg 2048w\" sizes=\"auto, (max-width: 1024px) 100vw, 1024px\" \/><\/figure>\n\n\n\n<p><\/p>\n\n\n\n<h2 class=\"wp-block-heading\">Var ska man bo under Semana Santa?<\/h2>\n\n\n\n<p>Vi bodde i Vegueta i Las Palmas p\u00e5 <a href=\"https:\/\/www.booking.com\/hotel\/es\/boutique-cordial-plaza-mayor-de-santa-ana.sv.html?aid=950752&amp;no_rooms=1&amp;group_adults=2\" target=\"_blank\" rel=\"noreferrer noopener\">Boutique Hotel Cordial Plaza Mayor de Santa Ana<\/a>. Ett superfint hotell vars takterrass hade utsikt \u00f6ver den fina katedralen Santa Anna de Canarias.<\/p>\n\n\n\n<figure class=\"wp-block-image size-large\"><img loading=\"lazy\" decoding=\"async\" width=\"1024\" height=\"768\" src=\"https:\/\/4000mil.se\/wp-content\/uploads\/2024\/03\/IMG_0152-1024x768.jpeg\" alt=\"\" class=\"wp-image-67679\" srcset=\"https:\/\/4000mil.se\/wp-content\/uploads\/2024\/03\/IMG_0152-1024x768.jpeg 1024w, https:\/\/4000mil.se\/wp-content\/uploads\/2024\/03\/IMG_0152-300x225.jpeg 300w, https:\/\/4000mil.se\/wp-content\/uploads\/2024\/03\/IMG_0152-768x576.jpeg 768w, https:\/\/4000mil.se\/wp-content\/uploads\/2024\/03\/IMG_0152-1536x1152.jpeg 1536w, https:\/\/4000mil.se\/wp-content\/uploads\/2024\/03\/IMG_0152-2000x1500.jpeg 2000w, https:\/\/4000mil.se\/wp-content\/uploads\/2024\/03\/IMG_0152-800x600.jpeg 800w, https:\/\/4000mil.se\/wp-content\/uploads\/2024\/03\/IMG_0152.jpeg 2048w\" sizes=\"auto, (max-width: 1024px) 100vw, 1024px\" \/><\/figure>\n\n\n\n<p><\/p>\n\n\n\n<p><strong>L\u00e4s ocks\u00e5:<\/strong> <a href=\"https:\/\/4000mil.se\/index.php\/vegueta-las-palmas-gamla-stad\/\">Vegueta \u2013 Las Palmas gamla stad<\/a><\/p>\n\n\n\n<p><\/p>\n\n\n\n<p><\/p>\n\n\n\n<p>Missa inga inl\u00e4gg. Gl\u00f6m inte att&nbsp;<a href=\"https:\/\/www.facebook.com\/4000mil\/\" target=\"_blank\" rel=\"noreferrer noopener\">f\u00f6lja 4000mil p\u00e5 Facebook<\/a>&nbsp;och&nbsp;<a href=\"https:\/\/www.instagram.com\/4000mil.se\/\" target=\"_blank\" rel=\"noreferrer noopener\">p\u00e5 Instagram<\/a>.<\/p>\n\n\n\n<p><\/p>\n","protected":false},"excerpt":{"rendered":"<p>P\u00e5sken i den katolska delen av v\u00e4rlden \u00e4r n\u00e5got helt annat \u00e4n vad vi svenskar \u00e4r vana vid. H\u00e4r firas det stort i en dryg vecka med extravaganta processioner runt om i st\u00e4der och byar. Det hade l\u00e4nge varit en dr\u00f6m f\u00f6r mig att n\u00e5gon g\u00e5ng f\u00e5 uppleva p\u00e5sken i [&hellip;]<\/p>\n","protected":false},"author":3,"featured_media":85876,"comment_status":"open","ping_status":"open","sticky":false,"template":"","format":"standard","meta":{"_monsterinsights_skip_tracking":false,"_monsterinsights_sitenote_active":false,"_monsterinsights_sitenote_note":"","_monsterinsights_sitenote_category":0,"footnotes":""},"categories":[888],"tags":[12750],"class_list":["post-78438","post","type-post","status-publish","format-standard","has-post-thumbnail","hentry","category-spanien","tag-gran-canaria"],"yoast_head":"<!-- This site is optimized with the Yoast SEO plugin v27.5 - https:\/\/yoast.com\/product\/yoast-seo-wordpress\/ -->\n<title>P\u00e5sk p\u00e5 Gran Canaria - en guide till Semana Santa<\/title>\n<meta name=\"description\" content=\"Att fira p\u00e5sk p\u00e5 Gran Canaria \u00e4r verkligen en upplevelse. L\u00e5nga st\u00e4mningsfulla processioner (Samana Santa.)p\u00e5g\u00e5r i alla st\u00e4der.\" \/>\n<meta name=\"robots\" content=\"index, follow, max-snippet:-1, max-image-preview:large, max-video-preview:-1\" \/>\n<link rel=\"canonical\" href=\"https:\/\/4000mil.se\/index.php\/pask-pa-gran-canaria-semana-santa\/\" \/>\n<meta property=\"og:locale\" content=\"sv_SE\" \/>\n<meta property=\"og:type\" content=\"article\" \/>\n<meta property=\"og:title\" content=\"P\u00e5sk p\u00e5 Gran Canaria - en guide till Semana Santa\" \/>\n<meta property=\"og:description\" content=\"Att fira p\u00e5sk p\u00e5 Gran Canaria \u00e4r verkligen en upplevelse. L\u00e5nga st\u00e4mningsfulla processioner (Samana Santa.)p\u00e5g\u00e5r i alla st\u00e4der.\" \/>\n<meta property=\"og:url\" content=\"https:\/\/4000mil.se\/index.php\/pask-pa-gran-canaria-semana-santa\/\" \/>\n<meta property=\"og:site_name\" content=\"4000 mil - en reseblogg\" \/>\n<meta property=\"article:publisher\" content=\"https:\/\/www.facebook.com\/4000mil\/\" \/>\n<meta property=\"article:published_time\" content=\"2026-03-19T05:00:00+00:00\" \/>\n<meta property=\"article:modified_time\" content=\"2026-03-21T15:14:31+00:00\" \/>\n<meta property=\"og:image\" content=\"https:\/\/4000mil.se\/wp-content\/uploads\/2026\/03\/IMG_9487_edited.jpg\" \/>\n\t<meta property=\"og:image:width\" content=\"2048\" \/>\n\t<meta property=\"og:image:height\" content=\"1365\" \/>\n\t<meta property=\"og:image:type\" content=\"image\/jpeg\" \/>\n<meta name=\"author\" content=\"Gunilla Yourstone\" \/>\n<meta name=\"twitter:card\" content=\"summary_large_image\" \/>\n<meta name=\"twitter:creator\" content=\"@4000mil_se\" \/>\n<meta name=\"twitter:site\" content=\"@4000mil_se\" \/>\n<meta name=\"twitter:label1\" content=\"Skriven av\" \/>\n\t<meta name=\"twitter:data1\" content=\"Gunilla Yourstone\" \/>\n\t<meta name=\"twitter:label2\" content=\"Ber\u00e4knad l\u00e4stid\" \/>\n\t<meta name=\"twitter:data2\" content=\"7 minuter\" \/>\n<script type=\"application\/ld+json\" class=\"yoast-schema-graph\">{\"@context\":\"https:\\\/\\\/schema.org\",\"@graph\":[{\"@type\":\"Article\",\"@id\":\"https:\\\/\\\/4000mil.se\\\/index.php\\\/pask-pa-gran-canaria-semana-santa\\\/#article\",\"isPartOf\":{\"@id\":\"https:\\\/\\\/4000mil.se\\\/index.php\\\/pask-pa-gran-canaria-semana-santa\\\/\"},\"author\":{\"name\":\"Gunilla Yourstone\",\"@id\":\"https:\\\/\\\/4000mil.se\\\/#\\\/schema\\\/person\\\/cda463da9f6f2c4d9bbc173471184a73\"},\"headline\":\"P\u00e5sk p\u00e5 Gran Canaria &#8211; en guide till Semana Santa\",\"datePublished\":\"2026-03-19T05:00:00+00:00\",\"dateModified\":\"2026-03-21T15:14:31+00:00\",\"mainEntityOfPage\":{\"@id\":\"https:\\\/\\\/4000mil.se\\\/index.php\\\/pask-pa-gran-canaria-semana-santa\\\/\"},\"wordCount\":967,\"commentCount\":2,\"publisher\":{\"@id\":\"https:\\\/\\\/4000mil.se\\\/#organization\"},\"image\":{\"@id\":\"https:\\\/\\\/4000mil.se\\\/index.php\\\/pask-pa-gran-canaria-semana-santa\\\/#primaryimage\"},\"thumbnailUrl\":\"https:\\\/\\\/4000mil.se\\\/wp-content\\\/uploads\\\/2026\\\/03\\\/IMG_9487_edited.jpg\",\"keywords\":[\"Gran Canaria\"],\"articleSection\":[\"Spanien\"],\"inLanguage\":\"sv-SE\",\"potentialAction\":[{\"@type\":\"CommentAction\",\"name\":\"Comment\",\"target\":[\"https:\\\/\\\/4000mil.se\\\/index.php\\\/pask-pa-gran-canaria-semana-santa\\\/#respond\"]}]},{\"@type\":\"WebPage\",\"@id\":\"https:\\\/\\\/4000mil.se\\\/index.php\\\/pask-pa-gran-canaria-semana-santa\\\/\",\"url\":\"https:\\\/\\\/4000mil.se\\\/index.php\\\/pask-pa-gran-canaria-semana-santa\\\/\",\"name\":\"P\u00e5sk p\u00e5 Gran Canaria - en guide till Semana Santa\",\"isPartOf\":{\"@id\":\"https:\\\/\\\/4000mil.se\\\/#website\"},\"primaryImageOfPage\":{\"@id\":\"https:\\\/\\\/4000mil.se\\\/index.php\\\/pask-pa-gran-canaria-semana-santa\\\/#primaryimage\"},\"image\":{\"@id\":\"https:\\\/\\\/4000mil.se\\\/index.php\\\/pask-pa-gran-canaria-semana-santa\\\/#primaryimage\"},\"thumbnailUrl\":\"https:\\\/\\\/4000mil.se\\\/wp-content\\\/uploads\\\/2026\\\/03\\\/IMG_9487_edited.jpg\",\"datePublished\":\"2026-03-19T05:00:00+00:00\",\"dateModified\":\"2026-03-21T15:14:31+00:00\",\"description\":\"Att fira p\u00e5sk p\u00e5 Gran Canaria \u00e4r verkligen en upplevelse. L\u00e5nga st\u00e4mningsfulla processioner (Samana Santa.)p\u00e5g\u00e5r i alla st\u00e4der.\",\"breadcrumb\":{\"@id\":\"https:\\\/\\\/4000mil.se\\\/index.php\\\/pask-pa-gran-canaria-semana-santa\\\/#breadcrumb\"},\"inLanguage\":\"sv-SE\",\"potentialAction\":[{\"@type\":\"ReadAction\",\"target\":[\"https:\\\/\\\/4000mil.se\\\/index.php\\\/pask-pa-gran-canaria-semana-santa\\\/\"]}]},{\"@type\":\"ImageObject\",\"inLanguage\":\"sv-SE\",\"@id\":\"https:\\\/\\\/4000mil.se\\\/index.php\\\/pask-pa-gran-canaria-semana-santa\\\/#primaryimage\",\"url\":\"https:\\\/\\\/4000mil.se\\\/wp-content\\\/uploads\\\/2026\\\/03\\\/IMG_9487_edited.jpg\",\"contentUrl\":\"https:\\\/\\\/4000mil.se\\\/wp-content\\\/uploads\\\/2026\\\/03\\\/IMG_9487_edited.jpg\",\"width\":2048,\"height\":1365},{\"@type\":\"BreadcrumbList\",\"@id\":\"https:\\\/\\\/4000mil.se\\\/index.php\\\/pask-pa-gran-canaria-semana-santa\\\/#breadcrumb\",\"itemListElement\":[{\"@type\":\"ListItem\",\"position\":1,\"name\":\"Home\",\"item\":\"https:\\\/\\\/4000mil.se\\\/\"},{\"@type\":\"ListItem\",\"position\":2,\"name\":\"P\u00e5sk p\u00e5 Gran Canaria &#8211; en guide till Semana Santa\"}]},{\"@type\":\"WebSite\",\"@id\":\"https:\\\/\\\/4000mil.se\\\/#website\",\"url\":\"https:\\\/\\\/4000mil.se\\\/\",\"name\":\"4000 mil - en reseblogg\",\"description\":\"We haven&#039;t been everywhere, but it is on our list.\",\"publisher\":{\"@id\":\"https:\\\/\\\/4000mil.se\\\/#organization\"},\"potentialAction\":[{\"@type\":\"SearchAction\",\"target\":{\"@type\":\"EntryPoint\",\"urlTemplate\":\"https:\\\/\\\/4000mil.se\\\/?s={search_term_string}\"},\"query-input\":{\"@type\":\"PropertyValueSpecification\",\"valueRequired\":true,\"valueName\":\"search_term_string\"}}],\"inLanguage\":\"sv-SE\"},{\"@type\":\"Organization\",\"@id\":\"https:\\\/\\\/4000mil.se\\\/#organization\",\"name\":\"4000mil\",\"url\":\"https:\\\/\\\/4000mil.se\\\/\",\"logo\":{\"@type\":\"ImageObject\",\"inLanguage\":\"sv-SE\",\"@id\":\"https:\\\/\\\/4000mil.se\\\/#\\\/schema\\\/logo\\\/image\\\/\",\"url\":\"https:\\\/\\\/4000mil.se\\\/wp-content\\\/uploads\\\/2017\\\/07\\\/rsz_img_5178-e1511641744338.jpg\",\"contentUrl\":\"https:\\\/\\\/4000mil.se\\\/wp-content\\\/uploads\\\/2017\\\/07\\\/rsz_img_5178-e1511641744338.jpg\",\"width\":1000,\"height\":667,\"caption\":\"4000mil\"},\"image\":{\"@id\":\"https:\\\/\\\/4000mil.se\\\/#\\\/schema\\\/logo\\\/image\\\/\"},\"sameAs\":[\"https:\\\/\\\/www.facebook.com\\\/4000mil\\\/\",\"https:\\\/\\\/x.com\\\/4000mil_se\",\"https:\\\/\\\/www.instagram.com\\\/4000mil.se\\\/\",\"https:\\\/\\\/www.youtube.com\\\/channel\\\/UCJ-arZd2a7dT4Kqq5GtVbXQ\"]},{\"@type\":\"Person\",\"@id\":\"https:\\\/\\\/4000mil.se\\\/#\\\/schema\\\/person\\\/cda463da9f6f2c4d9bbc173471184a73\",\"name\":\"Gunilla Yourstone\",\"image\":{\"@type\":\"ImageObject\",\"inLanguage\":\"sv-SE\",\"@id\":\"https:\\\/\\\/secure.gravatar.com\\\/avatar\\\/2df85d0820b33bffdd86a729d25273c6153c1cc9b1338f26ef0c98d01163520d?s=96&d=mm&r=g\",\"url\":\"https:\\\/\\\/secure.gravatar.com\\\/avatar\\\/2df85d0820b33bffdd86a729d25273c6153c1cc9b1338f26ef0c98d01163520d?s=96&d=mm&r=g\",\"contentUrl\":\"https:\\\/\\\/secure.gravatar.com\\\/avatar\\\/2df85d0820b33bffdd86a729d25273c6153c1cc9b1338f26ef0c98d01163520d?s=96&d=mm&r=g\",\"caption\":\"Gunilla Yourstone\"},\"url\":\"https:\\\/\\\/4000mil.se\\\/index.php\\\/author\\\/gunillay\\\/\"}]}<\/script>\n<!-- \/ Yoast SEO plugin. -->","yoast_head_json":{"title":"P\u00e5sk p\u00e5 Gran Canaria - en guide till Semana Santa","description":"Att fira p\u00e5sk p\u00e5 Gran Canaria \u00e4r verkligen en upplevelse. L\u00e5nga st\u00e4mningsfulla processioner (Samana Santa.)p\u00e5g\u00e5r i alla st\u00e4der.","robots":{"index":"index","follow":"follow","max-snippet":"max-snippet:-1","max-image-preview":"max-image-preview:large","max-video-preview":"max-video-preview:-1"},"canonical":"https:\/\/4000mil.se\/index.php\/pask-pa-gran-canaria-semana-santa\/","og_locale":"sv_SE","og_type":"article","og_title":"P\u00e5sk p\u00e5 Gran Canaria - en guide till Semana Santa","og_description":"Att fira p\u00e5sk p\u00e5 Gran Canaria \u00e4r verkligen en upplevelse. L\u00e5nga st\u00e4mningsfulla processioner (Samana Santa.)p\u00e5g\u00e5r i alla st\u00e4der.","og_url":"https:\/\/4000mil.se\/index.php\/pask-pa-gran-canaria-semana-santa\/","og_site_name":"4000 mil - en reseblogg","article_publisher":"https:\/\/www.facebook.com\/4000mil\/","article_published_time":"2026-03-19T05:00:00+00:00","article_modified_time":"2026-03-21T15:14:31+00:00","og_image":[{"width":2048,"height":1365,"url":"https:\/\/4000mil.se\/wp-content\/uploads\/2026\/03\/IMG_9487_edited.jpg","type":"image\/jpeg"}],"author":"Gunilla Yourstone","twitter_card":"summary_large_image","twitter_creator":"@4000mil_se","twitter_site":"@4000mil_se","twitter_misc":{"Skriven av":"Gunilla Yourstone","Ber\u00e4knad l\u00e4stid":"7 minuter"},"schema":{"@context":"https:\/\/schema.org","@graph":[{"@type":"Article","@id":"https:\/\/4000mil.se\/index.php\/pask-pa-gran-canaria-semana-santa\/#article","isPartOf":{"@id":"https:\/\/4000mil.se\/index.php\/pask-pa-gran-canaria-semana-santa\/"},"author":{"name":"Gunilla Yourstone","@id":"https:\/\/4000mil.se\/#\/schema\/person\/cda463da9f6f2c4d9bbc173471184a73"},"headline":"P\u00e5sk p\u00e5 Gran Canaria &#8211; en guide till Semana Santa","datePublished":"2026-03-19T05:00:00+00:00","dateModified":"2026-03-21T15:14:31+00:00","mainEntityOfPage":{"@id":"https:\/\/4000mil.se\/index.php\/pask-pa-gran-canaria-semana-santa\/"},"wordCount":967,"commentCount":2,"publisher":{"@id":"https:\/\/4000mil.se\/#organization"},"image":{"@id":"https:\/\/4000mil.se\/index.php\/pask-pa-gran-canaria-semana-santa\/#primaryimage"},"thumbnailUrl":"https:\/\/4000mil.se\/wp-content\/uploads\/2026\/03\/IMG_9487_edited.jpg","keywords":["Gran Canaria"],"articleSection":["Spanien"],"inLanguage":"sv-SE","potentialAction":[{"@type":"CommentAction","name":"Comment","target":["https:\/\/4000mil.se\/index.php\/pask-pa-gran-canaria-semana-santa\/#respond"]}]},{"@type":"WebPage","@id":"https:\/\/4000mil.se\/index.php\/pask-pa-gran-canaria-semana-santa\/","url":"https:\/\/4000mil.se\/index.php\/pask-pa-gran-canaria-semana-santa\/","name":"P\u00e5sk p\u00e5 Gran Canaria - en guide till Semana Santa","isPartOf":{"@id":"https:\/\/4000mil.se\/#website"},"primaryImageOfPage":{"@id":"https:\/\/4000mil.se\/index.php\/pask-pa-gran-canaria-semana-santa\/#primaryimage"},"image":{"@id":"https:\/\/4000mil.se\/index.php\/pask-pa-gran-canaria-semana-santa\/#primaryimage"},"thumbnailUrl":"https:\/\/4000mil.se\/wp-content\/uploads\/2026\/03\/IMG_9487_edited.jpg","datePublished":"2026-03-19T05:00:00+00:00","dateModified":"2026-03-21T15:14:31+00:00","description":"Att fira p\u00e5sk p\u00e5 Gran Canaria \u00e4r verkligen en upplevelse. L\u00e5nga st\u00e4mningsfulla processioner (Samana Santa.)p\u00e5g\u00e5r i alla st\u00e4der.","breadcrumb":{"@id":"https:\/\/4000mil.se\/index.php\/pask-pa-gran-canaria-semana-santa\/#breadcrumb"},"inLanguage":"sv-SE","potentialAction":[{"@type":"ReadAction","target":["https:\/\/4000mil.se\/index.php\/pask-pa-gran-canaria-semana-santa\/"]}]},{"@type":"ImageObject","inLanguage":"sv-SE","@id":"https:\/\/4000mil.se\/index.php\/pask-pa-gran-canaria-semana-santa\/#primaryimage","url":"https:\/\/4000mil.se\/wp-content\/uploads\/2026\/03\/IMG_9487_edited.jpg","contentUrl":"https:\/\/4000mil.se\/wp-content\/uploads\/2026\/03\/IMG_9487_edited.jpg","width":2048,"height":1365},{"@type":"BreadcrumbList","@id":"https:\/\/4000mil.se\/index.php\/pask-pa-gran-canaria-semana-santa\/#breadcrumb","itemListElement":[{"@type":"ListItem","position":1,"name":"Home","item":"https:\/\/4000mil.se\/"},{"@type":"ListItem","position":2,"name":"P\u00e5sk p\u00e5 Gran Canaria &#8211; en guide till Semana Santa"}]},{"@type":"WebSite","@id":"https:\/\/4000mil.se\/#website","url":"https:\/\/4000mil.se\/","name":"4000 mil - en reseblogg","description":"We haven&#039;t been everywhere, but it is on our list.","publisher":{"@id":"https:\/\/4000mil.se\/#organization"},"potentialAction":[{"@type":"SearchAction","target":{"@type":"EntryPoint","urlTemplate":"https:\/\/4000mil.se\/?s={search_term_string}"},"query-input":{"@type":"PropertyValueSpecification","valueRequired":true,"valueName":"search_term_string"}}],"inLanguage":"sv-SE"},{"@type":"Organization","@id":"https:\/\/4000mil.se\/#organization","name":"4000mil","url":"https:\/\/4000mil.se\/","logo":{"@type":"ImageObject","inLanguage":"sv-SE","@id":"https:\/\/4000mil.se\/#\/schema\/logo\/image\/","url":"https:\/\/4000mil.se\/wp-content\/uploads\/2017\/07\/rsz_img_5178-e1511641744338.jpg","contentUrl":"https:\/\/4000mil.se\/wp-content\/uploads\/2017\/07\/rsz_img_5178-e1511641744338.jpg","width":1000,"height":667,"caption":"4000mil"},"image":{"@id":"https:\/\/4000mil.se\/#\/schema\/logo\/image\/"},"sameAs":["https:\/\/www.facebook.com\/4000mil\/","https:\/\/x.com\/4000mil_se","https:\/\/www.instagram.com\/4000mil.se\/","https:\/\/www.youtube.com\/channel\/UCJ-arZd2a7dT4Kqq5GtVbXQ"]},{"@type":"Person","@id":"https:\/\/4000mil.se\/#\/schema\/person\/cda463da9f6f2c4d9bbc173471184a73","name":"Gunilla Yourstone","image":{"@type":"ImageObject","inLanguage":"sv-SE","@id":"https:\/\/secure.gravatar.com\/avatar\/2df85d0820b33bffdd86a729d25273c6153c1cc9b1338f26ef0c98d01163520d?s=96&d=mm&r=g","url":"https:\/\/secure.gravatar.com\/avatar\/2df85d0820b33bffdd86a729d25273c6153c1cc9b1338f26ef0c98d01163520d?s=96&d=mm&r=g","contentUrl":"https:\/\/secure.gravatar.com\/avatar\/2df85d0820b33bffdd86a729d25273c6153c1cc9b1338f26ef0c98d01163520d?s=96&d=mm&r=g","caption":"Gunilla Yourstone"},"url":"https:\/\/4000mil.se\/index.php\/author\/gunillay\/"}]}},"_links":{"self":[{"href":"https:\/\/4000mil.se\/index.php\/wp-json\/wp\/v2\/posts\/78438","targetHints":{"allow":["GET"]}}],"collection":[{"href":"https:\/\/4000mil.se\/index.php\/wp-json\/wp\/v2\/posts"}],"about":[{"href":"https:\/\/4000mil.se\/index.php\/wp-json\/wp\/v2\/types\/post"}],"author":[{"embeddable":true,"href":"https:\/\/4000mil.se\/index.php\/wp-json\/wp\/v2\/users\/3"}],"replies":[{"embeddable":true,"href":"https:\/\/4000mil.se\/index.php\/wp-json\/wp\/v2\/comments?post=78438"}],"version-history":[{"count":14,"href":"https:\/\/4000mil.se\/index.php\/wp-json\/wp\/v2\/posts\/78438\/revisions"}],"predecessor-version":[{"id":85959,"href":"https:\/\/4000mil.se\/index.php\/wp-json\/wp\/v2\/posts\/78438\/revisions\/85959"}],"wp:featuredmedia":[{"embeddable":true,"href":"https:\/\/4000mil.se\/index.php\/wp-json\/wp\/v2\/media\/85876"}],"wp:attachment":[{"href":"https:\/\/4000mil.se\/index.php\/wp-json\/wp\/v2\/media?parent=78438"}],"wp:term":[{"taxonomy":"category","embeddable":true,"href":"https:\/\/4000mil.se\/index.php\/wp-json\/wp\/v2\/categories?post=78438"},{"taxonomy":"post_tag","embeddable":true,"href":"https:\/\/4000mil.se\/index.php\/wp-json\/wp\/v2\/tags?post=78438"}],"curies":[{"name":"wp","href":"https:\/\/api.w.org\/{rel}","templated":true}]}}