{"id":81067,"date":"2025-08-12T06:00:00","date_gmt":"2025-08-12T04:00:00","guid":{"rendered":"https:\/\/4000mil.se\/?p=81067"},"modified":"2025-08-11T20:22:09","modified_gmt":"2025-08-11T18:22:09","slug":"hemma-fran-gotland","status":"publish","type":"post","link":"https:\/\/4000mil.se\/index.php\/hemma-fran-gotland\/","title":{"rendered":"Hemma fr\u00e5n Gotland och semestern slut"},"content":{"rendered":"\n<p>I l\u00f6rdags kom vi hem igen efter tv\u00e5 veckor p\u00e5 Gotland. Och hem igen efter n\u00e4stan tv\u00e5 och en halv m\u00e5nader mer eller mindre p\u00e5 resande fot, med bara enstaka n\u00e4tter hemma i radhuset. 2,5 m\u00e5nader och \u00e4nd\u00e5 bara 5 veckor och 3 dagars uttagen semester. Hur g\u00e5r det ihop? Jo, dels med inarbetad flextid och dels med hj\u00e4lp av det faktum att vi faktiskt jobbat 3 veckor, men fr\u00e5n v\u00e5r sommarstuga. S\u00e5 det har k\u00e4nts som semester av bara farten.<\/p>\n\n\n\n<p>Det \u00e4r faktiskt v\u00e5rt hetaste supertips f\u00f6r att f\u00e5 en sommarlovsl\u00e5ng sommar. Att dryga ut och varva semestern med jobb p\u00e5 sommaren! Funkar kalasbra om man har f\u00f6rm\u00e5nen att kunna jobba hemifr\u00e5n\/p\u00e5 distans. F\u00f6r slutprodukten blir att det <em>k\u00e4nns<\/em> som att man har haft ledig hela tiden.<\/p>\n\n\n\n<figure class=\"wp-block-image size-large\"><img loading=\"lazy\" decoding=\"async\" width=\"1024\" height=\"683\" src=\"https:\/\/4000mil.se\/wp-content\/uploads\/2025\/08\/IMG_2645-1024x683.jpg\" alt=\"\" class=\"wp-image-81109\" srcset=\"https:\/\/4000mil.se\/wp-content\/uploads\/2025\/08\/IMG_2645-1024x683.jpg 1024w, https:\/\/4000mil.se\/wp-content\/uploads\/2025\/08\/IMG_2645-300x200.jpg 300w, https:\/\/4000mil.se\/wp-content\/uploads\/2025\/08\/IMG_2645-768x512.jpg 768w, https:\/\/4000mil.se\/wp-content\/uploads\/2025\/08\/IMG_2645-1536x1024.jpg 1536w, https:\/\/4000mil.se\/wp-content\/uploads\/2025\/08\/IMG_2645-2000x1333.jpg 2000w, https:\/\/4000mil.se\/wp-content\/uploads\/2025\/08\/IMG_2645-800x533.jpg 800w, https:\/\/4000mil.se\/wp-content\/uploads\/2025\/08\/IMG_2645.jpg 2048w\" sizes=\"auto, (max-width: 1024px) 100vw, 1024px\" \/><\/figure>\n\n\n\n<h2 class=\"wp-block-heading\">16 \u00e5r sedan sist<\/h2>\n\n\n\n<p>Men Gotland d\u00e5, hur har det varit? <\/p>\n\n\n\n<p>Jo det \u00e4r r\u00e4tt lustigt f\u00f6r vi har liksom b\u00e5da tv\u00e5 en tanke och en k\u00e4nsla om att &#8221;jo men vi \u00e5ker till Gotland d\u00e5 och d\u00e5.&#8221; En av de d\u00e4r platserna som man alltid \u00e5terkommer till. Tills vi b\u00f6rjar r\u00e4kna efter och inser att det var 16 \u00e5r sedan sist! D\u00e5 var barnen just barn, Alva bara 6 och minns inte mycket alls. F\u00f6rutom att Lummelunda var \u00f6versv\u00e4mmat och vi fick alla anv\u00e4nda vadarst\u00f6vlar. Jag fick dessutom b\u00e4ra Alva som inte bottnade \u00f6verallt.<\/p>\n\n\n\n<figure class=\"wp-block-image size-large\"><img loading=\"lazy\" decoding=\"async\" width=\"1024\" height=\"769\" src=\"https:\/\/4000mil.se\/wp-content\/uploads\/2025\/08\/DSC02056-1024x769.jpg\" alt=\"\" class=\"wp-image-81105\" srcset=\"https:\/\/4000mil.se\/wp-content\/uploads\/2025\/08\/DSC02056-1024x769.jpg 1024w, https:\/\/4000mil.se\/wp-content\/uploads\/2025\/08\/DSC02056-300x225.jpg 300w, https:\/\/4000mil.se\/wp-content\/uploads\/2025\/08\/DSC02056-768x577.jpg 768w, https:\/\/4000mil.se\/wp-content\/uploads\/2025\/08\/DSC02056-800x601.jpg 800w, https:\/\/4000mil.se\/wp-content\/uploads\/2025\/08\/DSC02056.jpg 1484w\" sizes=\"auto, (max-width: 1024px) 100vw, 1024px\" \/><figcaption class=\"wp-element-caption\">Outfit f\u00f6r ett \u00f6versv\u00e4mmat Lummelunda <\/figcaption><\/figure>\n\n\n\n<figure class=\"wp-block-image size-large\"><img loading=\"lazy\" decoding=\"async\" width=\"1024\" height=\"768\" src=\"https:\/\/4000mil.se\/wp-content\/uploads\/2025\/08\/DSC01900edit-1024x768.jpg\" alt=\"\" class=\"wp-image-81106\" srcset=\"https:\/\/4000mil.se\/wp-content\/uploads\/2025\/08\/DSC01900edit-1024x768.jpg 1024w, https:\/\/4000mil.se\/wp-content\/uploads\/2025\/08\/DSC01900edit-300x225.jpg 300w, https:\/\/4000mil.se\/wp-content\/uploads\/2025\/08\/DSC01900edit-768x576.jpg 768w, https:\/\/4000mil.se\/wp-content\/uploads\/2025\/08\/DSC01900edit-1536x1152.jpg 1536w, https:\/\/4000mil.se\/wp-content\/uploads\/2025\/08\/DSC01900edit-2000x1500.jpg 2000w, https:\/\/4000mil.se\/wp-content\/uploads\/2025\/08\/DSC01900edit-800x600.jpg 800w, https:\/\/4000mil.se\/wp-content\/uploads\/2025\/08\/DSC01900edit.jpg 2048w\" sizes=\"auto, (max-width: 1024px) 100vw, 1024px\" \/><figcaption class=\"wp-element-caption\">S\u00e5 sm\u00e5 och s\u00f6ta<\/figcaption><\/figure>\n\n\n\n<figure class=\"wp-block-image size-large\"><img loading=\"lazy\" decoding=\"async\" width=\"1024\" height=\"683\" src=\"https:\/\/4000mil.se\/wp-content\/uploads\/2025\/08\/IMG_7839edit-1024x683.jpg\" alt=\"\" class=\"wp-image-81107\" srcset=\"https:\/\/4000mil.se\/wp-content\/uploads\/2025\/08\/IMG_7839edit-1024x683.jpg 1024w, https:\/\/4000mil.se\/wp-content\/uploads\/2025\/08\/IMG_7839edit-300x200.jpg 300w, https:\/\/4000mil.se\/wp-content\/uploads\/2025\/08\/IMG_7839edit-768x512.jpg 768w, https:\/\/4000mil.se\/wp-content\/uploads\/2025\/08\/IMG_7839edit-1536x1025.jpg 1536w, https:\/\/4000mil.se\/wp-content\/uploads\/2025\/08\/IMG_7839edit-2000x1334.jpg 2000w, https:\/\/4000mil.se\/wp-content\/uploads\/2025\/08\/IMG_7839edit-800x534.jpg 800w, https:\/\/4000mil.se\/wp-content\/uploads\/2025\/08\/IMG_7839edit.jpg 2048w\" sizes=\"auto, (max-width: 1024px) 100vw, 1024px\" \/><figcaption class=\"wp-element-caption\">V\u00e5rt eget Gr\u00e5 G\u00e5sen 2009<\/figcaption><\/figure>\n\n\n\n<figure class=\"wp-block-image size-large\"><img loading=\"lazy\" decoding=\"async\" width=\"768\" height=\"1024\" src=\"https:\/\/4000mil.se\/wp-content\/uploads\/2025\/08\/DSC02031-768x1024.jpg\" alt=\"\" class=\"wp-image-81147\" srcset=\"https:\/\/4000mil.se\/wp-content\/uploads\/2025\/08\/DSC02031-768x1024.jpg 768w, https:\/\/4000mil.se\/wp-content\/uploads\/2025\/08\/DSC02031-225x300.jpg 225w, https:\/\/4000mil.se\/wp-content\/uploads\/2025\/08\/DSC02031-1152x1536.jpg 1152w, https:\/\/4000mil.se\/wp-content\/uploads\/2025\/08\/DSC02031-800x1067.jpg 800w, https:\/\/4000mil.se\/wp-content\/uploads\/2025\/08\/DSC02031.jpg 1536w\" sizes=\"auto, (max-width: 768px) 100vw, 768px\" \/><figcaption class=\"wp-element-caption\">Och vilken ung och snygg karl man hade p\u00e5 den h\u00e4r tiden!<\/figcaption><\/figure>\n\n\n\n<h2 class=\"wp-block-heading\">Att \u00e5ka f\u00e4rja<\/h2>\n\n\n\n<p>Allts\u00e5, nu var det ju d\u00e5 16 \u00e5r sedan sist, men jag har tydliga minnen av att det tidigare har varit superst\u00f6kigt med sittplatser p\u00e5 Gotlandsf\u00e4rjan. Att det var en rusch upp f\u00f6r att paxa platser. Att man var tvungen att skicka n\u00e5gon f\u00f6re p\u00e5 g\u00e5ngrampen, f\u00f6r annars var platserna slut n\u00e4r man kom upp fr\u00e5n bild\u00e4ck.<\/p>\n\n\n\n<p>Nu har utvecklingen g\u00e5tt fram\u00e5t. Hela f\u00e4rjan \u00e4r full av sk\u00f6na, typ t\u00e5gs\u00e4ten, alla numrerade och alla resande har en egen f\u00f6rbokad plats. Eller ja det finns tydligen ekonomiplatser nu ocks\u00e5 utan fast plats, men det mesta verkar f\u00f6rbokat och ordning och reda. S\u00e5 sk\u00f6nt!<\/p>\n\n\n\n<figure class=\"wp-block-image size-large\"><img loading=\"lazy\" decoding=\"async\" width=\"1024\" height=\"768\" src=\"https:\/\/4000mil.se\/wp-content\/uploads\/2025\/07\/IMG_3809-1024x768.jpeg\" alt=\"\" class=\"wp-image-80669\" srcset=\"https:\/\/4000mil.se\/wp-content\/uploads\/2025\/07\/IMG_3809-1024x768.jpeg 1024w, https:\/\/4000mil.se\/wp-content\/uploads\/2025\/07\/IMG_3809-300x225.jpeg 300w, https:\/\/4000mil.se\/wp-content\/uploads\/2025\/07\/IMG_3809-768x576.jpeg 768w, https:\/\/4000mil.se\/wp-content\/uploads\/2025\/07\/IMG_3809-1536x1152.jpeg 1536w, https:\/\/4000mil.se\/wp-content\/uploads\/2025\/07\/IMG_3809-2000x1500.jpeg 2000w, https:\/\/4000mil.se\/wp-content\/uploads\/2025\/07\/IMG_3809-800x600.jpeg 800w, https:\/\/4000mil.se\/wp-content\/uploads\/2025\/07\/IMG_3809.jpeg 2048w\" sizes=\"auto, (max-width: 1024px) 100vw, 1024px\" \/><\/figure>\n\n\n\n<h2 class=\"wp-block-heading\">Vad vi gjort p\u00e5 Gotland<\/h2>\n\n\n\n<p>Vi har \u00e5kt varvet runt p\u00e5 Gotland. Hela kusten, b\u00e5da sidor. Dessutom passat p\u00e5 att bes\u00f6ka n\u00e5gra ytterpunkter som tidigare inte blivit av. Som Stora Karls\u00f6 och Gotska Sand\u00f6n.<\/p>\n\n\n\n<figure class=\"wp-block-image size-large\"><img loading=\"lazy\" decoding=\"async\" width=\"1024\" height=\"683\" src=\"https:\/\/4000mil.se\/wp-content\/uploads\/2025\/08\/IMG_6744-1024x683.jpg\" alt=\"\" class=\"wp-image-81116\" srcset=\"https:\/\/4000mil.se\/wp-content\/uploads\/2025\/08\/IMG_6744-1024x683.jpg 1024w, https:\/\/4000mil.se\/wp-content\/uploads\/2025\/08\/IMG_6744-300x200.jpg 300w, https:\/\/4000mil.se\/wp-content\/uploads\/2025\/08\/IMG_6744-768x512.jpg 768w, https:\/\/4000mil.se\/wp-content\/uploads\/2025\/08\/IMG_6744-1536x1024.jpg 1536w, https:\/\/4000mil.se\/wp-content\/uploads\/2025\/08\/IMG_6744-2000x1333.jpg 2000w, https:\/\/4000mil.se\/wp-content\/uploads\/2025\/08\/IMG_6744-800x533.jpg 800w, https:\/\/4000mil.se\/wp-content\/uploads\/2025\/08\/IMG_6744.jpg 2048w\" sizes=\"auto, (max-width: 1024px) 100vw, 1024px\" \/><\/figure>\n\n\n\n<p>Vi bes\u00f6kte dessutom Medeltidsveckan. F\u00f6rst hade vi inte t\u00e4nkt det, men vi \u00e4ndrade oss l\u00e4ngs v\u00e4gen och bokade in 2 st mycket sp\u00e4nnande events i Medeltidsveckans regi.<\/p>\n\n\n\n<p>Massor av inl\u00e4gg kommer att dyka upp i era fl\u00f6den under den n\u00e4rmaste tiden.<\/p>\n\n\n\n<figure class=\"wp-block-image size-large\"><img loading=\"lazy\" decoding=\"async\" width=\"1024\" height=\"683\" src=\"https:\/\/4000mil.se\/wp-content\/uploads\/2025\/08\/IMG_8288-1024x683.jpg\" alt=\"\" class=\"wp-image-81120\" srcset=\"https:\/\/4000mil.se\/wp-content\/uploads\/2025\/08\/IMG_8288-1024x683.jpg 1024w, https:\/\/4000mil.se\/wp-content\/uploads\/2025\/08\/IMG_8288-300x200.jpg 300w, https:\/\/4000mil.se\/wp-content\/uploads\/2025\/08\/IMG_8288-768x512.jpg 768w, https:\/\/4000mil.se\/wp-content\/uploads\/2025\/08\/IMG_8288-1536x1024.jpg 1536w, https:\/\/4000mil.se\/wp-content\/uploads\/2025\/08\/IMG_8288-2000x1333.jpg 2000w, https:\/\/4000mil.se\/wp-content\/uploads\/2025\/08\/IMG_8288-800x533.jpg 800w, https:\/\/4000mil.se\/wp-content\/uploads\/2025\/08\/IMG_8288.jpg 2048w\" sizes=\"auto, (max-width: 1024px) 100vw, 1024px\" \/><figcaption class=\"wp-element-caption\">Battle of Wisby<\/figcaption><\/figure>\n\n\n\n<h2 class=\"wp-block-heading\">B\u00f6rja jobba &#8211; och flytta<\/h2>\n\n\n\n<p>Nu stundar vardag och allvar. Vi b\u00f6rjade b\u00e5da jobba igen ig\u00e5r m\u00e5ndag och det som har fullt fokus just nu \u00e4r v\u00e5r flytt. P\u00e5 fredag f\u00e5r vi tillg\u00e5ng v\u00e5r nya l\u00e4genhet. Sj\u00e4lva flytten blir sedan den 27:e augusti och den 2:a september sedan l\u00e4mnar vi \u00f6ver huset till de nya \u00e4garna. <\/p>\n\n\n\n<p>Sp\u00e4nnande och fortfarande mycket jobb kvar, \u00e4ven om mycket \u00e4r gjort. Vi f\u00e5r se hur mycket det hinns bloggas de h\u00e4r veckorna.<\/p>\n\n\n\n<figure class=\"wp-block-image size-large\"><img loading=\"lazy\" decoding=\"async\" width=\"1024\" height=\"683\" src=\"https:\/\/4000mil.se\/wp-content\/uploads\/2025\/08\/MED41B75627EA64462189B8E47D77B03250-2820x1880-1-1024x683.jpg\" alt=\"\" class=\"wp-image-81119\" srcset=\"https:\/\/4000mil.se\/wp-content\/uploads\/2025\/08\/MED41B75627EA64462189B8E47D77B03250-2820x1880-1-1024x683.jpg 1024w, https:\/\/4000mil.se\/wp-content\/uploads\/2025\/08\/MED41B75627EA64462189B8E47D77B03250-2820x1880-1-300x200.jpg 300w, https:\/\/4000mil.se\/wp-content\/uploads\/2025\/08\/MED41B75627EA64462189B8E47D77B03250-2820x1880-1-768x512.jpg 768w, https:\/\/4000mil.se\/wp-content\/uploads\/2025\/08\/MED41B75627EA64462189B8E47D77B03250-2820x1880-1-1536x1024.jpg 1536w, https:\/\/4000mil.se\/wp-content\/uploads\/2025\/08\/MED41B75627EA64462189B8E47D77B03250-2820x1880-1-2000x1333.jpg 2000w, https:\/\/4000mil.se\/wp-content\/uploads\/2025\/08\/MED41B75627EA64462189B8E47D77B03250-2820x1880-1-800x533.jpg 800w, https:\/\/4000mil.se\/wp-content\/uploads\/2025\/08\/MED41B75627EA64462189B8E47D77B03250-2820x1880-1.jpg 2048w\" sizes=\"auto, (max-width: 1024px) 100vw, 1024px\" \/><\/figure>\n\n\n\n<figure class=\"wp-block-image size-large\"><img loading=\"lazy\" decoding=\"async\" width=\"1024\" height=\"683\" src=\"https:\/\/4000mil.se\/wp-content\/uploads\/2025\/08\/MEDC67AB4E70502436F8032B46EB0DDA4AC-2820x1880-1-1024x683.jpg\" alt=\"\" class=\"wp-image-81117\" srcset=\"https:\/\/4000mil.se\/wp-content\/uploads\/2025\/08\/MEDC67AB4E70502436F8032B46EB0DDA4AC-2820x1880-1-1024x683.jpg 1024w, https:\/\/4000mil.se\/wp-content\/uploads\/2025\/08\/MEDC67AB4E70502436F8032B46EB0DDA4AC-2820x1880-1-300x200.jpg 300w, https:\/\/4000mil.se\/wp-content\/uploads\/2025\/08\/MEDC67AB4E70502436F8032B46EB0DDA4AC-2820x1880-1-768x512.jpg 768w, https:\/\/4000mil.se\/wp-content\/uploads\/2025\/08\/MEDC67AB4E70502436F8032B46EB0DDA4AC-2820x1880-1-1536x1024.jpg 1536w, https:\/\/4000mil.se\/wp-content\/uploads\/2025\/08\/MEDC67AB4E70502436F8032B46EB0DDA4AC-2820x1880-1-2000x1333.jpg 2000w, https:\/\/4000mil.se\/wp-content\/uploads\/2025\/08\/MEDC67AB4E70502436F8032B46EB0DDA4AC-2820x1880-1-800x533.jpg 800w, https:\/\/4000mil.se\/wp-content\/uploads\/2025\/08\/MEDC67AB4E70502436F8032B46EB0DDA4AC-2820x1880-1.jpg 2048w\" sizes=\"auto, (max-width: 1024px) 100vw, 1024px\" \/><figcaption class=\"wp-element-caption\">Hej d\u00e5 radhuset&#8230;<\/figcaption><\/figure>\n\n\n\n<figure class=\"wp-block-image size-large\"><img loading=\"lazy\" decoding=\"async\" width=\"1024\" height=\"683\" src=\"https:\/\/4000mil.se\/wp-content\/uploads\/2025\/08\/3466730-img-MED870FDD161FF24D62971D6B996789D383-1024x683.jpeg\" alt=\"\" class=\"wp-image-81113\" srcset=\"https:\/\/4000mil.se\/wp-content\/uploads\/2025\/08\/3466730-img-MED870FDD161FF24D62971D6B996789D383-1024x683.jpeg 1024w, https:\/\/4000mil.se\/wp-content\/uploads\/2025\/08\/3466730-img-MED870FDD161FF24D62971D6B996789D383-300x200.jpeg 300w, https:\/\/4000mil.se\/wp-content\/uploads\/2025\/08\/3466730-img-MED870FDD161FF24D62971D6B996789D383-768x512.jpeg 768w, https:\/\/4000mil.se\/wp-content\/uploads\/2025\/08\/3466730-img-MED870FDD161FF24D62971D6B996789D383-1536x1024.jpeg 1536w, https:\/\/4000mil.se\/wp-content\/uploads\/2025\/08\/3466730-img-MED870FDD161FF24D62971D6B996789D383-800x533.jpeg 800w, https:\/\/4000mil.se\/wp-content\/uploads\/2025\/08\/3466730-img-MED870FDD161FF24D62971D6B996789D383.jpeg 1650w\" sizes=\"auto, (max-width: 1024px) 100vw, 1024px\" \/><figcaption class=\"wp-element-caption\">&#8230;och v\u00e4lkommen, ny och fr\u00e4sch l\u00e4genhet<\/figcaption><\/figure>\n\n\n\n<p><\/p>\n\n\n\n<p>Missa inga inl\u00e4gg. Gl\u00f6m inte att&nbsp;<a href=\"https:\/\/www.facebook.com\/4000mil\/\" target=\"_blank\" rel=\"noreferrer noopener\">f\u00f6lja 4000mil p\u00e5 Facebook<\/a>&nbsp;och&nbsp;<a href=\"https:\/\/www.instagram.com\/4000mil.se\/\" target=\"_blank\" rel=\"noreferrer noopener\">p\u00e5 Instagram<\/a>.<\/p>\n\n\n\n<p><\/p>\n","protected":false},"excerpt":{"rendered":"<p>I l\u00f6rdags kom vi hem igen efter tv\u00e5 veckor p\u00e5 Gotland. Och hem igen efter n\u00e4stan tv\u00e5 och en halv m\u00e5nader mer eller mindre p\u00e5 resande fot, med bara enstaka n\u00e4tter hemma i radhuset. 2,5 m\u00e5nader och \u00e4nd\u00e5 bara 5 veckor och 3 dagars uttagen semester. Hur g\u00e5r det ihop? [&hellip;]<\/p>\n","protected":false},"author":3,"featured_media":81109,"comment_status":"open","ping_status":"open","sticky":false,"template":"","format":"standard","meta":{"_monsterinsights_skip_tracking":false,"_monsterinsights_sitenote_active":false,"_monsterinsights_sitenote_note":"","_monsterinsights_sitenote_category":0,"footnotes":""},"categories":[1516,8],"tags":[12761],"class_list":["post-81067","post","type-post","status-publish","format-standard","has-post-thumbnail","hentry","category-personligt","category-sverige","tag-gotland"],"yoast_head":"<!-- This site is optimized with the Yoast SEO plugin v27.5 - https:\/\/yoast.com\/product\/yoast-seo-wordpress\/ -->\n<title>Hemma fr\u00e5n Gotland och semestern slut<\/title>\n<meta name=\"description\" content=\"I l\u00f6rdags kom vi hem igen efter tv\u00e5 veckor p\u00e5 Gotland. Och hem igen efter n\u00e4stan tv\u00e5 och en halv m\u00e5nader mer eller mindre p\u00e5 resande fot, med bara enstaka\" \/>\n<meta name=\"robots\" content=\"index, follow, max-snippet:-1, max-image-preview:large, max-video-preview:-1\" \/>\n<link rel=\"canonical\" href=\"https:\/\/4000mil.se\/index.php\/hemma-fran-gotland\/\" \/>\n<meta property=\"og:locale\" content=\"sv_SE\" \/>\n<meta property=\"og:type\" content=\"article\" \/>\n<meta property=\"og:title\" content=\"Hemma fr\u00e5n Gotland och semestern slut\" \/>\n<meta property=\"og:description\" content=\"I l\u00f6rdags kom vi hem igen efter tv\u00e5 veckor p\u00e5 Gotland. Och hem igen efter n\u00e4stan tv\u00e5 och en halv m\u00e5nader mer eller mindre p\u00e5 resande fot, med bara enstaka\" \/>\n<meta property=\"og:url\" content=\"https:\/\/4000mil.se\/index.php\/hemma-fran-gotland\/\" \/>\n<meta property=\"og:site_name\" content=\"4000 mil - en reseblogg\" \/>\n<meta property=\"article:publisher\" content=\"https:\/\/www.facebook.com\/4000mil\/\" \/>\n<meta property=\"article:published_time\" content=\"2025-08-12T04:00:00+00:00\" \/>\n<meta property=\"og:image\" content=\"https:\/\/4000mil.se\/wp-content\/uploads\/2025\/08\/IMG_2645.jpg\" \/>\n\t<meta property=\"og:image:width\" content=\"2048\" \/>\n\t<meta property=\"og:image:height\" content=\"1365\" \/>\n\t<meta property=\"og:image:type\" content=\"image\/jpeg\" \/>\n<meta name=\"author\" content=\"Gunilla Yourstone\" \/>\n<meta name=\"twitter:card\" content=\"summary_large_image\" \/>\n<meta name=\"twitter:creator\" content=\"@4000mil_se\" \/>\n<meta name=\"twitter:site\" content=\"@4000mil_se\" \/>\n<meta name=\"twitter:label1\" content=\"Skriven av\" \/>\n\t<meta name=\"twitter:data1\" content=\"Gunilla Yourstone\" \/>\n\t<meta name=\"twitter:label2\" content=\"Ber\u00e4knad l\u00e4stid\" \/>\n\t<meta name=\"twitter:data2\" content=\"6 minuter\" \/>\n<script type=\"application\/ld+json\" class=\"yoast-schema-graph\">{\"@context\":\"https:\\\/\\\/schema.org\",\"@graph\":[{\"@type\":\"Article\",\"@id\":\"https:\\\/\\\/4000mil.se\\\/index.php\\\/hemma-fran-gotland\\\/#article\",\"isPartOf\":{\"@id\":\"https:\\\/\\\/4000mil.se\\\/index.php\\\/hemma-fran-gotland\\\/\"},\"author\":{\"name\":\"Gunilla Yourstone\",\"@id\":\"https:\\\/\\\/4000mil.se\\\/#\\\/schema\\\/person\\\/cda463da9f6f2c4d9bbc173471184a73\"},\"headline\":\"Hemma fr\u00e5n Gotland och semestern slut\",\"datePublished\":\"2025-08-12T04:00:00+00:00\",\"mainEntityOfPage\":{\"@id\":\"https:\\\/\\\/4000mil.se\\\/index.php\\\/hemma-fran-gotland\\\/\"},\"wordCount\":604,\"commentCount\":2,\"publisher\":{\"@id\":\"https:\\\/\\\/4000mil.se\\\/#organization\"},\"image\":{\"@id\":\"https:\\\/\\\/4000mil.se\\\/index.php\\\/hemma-fran-gotland\\\/#primaryimage\"},\"thumbnailUrl\":\"https:\\\/\\\/4000mil.se\\\/wp-content\\\/uploads\\\/2025\\\/08\\\/IMG_2645.jpg\",\"keywords\":[\"Gotland\"],\"articleSection\":[\"Personligt\",\"Sverige\"],\"inLanguage\":\"sv-SE\",\"potentialAction\":[{\"@type\":\"CommentAction\",\"name\":\"Comment\",\"target\":[\"https:\\\/\\\/4000mil.se\\\/index.php\\\/hemma-fran-gotland\\\/#respond\"]}]},{\"@type\":\"WebPage\",\"@id\":\"https:\\\/\\\/4000mil.se\\\/index.php\\\/hemma-fran-gotland\\\/\",\"url\":\"https:\\\/\\\/4000mil.se\\\/index.php\\\/hemma-fran-gotland\\\/\",\"name\":\"Hemma fr\u00e5n Gotland och semestern slut\",\"isPartOf\":{\"@id\":\"https:\\\/\\\/4000mil.se\\\/#website\"},\"primaryImageOfPage\":{\"@id\":\"https:\\\/\\\/4000mil.se\\\/index.php\\\/hemma-fran-gotland\\\/#primaryimage\"},\"image\":{\"@id\":\"https:\\\/\\\/4000mil.se\\\/index.php\\\/hemma-fran-gotland\\\/#primaryimage\"},\"thumbnailUrl\":\"https:\\\/\\\/4000mil.se\\\/wp-content\\\/uploads\\\/2025\\\/08\\\/IMG_2645.jpg\",\"datePublished\":\"2025-08-12T04:00:00+00:00\",\"description\":\"I l\u00f6rdags kom vi hem igen efter tv\u00e5 veckor p\u00e5 Gotland. Och hem igen efter n\u00e4stan tv\u00e5 och en halv m\u00e5nader mer eller mindre p\u00e5 resande fot, med bara enstaka\",\"breadcrumb\":{\"@id\":\"https:\\\/\\\/4000mil.se\\\/index.php\\\/hemma-fran-gotland\\\/#breadcrumb\"},\"inLanguage\":\"sv-SE\",\"potentialAction\":[{\"@type\":\"ReadAction\",\"target\":[\"https:\\\/\\\/4000mil.se\\\/index.php\\\/hemma-fran-gotland\\\/\"]}]},{\"@type\":\"ImageObject\",\"inLanguage\":\"sv-SE\",\"@id\":\"https:\\\/\\\/4000mil.se\\\/index.php\\\/hemma-fran-gotland\\\/#primaryimage\",\"url\":\"https:\\\/\\\/4000mil.se\\\/wp-content\\\/uploads\\\/2025\\\/08\\\/IMG_2645.jpg\",\"contentUrl\":\"https:\\\/\\\/4000mil.se\\\/wp-content\\\/uploads\\\/2025\\\/08\\\/IMG_2645.jpg\",\"width\":2048,\"height\":1365},{\"@type\":\"BreadcrumbList\",\"@id\":\"https:\\\/\\\/4000mil.se\\\/index.php\\\/hemma-fran-gotland\\\/#breadcrumb\",\"itemListElement\":[{\"@type\":\"ListItem\",\"position\":1,\"name\":\"Home\",\"item\":\"https:\\\/\\\/4000mil.se\\\/\"},{\"@type\":\"ListItem\",\"position\":2,\"name\":\"Hemma fr\u00e5n Gotland och semestern slut\"}]},{\"@type\":\"WebSite\",\"@id\":\"https:\\\/\\\/4000mil.se\\\/#website\",\"url\":\"https:\\\/\\\/4000mil.se\\\/\",\"name\":\"4000 mil - en reseblogg\",\"description\":\"We haven&#039;t been everywhere, but it is on our list.\",\"publisher\":{\"@id\":\"https:\\\/\\\/4000mil.se\\\/#organization\"},\"potentialAction\":[{\"@type\":\"SearchAction\",\"target\":{\"@type\":\"EntryPoint\",\"urlTemplate\":\"https:\\\/\\\/4000mil.se\\\/?s={search_term_string}\"},\"query-input\":{\"@type\":\"PropertyValueSpecification\",\"valueRequired\":true,\"valueName\":\"search_term_string\"}}],\"inLanguage\":\"sv-SE\"},{\"@type\":\"Organization\",\"@id\":\"https:\\\/\\\/4000mil.se\\\/#organization\",\"name\":\"4000mil\",\"url\":\"https:\\\/\\\/4000mil.se\\\/\",\"logo\":{\"@type\":\"ImageObject\",\"inLanguage\":\"sv-SE\",\"@id\":\"https:\\\/\\\/4000mil.se\\\/#\\\/schema\\\/logo\\\/image\\\/\",\"url\":\"https:\\\/\\\/4000mil.se\\\/wp-content\\\/uploads\\\/2017\\\/07\\\/rsz_img_5178-e1511641744338.jpg\",\"contentUrl\":\"https:\\\/\\\/4000mil.se\\\/wp-content\\\/uploads\\\/2017\\\/07\\\/rsz_img_5178-e1511641744338.jpg\",\"width\":1000,\"height\":667,\"caption\":\"4000mil\"},\"image\":{\"@id\":\"https:\\\/\\\/4000mil.se\\\/#\\\/schema\\\/logo\\\/image\\\/\"},\"sameAs\":[\"https:\\\/\\\/www.facebook.com\\\/4000mil\\\/\",\"https:\\\/\\\/x.com\\\/4000mil_se\",\"https:\\\/\\\/www.instagram.com\\\/4000mil.se\\\/\",\"https:\\\/\\\/www.youtube.com\\\/channel\\\/UCJ-arZd2a7dT4Kqq5GtVbXQ\"]},{\"@type\":\"Person\",\"@id\":\"https:\\\/\\\/4000mil.se\\\/#\\\/schema\\\/person\\\/cda463da9f6f2c4d9bbc173471184a73\",\"name\":\"Gunilla Yourstone\",\"image\":{\"@type\":\"ImageObject\",\"inLanguage\":\"sv-SE\",\"@id\":\"https:\\\/\\\/secure.gravatar.com\\\/avatar\\\/2df85d0820b33bffdd86a729d25273c6153c1cc9b1338f26ef0c98d01163520d?s=96&d=mm&r=g\",\"url\":\"https:\\\/\\\/secure.gravatar.com\\\/avatar\\\/2df85d0820b33bffdd86a729d25273c6153c1cc9b1338f26ef0c98d01163520d?s=96&d=mm&r=g\",\"contentUrl\":\"https:\\\/\\\/secure.gravatar.com\\\/avatar\\\/2df85d0820b33bffdd86a729d25273c6153c1cc9b1338f26ef0c98d01163520d?s=96&d=mm&r=g\",\"caption\":\"Gunilla Yourstone\"},\"url\":\"https:\\\/\\\/4000mil.se\\\/index.php\\\/author\\\/gunillay\\\/\"}]}<\/script>\n<!-- \/ Yoast SEO plugin. -->","yoast_head_json":{"title":"Hemma fr\u00e5n Gotland och semestern slut","description":"I l\u00f6rdags kom vi hem igen efter tv\u00e5 veckor p\u00e5 Gotland. Och hem igen efter n\u00e4stan tv\u00e5 och en halv m\u00e5nader mer eller mindre p\u00e5 resande fot, med bara enstaka","robots":{"index":"index","follow":"follow","max-snippet":"max-snippet:-1","max-image-preview":"max-image-preview:large","max-video-preview":"max-video-preview:-1"},"canonical":"https:\/\/4000mil.se\/index.php\/hemma-fran-gotland\/","og_locale":"sv_SE","og_type":"article","og_title":"Hemma fr\u00e5n Gotland och semestern slut","og_description":"I l\u00f6rdags kom vi hem igen efter tv\u00e5 veckor p\u00e5 Gotland. Och hem igen efter n\u00e4stan tv\u00e5 och en halv m\u00e5nader mer eller mindre p\u00e5 resande fot, med bara enstaka","og_url":"https:\/\/4000mil.se\/index.php\/hemma-fran-gotland\/","og_site_name":"4000 mil - en reseblogg","article_publisher":"https:\/\/www.facebook.com\/4000mil\/","article_published_time":"2025-08-12T04:00:00+00:00","og_image":[{"width":2048,"height":1365,"url":"https:\/\/4000mil.se\/wp-content\/uploads\/2025\/08\/IMG_2645.jpg","type":"image\/jpeg"}],"author":"Gunilla Yourstone","twitter_card":"summary_large_image","twitter_creator":"@4000mil_se","twitter_site":"@4000mil_se","twitter_misc":{"Skriven av":"Gunilla Yourstone","Ber\u00e4knad l\u00e4stid":"6 minuter"},"schema":{"@context":"https:\/\/schema.org","@graph":[{"@type":"Article","@id":"https:\/\/4000mil.se\/index.php\/hemma-fran-gotland\/#article","isPartOf":{"@id":"https:\/\/4000mil.se\/index.php\/hemma-fran-gotland\/"},"author":{"name":"Gunilla Yourstone","@id":"https:\/\/4000mil.se\/#\/schema\/person\/cda463da9f6f2c4d9bbc173471184a73"},"headline":"Hemma fr\u00e5n Gotland och semestern slut","datePublished":"2025-08-12T04:00:00+00:00","mainEntityOfPage":{"@id":"https:\/\/4000mil.se\/index.php\/hemma-fran-gotland\/"},"wordCount":604,"commentCount":2,"publisher":{"@id":"https:\/\/4000mil.se\/#organization"},"image":{"@id":"https:\/\/4000mil.se\/index.php\/hemma-fran-gotland\/#primaryimage"},"thumbnailUrl":"https:\/\/4000mil.se\/wp-content\/uploads\/2025\/08\/IMG_2645.jpg","keywords":["Gotland"],"articleSection":["Personligt","Sverige"],"inLanguage":"sv-SE","potentialAction":[{"@type":"CommentAction","name":"Comment","target":["https:\/\/4000mil.se\/index.php\/hemma-fran-gotland\/#respond"]}]},{"@type":"WebPage","@id":"https:\/\/4000mil.se\/index.php\/hemma-fran-gotland\/","url":"https:\/\/4000mil.se\/index.php\/hemma-fran-gotland\/","name":"Hemma fr\u00e5n Gotland och semestern slut","isPartOf":{"@id":"https:\/\/4000mil.se\/#website"},"primaryImageOfPage":{"@id":"https:\/\/4000mil.se\/index.php\/hemma-fran-gotland\/#primaryimage"},"image":{"@id":"https:\/\/4000mil.se\/index.php\/hemma-fran-gotland\/#primaryimage"},"thumbnailUrl":"https:\/\/4000mil.se\/wp-content\/uploads\/2025\/08\/IMG_2645.jpg","datePublished":"2025-08-12T04:00:00+00:00","description":"I l\u00f6rdags kom vi hem igen efter tv\u00e5 veckor p\u00e5 Gotland. Och hem igen efter n\u00e4stan tv\u00e5 och en halv m\u00e5nader mer eller mindre p\u00e5 resande fot, med bara enstaka","breadcrumb":{"@id":"https:\/\/4000mil.se\/index.php\/hemma-fran-gotland\/#breadcrumb"},"inLanguage":"sv-SE","potentialAction":[{"@type":"ReadAction","target":["https:\/\/4000mil.se\/index.php\/hemma-fran-gotland\/"]}]},{"@type":"ImageObject","inLanguage":"sv-SE","@id":"https:\/\/4000mil.se\/index.php\/hemma-fran-gotland\/#primaryimage","url":"https:\/\/4000mil.se\/wp-content\/uploads\/2025\/08\/IMG_2645.jpg","contentUrl":"https:\/\/4000mil.se\/wp-content\/uploads\/2025\/08\/IMG_2645.jpg","width":2048,"height":1365},{"@type":"BreadcrumbList","@id":"https:\/\/4000mil.se\/index.php\/hemma-fran-gotland\/#breadcrumb","itemListElement":[{"@type":"ListItem","position":1,"name":"Home","item":"https:\/\/4000mil.se\/"},{"@type":"ListItem","position":2,"name":"Hemma fr\u00e5n Gotland och semestern slut"}]},{"@type":"WebSite","@id":"https:\/\/4000mil.se\/#website","url":"https:\/\/4000mil.se\/","name":"4000 mil - en reseblogg","description":"We haven&#039;t been everywhere, but it is on our list.","publisher":{"@id":"https:\/\/4000mil.se\/#organization"},"potentialAction":[{"@type":"SearchAction","target":{"@type":"EntryPoint","urlTemplate":"https:\/\/4000mil.se\/?s={search_term_string}"},"query-input":{"@type":"PropertyValueSpecification","valueRequired":true,"valueName":"search_term_string"}}],"inLanguage":"sv-SE"},{"@type":"Organization","@id":"https:\/\/4000mil.se\/#organization","name":"4000mil","url":"https:\/\/4000mil.se\/","logo":{"@type":"ImageObject","inLanguage":"sv-SE","@id":"https:\/\/4000mil.se\/#\/schema\/logo\/image\/","url":"https:\/\/4000mil.se\/wp-content\/uploads\/2017\/07\/rsz_img_5178-e1511641744338.jpg","contentUrl":"https:\/\/4000mil.se\/wp-content\/uploads\/2017\/07\/rsz_img_5178-e1511641744338.jpg","width":1000,"height":667,"caption":"4000mil"},"image":{"@id":"https:\/\/4000mil.se\/#\/schema\/logo\/image\/"},"sameAs":["https:\/\/www.facebook.com\/4000mil\/","https:\/\/x.com\/4000mil_se","https:\/\/www.instagram.com\/4000mil.se\/","https:\/\/www.youtube.com\/channel\/UCJ-arZd2a7dT4Kqq5GtVbXQ"]},{"@type":"Person","@id":"https:\/\/4000mil.se\/#\/schema\/person\/cda463da9f6f2c4d9bbc173471184a73","name":"Gunilla Yourstone","image":{"@type":"ImageObject","inLanguage":"sv-SE","@id":"https:\/\/secure.gravatar.com\/avatar\/2df85d0820b33bffdd86a729d25273c6153c1cc9b1338f26ef0c98d01163520d?s=96&d=mm&r=g","url":"https:\/\/secure.gravatar.com\/avatar\/2df85d0820b33bffdd86a729d25273c6153c1cc9b1338f26ef0c98d01163520d?s=96&d=mm&r=g","contentUrl":"https:\/\/secure.gravatar.com\/avatar\/2df85d0820b33bffdd86a729d25273c6153c1cc9b1338f26ef0c98d01163520d?s=96&d=mm&r=g","caption":"Gunilla Yourstone"},"url":"https:\/\/4000mil.se\/index.php\/author\/gunillay\/"}]}},"_links":{"self":[{"href":"https:\/\/4000mil.se\/index.php\/wp-json\/wp\/v2\/posts\/81067","targetHints":{"allow":["GET"]}}],"collection":[{"href":"https:\/\/4000mil.se\/index.php\/wp-json\/wp\/v2\/posts"}],"about":[{"href":"https:\/\/4000mil.se\/index.php\/wp-json\/wp\/v2\/types\/post"}],"author":[{"embeddable":true,"href":"https:\/\/4000mil.se\/index.php\/wp-json\/wp\/v2\/users\/3"}],"replies":[{"embeddable":true,"href":"https:\/\/4000mil.se\/index.php\/wp-json\/wp\/v2\/comments?post=81067"}],"version-history":[{"count":16,"href":"https:\/\/4000mil.se\/index.php\/wp-json\/wp\/v2\/posts\/81067\/revisions"}],"predecessor-version":[{"id":81151,"href":"https:\/\/4000mil.se\/index.php\/wp-json\/wp\/v2\/posts\/81067\/revisions\/81151"}],"wp:featuredmedia":[{"embeddable":true,"href":"https:\/\/4000mil.se\/index.php\/wp-json\/wp\/v2\/media\/81109"}],"wp:attachment":[{"href":"https:\/\/4000mil.se\/index.php\/wp-json\/wp\/v2\/media?parent=81067"}],"wp:term":[{"taxonomy":"category","embeddable":true,"href":"https:\/\/4000mil.se\/index.php\/wp-json\/wp\/v2\/categories?post=81067"},{"taxonomy":"post_tag","embeddable":true,"href":"https:\/\/4000mil.se\/index.php\/wp-json\/wp\/v2\/tags?post=81067"}],"curies":[{"name":"wp","href":"https:\/\/api.w.org\/{rel}","templated":true}]}}