{"id":81213,"date":"2025-08-20T06:00:00","date_gmt":"2025-08-20T04:00:00","guid":{"rendered":"https:\/\/4000mil.se\/?p=81213"},"modified":"2025-08-19T08:03:17","modified_gmt":"2025-08-19T06:03:17","slug":"vi-besoker-medeltidsveckan-pa-gotland","status":"publish","type":"post","link":"https:\/\/4000mil.se\/index.php\/vi-besoker-medeltidsveckan-pa-gotland\/","title":{"rendered":"Vi bes\u00f6ker Medeltidsveckan p\u00e5 Gotland"},"content":{"rendered":"\n<p>Medeltidsveckan \u00e4r ett arrangemang som funnits p\u00e5 Gotland sedan 1984, det vill s\u00e4ga i mer \u00e4n 40 \u00e5r. \u00c5tskilliga g\u00e5nger har vi h\u00f6rt talas om det och n\u00e4stan lika m\u00e5nga g\u00e5nger t\u00e4nkt att det vore kul att bes\u00f6ka n\u00e5gon g\u00e5ng.<\/p>\n\n\n\n<p>\u00c4nd\u00e5 bokar vi inte in oss f\u00f6r ett bes\u00f6k. N\u00e4r vi nu bes\u00f6ker Gotland f\u00f6r f\u00f6rsta g\u00e5ngen p\u00e5 m\u00e5nga \u00e5r och till p\u00e5 k\u00f6pet under r\u00e4tt vecka, dvs vecka 32.<\/p>\n\n\n\n<figure class=\"wp-block-image size-large\"><img loading=\"lazy\" decoding=\"async\" width=\"914\" height=\"1024\" src=\"https:\/\/4000mil.se\/wp-content\/uploads\/2025\/08\/IMG_8191-914x1024.jpg\" alt=\"\" class=\"wp-image-81229\" srcset=\"https:\/\/4000mil.se\/wp-content\/uploads\/2025\/08\/IMG_8191-914x1024.jpg 914w, https:\/\/4000mil.se\/wp-content\/uploads\/2025\/08\/IMG_8191-268x300.jpg 268w, https:\/\/4000mil.se\/wp-content\/uploads\/2025\/08\/IMG_8191-768x861.jpg 768w, https:\/\/4000mil.se\/wp-content\/uploads\/2025\/08\/IMG_8191-1370x1536.jpg 1370w, https:\/\/4000mil.se\/wp-content\/uploads\/2025\/08\/IMG_8191-800x897.jpg 800w, https:\/\/4000mil.se\/wp-content\/uploads\/2025\/08\/IMG_8191.jpg 1827w\" sizes=\"auto, (max-width: 914px) 100vw, 914px\" \/><\/figure>\n\n\n\n<figure class=\"wp-block-image size-large\"><img loading=\"lazy\" decoding=\"async\" width=\"1024\" height=\"683\" src=\"https:\/\/4000mil.se\/wp-content\/uploads\/2025\/08\/IMG_8180-1024x683.jpg\" alt=\"Medeltidsveckan p\u00e5 Gotland\" class=\"wp-image-81042\" srcset=\"https:\/\/4000mil.se\/wp-content\/uploads\/2025\/08\/IMG_8180-1024x683.jpg 1024w, https:\/\/4000mil.se\/wp-content\/uploads\/2025\/08\/IMG_8180-300x200.jpg 300w, https:\/\/4000mil.se\/wp-content\/uploads\/2025\/08\/IMG_8180-768x512.jpg 768w, https:\/\/4000mil.se\/wp-content\/uploads\/2025\/08\/IMG_8180-1536x1024.jpg 1536w, https:\/\/4000mil.se\/wp-content\/uploads\/2025\/08\/IMG_8180-2000x1333.jpg 2000w, https:\/\/4000mil.se\/wp-content\/uploads\/2025\/08\/IMG_8180-800x533.jpg 800w, https:\/\/4000mil.se\/wp-content\/uploads\/2025\/08\/IMG_8180.jpg 2048w\" sizes=\"auto, (max-width: 1024px) 100vw, 1024px\" \/><\/figure>\n\n\n\n<h2 class=\"wp-block-heading\">Vi \u00e4ndrar oss om Medeltidsveckan<\/h2>\n\n\n\n<p>Vi t\u00e4nker nog faktiskt att nej, vi vill uppleva Visby utan alla extraturister som Medeltidsveckan f\u00f6r med sig. Utan festivalt\u00e4lt och inh\u00e4gnade festivalomr\u00e5den. Vi vill mer ha Visby som det annars \u00e4r under sommaren. Samt att vi har s\u00e5 mycket annat som vi vill hinna se och g\u00f6ra p\u00e5 Gotland.\u00a0 S\u00e5 vi bokar in Visby allra f\u00f6rst p\u00e5 v\u00e5r vistelse, under helgen vecka 30 och planerar sedan f\u00f6r att \u00e5ka d\u00e4rifr\u00e5n och bes\u00f6ka andra delar av Gotland under resterande tid.<\/p>\n\n\n\n<figure class=\"wp-block-image size-large\"><img loading=\"lazy\" decoding=\"async\" width=\"1024\" height=\"717\" src=\"https:\/\/4000mil.se\/wp-content\/uploads\/2025\/08\/IMG_8354-1024x717.jpg\" alt=\"Medeltidsveckan p\u00e5 Gotland\" class=\"wp-image-81214\" srcset=\"https:\/\/4000mil.se\/wp-content\/uploads\/2025\/08\/IMG_8354-1024x717.jpg 1024w, https:\/\/4000mil.se\/wp-content\/uploads\/2025\/08\/IMG_8354-300x210.jpg 300w, https:\/\/4000mil.se\/wp-content\/uploads\/2025\/08\/IMG_8354-768x538.jpg 768w, https:\/\/4000mil.se\/wp-content\/uploads\/2025\/08\/IMG_8354-1536x1076.jpg 1536w, https:\/\/4000mil.se\/wp-content\/uploads\/2025\/08\/IMG_8354-2000x1400.jpg 2000w, https:\/\/4000mil.se\/wp-content\/uploads\/2025\/08\/IMG_8354-800x560.jpg 800w, https:\/\/4000mil.se\/wp-content\/uploads\/2025\/08\/IMG_8354.jpg 2048w\" sizes=\"auto, (max-width: 1024px) 100vw, 1024px\" \/><\/figure>\n\n\n\n<p>Denna \u00e5sikt och strategi har f\u00f6rst\u00e5s en po\u00e4ng. F\u00f6r Medeltidsveckan sp\u00e4rrar av och f\u00f6r\u00e4ndrar Visby, helt klart.\u00a0<\/p>\n\n\n\n<p>Men n\u00e5got h\u00e4nder under v\u00e5r Gotlandsvistelse. Det \u00e4r uppe p\u00e5 F\u00e5r\u00f6, under Medeltidsveckan f\u00f6rsta dag som jag f\u00e5r syn p\u00e5 en artikel om invigningsparaden. Jag ser bilder och det uppst\u00e5r ett sug.<\/p>\n\n\n\n<figure class=\"wp-block-image size-large\"><img loading=\"lazy\" decoding=\"async\" width=\"1024\" height=\"683\" src=\"https:\/\/4000mil.se\/wp-content\/uploads\/2025\/08\/IMG_8316-1024x683.jpg\" alt=\"Medeltidsveckan p\u00e5 Gotland\" class=\"wp-image-81215\" srcset=\"https:\/\/4000mil.se\/wp-content\/uploads\/2025\/08\/IMG_8316-1024x683.jpg 1024w, https:\/\/4000mil.se\/wp-content\/uploads\/2025\/08\/IMG_8316-300x200.jpg 300w, https:\/\/4000mil.se\/wp-content\/uploads\/2025\/08\/IMG_8316-768x512.jpg 768w, https:\/\/4000mil.se\/wp-content\/uploads\/2025\/08\/IMG_8316-1536x1024.jpg 1536w, https:\/\/4000mil.se\/wp-content\/uploads\/2025\/08\/IMG_8316-2000x1333.jpg 2000w, https:\/\/4000mil.se\/wp-content\/uploads\/2025\/08\/IMG_8316-800x533.jpg 800w, https:\/\/4000mil.se\/wp-content\/uploads\/2025\/08\/IMG_8316.jpg 2048w\" sizes=\"auto, (max-width: 1024px) 100vw, 1024px\" \/><\/figure>\n\n\n\n<p>Jag kollar in programmet och s\u00e4ger till Christofer:<\/p>\n\n\n\n<p>&#8211; Skulle vi ha bokat biljetter till ett tornerspel? Hade det inte varit h\u00e4ftigt?<br>&#8211; Jo, s\u00e4ger han f\u00f6rst\u00e5s. Som han alltid g\u00f6r n\u00e4r jag f\u00f6resl\u00e5r saker. Absolut!<\/p>\n\n\n\n<p>Biljetter bokas till v\u00e5r sista dag p\u00e5 Gotland. F\u00f6r d\u00e5 ser v\u00e4dret lite tr\u00e5kigt ut. Moln och lite svalare.&nbsp;<\/p>\n\n\n\n<figure class=\"wp-block-image size-large\"><img loading=\"lazy\" decoding=\"async\" width=\"1024\" height=\"707\" src=\"https:\/\/4000mil.se\/wp-content\/uploads\/2025\/08\/IMG_8335-1024x707.jpg\" alt=\"Medeltidsveckan p\u00e5 Gotland\" class=\"wp-image-81041\" srcset=\"https:\/\/4000mil.se\/wp-content\/uploads\/2025\/08\/IMG_8335-1024x707.jpg 1024w, https:\/\/4000mil.se\/wp-content\/uploads\/2025\/08\/IMG_8335-300x207.jpg 300w, https:\/\/4000mil.se\/wp-content\/uploads\/2025\/08\/IMG_8335-768x530.jpg 768w, https:\/\/4000mil.se\/wp-content\/uploads\/2025\/08\/IMG_8335-1536x1061.jpg 1536w, https:\/\/4000mil.se\/wp-content\/uploads\/2025\/08\/IMG_8335-2000x1381.jpg 2000w, https:\/\/4000mil.se\/wp-content\/uploads\/2025\/08\/IMG_8335-800x552.jpg 800w, https:\/\/4000mil.se\/wp-content\/uploads\/2025\/08\/IMG_8335.jpg 2048w\" sizes=\"auto, (max-width: 1024px) 100vw, 1024px\" \/><\/figure>\n\n\n\n<h2 class=\"wp-block-heading\">Battle of Wisby<\/h2>\n\n\n\n<p>Men sen ser jag n\u00e5got mer. \u201cBattle of Wisby\u201d. Slaget om Visby har vi precis sett utst\u00e4llningen om p\u00e5 Gotlands museum. L\u00e4st om Danmarks \u00f6verl\u00e4gsna legoknektsarm\u00e9 som fullst\u00e4ndigt massakrerade den gotl\u00e4ndska bondearm\u00e9n \u00e5r 1361. Samt tidigare sett i SVT-serien <em>Historien om Sverige<\/em> f\u00f6r n\u00e5got \u00e5r sedan, om hur stadsborna i Visby st\u00e4ngde portarna och l\u00e4mnade b\u00f6nderna \u00e5t sitt \u00f6de. Om hur n\u00e4stan varje fullvuxen man p\u00e5 Gotland fick s\u00e4tta livet till.<\/p>\n\n\n\n<figure class=\"wp-block-image size-large\"><img loading=\"lazy\" decoding=\"async\" width=\"1024\" height=\"683\" src=\"https:\/\/4000mil.se\/wp-content\/uploads\/2025\/08\/IMG_8076-1024x683.jpg\" alt=\"Medeltidsveckan p\u00e5 Gotland\" class=\"wp-image-81216\" srcset=\"https:\/\/4000mil.se\/wp-content\/uploads\/2025\/08\/IMG_8076-1024x683.jpg 1024w, https:\/\/4000mil.se\/wp-content\/uploads\/2025\/08\/IMG_8076-300x200.jpg 300w, https:\/\/4000mil.se\/wp-content\/uploads\/2025\/08\/IMG_8076-768x512.jpg 768w, https:\/\/4000mil.se\/wp-content\/uploads\/2025\/08\/IMG_8076-1536x1024.jpg 1536w, https:\/\/4000mil.se\/wp-content\/uploads\/2025\/08\/IMG_8076-2000x1333.jpg 2000w, https:\/\/4000mil.se\/wp-content\/uploads\/2025\/08\/IMG_8076-800x533.jpg 800w, https:\/\/4000mil.se\/wp-content\/uploads\/2025\/08\/IMG_8076.jpg 2048w\" sizes=\"auto, (max-width: 1024px) 100vw, 1024px\" \/><\/figure>\n\n\n\n<figure class=\"wp-block-image size-large\"><img loading=\"lazy\" decoding=\"async\" width=\"683\" height=\"1024\" src=\"https:\/\/4000mil.se\/wp-content\/uploads\/2025\/08\/IMG_8299-683x1024.jpg\" alt=\"Medeltidsveckan p\u00e5 Gotland\" class=\"wp-image-81217\" srcset=\"https:\/\/4000mil.se\/wp-content\/uploads\/2025\/08\/IMG_8299-683x1024.jpg 683w, https:\/\/4000mil.se\/wp-content\/uploads\/2025\/08\/IMG_8299-200x300.jpg 200w, https:\/\/4000mil.se\/wp-content\/uploads\/2025\/08\/IMG_8299-768x1152.jpg 768w, https:\/\/4000mil.se\/wp-content\/uploads\/2025\/08\/IMG_8299-1024x1536.jpg 1024w, https:\/\/4000mil.se\/wp-content\/uploads\/2025\/08\/IMG_8299-800x1200.jpg 800w, https:\/\/4000mil.se\/wp-content\/uploads\/2025\/08\/IMG_8299.jpg 1365w\" sizes=\"auto, (max-width: 683px) 100vw, 683px\" \/><\/figure>\n\n\n\n<p>En fruktansv\u00e4rd historisk h\u00e4ndelse vars omfattning n\u00e4stan inte g\u00e5r att f\u00f6rest\u00e4lla sig idag.<\/p>\n\n\n\n<p>Det visar sig nu att vart tredje \u00e5r bara, under Medeltidsveckan, iscens\u00e4tts denna h\u00e4ndelse som ett sk\u00e5despel, med deltagare fr\u00e5n hela v\u00e4rlden, som kommer till Gotland f\u00f6r att medverka. De har sj\u00e4lva bekostat sina kl\u00e4der, vapen och rustningar. N\u00e5gra har till och med med sig h\u00e4star. All utrustning godk\u00e4nns av historiker i f\u00f6rv\u00e4g. Allt f\u00f6r att sk\u00e5despelet ska bli s\u00e5 korrekt som m\u00f6jligt.<\/p>\n\n\n\n<figure class=\"wp-block-image size-large\"><img loading=\"lazy\" decoding=\"async\" width=\"1024\" height=\"683\" src=\"https:\/\/4000mil.se\/wp-content\/uploads\/2025\/08\/IMG_8277-1024x683.jpg\" alt=\"Medeltidsveckan p\u00e5 Gotland\" class=\"wp-image-81218\" srcset=\"https:\/\/4000mil.se\/wp-content\/uploads\/2025\/08\/IMG_8277-1024x683.jpg 1024w, https:\/\/4000mil.se\/wp-content\/uploads\/2025\/08\/IMG_8277-300x200.jpg 300w, https:\/\/4000mil.se\/wp-content\/uploads\/2025\/08\/IMG_8277-768x512.jpg 768w, https:\/\/4000mil.se\/wp-content\/uploads\/2025\/08\/IMG_8277-1536x1024.jpg 1536w, https:\/\/4000mil.se\/wp-content\/uploads\/2025\/08\/IMG_8277-2000x1333.jpg 2000w, https:\/\/4000mil.se\/wp-content\/uploads\/2025\/08\/IMG_8277-800x533.jpg 800w, https:\/\/4000mil.se\/wp-content\/uploads\/2025\/08\/IMG_8277.jpg 2048w\" sizes=\"auto, (max-width: 1024px) 100vw, 1024px\" \/><\/figure>\n\n\n\n<figure class=\"wp-block-image size-large\"><img loading=\"lazy\" decoding=\"async\" width=\"1024\" height=\"683\" src=\"https:\/\/4000mil.se\/wp-content\/uploads\/2025\/08\/IMG_8298-1024x683.jpg\" alt=\"\" class=\"wp-image-81219\" srcset=\"https:\/\/4000mil.se\/wp-content\/uploads\/2025\/08\/IMG_8298-1024x683.jpg 1024w, https:\/\/4000mil.se\/wp-content\/uploads\/2025\/08\/IMG_8298-300x200.jpg 300w, https:\/\/4000mil.se\/wp-content\/uploads\/2025\/08\/IMG_8298-768x512.jpg 768w, https:\/\/4000mil.se\/wp-content\/uploads\/2025\/08\/IMG_8298-1536x1024.jpg 1536w, https:\/\/4000mil.se\/wp-content\/uploads\/2025\/08\/IMG_8298-2000x1333.jpg 2000w, https:\/\/4000mil.se\/wp-content\/uploads\/2025\/08\/IMG_8298-800x533.jpg 800w, https:\/\/4000mil.se\/wp-content\/uploads\/2025\/08\/IMG_8298.jpg 2048w\" sizes=\"auto, (max-width: 1024px) 100vw, 1024px\" \/><\/figure>\n\n\n\n<p>Ett &#8221;Battle of Wisby\u201d iscens\u00e4tts\u00a0l\u00f6rdagen den 9 augusti utanf\u00f6r Visbys portar. Det vill s\u00e4ga d\u00e4r det en g\u00e5ng f\u00f6r 664 \u00e5r sedan h\u00e4nde p\u00e5 riktigt.<br>Men detta k\u00e4nda slag hade f\u00f6reg\u00e5tts av ett slag i byn M\u00e4sterby n\u00e5gra mil s\u00f6der om Visby. Danskarna landsteg i Klintehamnstrakten och gick sedan mot Visby landv\u00e4gen. Byn M\u00e4sterby m\u00e5ste passeras p\u00e5 grund av en bro.<\/p>\n\n\n\n<figure class=\"wp-block-image size-large\"><img loading=\"lazy\" decoding=\"async\" width=\"1024\" height=\"618\" src=\"https:\/\/4000mil.se\/wp-content\/uploads\/2025\/08\/IMG_8117-1024x618.jpg\" alt=\"\" class=\"wp-image-81220\" srcset=\"https:\/\/4000mil.se\/wp-content\/uploads\/2025\/08\/IMG_8117-1024x618.jpg 1024w, https:\/\/4000mil.se\/wp-content\/uploads\/2025\/08\/IMG_8117-300x181.jpg 300w, https:\/\/4000mil.se\/wp-content\/uploads\/2025\/08\/IMG_8117-768x463.jpg 768w, https:\/\/4000mil.se\/wp-content\/uploads\/2025\/08\/IMG_8117-1536x926.jpg 1536w, https:\/\/4000mil.se\/wp-content\/uploads\/2025\/08\/IMG_8117-2000x1206.jpg 2000w, https:\/\/4000mil.se\/wp-content\/uploads\/2025\/08\/IMG_8117-800x482.jpg 800w, https:\/\/4000mil.se\/wp-content\/uploads\/2025\/08\/IMG_8117.jpg 2048w\" sizes=\"auto, (max-width: 1024px) 100vw, 1024px\" \/><\/figure>\n\n\n\n<figure class=\"wp-block-image size-large\"><img loading=\"lazy\" decoding=\"async\" width=\"1024\" height=\"683\" src=\"https:\/\/4000mil.se\/wp-content\/uploads\/2025\/08\/IMG_8136-1024x683.jpg\" alt=\"\" class=\"wp-image-81221\" srcset=\"https:\/\/4000mil.se\/wp-content\/uploads\/2025\/08\/IMG_8136-1024x683.jpg 1024w, https:\/\/4000mil.se\/wp-content\/uploads\/2025\/08\/IMG_8136-300x200.jpg 300w, https:\/\/4000mil.se\/wp-content\/uploads\/2025\/08\/IMG_8136-768x512.jpg 768w, https:\/\/4000mil.se\/wp-content\/uploads\/2025\/08\/IMG_8136-1536x1024.jpg 1536w, https:\/\/4000mil.se\/wp-content\/uploads\/2025\/08\/IMG_8136-2000x1333.jpg 2000w, https:\/\/4000mil.se\/wp-content\/uploads\/2025\/08\/IMG_8136-800x533.jpg 800w, https:\/\/4000mil.se\/wp-content\/uploads\/2025\/08\/IMG_8136.jpg 2048w\" sizes=\"auto, (max-width: 1024px) 100vw, 1024px\" \/><\/figure>\n\n\n\n<p>H\u00e4r v\u00e4ntade d\u00e4rf\u00f6r delar av den gotl\u00e4ndska bondearm\u00e9n p\u00e5 danskarna. F\u00f6rst\u00e5s, vet vi av historien, utan att kunna stoppa dem. Samma grymma nederlag v\u00e4ntade gotl\u00e4nningarna h\u00e4r, i detta f\u00f6rspel till det st\u00f6rre avg\u00f6rande slaget, som senare \u00e4gde rum uppe i Visby.\u00a0<\/p>\n\n\n\n<figure class=\"wp-block-image size-large\"><img loading=\"lazy\" decoding=\"async\" width=\"683\" height=\"1024\" src=\"https:\/\/4000mil.se\/wp-content\/uploads\/2025\/08\/IMG_8106-683x1024.jpg\" alt=\"\" class=\"wp-image-81222\" srcset=\"https:\/\/4000mil.se\/wp-content\/uploads\/2025\/08\/IMG_8106-683x1024.jpg 683w, https:\/\/4000mil.se\/wp-content\/uploads\/2025\/08\/IMG_8106-200x300.jpg 200w, https:\/\/4000mil.se\/wp-content\/uploads\/2025\/08\/IMG_8106-768x1152.jpg 768w, https:\/\/4000mil.se\/wp-content\/uploads\/2025\/08\/IMG_8106-1024x1536.jpg 1024w, https:\/\/4000mil.se\/wp-content\/uploads\/2025\/08\/IMG_8106-800x1200.jpg 800w, https:\/\/4000mil.se\/wp-content\/uploads\/2025\/08\/IMG_8106.jpg 1365w\" sizes=\"auto, (max-width: 683px) 100vw, 683px\" \/><\/figure>\n\n\n\n<figure class=\"wp-block-image size-large\"><img loading=\"lazy\" decoding=\"async\" width=\"1024\" height=\"683\" src=\"https:\/\/4000mil.se\/wp-content\/uploads\/2025\/08\/IMG_8158-1-1024x683.jpg\" alt=\"Medeltidsveckan p\u00e5 Gotland\" class=\"wp-image-81223\" srcset=\"https:\/\/4000mil.se\/wp-content\/uploads\/2025\/08\/IMG_8158-1-1024x683.jpg 1024w, https:\/\/4000mil.se\/wp-content\/uploads\/2025\/08\/IMG_8158-1-300x200.jpg 300w, https:\/\/4000mil.se\/wp-content\/uploads\/2025\/08\/IMG_8158-1-768x512.jpg 768w, https:\/\/4000mil.se\/wp-content\/uploads\/2025\/08\/IMG_8158-1-1536x1024.jpg 1536w, https:\/\/4000mil.se\/wp-content\/uploads\/2025\/08\/IMG_8158-1-2000x1333.jpg 2000w, https:\/\/4000mil.se\/wp-content\/uploads\/2025\/08\/IMG_8158-1-800x533.jpg 800w, https:\/\/4000mil.se\/wp-content\/uploads\/2025\/08\/IMG_8158-1.jpg 2048w\" sizes=\"auto, (max-width: 1024px) 100vw, 1024px\" \/><\/figure>\n\n\n\n<p>Detta slag i M\u00e4sterby iscens\u00e4tts f\u00f6rst\u00e5s p\u00e5 plats i M\u00e4sterby, d\u00e4r det riktiga slaget en g\u00e5ng \u00e4gde rum och p\u00e5 torsdagen den 7 augusti. Det vill s\u00e4ga samma dag som v\u00e5rt bokade tornerspel.&nbsp;<\/p>\n\n\n\n<p>Vi bokar biljetter till detta evenemang och har nu en heldag av Medeltid att se fram emot.<\/p>\n\n\n\n<figure class=\"wp-block-image size-large\"><img loading=\"lazy\" decoding=\"async\" width=\"1024\" height=\"683\" src=\"https:\/\/4000mil.se\/wp-content\/uploads\/2025\/08\/IMG_2788-1024x683.jpeg\" alt=\"\" class=\"wp-image-81277\" srcset=\"https:\/\/4000mil.se\/wp-content\/uploads\/2025\/08\/IMG_2788-1024x683.jpeg 1024w, https:\/\/4000mil.se\/wp-content\/uploads\/2025\/08\/IMG_2788-300x200.jpeg 300w, https:\/\/4000mil.se\/wp-content\/uploads\/2025\/08\/IMG_2788-768x512.jpeg 768w, https:\/\/4000mil.se\/wp-content\/uploads\/2025\/08\/IMG_2788-1536x1024.jpeg 1536w, https:\/\/4000mil.se\/wp-content\/uploads\/2025\/08\/IMG_2788-2000x1333.jpeg 2000w, https:\/\/4000mil.se\/wp-content\/uploads\/2025\/08\/IMG_2788-800x533.jpeg 800w, https:\/\/4000mil.se\/wp-content\/uploads\/2025\/08\/IMG_2788.jpeg 2048w\" sizes=\"auto, (max-width: 1024px) 100vw, 1024px\" \/><\/figure>\n\n\n\n<h2 class=\"wp-block-heading\">Slaget om M\u00e4sterby &#8211; live<\/h2>\n\n\n\n<p>Vi anl\u00e4nder mer \u00e4n 1,5 timme i f\u00f6rv\u00e4g. Vilket visar sig vara en mycket god id\u00e9. F\u00f6rsta b\u00e4nkraden p\u00e5 M\u00e4sterby \u00c4nge \u00e4r s\u00e5 gott som fullsatt. Vi v\u00e4ljer en b\u00e4nk som \u00e4nnu har lediga platser. Men en mystisk extrab\u00e4nk framf\u00f6r.&nbsp;<\/p>\n\n\n\n<figure class=\"wp-block-image size-large\"><img loading=\"lazy\" decoding=\"async\" width=\"1024\" height=\"683\" src=\"https:\/\/4000mil.se\/wp-content\/uploads\/2025\/08\/IMG_8100-1024x683.jpg\" alt=\"\" class=\"wp-image-81225\" srcset=\"https:\/\/4000mil.se\/wp-content\/uploads\/2025\/08\/IMG_8100-1024x683.jpg 1024w, https:\/\/4000mil.se\/wp-content\/uploads\/2025\/08\/IMG_8100-300x200.jpg 300w, https:\/\/4000mil.se\/wp-content\/uploads\/2025\/08\/IMG_8100-768x512.jpg 768w, https:\/\/4000mil.se\/wp-content\/uploads\/2025\/08\/IMG_8100-1536x1024.jpg 1536w, https:\/\/4000mil.se\/wp-content\/uploads\/2025\/08\/IMG_8100-2000x1333.jpg 2000w, https:\/\/4000mil.se\/wp-content\/uploads\/2025\/08\/IMG_8100-800x533.jpg 800w, https:\/\/4000mil.se\/wp-content\/uploads\/2025\/08\/IMG_8100.jpg 2048w\" sizes=\"auto, (max-width: 1024px) 100vw, 1024px\" \/><\/figure>\n\n\n\n<p>K\u00f6per lite fika och plockar fram en medhavd bok.<\/p>\n\n\n\n<p>Snart f\u00e5r vi mysteriet med extrab\u00e4nken f\u00f6rklarat f\u00f6r oss i och med att Dick Harrison anl\u00e4nder. Detta \u00e4r hans och n\u00e5gra andra VIP-g\u00e4sters b\u00e4nk.<\/p>\n\n\n\n<figure class=\"wp-block-image size-large\"><img loading=\"lazy\" decoding=\"async\" width=\"1024\" height=\"683\" src=\"https:\/\/4000mil.se\/wp-content\/uploads\/2025\/08\/IMG_2740-1024x683.jpeg\" alt=\"Medeltidsveckan p\u00e5 Gotland\" class=\"wp-image-81274\" srcset=\"https:\/\/4000mil.se\/wp-content\/uploads\/2025\/08\/IMG_2740-1024x683.jpeg 1024w, https:\/\/4000mil.se\/wp-content\/uploads\/2025\/08\/IMG_2740-300x200.jpeg 300w, https:\/\/4000mil.se\/wp-content\/uploads\/2025\/08\/IMG_2740-768x512.jpeg 768w, https:\/\/4000mil.se\/wp-content\/uploads\/2025\/08\/IMG_2740-1536x1024.jpeg 1536w, https:\/\/4000mil.se\/wp-content\/uploads\/2025\/08\/IMG_2740-2000x1333.jpeg 2000w, https:\/\/4000mil.se\/wp-content\/uploads\/2025\/08\/IMG_2740-800x533.jpeg 800w, https:\/\/4000mil.se\/wp-content\/uploads\/2025\/08\/IMG_2740.jpeg 2048w\" sizes=\"auto, (max-width: 1024px) 100vw, 1024px\" \/><\/figure>\n\n\n\n<h2 class=\"wp-block-heading\">Spelet kan b\u00f6rja<\/h2>\n\n\n\n<p>Dick Harrison kliver snart upp p\u00e5 en scen (l\u00e4s 4 lastpallar) och pratar oss igenom hela slaget. F\u00f6rklarar f\u00f6ruts\u00e4ttningar och stridstaktik. &#8221;F\u00f6rsvararna har en f\u00f6rdel eftersom de kan terr\u00e4ngen\u201d, \u201cB\u00e5gskyttarna \u00e4r bara till anv\u00e4ndning n\u00e4r fienden befinner sig p\u00e5 avst\u00e5nd. N\u00e4r fienden bryter igenom f\u00f6rsvarslinjen \u00e4r de l\u00e4tta och f\u00f6rsvarsl\u00f6sa offer.\u201d Och s\u00e5 vidare.<\/p>\n\n\n\n<figure class=\"wp-block-image size-large\"><img loading=\"lazy\" decoding=\"async\" width=\"1024\" height=\"683\" src=\"https:\/\/4000mil.se\/wp-content\/uploads\/2025\/08\/IMG_8154-1024x683.jpg\" alt=\"\" class=\"wp-image-81226\" srcset=\"https:\/\/4000mil.se\/wp-content\/uploads\/2025\/08\/IMG_8154-1024x683.jpg 1024w, https:\/\/4000mil.se\/wp-content\/uploads\/2025\/08\/IMG_8154-300x200.jpg 300w, https:\/\/4000mil.se\/wp-content\/uploads\/2025\/08\/IMG_8154-768x512.jpg 768w, https:\/\/4000mil.se\/wp-content\/uploads\/2025\/08\/IMG_8154-1536x1024.jpg 1536w, https:\/\/4000mil.se\/wp-content\/uploads\/2025\/08\/IMG_8154-2000x1333.jpg 2000w, https:\/\/4000mil.se\/wp-content\/uploads\/2025\/08\/IMG_8154-800x533.jpg 800w, https:\/\/4000mil.se\/wp-content\/uploads\/2025\/08\/IMG_8154.jpg 2048w\" sizes=\"auto, (max-width: 1024px) 100vw, 1024px\" \/><\/figure>\n\n\n\n<figure class=\"wp-block-image size-large\"><img loading=\"lazy\" decoding=\"async\" width=\"1024\" height=\"683\" src=\"https:\/\/4000mil.se\/wp-content\/uploads\/2025\/08\/IMG_8178-1024x683.jpg\" alt=\"\" class=\"wp-image-81227\" srcset=\"https:\/\/4000mil.se\/wp-content\/uploads\/2025\/08\/IMG_8178-1024x683.jpg 1024w, https:\/\/4000mil.se\/wp-content\/uploads\/2025\/08\/IMG_8178-300x200.jpg 300w, https:\/\/4000mil.se\/wp-content\/uploads\/2025\/08\/IMG_8178-768x512.jpg 768w, https:\/\/4000mil.se\/wp-content\/uploads\/2025\/08\/IMG_8178-1536x1024.jpg 1536w, https:\/\/4000mil.se\/wp-content\/uploads\/2025\/08\/IMG_8178-2000x1333.jpg 2000w, https:\/\/4000mil.se\/wp-content\/uploads\/2025\/08\/IMG_8178-800x533.jpg 800w, https:\/\/4000mil.se\/wp-content\/uploads\/2025\/08\/IMG_8178.jpg 2048w\" sizes=\"auto, (max-width: 1024px) 100vw, 1024px\" \/><\/figure>\n\n\n\n<p>S\u00e5 f\u00f6ljer vi steg f\u00f6r steg med gutarna under den \u00f6desdigra dagen. Leds genom alla skeenden av Dick Harrison, medan de hela 500 statisterna sonderar terr\u00e4ng, rycker fram och strider man mot man. Allt enligt ett regisserat och in\u00f6vat schema.<\/p>\n\n\n\n<figure class=\"wp-block-image size-large\"><img loading=\"lazy\" decoding=\"async\" width=\"1024\" height=\"720\" src=\"https:\/\/4000mil.se\/wp-content\/uploads\/2025\/08\/IMG_8187-1024x720.jpg\" alt=\"\" class=\"wp-image-81228\" srcset=\"https:\/\/4000mil.se\/wp-content\/uploads\/2025\/08\/IMG_8187-1024x720.jpg 1024w, https:\/\/4000mil.se\/wp-content\/uploads\/2025\/08\/IMG_8187-300x211.jpg 300w, https:\/\/4000mil.se\/wp-content\/uploads\/2025\/08\/IMG_8187-768x540.jpg 768w, https:\/\/4000mil.se\/wp-content\/uploads\/2025\/08\/IMG_8187-1536x1079.jpg 1536w, https:\/\/4000mil.se\/wp-content\/uploads\/2025\/08\/IMG_8187-2000x1405.jpg 2000w, https:\/\/4000mil.se\/wp-content\/uploads\/2025\/08\/IMG_8187-800x562.jpg 800w, https:\/\/4000mil.se\/wp-content\/uploads\/2025\/08\/IMG_8187.jpg 2048w\" sizes=\"auto, (max-width: 1024px) 100vw, 1024px\" \/><\/figure>\n\n\n\n<p>Kvinnorna som f\u00f6rst flyr och sedan \u00e5terv\u00e4nder f\u00f6r att f\u00f6rs\u00f6ka ta hand om och v\u00e5rda eventuella \u00f6verlevare efter f\u00f6rlusten.&nbsp;<\/p>\n\n\n\n<figure class=\"wp-block-image size-large\"><img loading=\"lazy\" decoding=\"async\" width=\"1024\" height=\"683\" src=\"https:\/\/4000mil.se\/wp-content\/uploads\/2025\/08\/IMG_8255-1024x683.jpg\" alt=\"\" class=\"wp-image-81230\" srcset=\"https:\/\/4000mil.se\/wp-content\/uploads\/2025\/08\/IMG_8255-1024x683.jpg 1024w, https:\/\/4000mil.se\/wp-content\/uploads\/2025\/08\/IMG_8255-300x200.jpg 300w, https:\/\/4000mil.se\/wp-content\/uploads\/2025\/08\/IMG_8255-768x512.jpg 768w, https:\/\/4000mil.se\/wp-content\/uploads\/2025\/08\/IMG_8255-1536x1024.jpg 1536w, https:\/\/4000mil.se\/wp-content\/uploads\/2025\/08\/IMG_8255-2000x1333.jpg 2000w, https:\/\/4000mil.se\/wp-content\/uploads\/2025\/08\/IMG_8255-800x533.jpg 800w, https:\/\/4000mil.se\/wp-content\/uploads\/2025\/08\/IMG_8255.jpg 2048w\" sizes=\"auto, (max-width: 1024px) 100vw, 1024px\" \/><\/figure>\n\n\n\n<p>Och det k\u00e4nns liksom som att vi \u00e4r d\u00e4r. Som att vi har f\u00e5tt vara med och se p\u00e5 riktigt. Vi lever oss in och \u00f6nskar, \u00f6nskar s\u00e5 att gotl\u00e4nningarna \u00e4nd\u00e5 p\u00e5 n\u00e5got s\u00e4tt kunde f\u00e5 segra.<\/p>\n\n\n\n<p>Men \u00f6det \u00e4r grymt och f\u00f6rutbest\u00e4mt. Slakten \u00e4r ett faktum. De d\u00f6da kropparna ligger kvar p\u00e5 slagf\u00e4ltet n\u00e4r dansken ger sig av. Vidare mot Visby.<\/p>\n\n\n\n<figure class=\"wp-block-image size-large\"><img loading=\"lazy\" decoding=\"async\" width=\"1024\" height=\"640\" src=\"https:\/\/4000mil.se\/wp-content\/uploads\/2025\/08\/IMG_8251-1024x640.jpg\" alt=\"\" class=\"wp-image-81231\" srcset=\"https:\/\/4000mil.se\/wp-content\/uploads\/2025\/08\/IMG_8251-1024x640.jpg 1024w, https:\/\/4000mil.se\/wp-content\/uploads\/2025\/08\/IMG_8251-300x187.jpg 300w, https:\/\/4000mil.se\/wp-content\/uploads\/2025\/08\/IMG_8251-768x480.jpg 768w, https:\/\/4000mil.se\/wp-content\/uploads\/2025\/08\/IMG_8251-1536x959.jpg 1536w, https:\/\/4000mil.se\/wp-content\/uploads\/2025\/08\/IMG_8251-2000x1249.jpg 2000w, https:\/\/4000mil.se\/wp-content\/uploads\/2025\/08\/IMG_8251-800x500.jpg 800w, https:\/\/4000mil.se\/wp-content\/uploads\/2025\/08\/IMG_8251-640x400.jpg 640w, https:\/\/4000mil.se\/wp-content\/uploads\/2025\/08\/IMG_8251.jpg 2048w\" sizes=\"auto, (max-width: 1024px) 100vw, 1024px\" \/><\/figure>\n\n\n\n<figure class=\"wp-block-image size-large\"><img loading=\"lazy\" decoding=\"async\" width=\"1024\" height=\"645\" src=\"https:\/\/4000mil.se\/wp-content\/uploads\/2025\/08\/IMG_8228-1-1024x645.jpg\" alt=\"Medeltidsveckan p\u00e5 Gotland\" class=\"wp-image-81232\" srcset=\"https:\/\/4000mil.se\/wp-content\/uploads\/2025\/08\/IMG_8228-1-1024x645.jpg 1024w, https:\/\/4000mil.se\/wp-content\/uploads\/2025\/08\/IMG_8228-1-300x189.jpg 300w, https:\/\/4000mil.se\/wp-content\/uploads\/2025\/08\/IMG_8228-1-768x483.jpg 768w, https:\/\/4000mil.se\/wp-content\/uploads\/2025\/08\/IMG_8228-1-1536x967.jpg 1536w, https:\/\/4000mil.se\/wp-content\/uploads\/2025\/08\/IMG_8228-1-2000x1259.jpg 2000w, https:\/\/4000mil.se\/wp-content\/uploads\/2025\/08\/IMG_8228-1-800x504.jpg 800w, https:\/\/4000mil.se\/wp-content\/uploads\/2025\/08\/IMG_8228-1.jpg 2048w\" sizes=\"auto, (max-width: 1024px) 100vw, 1024px\" \/><\/figure>\n\n\n\n<figure class=\"wp-block-image size-large\"><img loading=\"lazy\" decoding=\"async\" width=\"1024\" height=\"683\" src=\"https:\/\/4000mil.se\/wp-content\/uploads\/2025\/08\/IMG_8221-1024x683.jpg\" alt=\"\" class=\"wp-image-81233\" srcset=\"https:\/\/4000mil.se\/wp-content\/uploads\/2025\/08\/IMG_8221-1024x683.jpg 1024w, https:\/\/4000mil.se\/wp-content\/uploads\/2025\/08\/IMG_8221-300x200.jpg 300w, https:\/\/4000mil.se\/wp-content\/uploads\/2025\/08\/IMG_8221-768x512.jpg 768w, https:\/\/4000mil.se\/wp-content\/uploads\/2025\/08\/IMG_8221-1536x1024.jpg 1536w, https:\/\/4000mil.se\/wp-content\/uploads\/2025\/08\/IMG_8221-2000x1333.jpg 2000w, https:\/\/4000mil.se\/wp-content\/uploads\/2025\/08\/IMG_8221-800x533.jpg 800w, https:\/\/4000mil.se\/wp-content\/uploads\/2025\/08\/IMG_8221.jpg 2048w\" sizes=\"auto, (max-width: 1024px) 100vw, 1024px\" \/><\/figure>\n\n\n\n<figure class=\"wp-block-image size-large\"><img loading=\"lazy\" decoding=\"async\" width=\"1024\" height=\"683\" src=\"https:\/\/4000mil.se\/wp-content\/uploads\/2025\/08\/IMG_8288-1-1024x683.jpg\" alt=\"Medeltidsveckan p\u00e5 Gotland\" class=\"wp-image-81234\" srcset=\"https:\/\/4000mil.se\/wp-content\/uploads\/2025\/08\/IMG_8288-1-1024x683.jpg 1024w, https:\/\/4000mil.se\/wp-content\/uploads\/2025\/08\/IMG_8288-1-300x200.jpg 300w, https:\/\/4000mil.se\/wp-content\/uploads\/2025\/08\/IMG_8288-1-768x512.jpg 768w, https:\/\/4000mil.se\/wp-content\/uploads\/2025\/08\/IMG_8288-1-1536x1024.jpg 1536w, https:\/\/4000mil.se\/wp-content\/uploads\/2025\/08\/IMG_8288-1-2000x1333.jpg 2000w, https:\/\/4000mil.se\/wp-content\/uploads\/2025\/08\/IMG_8288-1-800x533.jpg 800w, https:\/\/4000mil.se\/wp-content\/uploads\/2025\/08\/IMG_8288-1.jpg 2048w\" sizes=\"auto, (max-width: 1024px) 100vw, 1024px\" \/><figcaption class=\"wp-element-caption\">Dansk seger<\/figcaption><\/figure>\n\n\n\n<p>Krigets fasor och verklighet k\u00e4nns n\u00e4ra och b\u00e5de Dick Harrison s\u00e5 v\u00e4l som M\u00e4sterbys pr\u00e4st avrundar med slutord om just detta. Att kriget p\u00e5g\u00e5r fortfarande och idag. Bara p\u00e5 andra platser \u00e4n just Gotland.<\/p>\n\n\n\n<figure class=\"wp-block-image size-large\"><img loading=\"lazy\" decoding=\"async\" width=\"1024\" height=\"683\" src=\"https:\/\/4000mil.se\/wp-content\/uploads\/2025\/08\/IMG_8231-1024x683.jpg\" alt=\"\" class=\"wp-image-81235\" srcset=\"https:\/\/4000mil.se\/wp-content\/uploads\/2025\/08\/IMG_8231-1024x683.jpg 1024w, https:\/\/4000mil.se\/wp-content\/uploads\/2025\/08\/IMG_8231-300x200.jpg 300w, https:\/\/4000mil.se\/wp-content\/uploads\/2025\/08\/IMG_8231-768x512.jpg 768w, https:\/\/4000mil.se\/wp-content\/uploads\/2025\/08\/IMG_8231-1536x1024.jpg 1536w, https:\/\/4000mil.se\/wp-content\/uploads\/2025\/08\/IMG_8231-2000x1333.jpg 2000w, https:\/\/4000mil.se\/wp-content\/uploads\/2025\/08\/IMG_8231-800x533.jpg 800w, https:\/\/4000mil.se\/wp-content\/uploads\/2025\/08\/IMG_8231.jpg 2048w\" sizes=\"auto, (max-width: 1024px) 100vw, 1024px\" \/><\/figure>\n\n\n\n<figure class=\"wp-block-image size-large\"><img loading=\"lazy\" decoding=\"async\" width=\"1024\" height=\"768\" src=\"https:\/\/4000mil.se\/wp-content\/uploads\/2025\/08\/IMG_8199-1024x768.jpg\" alt=\"Medeltidsveckan p\u00e5 Gotland\" class=\"wp-image-81236\" srcset=\"https:\/\/4000mil.se\/wp-content\/uploads\/2025\/08\/IMG_8199-1024x768.jpg 1024w, https:\/\/4000mil.se\/wp-content\/uploads\/2025\/08\/IMG_8199-300x225.jpg 300w, https:\/\/4000mil.se\/wp-content\/uploads\/2025\/08\/IMG_8199-768x576.jpg 768w, https:\/\/4000mil.se\/wp-content\/uploads\/2025\/08\/IMG_8199-1536x1152.jpg 1536w, https:\/\/4000mil.se\/wp-content\/uploads\/2025\/08\/IMG_8199-2000x1500.jpg 2000w, https:\/\/4000mil.se\/wp-content\/uploads\/2025\/08\/IMG_8199-800x600.jpg 800w, https:\/\/4000mil.se\/wp-content\/uploads\/2025\/08\/IMG_8199.jpg 2048w\" sizes=\"auto, (max-width: 1024px) 100vw, 1024px\" \/><\/figure>\n\n\n\n<figure class=\"wp-block-image size-large\"><img loading=\"lazy\" decoding=\"async\" width=\"1024\" height=\"683\" src=\"https:\/\/4000mil.se\/wp-content\/uploads\/2025\/08\/IMG_8195-1024x683.jpg\" alt=\"\" class=\"wp-image-81237\" srcset=\"https:\/\/4000mil.se\/wp-content\/uploads\/2025\/08\/IMG_8195-1024x683.jpg 1024w, https:\/\/4000mil.se\/wp-content\/uploads\/2025\/08\/IMG_8195-300x200.jpg 300w, https:\/\/4000mil.se\/wp-content\/uploads\/2025\/08\/IMG_8195-768x512.jpg 768w, https:\/\/4000mil.se\/wp-content\/uploads\/2025\/08\/IMG_8195-1536x1024.jpg 1536w, https:\/\/4000mil.se\/wp-content\/uploads\/2025\/08\/IMG_8195-2000x1333.jpg 2000w, https:\/\/4000mil.se\/wp-content\/uploads\/2025\/08\/IMG_8195-800x533.jpg 800w, https:\/\/4000mil.se\/wp-content\/uploads\/2025\/08\/IMG_8195.jpg 2048w\" sizes=\"auto, (max-width: 1024px) 100vw, 1024px\" \/><\/figure>\n\n\n\n<h2 class=\"wp-block-heading\">Medeltidsveckan<\/h2>\n\n\n\n<p>Efter denna upplevelse k\u00f6r vi upp till Visby. Dagarmband till Medeltidsveckan har vi redan k\u00f6pt, de beh\u00f6vdes f\u00f6r Slaget i M\u00e4sterby. Nu kan vi flanera runt i festivalomr\u00e5det och kolla l\u00e4get. K\u00e4kar en middag fr\u00e5n ett av st\u00e5nden.<\/p>\n\n\n\n<figure class=\"wp-block-image size-large\"><img loading=\"lazy\" decoding=\"async\" width=\"1024\" height=\"741\" src=\"https:\/\/4000mil.se\/wp-content\/uploads\/2025\/08\/IMG_8345-1024x741.jpg\" alt=\"\" class=\"wp-image-81239\" srcset=\"https:\/\/4000mil.se\/wp-content\/uploads\/2025\/08\/IMG_8345-1024x741.jpg 1024w, https:\/\/4000mil.se\/wp-content\/uploads\/2025\/08\/IMG_8345-300x217.jpg 300w, https:\/\/4000mil.se\/wp-content\/uploads\/2025\/08\/IMG_8345-768x556.jpg 768w, https:\/\/4000mil.se\/wp-content\/uploads\/2025\/08\/IMG_8345-1536x1112.jpg 1536w, https:\/\/4000mil.se\/wp-content\/uploads\/2025\/08\/IMG_8345-2000x1447.jpg 2000w, https:\/\/4000mil.se\/wp-content\/uploads\/2025\/08\/IMG_8345-800x579.jpg 800w, https:\/\/4000mil.se\/wp-content\/uploads\/2025\/08\/IMG_8345.jpg 2048w\" sizes=\"auto, (max-width: 1024px) 100vw, 1024px\" \/><\/figure>\n\n\n\n<p>Hela Visby \u00e4r dessa dagar fyllda av Medeltidskl\u00e4dda bes\u00f6kare. M\u00e5nga har satsat massor p\u00e5 sin outfit och vi blir f\u00f6rst\u00e5s sugna vi ocks\u00e5. P\u00e5 att g\u00e5 all in i Medeltiden i r\u00e4tt kl\u00e4der. N\u00e4sta g\u00e5ng f\u00e5r det bli.<\/p>\n\n\n\n<figure class=\"wp-block-image size-large\"><img loading=\"lazy\" decoding=\"async\" width=\"1024\" height=\"683\" src=\"https:\/\/4000mil.se\/wp-content\/uploads\/2025\/08\/IMG_8349-1024x683.jpg\" alt=\"Medeltidsveckan p\u00e5 Gotland\" class=\"wp-image-81039\" srcset=\"https:\/\/4000mil.se\/wp-content\/uploads\/2025\/08\/IMG_8349-1024x683.jpg 1024w, https:\/\/4000mil.se\/wp-content\/uploads\/2025\/08\/IMG_8349-300x200.jpg 300w, https:\/\/4000mil.se\/wp-content\/uploads\/2025\/08\/IMG_8349-768x512.jpg 768w, https:\/\/4000mil.se\/wp-content\/uploads\/2025\/08\/IMG_8349-1536x1024.jpg 1536w, https:\/\/4000mil.se\/wp-content\/uploads\/2025\/08\/IMG_8349-2000x1333.jpg 2000w, https:\/\/4000mil.se\/wp-content\/uploads\/2025\/08\/IMG_8349-800x533.jpg 800w, https:\/\/4000mil.se\/wp-content\/uploads\/2025\/08\/IMG_8349.jpg 2048w\" sizes=\"auto, (max-width: 1024px) 100vw, 1024px\" \/><\/figure>\n\n\n\n<p>Men hur h\u00e4ftigt detta \u00e4n \u00e4r, k\u00e4nner vi \u00e4nda med r\u00e4tt stor \u00f6vertygelse, att just detta att flanera runt p\u00e5 omr\u00e5det utan planer, det tr\u00f6ttnar man p\u00e5 r\u00e4tt snart. F\u00f6r att Medeltidsveckan ska bli en upplevelse, b\u00f6r man komplettera med att delta i n\u00e5gra av alla de aktiviteter som erbjuds. Stadsvandringar, f\u00f6rel\u00e4sningar, workshops etc.<\/p>\n\n\n\n<figure class=\"wp-block-image size-large\"><img loading=\"lazy\" decoding=\"async\" width=\"1024\" height=\"683\" src=\"https:\/\/4000mil.se\/wp-content\/uploads\/2025\/08\/IMG_8324-1024x683.jpg\" alt=\"\" class=\"wp-image-81240\" srcset=\"https:\/\/4000mil.se\/wp-content\/uploads\/2025\/08\/IMG_8324-1024x683.jpg 1024w, https:\/\/4000mil.se\/wp-content\/uploads\/2025\/08\/IMG_8324-300x200.jpg 300w, https:\/\/4000mil.se\/wp-content\/uploads\/2025\/08\/IMG_8324-768x512.jpg 768w, https:\/\/4000mil.se\/wp-content\/uploads\/2025\/08\/IMG_8324-1536x1024.jpg 1536w, https:\/\/4000mil.se\/wp-content\/uploads\/2025\/08\/IMG_8324-2000x1333.jpg 2000w, https:\/\/4000mil.se\/wp-content\/uploads\/2025\/08\/IMG_8324-800x533.jpg 800w, https:\/\/4000mil.se\/wp-content\/uploads\/2025\/08\/IMG_8324.jpg 2048w\" sizes=\"auto, (max-width: 1024px) 100vw, 1024px\" \/><\/figure>\n\n\n\n<h2 class=\"wp-block-heading\">Tornerspel<\/h2>\n\n\n\n<p>Sj\u00e4lva har vi ju Tornerspelet som v\u00e5r inbokade aktivitet. <\/p>\n\n\n\n<p>Vi \u00e4r erfarna sedan <em>Slaget i M\u00e4sterby<\/em> och vet att det g\u00e4ller att vara i god tid. Vi b\u00f6rjar stryka runt tornerspelsarenan redan en timme innan. 40-45 minuter innan b\u00f6rjar det bildas en k\u00f6, som vi \u00e4r snabba att hoppa in i. <\/p>\n\n\n\n<figure class=\"wp-block-image size-large\"><img loading=\"lazy\" decoding=\"async\" width=\"1024\" height=\"683\" src=\"https:\/\/4000mil.se\/wp-content\/uploads\/2025\/08\/IMG_2882-1024x683.jpeg\" alt=\"Medeltidsveckan p\u00e5 Gotland\" class=\"wp-image-81248\" srcset=\"https:\/\/4000mil.se\/wp-content\/uploads\/2025\/08\/IMG_2882-1024x683.jpeg 1024w, https:\/\/4000mil.se\/wp-content\/uploads\/2025\/08\/IMG_2882-300x200.jpeg 300w, https:\/\/4000mil.se\/wp-content\/uploads\/2025\/08\/IMG_2882-768x512.jpeg 768w, https:\/\/4000mil.se\/wp-content\/uploads\/2025\/08\/IMG_2882-1536x1024.jpeg 1536w, https:\/\/4000mil.se\/wp-content\/uploads\/2025\/08\/IMG_2882-2000x1333.jpeg 2000w, https:\/\/4000mil.se\/wp-content\/uploads\/2025\/08\/IMG_2882-800x533.jpeg 800w, https:\/\/4000mil.se\/wp-content\/uploads\/2025\/08\/IMG_2882.jpeg 2048w\" sizes=\"auto, (max-width: 1024px) 100vw, 1024px\" \/><\/figure>\n\n\n\n<figure class=\"wp-block-image size-large\"><img loading=\"lazy\" decoding=\"async\" width=\"1024\" height=\"683\" src=\"https:\/\/4000mil.se\/wp-content\/uploads\/2025\/08\/IMG_2877-1024x683.jpeg\" alt=\"\" class=\"wp-image-81249\" srcset=\"https:\/\/4000mil.se\/wp-content\/uploads\/2025\/08\/IMG_2877-1024x683.jpeg 1024w, https:\/\/4000mil.se\/wp-content\/uploads\/2025\/08\/IMG_2877-300x200.jpeg 300w, https:\/\/4000mil.se\/wp-content\/uploads\/2025\/08\/IMG_2877-768x512.jpeg 768w, https:\/\/4000mil.se\/wp-content\/uploads\/2025\/08\/IMG_2877-1536x1024.jpeg 1536w, https:\/\/4000mil.se\/wp-content\/uploads\/2025\/08\/IMG_2877-2000x1333.jpeg 2000w, https:\/\/4000mil.se\/wp-content\/uploads\/2025\/08\/IMG_2877-800x533.jpeg 800w, https:\/\/4000mil.se\/wp-content\/uploads\/2025\/08\/IMG_2877.jpeg 2048w\" sizes=\"auto, (max-width: 1024px) 100vw, 1024px\" \/><\/figure>\n\n\n\n<p>Biljetterna s\u00e4ljs i sektioner, d\u00e4r mittensektionerna kostar mest och sektionerna l\u00e4ngst ut p\u00e5 sidan g\u00e5r p\u00e5 bara en br\u00e5kdel av mittenbiljetternas pris. Vi har (f\u00f6rst\u00e5s) k\u00f6pt biljetter till en mittensektion. Dessutom med ryggen mot kv\u00e4llssolen, f\u00f6r att undvika att bli bl\u00e4ndade. Vi har i f\u00f6rv\u00e4g t\u00e4nkt ut att vi vill sitta s\u00e5 h\u00f6gt upp som m\u00f6jligt, att man ser b\u00e4st d\u00e4r. I och med att vi st\u00e5r l\u00e5ngt fram i k\u00f6n lyckas vi ocks\u00e5 med denna strategi.<\/p>\n\n\n\n<figure class=\"wp-block-image size-large\"><img loading=\"lazy\" decoding=\"async\" width=\"1024\" height=\"683\" src=\"https:\/\/4000mil.se\/wp-content\/uploads\/2025\/08\/IMG_8368-1024x683.jpg\" alt=\"\" class=\"wp-image-81040\" srcset=\"https:\/\/4000mil.se\/wp-content\/uploads\/2025\/08\/IMG_8368-1024x683.jpg 1024w, https:\/\/4000mil.se\/wp-content\/uploads\/2025\/08\/IMG_8368-300x200.jpg 300w, https:\/\/4000mil.se\/wp-content\/uploads\/2025\/08\/IMG_8368-768x512.jpg 768w, https:\/\/4000mil.se\/wp-content\/uploads\/2025\/08\/IMG_8368-1536x1024.jpg 1536w, https:\/\/4000mil.se\/wp-content\/uploads\/2025\/08\/IMG_8368-2000x1333.jpg 2000w, https:\/\/4000mil.se\/wp-content\/uploads\/2025\/08\/IMG_8368-800x533.jpg 800w, https:\/\/4000mil.se\/wp-content\/uploads\/2025\/08\/IMG_8368.jpg 2048w\" sizes=\"auto, (max-width: 1024px) 100vw, 1024px\" \/><\/figure>\n\n\n\n<figure class=\"wp-block-image size-large\"><img loading=\"lazy\" decoding=\"async\" width=\"1024\" height=\"932\" src=\"https:\/\/4000mil.se\/wp-content\/uploads\/2025\/08\/IMG_8373-1024x932.jpg\" alt=\"Medeltidsveckan p\u00e5 Gotland\" class=\"wp-image-81241\" srcset=\"https:\/\/4000mil.se\/wp-content\/uploads\/2025\/08\/IMG_8373-1024x932.jpg 1024w, https:\/\/4000mil.se\/wp-content\/uploads\/2025\/08\/IMG_8373-300x273.jpg 300w, https:\/\/4000mil.se\/wp-content\/uploads\/2025\/08\/IMG_8373-768x699.jpg 768w, https:\/\/4000mil.se\/wp-content\/uploads\/2025\/08\/IMG_8373-1536x1397.jpg 1536w, https:\/\/4000mil.se\/wp-content\/uploads\/2025\/08\/IMG_8373-2000x1819.jpg 2000w, https:\/\/4000mil.se\/wp-content\/uploads\/2025\/08\/IMG_8373-800x728.jpg 800w, https:\/\/4000mil.se\/wp-content\/uploads\/2025\/08\/IMG_8373.jpg 2048w\" sizes=\"auto, (max-width: 1024px) 100vw, 1024px\" \/><\/figure>\n\n\n\n<figure class=\"wp-block-image size-large\"><img loading=\"lazy\" decoding=\"async\" width=\"1024\" height=\"683\" src=\"https:\/\/4000mil.se\/wp-content\/uploads\/2025\/08\/IMG_8355-1024x683.jpg\" alt=\"\" class=\"wp-image-81242\" srcset=\"https:\/\/4000mil.se\/wp-content\/uploads\/2025\/08\/IMG_8355-1024x683.jpg 1024w, https:\/\/4000mil.se\/wp-content\/uploads\/2025\/08\/IMG_8355-300x200.jpg 300w, https:\/\/4000mil.se\/wp-content\/uploads\/2025\/08\/IMG_8355-768x512.jpg 768w, https:\/\/4000mil.se\/wp-content\/uploads\/2025\/08\/IMG_8355-1536x1024.jpg 1536w, https:\/\/4000mil.se\/wp-content\/uploads\/2025\/08\/IMG_8355-2000x1333.jpg 2000w, https:\/\/4000mil.se\/wp-content\/uploads\/2025\/08\/IMG_8355-800x533.jpg 800w, https:\/\/4000mil.se\/wp-content\/uploads\/2025\/08\/IMG_8355.jpg 2048w\" sizes=\"auto, (max-width: 1024px) 100vw, 1024px\" \/><\/figure>\n\n\n\n<p>Tornerspelen \u00e4r roliga och fartfyllda och underh\u00e5llande, med diverse olika grenar, d\u00e4r \u00e4ven b\u00e5gskyttar \u00e4r inblandade. Vi \u00e4r n\u00f6jda med kv\u00e4llen och underh\u00e5llningen. Men n\u00e4r vi sitter i bilen hem k\u00e4nner vi \u00e4nd\u00e5 att det \u00e4r M\u00e4sterby som varit v\u00e5r allra st\u00f6rsta upplevelse idag.<\/p>\n\n\n\n<figure class=\"wp-block-image size-large\"><img loading=\"lazy\" decoding=\"async\" width=\"1024\" height=\"683\" src=\"https:\/\/4000mil.se\/wp-content\/uploads\/2025\/08\/IMG_2956-1024x683.jpeg\" alt=\"\" class=\"wp-image-81251\" srcset=\"https:\/\/4000mil.se\/wp-content\/uploads\/2025\/08\/IMG_2956-1024x683.jpeg 1024w, https:\/\/4000mil.se\/wp-content\/uploads\/2025\/08\/IMG_2956-300x200.jpeg 300w, https:\/\/4000mil.se\/wp-content\/uploads\/2025\/08\/IMG_2956-768x512.jpeg 768w, https:\/\/4000mil.se\/wp-content\/uploads\/2025\/08\/IMG_2956-1536x1024.jpeg 1536w, https:\/\/4000mil.se\/wp-content\/uploads\/2025\/08\/IMG_2956-2000x1333.jpeg 2000w, https:\/\/4000mil.se\/wp-content\/uploads\/2025\/08\/IMG_2956-800x533.jpeg 800w, https:\/\/4000mil.se\/wp-content\/uploads\/2025\/08\/IMG_2956.jpeg 2048w\" sizes=\"auto, (max-width: 1024px) 100vw, 1024px\" \/><\/figure>\n\n\n\n<p>Tre \u00e5r till n\u00e4sta g\u00e5ng Battle of Wisby iscens\u00e4tts p\u00e5 nytt. Kanske kommer vi tillbaka? Och ser slaget utanf\u00f6r Visbys ringmur d\u00e5? I s\u00e5 fall garanterat i Medeltidskl\u00e4der.<\/p>\n\n\n\n<figure class=\"wp-block-image size-large\"><img loading=\"lazy\" decoding=\"async\" width=\"1024\" height=\"683\" src=\"https:\/\/4000mil.se\/wp-content\/uploads\/2025\/08\/IMG_2862-1024x683.jpeg\" alt=\"\" class=\"wp-image-81245\" srcset=\"https:\/\/4000mil.se\/wp-content\/uploads\/2025\/08\/IMG_2862-1024x683.jpeg 1024w, https:\/\/4000mil.se\/wp-content\/uploads\/2025\/08\/IMG_2862-300x200.jpeg 300w, https:\/\/4000mil.se\/wp-content\/uploads\/2025\/08\/IMG_2862-768x512.jpeg 768w, https:\/\/4000mil.se\/wp-content\/uploads\/2025\/08\/IMG_2862-1536x1024.jpeg 1536w, https:\/\/4000mil.se\/wp-content\/uploads\/2025\/08\/IMG_2862-2000x1333.jpeg 2000w, https:\/\/4000mil.se\/wp-content\/uploads\/2025\/08\/IMG_2862-800x533.jpeg 800w, https:\/\/4000mil.se\/wp-content\/uploads\/2025\/08\/IMG_2862.jpeg 2048w\" sizes=\"auto, (max-width: 1024px) 100vw, 1024px\" \/><\/figure>\n\n\n\n<p><\/p>\n\n\n\n<p><strong>L\u00e4s ocks\u00e5:<\/strong> <a href=\"https:\/\/4000mil.se\/index.php\/gora-i-visby\/\">16 saker att g\u00f6ra i Visby \u2013 v\u00e5ra  b\u00e4sta f\u00f6rslag<\/a><\/p>\n\n\n\n<p><\/p>\n\n\n\n<p>Missa inga inl\u00e4gg. Gl\u00f6m inte att&nbsp;<a href=\"https:\/\/www.facebook.com\/4000mil\/\" target=\"_blank\" rel=\"noreferrer noopener\">f\u00f6lja 4000mil p\u00e5 Facebook<\/a>&nbsp;och&nbsp;<a href=\"https:\/\/www.instagram.com\/4000mil.se\/\" target=\"_blank\" rel=\"noreferrer noopener\">p\u00e5 Instagram<\/a>.<\/p>\n\n\n\n<p><\/p>\n","protected":false},"excerpt":{"rendered":"<p>Medeltidsveckan \u00e4r ett arrangemang som funnits p\u00e5 Gotland sedan 1984, det vill s\u00e4ga i mer \u00e4n 40 \u00e5r. \u00c5tskilliga g\u00e5nger har vi h\u00f6rt talas om det och n\u00e4stan lika m\u00e5nga g\u00e5nger t\u00e4nkt att det vore kul att bes\u00f6ka n\u00e5gon g\u00e5ng. \u00c4nd\u00e5 bokar vi inte in oss f\u00f6r ett bes\u00f6k. N\u00e4r [&hellip;]<\/p>\n","protected":false},"author":3,"featured_media":81216,"comment_status":"open","ping_status":"open","sticky":false,"template":"","format":"standard","meta":{"_monsterinsights_skip_tracking":false,"_monsterinsights_sitenote_active":false,"_monsterinsights_sitenote_note":"","_monsterinsights_sitenote_category":0,"footnotes":""},"categories":[8],"tags":[12761],"class_list":["post-81213","post","type-post","status-publish","format-standard","has-post-thumbnail","hentry","category-sverige","tag-gotland"],"yoast_head":"<!-- This site is optimized with the Yoast SEO plugin v27.5 - https:\/\/yoast.com\/product\/yoast-seo-wordpress\/ -->\n<title>Vi bes\u00f6ker Medeltidsveckan p\u00e5 Gotland<\/title>\n<meta name=\"description\" content=\"Medeltidsveckan p\u00e5 Gotland har funnits sedan 1984, det vill s\u00e4ga i mer \u00e4n 40 \u00e5r. \u00c5tskilliga g\u00e5nger har vi h\u00f6rt talas om det.\" \/>\n<meta name=\"robots\" content=\"index, follow, max-snippet:-1, max-image-preview:large, max-video-preview:-1\" \/>\n<link rel=\"canonical\" href=\"https:\/\/4000mil.se\/index.php\/vi-besoker-medeltidsveckan-pa-gotland\/\" \/>\n<meta property=\"og:locale\" content=\"sv_SE\" \/>\n<meta property=\"og:type\" content=\"article\" \/>\n<meta property=\"og:title\" content=\"Vi bes\u00f6ker Medeltidsveckan p\u00e5 Gotland\" \/>\n<meta property=\"og:description\" content=\"Medeltidsveckan p\u00e5 Gotland har funnits sedan 1984, det vill s\u00e4ga i mer \u00e4n 40 \u00e5r. \u00c5tskilliga g\u00e5nger har vi h\u00f6rt talas om det.\" \/>\n<meta property=\"og:url\" content=\"https:\/\/4000mil.se\/index.php\/vi-besoker-medeltidsveckan-pa-gotland\/\" \/>\n<meta property=\"og:site_name\" content=\"4000 mil - en reseblogg\" \/>\n<meta property=\"article:publisher\" content=\"https:\/\/www.facebook.com\/4000mil\/\" \/>\n<meta property=\"article:published_time\" content=\"2025-08-20T04:00:00+00:00\" \/>\n<meta property=\"og:image\" content=\"https:\/\/4000mil.se\/wp-content\/uploads\/2025\/08\/IMG_8076.jpg\" \/>\n\t<meta property=\"og:image:width\" content=\"2048\" \/>\n\t<meta property=\"og:image:height\" content=\"1365\" \/>\n\t<meta property=\"og:image:type\" content=\"image\/jpeg\" \/>\n<meta name=\"author\" content=\"Gunilla Yourstone\" \/>\n<meta name=\"twitter:card\" content=\"summary_large_image\" \/>\n<meta name=\"twitter:creator\" content=\"@4000mil_se\" \/>\n<meta name=\"twitter:site\" content=\"@4000mil_se\" \/>\n<meta name=\"twitter:label1\" content=\"Skriven av\" \/>\n\t<meta name=\"twitter:data1\" content=\"Gunilla Yourstone\" \/>\n\t<meta name=\"twitter:label2\" content=\"Ber\u00e4knad l\u00e4stid\" \/>\n\t<meta name=\"twitter:data2\" content=\"14 minuter\" \/>\n<script type=\"application\/ld+json\" class=\"yoast-schema-graph\">{\"@context\":\"https:\\\/\\\/schema.org\",\"@graph\":[{\"@type\":\"Article\",\"@id\":\"https:\\\/\\\/4000mil.se\\\/index.php\\\/vi-besoker-medeltidsveckan-pa-gotland\\\/#article\",\"isPartOf\":{\"@id\":\"https:\\\/\\\/4000mil.se\\\/index.php\\\/vi-besoker-medeltidsveckan-pa-gotland\\\/\"},\"author\":{\"name\":\"Gunilla Yourstone\",\"@id\":\"https:\\\/\\\/4000mil.se\\\/#\\\/schema\\\/person\\\/cda463da9f6f2c4d9bbc173471184a73\"},\"headline\":\"Vi bes\u00f6ker Medeltidsveckan p\u00e5 Gotland\",\"datePublished\":\"2025-08-20T04:00:00+00:00\",\"mainEntityOfPage\":{\"@id\":\"https:\\\/\\\/4000mil.se\\\/index.php\\\/vi-besoker-medeltidsveckan-pa-gotland\\\/\"},\"wordCount\":1476,\"commentCount\":2,\"publisher\":{\"@id\":\"https:\\\/\\\/4000mil.se\\\/#organization\"},\"image\":{\"@id\":\"https:\\\/\\\/4000mil.se\\\/index.php\\\/vi-besoker-medeltidsveckan-pa-gotland\\\/#primaryimage\"},\"thumbnailUrl\":\"https:\\\/\\\/4000mil.se\\\/wp-content\\\/uploads\\\/2025\\\/08\\\/IMG_8076.jpg\",\"keywords\":[\"Gotland\"],\"articleSection\":[\"Sverige\"],\"inLanguage\":\"sv-SE\",\"potentialAction\":[{\"@type\":\"CommentAction\",\"name\":\"Comment\",\"target\":[\"https:\\\/\\\/4000mil.se\\\/index.php\\\/vi-besoker-medeltidsveckan-pa-gotland\\\/#respond\"]}]},{\"@type\":\"WebPage\",\"@id\":\"https:\\\/\\\/4000mil.se\\\/index.php\\\/vi-besoker-medeltidsveckan-pa-gotland\\\/\",\"url\":\"https:\\\/\\\/4000mil.se\\\/index.php\\\/vi-besoker-medeltidsveckan-pa-gotland\\\/\",\"name\":\"Vi bes\u00f6ker Medeltidsveckan p\u00e5 Gotland\",\"isPartOf\":{\"@id\":\"https:\\\/\\\/4000mil.se\\\/#website\"},\"primaryImageOfPage\":{\"@id\":\"https:\\\/\\\/4000mil.se\\\/index.php\\\/vi-besoker-medeltidsveckan-pa-gotland\\\/#primaryimage\"},\"image\":{\"@id\":\"https:\\\/\\\/4000mil.se\\\/index.php\\\/vi-besoker-medeltidsveckan-pa-gotland\\\/#primaryimage\"},\"thumbnailUrl\":\"https:\\\/\\\/4000mil.se\\\/wp-content\\\/uploads\\\/2025\\\/08\\\/IMG_8076.jpg\",\"datePublished\":\"2025-08-20T04:00:00+00:00\",\"description\":\"Medeltidsveckan p\u00e5 Gotland har funnits sedan 1984, det vill s\u00e4ga i mer \u00e4n 40 \u00e5r. \u00c5tskilliga g\u00e5nger har vi h\u00f6rt talas om det.\",\"breadcrumb\":{\"@id\":\"https:\\\/\\\/4000mil.se\\\/index.php\\\/vi-besoker-medeltidsveckan-pa-gotland\\\/#breadcrumb\"},\"inLanguage\":\"sv-SE\",\"potentialAction\":[{\"@type\":\"ReadAction\",\"target\":[\"https:\\\/\\\/4000mil.se\\\/index.php\\\/vi-besoker-medeltidsveckan-pa-gotland\\\/\"]}]},{\"@type\":\"ImageObject\",\"inLanguage\":\"sv-SE\",\"@id\":\"https:\\\/\\\/4000mil.se\\\/index.php\\\/vi-besoker-medeltidsveckan-pa-gotland\\\/#primaryimage\",\"url\":\"https:\\\/\\\/4000mil.se\\\/wp-content\\\/uploads\\\/2025\\\/08\\\/IMG_8076.jpg\",\"contentUrl\":\"https:\\\/\\\/4000mil.se\\\/wp-content\\\/uploads\\\/2025\\\/08\\\/IMG_8076.jpg\",\"width\":2048,\"height\":1365},{\"@type\":\"BreadcrumbList\",\"@id\":\"https:\\\/\\\/4000mil.se\\\/index.php\\\/vi-besoker-medeltidsveckan-pa-gotland\\\/#breadcrumb\",\"itemListElement\":[{\"@type\":\"ListItem\",\"position\":1,\"name\":\"Home\",\"item\":\"https:\\\/\\\/4000mil.se\\\/\"},{\"@type\":\"ListItem\",\"position\":2,\"name\":\"Vi bes\u00f6ker Medeltidsveckan p\u00e5 Gotland\"}]},{\"@type\":\"WebSite\",\"@id\":\"https:\\\/\\\/4000mil.se\\\/#website\",\"url\":\"https:\\\/\\\/4000mil.se\\\/\",\"name\":\"4000 mil - en reseblogg\",\"description\":\"We haven&#039;t been everywhere, but it is on our list.\",\"publisher\":{\"@id\":\"https:\\\/\\\/4000mil.se\\\/#organization\"},\"potentialAction\":[{\"@type\":\"SearchAction\",\"target\":{\"@type\":\"EntryPoint\",\"urlTemplate\":\"https:\\\/\\\/4000mil.se\\\/?s={search_term_string}\"},\"query-input\":{\"@type\":\"PropertyValueSpecification\",\"valueRequired\":true,\"valueName\":\"search_term_string\"}}],\"inLanguage\":\"sv-SE\"},{\"@type\":\"Organization\",\"@id\":\"https:\\\/\\\/4000mil.se\\\/#organization\",\"name\":\"4000mil\",\"url\":\"https:\\\/\\\/4000mil.se\\\/\",\"logo\":{\"@type\":\"ImageObject\",\"inLanguage\":\"sv-SE\",\"@id\":\"https:\\\/\\\/4000mil.se\\\/#\\\/schema\\\/logo\\\/image\\\/\",\"url\":\"https:\\\/\\\/4000mil.se\\\/wp-content\\\/uploads\\\/2017\\\/07\\\/rsz_img_5178-e1511641744338.jpg\",\"contentUrl\":\"https:\\\/\\\/4000mil.se\\\/wp-content\\\/uploads\\\/2017\\\/07\\\/rsz_img_5178-e1511641744338.jpg\",\"width\":1000,\"height\":667,\"caption\":\"4000mil\"},\"image\":{\"@id\":\"https:\\\/\\\/4000mil.se\\\/#\\\/schema\\\/logo\\\/image\\\/\"},\"sameAs\":[\"https:\\\/\\\/www.facebook.com\\\/4000mil\\\/\",\"https:\\\/\\\/x.com\\\/4000mil_se\",\"https:\\\/\\\/www.instagram.com\\\/4000mil.se\\\/\",\"https:\\\/\\\/www.youtube.com\\\/channel\\\/UCJ-arZd2a7dT4Kqq5GtVbXQ\"]},{\"@type\":\"Person\",\"@id\":\"https:\\\/\\\/4000mil.se\\\/#\\\/schema\\\/person\\\/cda463da9f6f2c4d9bbc173471184a73\",\"name\":\"Gunilla Yourstone\",\"image\":{\"@type\":\"ImageObject\",\"inLanguage\":\"sv-SE\",\"@id\":\"https:\\\/\\\/secure.gravatar.com\\\/avatar\\\/2df85d0820b33bffdd86a729d25273c6153c1cc9b1338f26ef0c98d01163520d?s=96&d=mm&r=g\",\"url\":\"https:\\\/\\\/secure.gravatar.com\\\/avatar\\\/2df85d0820b33bffdd86a729d25273c6153c1cc9b1338f26ef0c98d01163520d?s=96&d=mm&r=g\",\"contentUrl\":\"https:\\\/\\\/secure.gravatar.com\\\/avatar\\\/2df85d0820b33bffdd86a729d25273c6153c1cc9b1338f26ef0c98d01163520d?s=96&d=mm&r=g\",\"caption\":\"Gunilla Yourstone\"},\"url\":\"https:\\\/\\\/4000mil.se\\\/index.php\\\/author\\\/gunillay\\\/\"}]}<\/script>\n<!-- \/ Yoast SEO plugin. -->","yoast_head_json":{"title":"Vi bes\u00f6ker Medeltidsveckan p\u00e5 Gotland","description":"Medeltidsveckan p\u00e5 Gotland har funnits sedan 1984, det vill s\u00e4ga i mer \u00e4n 40 \u00e5r. \u00c5tskilliga g\u00e5nger har vi h\u00f6rt talas om det.","robots":{"index":"index","follow":"follow","max-snippet":"max-snippet:-1","max-image-preview":"max-image-preview:large","max-video-preview":"max-video-preview:-1"},"canonical":"https:\/\/4000mil.se\/index.php\/vi-besoker-medeltidsveckan-pa-gotland\/","og_locale":"sv_SE","og_type":"article","og_title":"Vi bes\u00f6ker Medeltidsveckan p\u00e5 Gotland","og_description":"Medeltidsveckan p\u00e5 Gotland har funnits sedan 1984, det vill s\u00e4ga i mer \u00e4n 40 \u00e5r. \u00c5tskilliga g\u00e5nger har vi h\u00f6rt talas om det.","og_url":"https:\/\/4000mil.se\/index.php\/vi-besoker-medeltidsveckan-pa-gotland\/","og_site_name":"4000 mil - en reseblogg","article_publisher":"https:\/\/www.facebook.com\/4000mil\/","article_published_time":"2025-08-20T04:00:00+00:00","og_image":[{"width":2048,"height":1365,"url":"https:\/\/4000mil.se\/wp-content\/uploads\/2025\/08\/IMG_8076.jpg","type":"image\/jpeg"}],"author":"Gunilla Yourstone","twitter_card":"summary_large_image","twitter_creator":"@4000mil_se","twitter_site":"@4000mil_se","twitter_misc":{"Skriven av":"Gunilla Yourstone","Ber\u00e4knad l\u00e4stid":"14 minuter"},"schema":{"@context":"https:\/\/schema.org","@graph":[{"@type":"Article","@id":"https:\/\/4000mil.se\/index.php\/vi-besoker-medeltidsveckan-pa-gotland\/#article","isPartOf":{"@id":"https:\/\/4000mil.se\/index.php\/vi-besoker-medeltidsveckan-pa-gotland\/"},"author":{"name":"Gunilla Yourstone","@id":"https:\/\/4000mil.se\/#\/schema\/person\/cda463da9f6f2c4d9bbc173471184a73"},"headline":"Vi bes\u00f6ker Medeltidsveckan p\u00e5 Gotland","datePublished":"2025-08-20T04:00:00+00:00","mainEntityOfPage":{"@id":"https:\/\/4000mil.se\/index.php\/vi-besoker-medeltidsveckan-pa-gotland\/"},"wordCount":1476,"commentCount":2,"publisher":{"@id":"https:\/\/4000mil.se\/#organization"},"image":{"@id":"https:\/\/4000mil.se\/index.php\/vi-besoker-medeltidsveckan-pa-gotland\/#primaryimage"},"thumbnailUrl":"https:\/\/4000mil.se\/wp-content\/uploads\/2025\/08\/IMG_8076.jpg","keywords":["Gotland"],"articleSection":["Sverige"],"inLanguage":"sv-SE","potentialAction":[{"@type":"CommentAction","name":"Comment","target":["https:\/\/4000mil.se\/index.php\/vi-besoker-medeltidsveckan-pa-gotland\/#respond"]}]},{"@type":"WebPage","@id":"https:\/\/4000mil.se\/index.php\/vi-besoker-medeltidsveckan-pa-gotland\/","url":"https:\/\/4000mil.se\/index.php\/vi-besoker-medeltidsveckan-pa-gotland\/","name":"Vi bes\u00f6ker Medeltidsveckan p\u00e5 Gotland","isPartOf":{"@id":"https:\/\/4000mil.se\/#website"},"primaryImageOfPage":{"@id":"https:\/\/4000mil.se\/index.php\/vi-besoker-medeltidsveckan-pa-gotland\/#primaryimage"},"image":{"@id":"https:\/\/4000mil.se\/index.php\/vi-besoker-medeltidsveckan-pa-gotland\/#primaryimage"},"thumbnailUrl":"https:\/\/4000mil.se\/wp-content\/uploads\/2025\/08\/IMG_8076.jpg","datePublished":"2025-08-20T04:00:00+00:00","description":"Medeltidsveckan p\u00e5 Gotland har funnits sedan 1984, det vill s\u00e4ga i mer \u00e4n 40 \u00e5r. \u00c5tskilliga g\u00e5nger har vi h\u00f6rt talas om det.","breadcrumb":{"@id":"https:\/\/4000mil.se\/index.php\/vi-besoker-medeltidsveckan-pa-gotland\/#breadcrumb"},"inLanguage":"sv-SE","potentialAction":[{"@type":"ReadAction","target":["https:\/\/4000mil.se\/index.php\/vi-besoker-medeltidsveckan-pa-gotland\/"]}]},{"@type":"ImageObject","inLanguage":"sv-SE","@id":"https:\/\/4000mil.se\/index.php\/vi-besoker-medeltidsveckan-pa-gotland\/#primaryimage","url":"https:\/\/4000mil.se\/wp-content\/uploads\/2025\/08\/IMG_8076.jpg","contentUrl":"https:\/\/4000mil.se\/wp-content\/uploads\/2025\/08\/IMG_8076.jpg","width":2048,"height":1365},{"@type":"BreadcrumbList","@id":"https:\/\/4000mil.se\/index.php\/vi-besoker-medeltidsveckan-pa-gotland\/#breadcrumb","itemListElement":[{"@type":"ListItem","position":1,"name":"Home","item":"https:\/\/4000mil.se\/"},{"@type":"ListItem","position":2,"name":"Vi bes\u00f6ker Medeltidsveckan p\u00e5 Gotland"}]},{"@type":"WebSite","@id":"https:\/\/4000mil.se\/#website","url":"https:\/\/4000mil.se\/","name":"4000 mil - en reseblogg","description":"We haven&#039;t been everywhere, but it is on our list.","publisher":{"@id":"https:\/\/4000mil.se\/#organization"},"potentialAction":[{"@type":"SearchAction","target":{"@type":"EntryPoint","urlTemplate":"https:\/\/4000mil.se\/?s={search_term_string}"},"query-input":{"@type":"PropertyValueSpecification","valueRequired":true,"valueName":"search_term_string"}}],"inLanguage":"sv-SE"},{"@type":"Organization","@id":"https:\/\/4000mil.se\/#organization","name":"4000mil","url":"https:\/\/4000mil.se\/","logo":{"@type":"ImageObject","inLanguage":"sv-SE","@id":"https:\/\/4000mil.se\/#\/schema\/logo\/image\/","url":"https:\/\/4000mil.se\/wp-content\/uploads\/2017\/07\/rsz_img_5178-e1511641744338.jpg","contentUrl":"https:\/\/4000mil.se\/wp-content\/uploads\/2017\/07\/rsz_img_5178-e1511641744338.jpg","width":1000,"height":667,"caption":"4000mil"},"image":{"@id":"https:\/\/4000mil.se\/#\/schema\/logo\/image\/"},"sameAs":["https:\/\/www.facebook.com\/4000mil\/","https:\/\/x.com\/4000mil_se","https:\/\/www.instagram.com\/4000mil.se\/","https:\/\/www.youtube.com\/channel\/UCJ-arZd2a7dT4Kqq5GtVbXQ"]},{"@type":"Person","@id":"https:\/\/4000mil.se\/#\/schema\/person\/cda463da9f6f2c4d9bbc173471184a73","name":"Gunilla Yourstone","image":{"@type":"ImageObject","inLanguage":"sv-SE","@id":"https:\/\/secure.gravatar.com\/avatar\/2df85d0820b33bffdd86a729d25273c6153c1cc9b1338f26ef0c98d01163520d?s=96&d=mm&r=g","url":"https:\/\/secure.gravatar.com\/avatar\/2df85d0820b33bffdd86a729d25273c6153c1cc9b1338f26ef0c98d01163520d?s=96&d=mm&r=g","contentUrl":"https:\/\/secure.gravatar.com\/avatar\/2df85d0820b33bffdd86a729d25273c6153c1cc9b1338f26ef0c98d01163520d?s=96&d=mm&r=g","caption":"Gunilla Yourstone"},"url":"https:\/\/4000mil.se\/index.php\/author\/gunillay\/"}]}},"_links":{"self":[{"href":"https:\/\/4000mil.se\/index.php\/wp-json\/wp\/v2\/posts\/81213","targetHints":{"allow":["GET"]}}],"collection":[{"href":"https:\/\/4000mil.se\/index.php\/wp-json\/wp\/v2\/posts"}],"about":[{"href":"https:\/\/4000mil.se\/index.php\/wp-json\/wp\/v2\/types\/post"}],"author":[{"embeddable":true,"href":"https:\/\/4000mil.se\/index.php\/wp-json\/wp\/v2\/users\/3"}],"replies":[{"embeddable":true,"href":"https:\/\/4000mil.se\/index.php\/wp-json\/wp\/v2\/comments?post=81213"}],"version-history":[{"count":12,"href":"https:\/\/4000mil.se\/index.php\/wp-json\/wp\/v2\/posts\/81213\/revisions"}],"predecessor-version":[{"id":81321,"href":"https:\/\/4000mil.se\/index.php\/wp-json\/wp\/v2\/posts\/81213\/revisions\/81321"}],"wp:featuredmedia":[{"embeddable":true,"href":"https:\/\/4000mil.se\/index.php\/wp-json\/wp\/v2\/media\/81216"}],"wp:attachment":[{"href":"https:\/\/4000mil.se\/index.php\/wp-json\/wp\/v2\/media?parent=81213"}],"wp:term":[{"taxonomy":"category","embeddable":true,"href":"https:\/\/4000mil.se\/index.php\/wp-json\/wp\/v2\/categories?post=81213"},{"taxonomy":"post_tag","embeddable":true,"href":"https:\/\/4000mil.se\/index.php\/wp-json\/wp\/v2\/tags?post=81213"}],"curies":[{"name":"wp","href":"https:\/\/api.w.org\/{rel}","templated":true}]}}