{"id":81958,"date":"2025-09-28T06:00:00","date_gmt":"2025-09-28T04:00:00","guid":{"rendered":"https:\/\/4000mil.se\/?p=81958"},"modified":"2025-10-04T15:12:07","modified_gmt":"2025-10-04T13:12:07","slug":"via-ferrata-i-tabor","status":"publish","type":"post","link":"https:\/\/4000mil.se\/index.php\/via-ferrata-i-tabor\/","title":{"rendered":"Jag \u00e5terf\u00f6renas med Via Ferrata i Tabor, Tjeckien"},"content":{"rendered":"\n<p>Det var ju s\u00e5 sent som i juni i \u00e5r som en ny k\u00e4rlek kom in i mitt liv. Eller f\u00f6r\u00e4lskelse kanske snarare. Ljuv och f\u00f6rf\u00f6risk. Sedan dess jag dr\u00f6mt och tr\u00e5nat efter ett till m\u00f6te. Jag pratar f\u00f6rst\u00e5s om <strong><em>Via Ferrata<\/em><\/strong>. Som jag f\u00f6r f\u00f6rsta g\u00e5ngen i mitt 54-\u00e5riga liv fick tillf\u00e4lle att testa i Kosovo i somras.<\/p>\n\n\n\n<p><strong>L\u00e4s ocks\u00e5: <\/strong><a href=\"https:\/\/4000mil.se\/index.php\/via-ferrata-i-rugova-canyon-kosovo\/\">Via Ferrata i Rugova Canyon, Kosovo \u2013 skulle du v\u00e5ga?<\/a><\/p>\n\n\n\n<p>Sedan dess har jag dr\u00f6mt om att s\u00e4ga upp mig fr\u00e5n jobbet, resa jorden runt och prova olika Via Ferratas. Som <em>lifegoal <\/em>liksom. <\/p>\n\n\n\n<figure class=\"wp-block-image size-large\"><img loading=\"lazy\" decoding=\"async\" width=\"1024\" height=\"768\" src=\"https:\/\/4000mil.se\/wp-content\/uploads\/2025\/09\/bad1cd05-1501-482a-9b1c-8561a44962f2-1024x768.jpeg\" alt=\"Via Ferrata i Tabor\" class=\"wp-image-81943\" srcset=\"https:\/\/4000mil.se\/wp-content\/uploads\/2025\/09\/bad1cd05-1501-482a-9b1c-8561a44962f2-1024x768.jpeg 1024w, https:\/\/4000mil.se\/wp-content\/uploads\/2025\/09\/bad1cd05-1501-482a-9b1c-8561a44962f2-300x225.jpeg 300w, https:\/\/4000mil.se\/wp-content\/uploads\/2025\/09\/bad1cd05-1501-482a-9b1c-8561a44962f2-768x576.jpeg 768w, https:\/\/4000mil.se\/wp-content\/uploads\/2025\/09\/bad1cd05-1501-482a-9b1c-8561a44962f2-1536x1152.jpeg 1536w, https:\/\/4000mil.se\/wp-content\/uploads\/2025\/09\/bad1cd05-1501-482a-9b1c-8561a44962f2-800x600.jpeg 800w, https:\/\/4000mil.se\/wp-content\/uploads\/2025\/09\/bad1cd05-1501-482a-9b1c-8561a44962f2.jpeg 1600w\" sizes=\"auto, (max-width: 1024px) 100vw, 1024px\" \/><\/figure>\n\n\n\n<p>Samtidigt som jag b\u00e4vat f\u00f6r v\u00e5rt n\u00e4sta m\u00f6te. F\u00f6r t\u00e4nk om min k\u00e4rlek inte var s\u00e5 d\u00e4r f\u00f6rf\u00f6riskt vacker som jag minns honom? T\u00e4nk om han vid n\u00e4rmare p\u00e5seende inte alls passar mig. Eller om, ve och fasa, jag inte \u00e4r god nog \u00e5t honom. Inte pallar n\u00e4sta g\u00e5ng liksom. Blir r\u00e4dd eller inte klarar.<\/p>\n\n\n\n<p>I \u00d6sterrike g\u00e5r jag n\u00e4stan omv\u00e4gar. Det finns en Via Ferrata. Men den \u00e4r  sv\u00e5r s\u00e4ger folk. Jag v\u00e5gar inte. Min n\u00e4sta m\u00e5ste vara l\u00e4tt. S\u00e5 att det g\u00e5r bra och jag fortfarande v\u00e5gar.<\/p>\n\n\n\n<figure class=\"wp-block-image size-large\"><img loading=\"lazy\" decoding=\"async\" width=\"1024\" height=\"836\" src=\"https:\/\/4000mil.se\/wp-content\/uploads\/2025\/09\/ec953817-736e-4dc4-aa84-73bd82bd1f99-1024x836.jpeg\" alt=\"\" class=\"wp-image-81942\" srcset=\"https:\/\/4000mil.se\/wp-content\/uploads\/2025\/09\/ec953817-736e-4dc4-aa84-73bd82bd1f99-1024x836.jpeg 1024w, https:\/\/4000mil.se\/wp-content\/uploads\/2025\/09\/ec953817-736e-4dc4-aa84-73bd82bd1f99-300x245.jpeg 300w, https:\/\/4000mil.se\/wp-content\/uploads\/2025\/09\/ec953817-736e-4dc4-aa84-73bd82bd1f99-768x627.jpeg 768w, https:\/\/4000mil.se\/wp-content\/uploads\/2025\/09\/ec953817-736e-4dc4-aa84-73bd82bd1f99-800x653.jpeg 800w, https:\/\/4000mil.se\/wp-content\/uploads\/2025\/09\/ec953817-736e-4dc4-aa84-73bd82bd1f99.jpeg 1470w\" sizes=\"auto, (max-width: 1024px) 100vw, 1024px\" \/><\/figure>\n\n\n\n<p>I Tjeckien kommer n\u00e4sta chans till ett m\u00f6te. Nu st\u00e5r  Via Ferrata p\u00e5 programmet f\u00f6r hela gruppen. Sv\u00e5righetsgrad B-C. Nu g\u00e4ller det. Ska k\u00e4rleken best\u00e5?<\/p>\n\n\n\n<p>Det \u00e4r en mulen dag. Vi har precis provat en etapp av <em>Luznice Valley Hiking Trail<\/em>, l\u00e4ngs den stillsamma floden <em>Luznice<\/em>. V\u00e5r guide \u00e4r ett riktigt r\u00e5skinn. Kommer direkt fr\u00e5n Dachstein i \u00d6sterrike. Ett av f\u00e5 berg som faktiskt f\u00e5tt mig lite r\u00e4dd bara av att \u00e5ka linbanan upp till dess topp.<\/p>\n\n\n\n<p><strong>L\u00e4s ocks\u00e5:<\/strong> <a href=\"https:\/\/4000mil.se\/index.php\/dachstein-glaciaren\/\">Dachstein Glaci\u00e4ren \u2013 en spektakul\u00e4r linbana, h\u00e4ngbro och trappa ut i intet<\/a><\/p>\n\n\n\n<figure class=\"wp-block-image size-large\"><img loading=\"lazy\" decoding=\"async\" width=\"768\" height=\"1024\" src=\"https:\/\/4000mil.se\/wp-content\/uploads\/2025\/09\/IMG_9581-768x1024.jpeg\" alt=\"Via Ferrata i Tabor\" class=\"wp-image-81952\" srcset=\"https:\/\/4000mil.se\/wp-content\/uploads\/2025\/09\/IMG_9581-768x1024.jpeg 768w, https:\/\/4000mil.se\/wp-content\/uploads\/2025\/09\/IMG_9581-225x300.jpeg 225w, https:\/\/4000mil.se\/wp-content\/uploads\/2025\/09\/IMG_9581-1152x1536.jpeg 1152w, https:\/\/4000mil.se\/wp-content\/uploads\/2025\/09\/IMG_9581-800x1067.jpeg 800w, https:\/\/4000mil.se\/wp-content\/uploads\/2025\/09\/IMG_9581.jpeg 1536w\" sizes=\"auto, (max-width: 768px) 100vw, 768px\" \/><\/figure>\n\n\n\n<p>Omr\u00e5det d\u00e4r vi nu befinner oss \u00e4r d\u00e4remot inte bergiga trakter. Men kuperade. Vi befinner oss i en smal dalg\u00e5ng med branta sluttningar upp\u00e5t. H\u00e4r och d\u00e4r lodr\u00e4ta klippor och det \u00e4r vid en s\u00e5dan alldeles s\u00e4rskilt d\u00f6dsf\u00f6raktande klippa vi positionerar oss. F\u00e5r hj\u00e4lmar, selar och handskar. En kortare instruktion.<\/p>\n\n\n\n<figure class=\"wp-block-image size-large\"><img loading=\"lazy\" decoding=\"async\" width=\"768\" height=\"1024\" src=\"https:\/\/4000mil.se\/wp-content\/uploads\/2025\/09\/IMG_6924-768x1024.jpeg\" alt=\"\" class=\"wp-image-81957\" srcset=\"https:\/\/4000mil.se\/wp-content\/uploads\/2025\/09\/IMG_6924-768x1024.jpeg 768w, https:\/\/4000mil.se\/wp-content\/uploads\/2025\/09\/IMG_6924-225x300.jpeg 225w, https:\/\/4000mil.se\/wp-content\/uploads\/2025\/09\/IMG_6924-1152x1536.jpeg 1152w, https:\/\/4000mil.se\/wp-content\/uploads\/2025\/09\/IMG_6924-800x1067.jpeg 800w, https:\/\/4000mil.se\/wp-content\/uploads\/2025\/09\/IMG_6924.jpeg 1536w\" sizes=\"auto, (max-width: 768px) 100vw, 768px\" \/><\/figure>\n\n\n\n<figure class=\"wp-block-image size-large\"><img loading=\"lazy\" decoding=\"async\" width=\"768\" height=\"1024\" src=\"https:\/\/4000mil.se\/wp-content\/uploads\/2025\/09\/IMG_6920-768x1024.jpeg\" alt=\"\" class=\"wp-image-81959\" srcset=\"https:\/\/4000mil.se\/wp-content\/uploads\/2025\/09\/IMG_6920-768x1024.jpeg 768w, https:\/\/4000mil.se\/wp-content\/uploads\/2025\/09\/IMG_6920-225x300.jpeg 225w, https:\/\/4000mil.se\/wp-content\/uploads\/2025\/09\/IMG_6920-1152x1536.jpeg 1152w, https:\/\/4000mil.se\/wp-content\/uploads\/2025\/09\/IMG_6920-800x1067.jpeg 800w, https:\/\/4000mil.se\/wp-content\/uploads\/2025\/09\/IMG_6920.jpeg 1536w\" sizes=\"auto, (max-width: 768px) 100vw, 768px\" \/><\/figure>\n\n\n\n<p>Det k\u00e4nns kul. Och f\u00f6rv\u00e4ntansfullt. Men ocks\u00e5 lite nerv\u00f6st. F\u00f6r det \u00e4r nu det g\u00e4ller, andra g\u00e5ngen gillt. \u00c4r Via Ferrata verkligen n\u00e5got f\u00f6r mig?<\/p>\n\n\n\n<figure class=\"wp-block-image size-large\"><img loading=\"lazy\" decoding=\"async\" width=\"768\" height=\"1024\" src=\"https:\/\/4000mil.se\/wp-content\/uploads\/2025\/09\/IMG_9577-768x1024.jpeg\" alt=\"Via Ferrata i Tabor\" class=\"wp-image-81955\" srcset=\"https:\/\/4000mil.se\/wp-content\/uploads\/2025\/09\/IMG_9577-768x1024.jpeg 768w, https:\/\/4000mil.se\/wp-content\/uploads\/2025\/09\/IMG_9577-225x300.jpeg 225w, https:\/\/4000mil.se\/wp-content\/uploads\/2025\/09\/IMG_9577-1152x1536.jpeg 1152w, https:\/\/4000mil.se\/wp-content\/uploads\/2025\/09\/IMG_9577-800x1067.jpeg 800w, https:\/\/4000mil.se\/wp-content\/uploads\/2025\/09\/IMG_9577.jpeg 1536w\" sizes=\"auto, (max-width: 768px) 100vw, 768px\" \/><\/figure>\n\n\n\n<p>Leden b\u00f6rjar rakt p\u00e5 sak, ingen uppv\u00e4rmning. Vi kl\u00e4ttrar upp\u00e5t med bara enstaka j\u00e4rn inslagna i berget. Mestadels m\u00e5ste vi sj\u00e4lv hitta en s\u00e4ker plats att placera f\u00f6tterna p\u00e5 i klippan sj\u00e4lvt. Mina skor har sv\u00e5rt att f\u00e5 grepp? N\u00e4r jag synar sulan \u00e4r den n\u00e4stan blanksliten under t\u00e5basen. Klantigt att inte h\u00e5lla koll, men jag har ju anv\u00e4nt skorna i princip dagligen hela sommaren. Inklusive en veckovandring i Alperna. De beh\u00f6ver helt klart ers\u00e4ttas med nya. Men just nu \u00e4r jag d\u00e4r jag \u00e4r. Bara att bita ihop. Och h\u00e5lla h\u00e5rt i linan. <\/p>\n\n\n\n<figure class=\"wp-block-image size-large\"><img loading=\"lazy\" decoding=\"async\" width=\"768\" height=\"1024\" src=\"https:\/\/4000mil.se\/wp-content\/uploads\/2025\/09\/IMG_6944-768x1024.jpeg\" alt=\"\" class=\"wp-image-81951\" srcset=\"https:\/\/4000mil.se\/wp-content\/uploads\/2025\/09\/IMG_6944-768x1024.jpeg 768w, https:\/\/4000mil.se\/wp-content\/uploads\/2025\/09\/IMG_6944-225x300.jpeg 225w, https:\/\/4000mil.se\/wp-content\/uploads\/2025\/09\/IMG_6944-1152x1536.jpeg 1152w, https:\/\/4000mil.se\/wp-content\/uploads\/2025\/09\/IMG_6944-800x1067.jpeg 800w, https:\/\/4000mil.se\/wp-content\/uploads\/2025\/09\/IMG_6944.jpeg 1536w\" sizes=\"auto, (max-width: 768px) 100vw, 768px\" \/><figcaption class=\"wp-element-caption\">Mina resekollegor<\/figcaption><\/figure>\n\n\n\n<p>Snart kommer flytet och kl\u00e4ttringen flyter p\u00e5 bara bra. Min fina kollega Timo fr\u00e5n Nederl\u00e4nderna har erbjudit sig att g\u00e5 framf\u00f6r mig och fota. Han har sj\u00e4lv kl\u00e4ttring som hobby och har s\u00e4kert gjort bortemot 100 Via Ferratas.<\/p>\n\n\n\n<figure class=\"wp-block-image size-large\"><img loading=\"lazy\" decoding=\"async\" width=\"1024\" height=\"768\" src=\"https:\/\/4000mil.se\/wp-content\/uploads\/2025\/09\/IMG_9590-1024x768.jpeg\" alt=\"Via Ferrata i Tabor\" class=\"wp-image-81944\" srcset=\"https:\/\/4000mil.se\/wp-content\/uploads\/2025\/09\/IMG_9590-1024x768.jpeg 1024w, https:\/\/4000mil.se\/wp-content\/uploads\/2025\/09\/IMG_9590-300x225.jpeg 300w, https:\/\/4000mil.se\/wp-content\/uploads\/2025\/09\/IMG_9590-768x576.jpeg 768w, https:\/\/4000mil.se\/wp-content\/uploads\/2025\/09\/IMG_9590-1536x1152.jpeg 1536w, https:\/\/4000mil.se\/wp-content\/uploads\/2025\/09\/IMG_9590-2000x1500.jpeg 2000w, https:\/\/4000mil.se\/wp-content\/uploads\/2025\/09\/IMG_9590-800x600.jpeg 800w, https:\/\/4000mil.se\/wp-content\/uploads\/2025\/09\/IMG_9590.jpeg 2048w\" sizes=\"auto, (max-width: 1024px) 100vw, 1024px\" \/><\/figure>\n\n\n\n<figure class=\"wp-block-image size-large\"><img loading=\"lazy\" decoding=\"async\" width=\"768\" height=\"1024\" src=\"https:\/\/4000mil.se\/wp-content\/uploads\/2025\/09\/IMG_6946-768x1024.jpeg\" alt=\"\" class=\"wp-image-81948\" srcset=\"https:\/\/4000mil.se\/wp-content\/uploads\/2025\/09\/IMG_6946-768x1024.jpeg 768w, https:\/\/4000mil.se\/wp-content\/uploads\/2025\/09\/IMG_6946-225x300.jpeg 225w, https:\/\/4000mil.se\/wp-content\/uploads\/2025\/09\/IMG_6946-1152x1536.jpeg 1152w, https:\/\/4000mil.se\/wp-content\/uploads\/2025\/09\/IMG_6946-800x1067.jpeg 800w, https:\/\/4000mil.se\/wp-content\/uploads\/2025\/09\/IMG_6946.jpeg 1536w\" sizes=\"auto, (max-width: 768px) 100vw, 768px\" \/><figcaption class=\"wp-element-caption\">Min fotograf f\u00f6r dagen. Timo fr\u00e5n Nedel\u00e4nderna. Skribent p\u00e5 ett campingmagasin.<\/figcaption><\/figure>\n\n\n\n<p>Och nu har jag snart gjort tv\u00e5. F\u00f6r denna led \u00e4r kort. Snart \u00e4r vi uppe p\u00e5 kr\u00f6net. Med utsikt \u00f6ver staden, floden och bron \u00f6ver. H\u00f6stf\u00e4rgerna \u00e4r p\u00e5 v\u00e4g in och dagen \u00e4r vacker. <em>King of the world.<\/em> Eller i alla fall kungar av Tabor. Vi njuter en stund innan vi v\u00e4nder ned\u00e5t l\u00e4ngs stegar och sl\u00e4nter.<\/p>\n\n\n\n<p>Tv\u00e5 Via Ferratas. Check. Det \u00e4r vi tv\u00e5 nu. Forever.<\/p>\n\n\n\n<figure class=\"wp-block-image size-large\"><img loading=\"lazy\" decoding=\"async\" width=\"1024\" height=\"768\" src=\"https:\/\/4000mil.se\/wp-content\/uploads\/2025\/09\/IMG_9586-1024x768.jpeg\" alt=\"Via Ferrata i Tabor\" class=\"wp-image-81949\" srcset=\"https:\/\/4000mil.se\/wp-content\/uploads\/2025\/09\/IMG_9586-1024x768.jpeg 1024w, https:\/\/4000mil.se\/wp-content\/uploads\/2025\/09\/IMG_9586-300x225.jpeg 300w, https:\/\/4000mil.se\/wp-content\/uploads\/2025\/09\/IMG_9586-768x576.jpeg 768w, https:\/\/4000mil.se\/wp-content\/uploads\/2025\/09\/IMG_9586-1536x1152.jpeg 1536w, https:\/\/4000mil.se\/wp-content\/uploads\/2025\/09\/IMG_9586-2000x1500.jpeg 2000w, https:\/\/4000mil.se\/wp-content\/uploads\/2025\/09\/IMG_9586-800x600.jpeg 800w, https:\/\/4000mil.se\/wp-content\/uploads\/2025\/09\/IMG_9586.jpeg 2048w\" sizes=\"auto, (max-width: 1024px) 100vw, 1024px\" \/><\/figure>\n\n\n\n<figure class=\"wp-block-image size-large\"><img loading=\"lazy\" decoding=\"async\" width=\"768\" height=\"1024\" src=\"https:\/\/4000mil.se\/wp-content\/uploads\/2025\/09\/IMG_1209-768x1024.jpeg\" alt=\"Via Ferrata i Tabor\" class=\"wp-image-81945\" srcset=\"https:\/\/4000mil.se\/wp-content\/uploads\/2025\/09\/IMG_1209-768x1024.jpeg 768w, https:\/\/4000mil.se\/wp-content\/uploads\/2025\/09\/IMG_1209-225x300.jpeg 225w, https:\/\/4000mil.se\/wp-content\/uploads\/2025\/09\/IMG_1209-1152x1536.jpeg 1152w, https:\/\/4000mil.se\/wp-content\/uploads\/2025\/09\/IMG_1209-800x1067.jpeg 800w, https:\/\/4000mil.se\/wp-content\/uploads\/2025\/09\/IMG_1209.jpeg 1536w\" sizes=\"auto, (max-width: 768px) 100vw, 768px\" \/><\/figure>\n\n\n\n<figure class=\"wp-block-image size-large\"><img loading=\"lazy\" decoding=\"async\" width=\"768\" height=\"1024\" src=\"https:\/\/4000mil.se\/wp-content\/uploads\/2025\/09\/IMG_6953-768x1024.jpeg\" alt=\"Via Ferrata i Tabor\" class=\"wp-image-81946\" srcset=\"https:\/\/4000mil.se\/wp-content\/uploads\/2025\/09\/IMG_6953-768x1024.jpeg 768w, https:\/\/4000mil.se\/wp-content\/uploads\/2025\/09\/IMG_6953-225x300.jpeg 225w, https:\/\/4000mil.se\/wp-content\/uploads\/2025\/09\/IMG_6953-1152x1536.jpeg 1152w, https:\/\/4000mil.se\/wp-content\/uploads\/2025\/09\/IMG_6953-800x1067.jpeg 800w, https:\/\/4000mil.se\/wp-content\/uploads\/2025\/09\/IMG_6953.jpeg 1536w\" sizes=\"auto, (max-width: 768px) 100vw, 768px\" \/><\/figure>\n\n\n\n<p><\/p>\n\n\n\n<p>Missa inga inl\u00e4gg. Gl\u00f6m inte att&nbsp;<a href=\"https:\/\/www.facebook.com\/4000mil\/\" target=\"_blank\" rel=\"noreferrer noopener\">f\u00f6lja 4000mil p\u00e5 Facebook<\/a>&nbsp;och&nbsp;<a href=\"https:\/\/www.instagram.com\/4000mil.se\/\" target=\"_blank\" rel=\"noreferrer noopener\">p\u00e5 Instagram<\/a>.<\/p>\n\n\n\n<p><\/p>\n","protected":false},"excerpt":{"rendered":"<p>Det var ju s\u00e5 sent som i juni i \u00e5r som en ny k\u00e4rlek kom in i mitt liv. Eller f\u00f6r\u00e4lskelse kanske snarare. Ljuv och f\u00f6rf\u00f6risk. Sedan dess jag dr\u00f6mt och tr\u00e5nat efter ett till m\u00f6te. Jag pratar f\u00f6rst\u00e5s om Via Ferrata. Som jag f\u00f6r f\u00f6rsta g\u00e5ngen i mitt 54-\u00e5riga [&hellip;]<\/p>\n","protected":false},"author":3,"featured_media":81950,"comment_status":"open","ping_status":"open","sticky":false,"template":"","format":"standard","meta":{"_monsterinsights_skip_tracking":false,"_monsterinsights_sitenote_active":false,"_monsterinsights_sitenote_note":"","_monsterinsights_sitenote_category":0,"footnotes":""},"categories":[1624,2],"tags":[12762,12683],"class_list":["post-81958","post","type-post","status-publish","format-standard","has-post-thumbnail","hentry","category-tjeckien","category-vandring","tag-sodrabohmen","tag-vandring-i-europa"],"yoast_head":"<!-- This site is optimized with the Yoast SEO plugin v27.4 - https:\/\/yoast.com\/product\/yoast-seo-wordpress\/ -->\n<title>Jag \u00e5terf\u00f6renas med Via Ferrata i Tabor, Tjeckien<\/title>\n<meta name=\"description\" content=\"Vi testar Via Ferrata i Tabor i Tjeckien. F\u00f6r mig \u00e4r det upp till bevis p\u00e5 mitt livs andra Via Ferrata. \u00c4r detta verkligen n\u00e5got f\u00f6r mig?\" \/>\n<meta name=\"robots\" content=\"index, follow, max-snippet:-1, max-image-preview:large, max-video-preview:-1\" \/>\n<link rel=\"canonical\" href=\"https:\/\/4000mil.se\/index.php\/via-ferrata-i-tabor\/\" \/>\n<meta property=\"og:locale\" content=\"sv_SE\" \/>\n<meta property=\"og:type\" content=\"article\" \/>\n<meta property=\"og:title\" content=\"Jag \u00e5terf\u00f6renas med Via Ferrata i Tabor, Tjeckien\" \/>\n<meta property=\"og:description\" content=\"Vi testar Via Ferrata i Tabor i Tjeckien. F\u00f6r mig \u00e4r det upp till bevis p\u00e5 mitt livs andra Via Ferrata. \u00c4r detta verkligen n\u00e5got f\u00f6r mig?\" \/>\n<meta property=\"og:url\" content=\"https:\/\/4000mil.se\/index.php\/via-ferrata-i-tabor\/\" \/>\n<meta property=\"og:site_name\" content=\"4000 mil - en reseblogg\" \/>\n<meta property=\"article:publisher\" content=\"https:\/\/www.facebook.com\/4000mil\/\" \/>\n<meta property=\"article:published_time\" content=\"2025-09-28T04:00:00+00:00\" \/>\n<meta property=\"article:modified_time\" content=\"2025-10-04T13:12:07+00:00\" \/>\n<meta property=\"og:image\" content=\"https:\/\/4000mil.se\/wp-content\/uploads\/2025\/09\/IMG_9583.jpeg\" \/>\n\t<meta property=\"og:image:width\" content=\"2048\" \/>\n\t<meta property=\"og:image:height\" content=\"1536\" \/>\n\t<meta property=\"og:image:type\" content=\"image\/jpeg\" \/>\n<meta name=\"author\" content=\"Gunilla Yourstone\" \/>\n<meta name=\"twitter:card\" content=\"summary_large_image\" \/>\n<meta name=\"twitter:creator\" content=\"@4000mil_se\" \/>\n<meta name=\"twitter:site\" content=\"@4000mil_se\" \/>\n<meta name=\"twitter:label1\" content=\"Skriven av\" \/>\n\t<meta name=\"twitter:data1\" content=\"Gunilla Yourstone\" \/>\n\t<meta name=\"twitter:label2\" content=\"Ber\u00e4knad l\u00e4stid\" \/>\n\t<meta name=\"twitter:data2\" content=\"6 minuter\" \/>\n<script type=\"application\/ld+json\" class=\"yoast-schema-graph\">{\"@context\":\"https:\\\/\\\/schema.org\",\"@graph\":[{\"@type\":\"Article\",\"@id\":\"https:\\\/\\\/4000mil.se\\\/index.php\\\/via-ferrata-i-tabor\\\/#article\",\"isPartOf\":{\"@id\":\"https:\\\/\\\/4000mil.se\\\/index.php\\\/via-ferrata-i-tabor\\\/\"},\"author\":{\"name\":\"Gunilla Yourstone\",\"@id\":\"https:\\\/\\\/4000mil.se\\\/#\\\/schema\\\/person\\\/cda463da9f6f2c4d9bbc173471184a73\"},\"headline\":\"Jag \u00e5terf\u00f6renas med Via Ferrata i Tabor, Tjeckien\",\"datePublished\":\"2025-09-28T04:00:00+00:00\",\"dateModified\":\"2025-10-04T13:12:07+00:00\",\"mainEntityOfPage\":{\"@id\":\"https:\\\/\\\/4000mil.se\\\/index.php\\\/via-ferrata-i-tabor\\\/\"},\"wordCount\":696,\"commentCount\":0,\"publisher\":{\"@id\":\"https:\\\/\\\/4000mil.se\\\/#organization\"},\"image\":{\"@id\":\"https:\\\/\\\/4000mil.se\\\/index.php\\\/via-ferrata-i-tabor\\\/#primaryimage\"},\"thumbnailUrl\":\"https:\\\/\\\/4000mil.se\\\/wp-content\\\/uploads\\\/2025\\\/09\\\/IMG_9583.jpeg\",\"keywords\":[\"S\u00f6dra B\u00f6hmen\",\"Vandring i Europa\"],\"articleSection\":[\"Tjeckien\",\"Vandring\"],\"inLanguage\":\"sv-SE\",\"potentialAction\":[{\"@type\":\"CommentAction\",\"name\":\"Comment\",\"target\":[\"https:\\\/\\\/4000mil.se\\\/index.php\\\/via-ferrata-i-tabor\\\/#respond\"]}]},{\"@type\":\"WebPage\",\"@id\":\"https:\\\/\\\/4000mil.se\\\/index.php\\\/via-ferrata-i-tabor\\\/\",\"url\":\"https:\\\/\\\/4000mil.se\\\/index.php\\\/via-ferrata-i-tabor\\\/\",\"name\":\"Jag \u00e5terf\u00f6renas med Via Ferrata i Tabor, Tjeckien\",\"isPartOf\":{\"@id\":\"https:\\\/\\\/4000mil.se\\\/#website\"},\"primaryImageOfPage\":{\"@id\":\"https:\\\/\\\/4000mil.se\\\/index.php\\\/via-ferrata-i-tabor\\\/#primaryimage\"},\"image\":{\"@id\":\"https:\\\/\\\/4000mil.se\\\/index.php\\\/via-ferrata-i-tabor\\\/#primaryimage\"},\"thumbnailUrl\":\"https:\\\/\\\/4000mil.se\\\/wp-content\\\/uploads\\\/2025\\\/09\\\/IMG_9583.jpeg\",\"datePublished\":\"2025-09-28T04:00:00+00:00\",\"dateModified\":\"2025-10-04T13:12:07+00:00\",\"description\":\"Vi testar Via Ferrata i Tabor i Tjeckien. F\u00f6r mig \u00e4r det upp till bevis p\u00e5 mitt livs andra Via Ferrata. \u00c4r detta verkligen n\u00e5got f\u00f6r mig?\",\"breadcrumb\":{\"@id\":\"https:\\\/\\\/4000mil.se\\\/index.php\\\/via-ferrata-i-tabor\\\/#breadcrumb\"},\"inLanguage\":\"sv-SE\",\"potentialAction\":[{\"@type\":\"ReadAction\",\"target\":[\"https:\\\/\\\/4000mil.se\\\/index.php\\\/via-ferrata-i-tabor\\\/\"]}]},{\"@type\":\"ImageObject\",\"inLanguage\":\"sv-SE\",\"@id\":\"https:\\\/\\\/4000mil.se\\\/index.php\\\/via-ferrata-i-tabor\\\/#primaryimage\",\"url\":\"https:\\\/\\\/4000mil.se\\\/wp-content\\\/uploads\\\/2025\\\/09\\\/IMG_9583.jpeg\",\"contentUrl\":\"https:\\\/\\\/4000mil.se\\\/wp-content\\\/uploads\\\/2025\\\/09\\\/IMG_9583.jpeg\",\"width\":2048,\"height\":1536},{\"@type\":\"BreadcrumbList\",\"@id\":\"https:\\\/\\\/4000mil.se\\\/index.php\\\/via-ferrata-i-tabor\\\/#breadcrumb\",\"itemListElement\":[{\"@type\":\"ListItem\",\"position\":1,\"name\":\"Home\",\"item\":\"https:\\\/\\\/4000mil.se\\\/\"},{\"@type\":\"ListItem\",\"position\":2,\"name\":\"Jag \u00e5terf\u00f6renas med Via Ferrata i Tabor, Tjeckien\"}]},{\"@type\":\"WebSite\",\"@id\":\"https:\\\/\\\/4000mil.se\\\/#website\",\"url\":\"https:\\\/\\\/4000mil.se\\\/\",\"name\":\"4000 mil - en reseblogg\",\"description\":\"We haven&#039;t been everywhere, but it is on our list.\",\"publisher\":{\"@id\":\"https:\\\/\\\/4000mil.se\\\/#organization\"},\"potentialAction\":[{\"@type\":\"SearchAction\",\"target\":{\"@type\":\"EntryPoint\",\"urlTemplate\":\"https:\\\/\\\/4000mil.se\\\/?s={search_term_string}\"},\"query-input\":{\"@type\":\"PropertyValueSpecification\",\"valueRequired\":true,\"valueName\":\"search_term_string\"}}],\"inLanguage\":\"sv-SE\"},{\"@type\":\"Organization\",\"@id\":\"https:\\\/\\\/4000mil.se\\\/#organization\",\"name\":\"4000mil\",\"url\":\"https:\\\/\\\/4000mil.se\\\/\",\"logo\":{\"@type\":\"ImageObject\",\"inLanguage\":\"sv-SE\",\"@id\":\"https:\\\/\\\/4000mil.se\\\/#\\\/schema\\\/logo\\\/image\\\/\",\"url\":\"https:\\\/\\\/4000mil.se\\\/wp-content\\\/uploads\\\/2017\\\/07\\\/rsz_img_5178-e1511641744338.jpg\",\"contentUrl\":\"https:\\\/\\\/4000mil.se\\\/wp-content\\\/uploads\\\/2017\\\/07\\\/rsz_img_5178-e1511641744338.jpg\",\"width\":1000,\"height\":667,\"caption\":\"4000mil\"},\"image\":{\"@id\":\"https:\\\/\\\/4000mil.se\\\/#\\\/schema\\\/logo\\\/image\\\/\"},\"sameAs\":[\"https:\\\/\\\/www.facebook.com\\\/4000mil\\\/\",\"https:\\\/\\\/x.com\\\/4000mil_se\",\"https:\\\/\\\/www.instagram.com\\\/4000mil.se\\\/\",\"https:\\\/\\\/www.youtube.com\\\/channel\\\/UCJ-arZd2a7dT4Kqq5GtVbXQ\"]},{\"@type\":\"Person\",\"@id\":\"https:\\\/\\\/4000mil.se\\\/#\\\/schema\\\/person\\\/cda463da9f6f2c4d9bbc173471184a73\",\"name\":\"Gunilla Yourstone\",\"image\":{\"@type\":\"ImageObject\",\"inLanguage\":\"sv-SE\",\"@id\":\"https:\\\/\\\/secure.gravatar.com\\\/avatar\\\/2df85d0820b33bffdd86a729d25273c6153c1cc9b1338f26ef0c98d01163520d?s=96&d=mm&r=g\",\"url\":\"https:\\\/\\\/secure.gravatar.com\\\/avatar\\\/2df85d0820b33bffdd86a729d25273c6153c1cc9b1338f26ef0c98d01163520d?s=96&d=mm&r=g\",\"contentUrl\":\"https:\\\/\\\/secure.gravatar.com\\\/avatar\\\/2df85d0820b33bffdd86a729d25273c6153c1cc9b1338f26ef0c98d01163520d?s=96&d=mm&r=g\",\"caption\":\"Gunilla Yourstone\"},\"url\":\"https:\\\/\\\/4000mil.se\\\/index.php\\\/author\\\/gunillay\\\/\"}]}<\/script>\n<!-- \/ Yoast SEO plugin. -->","yoast_head_json":{"title":"Jag \u00e5terf\u00f6renas med Via Ferrata i Tabor, Tjeckien","description":"Vi testar Via Ferrata i Tabor i Tjeckien. F\u00f6r mig \u00e4r det upp till bevis p\u00e5 mitt livs andra Via Ferrata. \u00c4r detta verkligen n\u00e5got f\u00f6r mig?","robots":{"index":"index","follow":"follow","max-snippet":"max-snippet:-1","max-image-preview":"max-image-preview:large","max-video-preview":"max-video-preview:-1"},"canonical":"https:\/\/4000mil.se\/index.php\/via-ferrata-i-tabor\/","og_locale":"sv_SE","og_type":"article","og_title":"Jag \u00e5terf\u00f6renas med Via Ferrata i Tabor, Tjeckien","og_description":"Vi testar Via Ferrata i Tabor i Tjeckien. F\u00f6r mig \u00e4r det upp till bevis p\u00e5 mitt livs andra Via Ferrata. \u00c4r detta verkligen n\u00e5got f\u00f6r mig?","og_url":"https:\/\/4000mil.se\/index.php\/via-ferrata-i-tabor\/","og_site_name":"4000 mil - en reseblogg","article_publisher":"https:\/\/www.facebook.com\/4000mil\/","article_published_time":"2025-09-28T04:00:00+00:00","article_modified_time":"2025-10-04T13:12:07+00:00","og_image":[{"width":2048,"height":1536,"url":"https:\/\/4000mil.se\/wp-content\/uploads\/2025\/09\/IMG_9583.jpeg","type":"image\/jpeg"}],"author":"Gunilla Yourstone","twitter_card":"summary_large_image","twitter_creator":"@4000mil_se","twitter_site":"@4000mil_se","twitter_misc":{"Skriven av":"Gunilla Yourstone","Ber\u00e4knad l\u00e4stid":"6 minuter"},"schema":{"@context":"https:\/\/schema.org","@graph":[{"@type":"Article","@id":"https:\/\/4000mil.se\/index.php\/via-ferrata-i-tabor\/#article","isPartOf":{"@id":"https:\/\/4000mil.se\/index.php\/via-ferrata-i-tabor\/"},"author":{"name":"Gunilla Yourstone","@id":"https:\/\/4000mil.se\/#\/schema\/person\/cda463da9f6f2c4d9bbc173471184a73"},"headline":"Jag \u00e5terf\u00f6renas med Via Ferrata i Tabor, Tjeckien","datePublished":"2025-09-28T04:00:00+00:00","dateModified":"2025-10-04T13:12:07+00:00","mainEntityOfPage":{"@id":"https:\/\/4000mil.se\/index.php\/via-ferrata-i-tabor\/"},"wordCount":696,"commentCount":0,"publisher":{"@id":"https:\/\/4000mil.se\/#organization"},"image":{"@id":"https:\/\/4000mil.se\/index.php\/via-ferrata-i-tabor\/#primaryimage"},"thumbnailUrl":"https:\/\/4000mil.se\/wp-content\/uploads\/2025\/09\/IMG_9583.jpeg","keywords":["S\u00f6dra B\u00f6hmen","Vandring i Europa"],"articleSection":["Tjeckien","Vandring"],"inLanguage":"sv-SE","potentialAction":[{"@type":"CommentAction","name":"Comment","target":["https:\/\/4000mil.se\/index.php\/via-ferrata-i-tabor\/#respond"]}]},{"@type":"WebPage","@id":"https:\/\/4000mil.se\/index.php\/via-ferrata-i-tabor\/","url":"https:\/\/4000mil.se\/index.php\/via-ferrata-i-tabor\/","name":"Jag \u00e5terf\u00f6renas med Via Ferrata i Tabor, Tjeckien","isPartOf":{"@id":"https:\/\/4000mil.se\/#website"},"primaryImageOfPage":{"@id":"https:\/\/4000mil.se\/index.php\/via-ferrata-i-tabor\/#primaryimage"},"image":{"@id":"https:\/\/4000mil.se\/index.php\/via-ferrata-i-tabor\/#primaryimage"},"thumbnailUrl":"https:\/\/4000mil.se\/wp-content\/uploads\/2025\/09\/IMG_9583.jpeg","datePublished":"2025-09-28T04:00:00+00:00","dateModified":"2025-10-04T13:12:07+00:00","description":"Vi testar Via Ferrata i Tabor i Tjeckien. F\u00f6r mig \u00e4r det upp till bevis p\u00e5 mitt livs andra Via Ferrata. \u00c4r detta verkligen n\u00e5got f\u00f6r mig?","breadcrumb":{"@id":"https:\/\/4000mil.se\/index.php\/via-ferrata-i-tabor\/#breadcrumb"},"inLanguage":"sv-SE","potentialAction":[{"@type":"ReadAction","target":["https:\/\/4000mil.se\/index.php\/via-ferrata-i-tabor\/"]}]},{"@type":"ImageObject","inLanguage":"sv-SE","@id":"https:\/\/4000mil.se\/index.php\/via-ferrata-i-tabor\/#primaryimage","url":"https:\/\/4000mil.se\/wp-content\/uploads\/2025\/09\/IMG_9583.jpeg","contentUrl":"https:\/\/4000mil.se\/wp-content\/uploads\/2025\/09\/IMG_9583.jpeg","width":2048,"height":1536},{"@type":"BreadcrumbList","@id":"https:\/\/4000mil.se\/index.php\/via-ferrata-i-tabor\/#breadcrumb","itemListElement":[{"@type":"ListItem","position":1,"name":"Home","item":"https:\/\/4000mil.se\/"},{"@type":"ListItem","position":2,"name":"Jag \u00e5terf\u00f6renas med Via Ferrata i Tabor, Tjeckien"}]},{"@type":"WebSite","@id":"https:\/\/4000mil.se\/#website","url":"https:\/\/4000mil.se\/","name":"4000 mil - en reseblogg","description":"We haven&#039;t been everywhere, but it is on our list.","publisher":{"@id":"https:\/\/4000mil.se\/#organization"},"potentialAction":[{"@type":"SearchAction","target":{"@type":"EntryPoint","urlTemplate":"https:\/\/4000mil.se\/?s={search_term_string}"},"query-input":{"@type":"PropertyValueSpecification","valueRequired":true,"valueName":"search_term_string"}}],"inLanguage":"sv-SE"},{"@type":"Organization","@id":"https:\/\/4000mil.se\/#organization","name":"4000mil","url":"https:\/\/4000mil.se\/","logo":{"@type":"ImageObject","inLanguage":"sv-SE","@id":"https:\/\/4000mil.se\/#\/schema\/logo\/image\/","url":"https:\/\/4000mil.se\/wp-content\/uploads\/2017\/07\/rsz_img_5178-e1511641744338.jpg","contentUrl":"https:\/\/4000mil.se\/wp-content\/uploads\/2017\/07\/rsz_img_5178-e1511641744338.jpg","width":1000,"height":667,"caption":"4000mil"},"image":{"@id":"https:\/\/4000mil.se\/#\/schema\/logo\/image\/"},"sameAs":["https:\/\/www.facebook.com\/4000mil\/","https:\/\/x.com\/4000mil_se","https:\/\/www.instagram.com\/4000mil.se\/","https:\/\/www.youtube.com\/channel\/UCJ-arZd2a7dT4Kqq5GtVbXQ"]},{"@type":"Person","@id":"https:\/\/4000mil.se\/#\/schema\/person\/cda463da9f6f2c4d9bbc173471184a73","name":"Gunilla Yourstone","image":{"@type":"ImageObject","inLanguage":"sv-SE","@id":"https:\/\/secure.gravatar.com\/avatar\/2df85d0820b33bffdd86a729d25273c6153c1cc9b1338f26ef0c98d01163520d?s=96&d=mm&r=g","url":"https:\/\/secure.gravatar.com\/avatar\/2df85d0820b33bffdd86a729d25273c6153c1cc9b1338f26ef0c98d01163520d?s=96&d=mm&r=g","contentUrl":"https:\/\/secure.gravatar.com\/avatar\/2df85d0820b33bffdd86a729d25273c6153c1cc9b1338f26ef0c98d01163520d?s=96&d=mm&r=g","caption":"Gunilla Yourstone"},"url":"https:\/\/4000mil.se\/index.php\/author\/gunillay\/"}]}},"_links":{"self":[{"href":"https:\/\/4000mil.se\/index.php\/wp-json\/wp\/v2\/posts\/81958","targetHints":{"allow":["GET"]}}],"collection":[{"href":"https:\/\/4000mil.se\/index.php\/wp-json\/wp\/v2\/posts"}],"about":[{"href":"https:\/\/4000mil.se\/index.php\/wp-json\/wp\/v2\/types\/post"}],"author":[{"embeddable":true,"href":"https:\/\/4000mil.se\/index.php\/wp-json\/wp\/v2\/users\/3"}],"replies":[{"embeddable":true,"href":"https:\/\/4000mil.se\/index.php\/wp-json\/wp\/v2\/comments?post=81958"}],"version-history":[{"count":14,"href":"https:\/\/4000mil.se\/index.php\/wp-json\/wp\/v2\/posts\/81958\/revisions"}],"predecessor-version":[{"id":82128,"href":"https:\/\/4000mil.se\/index.php\/wp-json\/wp\/v2\/posts\/81958\/revisions\/82128"}],"wp:featuredmedia":[{"embeddable":true,"href":"https:\/\/4000mil.se\/index.php\/wp-json\/wp\/v2\/media\/81950"}],"wp:attachment":[{"href":"https:\/\/4000mil.se\/index.php\/wp-json\/wp\/v2\/media?parent=81958"}],"wp:term":[{"taxonomy":"category","embeddable":true,"href":"https:\/\/4000mil.se\/index.php\/wp-json\/wp\/v2\/categories?post=81958"},{"taxonomy":"post_tag","embeddable":true,"href":"https:\/\/4000mil.se\/index.php\/wp-json\/wp\/v2\/tags?post=81958"}],"curies":[{"name":"wp","href":"https:\/\/api.w.org\/{rel}","templated":true}]}}