{"id":86068,"date":"2026-03-31T06:00:00","date_gmt":"2026-03-31T04:00:00","guid":{"rendered":"https:\/\/4000mil.se\/?p=86068"},"modified":"2026-04-06T08:37:19","modified_gmt":"2026-04-06T06:37:19","slug":"vad-gor-man-i-belgrad-nar-det-regnar","status":"publish","type":"post","link":"https:\/\/4000mil.se\/index.php\/vad-gor-man-i-belgrad-nar-det-regnar\/","title":{"rendered":"Vad g\u00f6r man i Belgrad n\u00e4r det regnar?"},"content":{"rendered":"\n<p>Jag har ju redan <a href=\"https:\/\/4000mil.se\/index.php\/idag-reser-jag-till-nordmakedonien\/\" type=\"post\" id=\"85883\">ber\u00e4ttat flera g\u00e5nger nu<\/a>, att jag passade p\u00e5 att stanna tv\u00e5 dygn extra i Belgrad p\u00e5 v\u00e4gen hem fr\u00e5n Nordmakedonien. Eftersom jag \u00e4nd\u00e5 hade byte h\u00e4r p\u00e5 hemv\u00e4g.<\/p>\n\n\n\n<p>Jag satt d\u00e4r f\u00f6r n\u00e5gra veckor sedan och v\u00e4gde f\u00f6rdelar mot nackdelar, skulle jag ut\u00f6ka resan eller inte? \u00c5 ena sidan, jag \u00e4lskar ju att resa och se nya platser. \u00c5 andra sidan, jag vet ju att pressresor kan vara r\u00e4tt utmattande. P\u00e5 ett positivt s\u00e4tt f\u00f6rst\u00e5s, men \u00e4nd\u00e5. Plus d\u00e5 att jag och Christofer redan som det var skulle komma att \u00e5ka om varandra egentligen hela mars. Han med jobbresor och jag med massor av privata resor. Eller i form av reseskribent. Om nu det \u00e4r privat eller professionellt vid det h\u00e4r laget?<\/p>\n\n\n\n<figure class=\"wp-block-image size-large\"><img loading=\"lazy\" decoding=\"async\" width=\"768\" height=\"1024\" src=\"https:\/\/4000mil.se\/wp-content\/uploads\/2026\/03\/IMG_4378-768x1024.jpeg\" alt=\"Vad g\u00f6r man i Belgrad n\u00e4r det regnar?\" class=\"wp-image-86071\" srcset=\"https:\/\/4000mil.se\/wp-content\/uploads\/2026\/03\/IMG_4378-768x1024.jpeg 768w, https:\/\/4000mil.se\/wp-content\/uploads\/2026\/03\/IMG_4378-225x300.jpeg 225w, https:\/\/4000mil.se\/wp-content\/uploads\/2026\/03\/IMG_4378-1152x1536.jpeg 1152w, https:\/\/4000mil.se\/wp-content\/uploads\/2026\/03\/IMG_4378-800x1067.jpeg 800w, https:\/\/4000mil.se\/wp-content\/uploads\/2026\/03\/IMG_4378.jpeg 1536w\" sizes=\"auto, (max-width: 768px) 100vw, 768px\" \/><\/figure>\n\n\n\n<p>Det som f\u00e4llde avg\u00f6rande var nog faktiskt <a href=\"https:\/\/4000mil.se\/index.php\/80-lander-besokta-vad-hander-nu\/\" type=\"post\" id=\"86014\">det h\u00e4r med att jag r\u00e4knar l\u00e4nder<\/a>. F\u00f6r Serbien var ju nu alldeles ensamt kvar d\u00e4r nere p\u00e5 Balkan, som enda land aldrig bes\u00f6kt av mig. Och n\u00e4r skulle n\u00e4sta tillf\u00e4lle bli liksom? Och n\u00e4r man \u00e4nd\u00e5 \u00e4r d\u00e4r i form av en transfer?<\/p>\n\n\n\n<p>V\u00e4l p\u00e5 plats i Nordmakedonien har vi ett h\u00e4rligt v\u00e5rv\u00e4der. Sol och ljumma vindar dagtid. \u00c4ven om kv\u00e4llarna \u00e4nnu \u00e4r kylslagna. Men s\u00e5 kommer omslaget. P\u00e5 v\u00e4g till flygplatsen i Skopje kommer regnet. Prognosen fram\u00e5t i Belgrad \u00e4r bister. Regn och kyla hela helgen.<\/p>\n\n\n\n<figure class=\"wp-block-image size-large\"><img loading=\"lazy\" decoding=\"async\" width=\"768\" height=\"1024\" src=\"https:\/\/4000mil.se\/wp-content\/uploads\/2026\/03\/IMG_4383-768x1024.jpeg\" alt=\"\" class=\"wp-image-86109\" srcset=\"https:\/\/4000mil.se\/wp-content\/uploads\/2026\/03\/IMG_4383-768x1024.jpeg 768w, https:\/\/4000mil.se\/wp-content\/uploads\/2026\/03\/IMG_4383-225x300.jpeg 225w, https:\/\/4000mil.se\/wp-content\/uploads\/2026\/03\/IMG_4383-1152x1536.jpeg 1152w, https:\/\/4000mil.se\/wp-content\/uploads\/2026\/03\/IMG_4383-800x1067.jpeg 800w, https:\/\/4000mil.se\/wp-content\/uploads\/2026\/03\/IMG_4383.jpeg 1536w\" sizes=\"auto, (max-width: 768px) 100vw, 768px\" \/><\/figure>\n\n\n\n<p>L\u00e4ge att v\u00e4dernoja? Ja det borde det ju vara f\u00f6r en rutinerad v\u00e4dernojare som jag. Det brukar annars vara n\u00e5got av min paradgren. Men nej, faktiskt inte denna g\u00e5ng.<\/p>\n\n\n\n<p>Jag g\u00e5r in i ov\u00e4dret med ett rent of\u00f6rsk\u00e4mt lugn. Det f\u00e5r bli det som det blir i Belgrad. Och det finns ju saker att g\u00f6ra inomhus ocks\u00e5.<\/p>\n\n\n\n<figure class=\"wp-block-image size-large\"><img loading=\"lazy\" decoding=\"async\" width=\"1024\" height=\"683\" src=\"https:\/\/4000mil.se\/wp-content\/uploads\/2026\/03\/IMG_6991-1024x683.jpg\" alt=\"Vad g\u00f6r man i Belgrad n\u00e4r det regnar?\" class=\"wp-image-86110\" srcset=\"https:\/\/4000mil.se\/wp-content\/uploads\/2026\/03\/IMG_6991-1024x683.jpg 1024w, https:\/\/4000mil.se\/wp-content\/uploads\/2026\/03\/IMG_6991-300x200.jpg 300w, https:\/\/4000mil.se\/wp-content\/uploads\/2026\/03\/IMG_6991-768x512.jpg 768w, https:\/\/4000mil.se\/wp-content\/uploads\/2026\/03\/IMG_6991-1536x1024.jpg 1536w, https:\/\/4000mil.se\/wp-content\/uploads\/2026\/03\/IMG_6991-2000x1333.jpg 2000w, https:\/\/4000mil.se\/wp-content\/uploads\/2026\/03\/IMG_6991-800x533.jpg 800w, https:\/\/4000mil.se\/wp-content\/uploads\/2026\/03\/IMG_6991.jpg 2048w\" sizes=\"auto, (max-width: 1024px) 100vw, 1024px\" \/><\/figure>\n\n\n\n<h2 class=\"wp-block-heading\">Fredag &#8211; jag anl\u00e4nder<\/h2>\n\n\n\n<p>Jag har bokat flygplatstransfer via Booking.com. En \u00e4ldre man med privatbil h\u00e4mtar mig p\u00e5 flygplatsen. Han talar bra engelska och vi pratar p\u00e5 under f\u00e4rden. <br>&#8211; Du skulle ha kommit i maj, s\u00e4ger han, d\u00e5 \u00e4r det lummigt och uteserveringarna \u00e4r \u00f6ppna. Vi har m\u00e5nga utomhuskonserter p\u00e5 somrarna ocks\u00e5. Han r\u00e4knar upp k\u00e4nda namn. Eros Ramazzotti, Rod Steward, med flera.<\/p>\n\n\n\n<figure class=\"wp-block-image size-large\"><img loading=\"lazy\" decoding=\"async\" width=\"1024\" height=\"683\" src=\"https:\/\/4000mil.se\/wp-content\/uploads\/2026\/03\/IMG_6996-1024x683.jpg\" alt=\"Vad g\u00f6r man i Belgrad n\u00e4r det regnar?\" class=\"wp-image-86125\" srcset=\"https:\/\/4000mil.se\/wp-content\/uploads\/2026\/03\/IMG_6996-1024x683.jpg 1024w, https:\/\/4000mil.se\/wp-content\/uploads\/2026\/03\/IMG_6996-300x200.jpg 300w, https:\/\/4000mil.se\/wp-content\/uploads\/2026\/03\/IMG_6996-768x512.jpg 768w, https:\/\/4000mil.se\/wp-content\/uploads\/2026\/03\/IMG_6996-1536x1024.jpg 1536w, https:\/\/4000mil.se\/wp-content\/uploads\/2026\/03\/IMG_6996-2000x1333.jpg 2000w, https:\/\/4000mil.se\/wp-content\/uploads\/2026\/03\/IMG_6996-800x533.jpg 800w, https:\/\/4000mil.se\/wp-content\/uploads\/2026\/03\/IMG_6996.jpg 2048w\" sizes=\"auto, (max-width: 1024px) 100vw, 1024px\" \/><\/figure>\n\n\n\n<p>&#8211; Har du bokat transfer tillbaka? Undrar han diskret. Nej det har jag ju inte. <br>&#8211; Samma pris? Fr\u00e5gar jag. <br>&#8211; Ja, jag tar det f\u00f6rst\u00e5s via Booking d\u00e5 ocks\u00e5, bedyrar han.<br>Jag orkar inte f\u00f6rklara att jag fattar att han tar pengarna sj\u00e4lv, men att det \u00e4r helt okej f\u00f6r mig. Att jag ju mycket hellre ser mina 30 Euro i hans fickor \u00e4n i Bookings. Jag tackar bara ja till hans erbjudande och pris.<\/p>\n\n\n\n<p>Jag \u00e4r dyngtr\u00f6tt efter dagarna p\u00e5 pressresan. Fullt program fr\u00e5n 8:00 till 22:00 varje dag. Tusen upplevelser. God mat och frikostigt med dryck. Samt n\u00e5gon form av efterfest i grannrummet i Skopje natten innan. Jag sov v\u00e4l 4 timmar, trots \u00f6ronproppar.<\/p>\n\n\n\n<figure class=\"wp-block-image size-large\"><img loading=\"lazy\" decoding=\"async\" width=\"768\" height=\"1024\" src=\"https:\/\/4000mil.se\/wp-content\/uploads\/2026\/03\/IMG_4396-768x1024.jpeg\" alt=\"Vad g\u00f6r man i Belgrad n\u00e4r det regnar?\" class=\"wp-image-86070\" srcset=\"https:\/\/4000mil.se\/wp-content\/uploads\/2026\/03\/IMG_4396-768x1024.jpeg 768w, https:\/\/4000mil.se\/wp-content\/uploads\/2026\/03\/IMG_4396-225x300.jpeg 225w, https:\/\/4000mil.se\/wp-content\/uploads\/2026\/03\/IMG_4396-1152x1536.jpeg 1152w, https:\/\/4000mil.se\/wp-content\/uploads\/2026\/03\/IMG_4396-800x1067.jpeg 800w, https:\/\/4000mil.se\/wp-content\/uploads\/2026\/03\/IMG_4396.jpeg 1536w\" sizes=\"auto, (max-width: 768px) 100vw, 768px\" \/><\/figure>\n\n\n\n<p>Det k\u00e4nns sk\u00f6nt att inta s\u00e4ngel\u00e4ge p\u00e5 <a href=\"https:\/\/www.booking.com\/hotel\/rs\/moskva.sv.html?aid=950752&amp;no_rooms=1&amp;group_adults=2\" type=\"link\" id=\"https:\/\/www.booking.com\/hotel\/rs\/moskva.sv.html?aid=950752&amp;no_rooms=1&amp;group_adults=2\" target=\"_blank\" rel=\"noreferrer noopener\">Hotel Moskva<\/a>, trots att klockan inte \u00e4r mer \u00e4n 18. Se de sista avsnitten av Love is Blind, medan Belgrads trafikanter uppr\u00f6rt tutar p\u00e5 varandra p\u00e5 gatan utanf\u00f6r och pianomusiken fr\u00e5n baren i foajen letar sig upp genom hotellets trappa.<\/p>\n\n\n\n<p>10 timmar i str\u00e4ck sover jag. Som ett barn. Och det \u00e4r gudomligt. \u00c4r det s\u00e5 jag kommer att minnas Belgrad f\u00f6r alltid sen? Som staden d\u00e4r jag sov som jag aldrig gjort f\u00f6rut?<\/p>\n\n\n\n<figure class=\"wp-block-image size-full\"><img loading=\"lazy\" decoding=\"async\" width=\"1024\" height=\"683\" src=\"https:\/\/4000mil.se\/wp-content\/uploads\/2026\/03\/436371342.jpg\" alt=\"\" class=\"wp-image-86111\" srcset=\"https:\/\/4000mil.se\/wp-content\/uploads\/2026\/03\/436371342.jpg 1024w, https:\/\/4000mil.se\/wp-content\/uploads\/2026\/03\/436371342-300x200.jpg 300w, https:\/\/4000mil.se\/wp-content\/uploads\/2026\/03\/436371342-768x512.jpg 768w, https:\/\/4000mil.se\/wp-content\/uploads\/2026\/03\/436371342-800x534.jpg 800w\" sizes=\"auto, (max-width: 1024px) 100vw, 1024px\" \/><\/figure>\n\n\n\n<h2 class=\"wp-block-heading\">Vaknar p\u00e5 Hotel Moskva<\/h2>\n\n\n\n<p>Hur beskriver jag <a href=\"https:\/\/www.booking.com\/hotel\/rs\/moskva.sv.html?aid=950752&amp;no_rooms=1&amp;group_adults=2\" type=\"link\" id=\"https:\/\/www.booking.com\/hotel\/rs\/moskva.sv.html?aid=950752&amp;no_rooms=1&amp;group_adults=2\" target=\"_blank\" rel=\"noreferrer noopener\">Hotel Moskva<\/a>? En centraleuropeisk gammal p\u00e4rla med en tydlig doft av svunna tider. H\u00f6g svansf\u00f6ring och mycket k\u00e4nsla. Fast \u00e4nd\u00e5 lite av <em>Grand Old Budapest Hotel<\/em> \u00f6ver det hela. Niv\u00e5n n\u00e5r inte riktigt upp till svansf\u00f6ringen med v\u00e4steuropeiska m\u00e5tt \u00e4nd\u00e5? Fast servicen och personalen \u00e4r fantastisk. Det m\u00e5ste man ge dem.<\/p>\n\n\n\n<p>Frukostbuff\u00e9n \u00e4r gener\u00f6s. Livemusik fr\u00e5n flygeln. Ett glas bubbel f\u00f6r den hugade. Sj\u00e4lv offrar jag mig f\u00f6r fotot. Annars skulle jag ju aldrig&#8230;?<\/p>\n\n\n\n<figure class=\"wp-block-image size-large\"><img loading=\"lazy\" decoding=\"async\" width=\"768\" height=\"1024\" src=\"https:\/\/4000mil.se\/wp-content\/uploads\/2026\/03\/IMG_4322-768x1024.jpeg\" alt=\"Vad g\u00f6r man i Belgrad n\u00e4r det regnar?\" class=\"wp-image-86077\" srcset=\"https:\/\/4000mil.se\/wp-content\/uploads\/2026\/03\/IMG_4322-768x1024.jpeg 768w, https:\/\/4000mil.se\/wp-content\/uploads\/2026\/03\/IMG_4322-225x300.jpeg 225w, https:\/\/4000mil.se\/wp-content\/uploads\/2026\/03\/IMG_4322-1152x1536.jpeg 1152w, https:\/\/4000mil.se\/wp-content\/uploads\/2026\/03\/IMG_4322-800x1067.jpeg 800w, https:\/\/4000mil.se\/wp-content\/uploads\/2026\/03\/IMG_4322.jpeg 1536w\" sizes=\"auto, (max-width: 768px) 100vw, 768px\" \/><\/figure>\n\n\n\n<figure class=\"wp-block-image size-full\"><img loading=\"lazy\" decoding=\"async\" width=\"512\" height=\"768\" src=\"https:\/\/4000mil.se\/wp-content\/uploads\/2026\/03\/436370506.jpg\" alt=\"\" class=\"wp-image-86136\" srcset=\"https:\/\/4000mil.se\/wp-content\/uploads\/2026\/03\/436370506.jpg 512w, https:\/\/4000mil.se\/wp-content\/uploads\/2026\/03\/436370506-200x300.jpg 200w\" sizes=\"auto, (max-width: 512px) 100vw, 512px\" \/><\/figure>\n\n\n\n<h2 class=\"wp-block-heading\">Museum of the Nineties<\/h2>\n\n\n\n<p>Regnet skvalar envist utanf\u00f6r. Jag tar mitt paraply och beger mig till ett museum som jag sett ut i f\u00f6rv\u00e4g, <em>Museum of the Nineties<\/em>. Det handlar om 90-talet och om Balkankriget.<\/p>\n\n\n\n<p>N\u00e4r jag anl\u00e4nder \u00e4r jag den enda bes\u00f6karen. Tv\u00e5 kvinnor tar emot och ber\u00e4ttar ivrigt. Detta museum har en ambition att ge ett mer nyanserat perspektiv. Inte som gemene man i Serbien skylla kriget p\u00e5 &#8221;alla de andra folkslagen&#8221;.<\/p>\n\n\n\n<p>Det \u00e4r bra t\u00e4nker jag, och beger mig ut i museet som \u00e4r byggt i form av en labyrint.<\/p>\n\n\n\n<p>Jugoslavien h\u00f6lls l\u00e4nge ihop av Tito. Efter Titos d\u00f6d f\u00f6rsvagades centralmakten, och under slutet av 1980-talet v\u00e4xte Milo\u0161evi\u0107 fram som en dominerande politisk ledare i Serbien. N\u00e4r \u00f6stblocket f\u00f6ll och de demokratiska vindarna svepte in \u00f6ver Jugoslavien, var det vissa personer med n\u00e4ra kopplingar till makten som f\u00f6rs\u00e5g sig ekonomiskt. Oligarker kallas de i Ryssland, Tycoons sa man h\u00e4r. <br>Allt medan vanligt folk fick det s\u00e4mre.<\/p>\n\n\n\n<figure class=\"wp-block-image size-large\"><img loading=\"lazy\" decoding=\"async\" width=\"768\" height=\"1024\" src=\"https:\/\/4000mil.se\/wp-content\/uploads\/2026\/03\/IMG_4210-768x1024.jpeg\" alt=\"Vad g\u00f6r man i Belgrad n\u00e4r det regnar?\" class=\"wp-image-86075\" srcset=\"https:\/\/4000mil.se\/wp-content\/uploads\/2026\/03\/IMG_4210-768x1024.jpeg 768w, https:\/\/4000mil.se\/wp-content\/uploads\/2026\/03\/IMG_4210-225x300.jpeg 225w, https:\/\/4000mil.se\/wp-content\/uploads\/2026\/03\/IMG_4210-1152x1536.jpeg 1152w, https:\/\/4000mil.se\/wp-content\/uploads\/2026\/03\/IMG_4210-800x1067.jpeg 800w, https:\/\/4000mil.se\/wp-content\/uploads\/2026\/03\/IMG_4210.jpeg 1536w\" sizes=\"auto, (max-width: 768px) 100vw, 768px\" \/><figcaption class=\"wp-element-caption\">F\u00f6rgyllda toaletter blev en symbol f\u00f6r Tycoons<\/figcaption><\/figure>\n\n\n\n<p>De \u00f6vriga folkslagen ville nu ha sj\u00e4lvst\u00e4ndighet fr\u00e5n Jugoslavien. Demonstrerade, gjorde uppror. Som slog ner av makten.<\/p>\n\n\n\n<p>D\u00e4r n\u00e5gonstans tog kriget sin b\u00f6rjan, \u00e4r min tolkning efter alla mina turer i Balkan, och \u00e4ven fr\u00e5n detta museum.<\/p>\n\n\n\n<figure class=\"wp-block-image size-large\"><img loading=\"lazy\" decoding=\"async\" width=\"1024\" height=\"768\" src=\"https:\/\/4000mil.se\/wp-content\/uploads\/2026\/03\/IMG_4221-1024x768.jpeg\" alt=\"\" class=\"wp-image-86114\" srcset=\"https:\/\/4000mil.se\/wp-content\/uploads\/2026\/03\/IMG_4221-1024x768.jpeg 1024w, https:\/\/4000mil.se\/wp-content\/uploads\/2026\/03\/IMG_4221-300x225.jpeg 300w, https:\/\/4000mil.se\/wp-content\/uploads\/2026\/03\/IMG_4221-768x576.jpeg 768w, https:\/\/4000mil.se\/wp-content\/uploads\/2026\/03\/IMG_4221-1536x1152.jpeg 1536w, https:\/\/4000mil.se\/wp-content\/uploads\/2026\/03\/IMG_4221-2000x1500.jpeg 2000w, https:\/\/4000mil.se\/wp-content\/uploads\/2026\/03\/IMG_4221-800x600.jpeg 800w, https:\/\/4000mil.se\/wp-content\/uploads\/2026\/03\/IMG_4221.jpeg 2048w\" sizes=\"auto, (max-width: 1024px) 100vw, 1024px\" \/><\/figure>\n\n\n\n<p>&#8211; Vad tycker du? Fr\u00e5gar kvinnorna n\u00e4r jag \u00e4r klar.<br>&#8211; Jag tycker att alla ni nationaliteter p\u00e5 Balkan m\u00e5ste sluta se er sj\u00e4lva som b\u00e4ttre \u00e4n era grannar. Att just ni har r\u00e4tt och alla andra fel. Alla \u00e4r vi bara m\u00e4nniskor varken mer eller mindre. Om ni inte slutar med detta kommer ni att hamna i krig med varandra igen inom 50 \u00e5r!<\/p>\n\n\n\n<p>Jag vet inte om kvinnorna h\u00e5ller med mig. Men jag fick \u00e5tminstone s\u00e4ga det som v\u00e4xt i mig s\u00e5 l\u00e4nge nu, under alla mina resor p\u00e5 Balkan.<\/p>\n\n\n\n<figure class=\"wp-block-image size-large\"><img loading=\"lazy\" decoding=\"async\" width=\"768\" height=\"1024\" src=\"https:\/\/4000mil.se\/wp-content\/uploads\/2026\/03\/IMG_4234-768x1024.jpeg\" alt=\"Vad g\u00f6r man i Belgrad n\u00e4r det regnar?\" class=\"wp-image-86074\" srcset=\"https:\/\/4000mil.se\/wp-content\/uploads\/2026\/03\/IMG_4234-768x1024.jpeg 768w, https:\/\/4000mil.se\/wp-content\/uploads\/2026\/03\/IMG_4234-225x300.jpeg 225w, https:\/\/4000mil.se\/wp-content\/uploads\/2026\/03\/IMG_4234-1152x1536.jpeg 1152w, https:\/\/4000mil.se\/wp-content\/uploads\/2026\/03\/IMG_4234-800x1067.jpeg 800w, https:\/\/4000mil.se\/wp-content\/uploads\/2026\/03\/IMG_4234.jpeg 1536w\" sizes=\"auto, (max-width: 768px) 100vw, 768px\" \/><figcaption class=\"wp-element-caption\">&#8221;K\u00e4rleken kommer att r\u00e4dda oss&#8221;<\/figcaption><\/figure>\n\n\n\n<h2 class=\"wp-block-heading\">Sveti Marco<\/h2>\n\n\n\n<p>Runt h\u00f6rnet finns en serbisk-ortodox kyrka. Jag g\u00e5r in en sv\u00e4ng, den \u00e4r vacker och rofylld. Utanf\u00f6r st\u00e5r en sp\u00e5rvagn, s\u00e5 ur\u00e5ldrig att jag f\u00f6rst t\u00e4nker att det \u00e4r en museivagn. Men nej, det k\u00f6r linje 6.<\/p>\n\n\n\n<figure class=\"wp-block-image size-large\"><img loading=\"lazy\" decoding=\"async\" width=\"1024\" height=\"768\" src=\"https:\/\/4000mil.se\/wp-content\/uploads\/2026\/03\/IMG_4249-1024x768.jpeg\" alt=\"Vad g\u00f6r man i Belgrad n\u00e4r det regnar?\" class=\"wp-image-86107\" srcset=\"https:\/\/4000mil.se\/wp-content\/uploads\/2026\/03\/IMG_4249-1024x768.jpeg 1024w, https:\/\/4000mil.se\/wp-content\/uploads\/2026\/03\/IMG_4249-300x225.jpeg 300w, https:\/\/4000mil.se\/wp-content\/uploads\/2026\/03\/IMG_4249-768x576.jpeg 768w, https:\/\/4000mil.se\/wp-content\/uploads\/2026\/03\/IMG_4249-1536x1152.jpeg 1536w, https:\/\/4000mil.se\/wp-content\/uploads\/2026\/03\/IMG_4249-2000x1500.jpeg 2000w, https:\/\/4000mil.se\/wp-content\/uploads\/2026\/03\/IMG_4249-800x600.jpeg 800w, https:\/\/4000mil.se\/wp-content\/uploads\/2026\/03\/IMG_4249.jpeg 2048w\" sizes=\"auto, (max-width: 1024px) 100vw, 1024px\" \/><\/figure>\n\n\n\n<figure class=\"wp-block-image size-large\"><img loading=\"lazy\" decoding=\"async\" width=\"1024\" height=\"768\" src=\"https:\/\/4000mil.se\/wp-content\/uploads\/2026\/03\/IMG_4256-1024x768.jpeg\" alt=\"\" class=\"wp-image-86106\" srcset=\"https:\/\/4000mil.se\/wp-content\/uploads\/2026\/03\/IMG_4256-1024x768.jpeg 1024w, https:\/\/4000mil.se\/wp-content\/uploads\/2026\/03\/IMG_4256-300x225.jpeg 300w, https:\/\/4000mil.se\/wp-content\/uploads\/2026\/03\/IMG_4256-768x576.jpeg 768w, https:\/\/4000mil.se\/wp-content\/uploads\/2026\/03\/IMG_4256-1536x1152.jpeg 1536w, https:\/\/4000mil.se\/wp-content\/uploads\/2026\/03\/IMG_4256-2000x1500.jpeg 2000w, https:\/\/4000mil.se\/wp-content\/uploads\/2026\/03\/IMG_4256-800x600.jpeg 800w, https:\/\/4000mil.se\/wp-content\/uploads\/2026\/03\/IMG_4256.jpeg 2048w\" sizes=\"auto, (max-width: 1024px) 100vw, 1024px\" \/><\/figure>\n\n\n\n<h2 class=\"wp-block-heading\">G\u00e5gatan i Gamla stan<\/h2>\n\n\n\n<p>Nu \u00e4r det h\u00f6g tid att g\u00f6ra g\u00e5gatan i <em>Gamla stan<\/em>. Den d\u00e4r gatan ni vet som finns i alla st\u00e4der. D\u00e4r kedjorna ligger p\u00e5 rad, H&amp;M ocks\u00e5. Gallerior, lokala butiker. Belgrad har hela tre bokhandlar p\u00e5 denna gata. Inte s\u00e5 illa \u00e4nd\u00e5.<\/p>\n\n\n\n<figure class=\"wp-block-image size-large\"><img loading=\"lazy\" decoding=\"async\" width=\"1024\" height=\"683\" src=\"https:\/\/4000mil.se\/wp-content\/uploads\/2026\/03\/IMG_7012-1024x683.jpg\" alt=\"Vad g\u00f6r man i Belgrad n\u00e4r det regnar?\" class=\"wp-image-86120\" srcset=\"https:\/\/4000mil.se\/wp-content\/uploads\/2026\/03\/IMG_7012-1024x683.jpg 1024w, https:\/\/4000mil.se\/wp-content\/uploads\/2026\/03\/IMG_7012-300x200.jpg 300w, https:\/\/4000mil.se\/wp-content\/uploads\/2026\/03\/IMG_7012-768x512.jpg 768w, https:\/\/4000mil.se\/wp-content\/uploads\/2026\/03\/IMG_7012-1536x1024.jpg 1536w, https:\/\/4000mil.se\/wp-content\/uploads\/2026\/03\/IMG_7012-2000x1333.jpg 2000w, https:\/\/4000mil.se\/wp-content\/uploads\/2026\/03\/IMG_7012-800x533.jpg 800w, https:\/\/4000mil.se\/wp-content\/uploads\/2026\/03\/IMG_7012.jpg 2048w\" sizes=\"auto, (max-width: 1024px) 100vw, 1024px\" \/><\/figure>\n\n\n\n<h2 class=\"wp-block-heading\">Fortet<\/h2>\n\n\n\n<p>G\u00e5gatan slutar i fortet. Det som ligger p\u00e5 en kulle d\u00e4r <em>Donau <\/em>m\u00f6ter <em>Sava<\/em>. H\u00e4r promenerar de lokala flan\u00f6rerna och turisterna tillsammans. Gatuf\u00f6rs\u00e4ljare s\u00e4ljer uniformsm\u00f6ssor fr\u00e5n kommunisttiden. P\u00e5 90-talet var det \u00e4kta vara, men knappast nu va?<\/p>\n\n\n\n<p>Strumpor med Putin p\u00e5 \u00e4r annars stors\u00e4ljaren.<\/p>\n\n\n\n<figure class=\"wp-block-image size-large\"><img loading=\"lazy\" decoding=\"async\" width=\"861\" height=\"1024\" src=\"https:\/\/4000mil.se\/wp-content\/uploads\/2026\/03\/IMG_4348-861x1024.jpeg\" alt=\"Vad g\u00f6r man i Belgrad n\u00e4r det regnar?\" class=\"wp-image-86105\" srcset=\"https:\/\/4000mil.se\/wp-content\/uploads\/2026\/03\/IMG_4348-861x1024.jpeg 861w, https:\/\/4000mil.se\/wp-content\/uploads\/2026\/03\/IMG_4348-252x300.jpeg 252w, https:\/\/4000mil.se\/wp-content\/uploads\/2026\/03\/IMG_4348-768x914.jpeg 768w, https:\/\/4000mil.se\/wp-content\/uploads\/2026\/03\/IMG_4348-1291x1536.jpeg 1291w, https:\/\/4000mil.se\/wp-content\/uploads\/2026\/03\/IMG_4348-800x952.jpeg 800w, https:\/\/4000mil.se\/wp-content\/uploads\/2026\/03\/IMG_4348.jpeg 1721w\" sizes=\"auto, (max-width: 861px) 100vw, 861px\" \/><\/figure>\n\n\n\n<figure class=\"wp-block-image size-large\"><img loading=\"lazy\" decoding=\"async\" width=\"1024\" height=\"683\" src=\"https:\/\/4000mil.se\/wp-content\/uploads\/2026\/03\/IMG_7002-1024x683.jpg\" alt=\"Vad g\u00f6r man i Belgrad n\u00e4r det regnar?\" class=\"wp-image-86103\" srcset=\"https:\/\/4000mil.se\/wp-content\/uploads\/2026\/03\/IMG_7002-1024x683.jpg 1024w, https:\/\/4000mil.se\/wp-content\/uploads\/2026\/03\/IMG_7002-300x200.jpg 300w, https:\/\/4000mil.se\/wp-content\/uploads\/2026\/03\/IMG_7002-768x512.jpg 768w, https:\/\/4000mil.se\/wp-content\/uploads\/2026\/03\/IMG_7002-1536x1024.jpg 1536w, https:\/\/4000mil.se\/wp-content\/uploads\/2026\/03\/IMG_7002-2000x1333.jpg 2000w, https:\/\/4000mil.se\/wp-content\/uploads\/2026\/03\/IMG_7002-800x533.jpg 800w, https:\/\/4000mil.se\/wp-content\/uploads\/2026\/03\/IMG_7002.jpg 2048w\" sizes=\"auto, (max-width: 1024px) 100vw, 1024px\" \/><figcaption class=\"wp-element-caption\">Var det verkligen ett Europa fyllt av vapen, misstro och hat vi dr\u00f6mde om?<\/figcaption><\/figure>\n\n\n\n<h2 class=\"wp-block-heading\">Spa<\/h2>\n\n\n\n<p>Tillbaka till hotellet. F\u00f6r jag har bokat rum med tillg\u00e5ng till spa och vill ha valuta f\u00f6r pengarna. Spaet \u00e4r litet, men helt tomt s\u00e5 n\u00e4r som p\u00e5 mig. Jag bubblar, och bastar p\u00e5 i godan ro. F\u00e5r upp v\u00e4rmen.<\/p>\n\n\n\n<figure class=\"wp-block-image size-full\"><img loading=\"lazy\" decoding=\"async\" width=\"1024\" height=\"683\" src=\"https:\/\/4000mil.se\/wp-content\/uploads\/2026\/03\/436372008.jpg\" alt=\"\" class=\"wp-image-86102\" srcset=\"https:\/\/4000mil.se\/wp-content\/uploads\/2026\/03\/436372008.jpg 1024w, https:\/\/4000mil.se\/wp-content\/uploads\/2026\/03\/436372008-300x200.jpg 300w, https:\/\/4000mil.se\/wp-content\/uploads\/2026\/03\/436372008-768x512.jpg 768w, https:\/\/4000mil.se\/wp-content\/uploads\/2026\/03\/436372008-800x534.jpg 800w\" sizes=\"auto, (max-width: 1024px) 100vw, 1024px\" \/><\/figure>\n\n\n\n<h2 class=\"wp-block-heading\">Fika<\/h2>\n\n\n\n<p>Sedan \u00e4r det h\u00f6g tid att utnyttja fler av hotellets faciliteter. Hotellbaren h\u00e4r \u00e4r extremt popul\u00e4r. Fullsatt hela dagen och kv\u00e4llen. Men jag lyckas hugga ett bord, tar in en bakelse och bubbel. Har med datorn och <a href=\"https:\/\/4000mil.se\/index.php\/80-lander-besokta-vad-hander-nu\/\" type=\"post\" id=\"86014\">skriver om mina 80 l\u00e4nder<\/a>. Pianisten spelar of\u00f6rtrutet p\u00e5. De m\u00e5ste v\u00e4l vara flera som byts av?<\/p>\n\n\n\n<p>Mitt bord har plats f\u00f6r fyra. Pl\u00f6tsligt kommer ett amerikanskt par och bara s\u00e4tter sig hos mig. Har aldrig varit med om det f\u00f6rut. Att man inte fr\u00e5gar f\u00f6rst. Det h\u00f6r v\u00e4l till normal artighet? Jag sitter kvar tills de g\u00e5tt. Bara f\u00f6r att.<\/p>\n\n\n\n<figure class=\"wp-block-image size-large\"><img loading=\"lazy\" decoding=\"async\" width=\"768\" height=\"1024\" src=\"https:\/\/4000mil.se\/wp-content\/uploads\/2026\/03\/IMG_4298-768x1024.jpeg\" alt=\"Vad g\u00f6r man i Belgrad n\u00e4r det regnar?\" class=\"wp-image-86048\" srcset=\"https:\/\/4000mil.se\/wp-content\/uploads\/2026\/03\/IMG_4298-768x1024.jpeg 768w, https:\/\/4000mil.se\/wp-content\/uploads\/2026\/03\/IMG_4298-225x300.jpeg 225w, https:\/\/4000mil.se\/wp-content\/uploads\/2026\/03\/IMG_4298-1152x1536.jpeg 1152w, https:\/\/4000mil.se\/wp-content\/uploads\/2026\/03\/IMG_4298-800x1067.jpeg 800w, https:\/\/4000mil.se\/wp-content\/uploads\/2026\/03\/IMG_4298.jpeg 1536w\" sizes=\"auto, (max-width: 768px) 100vw, 768px\" \/><figcaption class=\"wp-element-caption\">Vad g\u00f6r man i Belgrad n\u00e4r det regnar? Fikar f\u00f6rst\u00e5s!<\/figcaption><\/figure>\n\n\n\n<figure class=\"wp-block-image size-large\"><img loading=\"lazy\" decoding=\"async\" width=\"1024\" height=\"768\" src=\"https:\/\/4000mil.se\/wp-content\/uploads\/2026\/03\/IMG_4182-1-1024x768.jpeg\" alt=\"\" class=\"wp-image-86113\" srcset=\"https:\/\/4000mil.se\/wp-content\/uploads\/2026\/03\/IMG_4182-1-1024x768.jpeg 1024w, https:\/\/4000mil.se\/wp-content\/uploads\/2026\/03\/IMG_4182-1-300x225.jpeg 300w, https:\/\/4000mil.se\/wp-content\/uploads\/2026\/03\/IMG_4182-1-768x576.jpeg 768w, https:\/\/4000mil.se\/wp-content\/uploads\/2026\/03\/IMG_4182-1-1536x1152.jpeg 1536w, https:\/\/4000mil.se\/wp-content\/uploads\/2026\/03\/IMG_4182-1-2000x1500.jpeg 2000w, https:\/\/4000mil.se\/wp-content\/uploads\/2026\/03\/IMG_4182-1-800x600.jpeg 800w, https:\/\/4000mil.se\/wp-content\/uploads\/2026\/03\/IMG_4182-1.jpeg 2048w\" sizes=\"auto, (max-width: 1024px) 100vw, 1024px\" \/><\/figure>\n\n\n\n<figure class=\"wp-block-image size-full\"><img loading=\"lazy\" decoding=\"async\" width=\"512\" height=\"768\" src=\"https:\/\/4000mil.se\/wp-content\/uploads\/2026\/03\/436370844.jpg\" alt=\"\" class=\"wp-image-86112\" srcset=\"https:\/\/4000mil.se\/wp-content\/uploads\/2026\/03\/436370844.jpg 512w, https:\/\/4000mil.se\/wp-content\/uploads\/2026\/03\/436370844-200x300.jpg 200w\" sizes=\"auto, (max-width: 512px) 100vw, 512px\" \/><\/figure>\n\n\n\n<h2 class=\"wp-block-heading\">Dogma Brewery<\/h2>\n\n\n\n<p>Middagen blir p\u00e5 <em>Dogma Brewery<\/em> n\u00e5gra minuter bort. De har tyv\u00e4rr inga provningsbrickor, s\u00e5 det blir en IPA, som enligt min servit\u00f6r utsetts till Serbiens b\u00e4sta 2 \u00e5r i rad, plus en burgare.<\/p>\n\n\n\n<p>Sedan \u00e4r jag n\u00f6jd. Det blir <em>Love &amp; Death<\/em> i s\u00e4ngen resten av kv\u00e4llen.<\/p>\n\n\n\n<figure class=\"wp-block-image size-large\"><img loading=\"lazy\" decoding=\"async\" width=\"911\" height=\"1024\" src=\"https:\/\/4000mil.se\/wp-content\/uploads\/2026\/03\/IMG_4311-911x1024.jpeg\" alt=\"\" class=\"wp-image-86116\" srcset=\"https:\/\/4000mil.se\/wp-content\/uploads\/2026\/03\/IMG_4311-911x1024.jpeg 911w, https:\/\/4000mil.se\/wp-content\/uploads\/2026\/03\/IMG_4311-267x300.jpeg 267w, https:\/\/4000mil.se\/wp-content\/uploads\/2026\/03\/IMG_4311-768x863.jpeg 768w, https:\/\/4000mil.se\/wp-content\/uploads\/2026\/03\/IMG_4311-1367x1536.jpeg 1367w, https:\/\/4000mil.se\/wp-content\/uploads\/2026\/03\/IMG_4311-800x899.jpeg 800w, https:\/\/4000mil.se\/wp-content\/uploads\/2026\/03\/IMG_4311.jpeg 1822w\" sizes=\"auto, (max-width: 911px) 100vw, 911px\" \/><\/figure>\n\n\n\n<h2 class=\"wp-block-heading\">Vad jag vet om Belgrad nu<\/h2>\n\n\n\n<p>Blev jag n\u00e5got klokare d\u00e5? P\u00e5 Belgrad d\u00e4r i regnet? Kanske det, det jag l\u00e4rt mig om Belgrad som jag inte visste innan, \u00e4r att lokaltrafiken \u00e4r gratis, att r\u00f6dljusen \u00e4r r\u00f6da v\u00e4ldigt, v\u00e4ldigt l\u00e4nge h\u00e4r. Att alla pratar bra engelska. Fr\u00e5n min chauff\u00f6r till damen p\u00e5 apoteket jag bes\u00f6kte. Att det bara \u00e4r 37 mil till Budapest. Och att k\u00e4nslan h\u00e4r \u00e4r lika mycket Centraleuropa som Balkan. Ett slags mellanting.<\/p>\n\n\n\n<p>Och med det f\u00e5r man l\u00e5ta sig n\u00f6ja. F\u00f6r jag kommer ju tillbaka, det har jag lovat min chauff\u00f6r.<\/p>\n\n\n\n<figure class=\"wp-block-image size-large\"><img loading=\"lazy\" decoding=\"async\" width=\"1024\" height=\"683\" src=\"https:\/\/4000mil.se\/wp-content\/uploads\/2026\/03\/IMG_6998-1024x683.jpg\" alt=\"\" class=\"wp-image-86117\" srcset=\"https:\/\/4000mil.se\/wp-content\/uploads\/2026\/03\/IMG_6998-1024x683.jpg 1024w, https:\/\/4000mil.se\/wp-content\/uploads\/2026\/03\/IMG_6998-300x200.jpg 300w, https:\/\/4000mil.se\/wp-content\/uploads\/2026\/03\/IMG_6998-768x512.jpg 768w, https:\/\/4000mil.se\/wp-content\/uploads\/2026\/03\/IMG_6998-1536x1024.jpg 1536w, https:\/\/4000mil.se\/wp-content\/uploads\/2026\/03\/IMG_6998-2000x1333.jpg 2000w, https:\/\/4000mil.se\/wp-content\/uploads\/2026\/03\/IMG_6998-800x533.jpg 800w, https:\/\/4000mil.se\/wp-content\/uploads\/2026\/03\/IMG_6998.jpg 2048w\" sizes=\"auto, (max-width: 1024px) 100vw, 1024px\" \/><figcaption class=\"wp-element-caption\">H\u00e4r kommer hon. Donau.<\/figcaption><\/figure>\n\n\n\n<figure class=\"wp-block-image size-large\"><img loading=\"lazy\" decoding=\"async\" width=\"1024\" height=\"683\" src=\"https:\/\/4000mil.se\/wp-content\/uploads\/2026\/03\/IMG_6979-1024x683.jpg\" alt=\"Vad g\u00f6r man i Belgrad n\u00e4r det regnar?\" class=\"wp-image-86118\" srcset=\"https:\/\/4000mil.se\/wp-content\/uploads\/2026\/03\/IMG_6979-1024x683.jpg 1024w, https:\/\/4000mil.se\/wp-content\/uploads\/2026\/03\/IMG_6979-300x200.jpg 300w, https:\/\/4000mil.se\/wp-content\/uploads\/2026\/03\/IMG_6979-768x512.jpg 768w, https:\/\/4000mil.se\/wp-content\/uploads\/2026\/03\/IMG_6979-1536x1024.jpg 1536w, https:\/\/4000mil.se\/wp-content\/uploads\/2026\/03\/IMG_6979-2000x1333.jpg 2000w, https:\/\/4000mil.se\/wp-content\/uploads\/2026\/03\/IMG_6979-800x533.jpg 800w, https:\/\/4000mil.se\/wp-content\/uploads\/2026\/03\/IMG_6979.jpg 2048w\" sizes=\"auto, (max-width: 1024px) 100vw, 1024px\" \/><\/figure>\n\n\n\n<p><\/p>\n\n\n\n<p><\/p>\n\n\n\n<p>Missa inga inl\u00e4gg. Gl\u00f6m inte att&nbsp;<a href=\"https:\/\/www.facebook.com\/4000mil\/\" target=\"_blank\" rel=\"noreferrer noopener\">f\u00f6lja 4000mil p\u00e5 Facebook<\/a>&nbsp;och&nbsp;<a href=\"https:\/\/www.instagram.com\/4000mil.se\/\" target=\"_blank\" rel=\"noreferrer noopener\">p\u00e5 Instagram<\/a>.<\/p>\n\n\n\n<p><\/p>\n","protected":false},"excerpt":{"rendered":"<p>Jag har ju redan ber\u00e4ttat flera g\u00e5nger nu, att jag passade p\u00e5 att stanna tv\u00e5 dygn extra i Belgrad p\u00e5 v\u00e4gen hem fr\u00e5n Nordmakedonien. Eftersom jag \u00e4nd\u00e5 hade byte h\u00e4r p\u00e5 hemv\u00e4g. Jag satt d\u00e4r f\u00f6r n\u00e5gra veckor sedan och v\u00e4gde f\u00f6rdelar mot nackdelar, skulle jag ut\u00f6ka resan eller inte? [&hellip;]<\/p>\n","protected":false},"author":3,"featured_media":86118,"comment_status":"open","ping_status":"open","sticky":false,"template":"","format":"standard","meta":{"_monsterinsights_skip_tracking":false,"_monsterinsights_sitenote_active":false,"_monsterinsights_sitenote_note":"","_monsterinsights_sitenote_category":0,"footnotes":""},"categories":[12772],"tags":[],"class_list":["post-86068","post","type-post","status-publish","format-standard","has-post-thumbnail","hentry","category-serbien"],"yoast_head":"<!-- This site is optimized with the Yoast SEO plugin v27.5 - https:\/\/yoast.com\/product\/yoast-seo-wordpress\/ -->\n<title>Vad g\u00f6r man i Belgrad n\u00e4r det regnar?<\/title>\n<meta name=\"description\" content=\"Vad g\u00f6r man i Belgrad n\u00e4r det regnar? Jag finner mig till r\u00e4tta p\u00e5 min centraleuropeiska p\u00e4rla till hotell och bes\u00f6ker ett museum.\" \/>\n<meta name=\"robots\" content=\"index, follow, max-snippet:-1, max-image-preview:large, max-video-preview:-1\" \/>\n<link rel=\"canonical\" href=\"https:\/\/4000mil.se\/index.php\/vad-gor-man-i-belgrad-nar-det-regnar\/\" \/>\n<meta property=\"og:locale\" content=\"sv_SE\" \/>\n<meta property=\"og:type\" content=\"article\" \/>\n<meta property=\"og:title\" content=\"Vad g\u00f6r man i Belgrad n\u00e4r det regnar?\" \/>\n<meta property=\"og:description\" content=\"Vad g\u00f6r man i Belgrad n\u00e4r det regnar? Jag finner mig till r\u00e4tta p\u00e5 min centraleuropeiska p\u00e4rla till hotell och bes\u00f6ker ett museum.\" \/>\n<meta property=\"og:url\" content=\"https:\/\/4000mil.se\/index.php\/vad-gor-man-i-belgrad-nar-det-regnar\/\" \/>\n<meta property=\"og:site_name\" content=\"4000 mil - en reseblogg\" \/>\n<meta property=\"article:publisher\" content=\"https:\/\/www.facebook.com\/4000mil\/\" \/>\n<meta property=\"article:published_time\" content=\"2026-03-31T04:00:00+00:00\" \/>\n<meta property=\"article:modified_time\" content=\"2026-04-06T06:37:19+00:00\" \/>\n<meta property=\"og:image\" content=\"https:\/\/4000mil.se\/wp-content\/uploads\/2026\/03\/IMG_6979.jpg\" \/>\n\t<meta property=\"og:image:width\" content=\"2048\" \/>\n\t<meta property=\"og:image:height\" content=\"1365\" \/>\n\t<meta property=\"og:image:type\" content=\"image\/jpeg\" \/>\n<meta name=\"author\" content=\"Gunilla Yourstone\" \/>\n<meta name=\"twitter:card\" content=\"summary_large_image\" \/>\n<meta name=\"twitter:creator\" content=\"@4000mil_se\" \/>\n<meta name=\"twitter:site\" content=\"@4000mil_se\" \/>\n<meta name=\"twitter:label1\" content=\"Skriven av\" \/>\n\t<meta name=\"twitter:data1\" content=\"Gunilla Yourstone\" \/>\n\t<meta name=\"twitter:label2\" content=\"Ber\u00e4knad l\u00e4stid\" \/>\n\t<meta name=\"twitter:data2\" content=\"12 minuter\" \/>\n<script type=\"application\/ld+json\" class=\"yoast-schema-graph\">{\"@context\":\"https:\\\/\\\/schema.org\",\"@graph\":[{\"@type\":\"Article\",\"@id\":\"https:\\\/\\\/4000mil.se\\\/index.php\\\/vad-gor-man-i-belgrad-nar-det-regnar\\\/#article\",\"isPartOf\":{\"@id\":\"https:\\\/\\\/4000mil.se\\\/index.php\\\/vad-gor-man-i-belgrad-nar-det-regnar\\\/\"},\"author\":{\"name\":\"Gunilla Yourstone\",\"@id\":\"https:\\\/\\\/4000mil.se\\\/#\\\/schema\\\/person\\\/cda463da9f6f2c4d9bbc173471184a73\"},\"headline\":\"Vad g\u00f6r man i Belgrad n\u00e4r det regnar?\",\"datePublished\":\"2026-03-31T04:00:00+00:00\",\"dateModified\":\"2026-04-06T06:37:19+00:00\",\"mainEntityOfPage\":{\"@id\":\"https:\\\/\\\/4000mil.se\\\/index.php\\\/vad-gor-man-i-belgrad-nar-det-regnar\\\/\"},\"wordCount\":1585,\"commentCount\":4,\"publisher\":{\"@id\":\"https:\\\/\\\/4000mil.se\\\/#organization\"},\"image\":{\"@id\":\"https:\\\/\\\/4000mil.se\\\/index.php\\\/vad-gor-man-i-belgrad-nar-det-regnar\\\/#primaryimage\"},\"thumbnailUrl\":\"https:\\\/\\\/4000mil.se\\\/wp-content\\\/uploads\\\/2026\\\/03\\\/IMG_6979.jpg\",\"articleSection\":[\"Serbien\"],\"inLanguage\":\"sv-SE\",\"potentialAction\":[{\"@type\":\"CommentAction\",\"name\":\"Comment\",\"target\":[\"https:\\\/\\\/4000mil.se\\\/index.php\\\/vad-gor-man-i-belgrad-nar-det-regnar\\\/#respond\"]}]},{\"@type\":\"WebPage\",\"@id\":\"https:\\\/\\\/4000mil.se\\\/index.php\\\/vad-gor-man-i-belgrad-nar-det-regnar\\\/\",\"url\":\"https:\\\/\\\/4000mil.se\\\/index.php\\\/vad-gor-man-i-belgrad-nar-det-regnar\\\/\",\"name\":\"Vad g\u00f6r man i Belgrad n\u00e4r det regnar?\",\"isPartOf\":{\"@id\":\"https:\\\/\\\/4000mil.se\\\/#website\"},\"primaryImageOfPage\":{\"@id\":\"https:\\\/\\\/4000mil.se\\\/index.php\\\/vad-gor-man-i-belgrad-nar-det-regnar\\\/#primaryimage\"},\"image\":{\"@id\":\"https:\\\/\\\/4000mil.se\\\/index.php\\\/vad-gor-man-i-belgrad-nar-det-regnar\\\/#primaryimage\"},\"thumbnailUrl\":\"https:\\\/\\\/4000mil.se\\\/wp-content\\\/uploads\\\/2026\\\/03\\\/IMG_6979.jpg\",\"datePublished\":\"2026-03-31T04:00:00+00:00\",\"dateModified\":\"2026-04-06T06:37:19+00:00\",\"description\":\"Vad g\u00f6r man i Belgrad n\u00e4r det regnar? Jag finner mig till r\u00e4tta p\u00e5 min centraleuropeiska p\u00e4rla till hotell och bes\u00f6ker ett museum.\",\"breadcrumb\":{\"@id\":\"https:\\\/\\\/4000mil.se\\\/index.php\\\/vad-gor-man-i-belgrad-nar-det-regnar\\\/#breadcrumb\"},\"inLanguage\":\"sv-SE\",\"potentialAction\":[{\"@type\":\"ReadAction\",\"target\":[\"https:\\\/\\\/4000mil.se\\\/index.php\\\/vad-gor-man-i-belgrad-nar-det-regnar\\\/\"]}]},{\"@type\":\"ImageObject\",\"inLanguage\":\"sv-SE\",\"@id\":\"https:\\\/\\\/4000mil.se\\\/index.php\\\/vad-gor-man-i-belgrad-nar-det-regnar\\\/#primaryimage\",\"url\":\"https:\\\/\\\/4000mil.se\\\/wp-content\\\/uploads\\\/2026\\\/03\\\/IMG_6979.jpg\",\"contentUrl\":\"https:\\\/\\\/4000mil.se\\\/wp-content\\\/uploads\\\/2026\\\/03\\\/IMG_6979.jpg\",\"width\":2048,\"height\":1365},{\"@type\":\"BreadcrumbList\",\"@id\":\"https:\\\/\\\/4000mil.se\\\/index.php\\\/vad-gor-man-i-belgrad-nar-det-regnar\\\/#breadcrumb\",\"itemListElement\":[{\"@type\":\"ListItem\",\"position\":1,\"name\":\"Home\",\"item\":\"https:\\\/\\\/4000mil.se\\\/\"},{\"@type\":\"ListItem\",\"position\":2,\"name\":\"Vad g\u00f6r man i Belgrad n\u00e4r det regnar?\"}]},{\"@type\":\"WebSite\",\"@id\":\"https:\\\/\\\/4000mil.se\\\/#website\",\"url\":\"https:\\\/\\\/4000mil.se\\\/\",\"name\":\"4000 mil - en reseblogg\",\"description\":\"We haven&#039;t been everywhere, but it is on our list.\",\"publisher\":{\"@id\":\"https:\\\/\\\/4000mil.se\\\/#organization\"},\"potentialAction\":[{\"@type\":\"SearchAction\",\"target\":{\"@type\":\"EntryPoint\",\"urlTemplate\":\"https:\\\/\\\/4000mil.se\\\/?s={search_term_string}\"},\"query-input\":{\"@type\":\"PropertyValueSpecification\",\"valueRequired\":true,\"valueName\":\"search_term_string\"}}],\"inLanguage\":\"sv-SE\"},{\"@type\":\"Organization\",\"@id\":\"https:\\\/\\\/4000mil.se\\\/#organization\",\"name\":\"4000mil\",\"url\":\"https:\\\/\\\/4000mil.se\\\/\",\"logo\":{\"@type\":\"ImageObject\",\"inLanguage\":\"sv-SE\",\"@id\":\"https:\\\/\\\/4000mil.se\\\/#\\\/schema\\\/logo\\\/image\\\/\",\"url\":\"https:\\\/\\\/4000mil.se\\\/wp-content\\\/uploads\\\/2017\\\/07\\\/rsz_img_5178-e1511641744338.jpg\",\"contentUrl\":\"https:\\\/\\\/4000mil.se\\\/wp-content\\\/uploads\\\/2017\\\/07\\\/rsz_img_5178-e1511641744338.jpg\",\"width\":1000,\"height\":667,\"caption\":\"4000mil\"},\"image\":{\"@id\":\"https:\\\/\\\/4000mil.se\\\/#\\\/schema\\\/logo\\\/image\\\/\"},\"sameAs\":[\"https:\\\/\\\/www.facebook.com\\\/4000mil\\\/\",\"https:\\\/\\\/x.com\\\/4000mil_se\",\"https:\\\/\\\/www.instagram.com\\\/4000mil.se\\\/\",\"https:\\\/\\\/www.youtube.com\\\/channel\\\/UCJ-arZd2a7dT4Kqq5GtVbXQ\"]},{\"@type\":\"Person\",\"@id\":\"https:\\\/\\\/4000mil.se\\\/#\\\/schema\\\/person\\\/cda463da9f6f2c4d9bbc173471184a73\",\"name\":\"Gunilla Yourstone\",\"image\":{\"@type\":\"ImageObject\",\"inLanguage\":\"sv-SE\",\"@id\":\"https:\\\/\\\/secure.gravatar.com\\\/avatar\\\/2df85d0820b33bffdd86a729d25273c6153c1cc9b1338f26ef0c98d01163520d?s=96&d=mm&r=g\",\"url\":\"https:\\\/\\\/secure.gravatar.com\\\/avatar\\\/2df85d0820b33bffdd86a729d25273c6153c1cc9b1338f26ef0c98d01163520d?s=96&d=mm&r=g\",\"contentUrl\":\"https:\\\/\\\/secure.gravatar.com\\\/avatar\\\/2df85d0820b33bffdd86a729d25273c6153c1cc9b1338f26ef0c98d01163520d?s=96&d=mm&r=g\",\"caption\":\"Gunilla Yourstone\"},\"url\":\"https:\\\/\\\/4000mil.se\\\/index.php\\\/author\\\/gunillay\\\/\"}]}<\/script>\n<!-- \/ Yoast SEO plugin. -->","yoast_head_json":{"title":"Vad g\u00f6r man i Belgrad n\u00e4r det regnar?","description":"Vad g\u00f6r man i Belgrad n\u00e4r det regnar? Jag finner mig till r\u00e4tta p\u00e5 min centraleuropeiska p\u00e4rla till hotell och bes\u00f6ker ett museum.","robots":{"index":"index","follow":"follow","max-snippet":"max-snippet:-1","max-image-preview":"max-image-preview:large","max-video-preview":"max-video-preview:-1"},"canonical":"https:\/\/4000mil.se\/index.php\/vad-gor-man-i-belgrad-nar-det-regnar\/","og_locale":"sv_SE","og_type":"article","og_title":"Vad g\u00f6r man i Belgrad n\u00e4r det regnar?","og_description":"Vad g\u00f6r man i Belgrad n\u00e4r det regnar? Jag finner mig till r\u00e4tta p\u00e5 min centraleuropeiska p\u00e4rla till hotell och bes\u00f6ker ett museum.","og_url":"https:\/\/4000mil.se\/index.php\/vad-gor-man-i-belgrad-nar-det-regnar\/","og_site_name":"4000 mil - en reseblogg","article_publisher":"https:\/\/www.facebook.com\/4000mil\/","article_published_time":"2026-03-31T04:00:00+00:00","article_modified_time":"2026-04-06T06:37:19+00:00","og_image":[{"width":2048,"height":1365,"url":"https:\/\/4000mil.se\/wp-content\/uploads\/2026\/03\/IMG_6979.jpg","type":"image\/jpeg"}],"author":"Gunilla Yourstone","twitter_card":"summary_large_image","twitter_creator":"@4000mil_se","twitter_site":"@4000mil_se","twitter_misc":{"Skriven av":"Gunilla Yourstone","Ber\u00e4knad l\u00e4stid":"12 minuter"},"schema":{"@context":"https:\/\/schema.org","@graph":[{"@type":"Article","@id":"https:\/\/4000mil.se\/index.php\/vad-gor-man-i-belgrad-nar-det-regnar\/#article","isPartOf":{"@id":"https:\/\/4000mil.se\/index.php\/vad-gor-man-i-belgrad-nar-det-regnar\/"},"author":{"name":"Gunilla Yourstone","@id":"https:\/\/4000mil.se\/#\/schema\/person\/cda463da9f6f2c4d9bbc173471184a73"},"headline":"Vad g\u00f6r man i Belgrad n\u00e4r det regnar?","datePublished":"2026-03-31T04:00:00+00:00","dateModified":"2026-04-06T06:37:19+00:00","mainEntityOfPage":{"@id":"https:\/\/4000mil.se\/index.php\/vad-gor-man-i-belgrad-nar-det-regnar\/"},"wordCount":1585,"commentCount":4,"publisher":{"@id":"https:\/\/4000mil.se\/#organization"},"image":{"@id":"https:\/\/4000mil.se\/index.php\/vad-gor-man-i-belgrad-nar-det-regnar\/#primaryimage"},"thumbnailUrl":"https:\/\/4000mil.se\/wp-content\/uploads\/2026\/03\/IMG_6979.jpg","articleSection":["Serbien"],"inLanguage":"sv-SE","potentialAction":[{"@type":"CommentAction","name":"Comment","target":["https:\/\/4000mil.se\/index.php\/vad-gor-man-i-belgrad-nar-det-regnar\/#respond"]}]},{"@type":"WebPage","@id":"https:\/\/4000mil.se\/index.php\/vad-gor-man-i-belgrad-nar-det-regnar\/","url":"https:\/\/4000mil.se\/index.php\/vad-gor-man-i-belgrad-nar-det-regnar\/","name":"Vad g\u00f6r man i Belgrad n\u00e4r det regnar?","isPartOf":{"@id":"https:\/\/4000mil.se\/#website"},"primaryImageOfPage":{"@id":"https:\/\/4000mil.se\/index.php\/vad-gor-man-i-belgrad-nar-det-regnar\/#primaryimage"},"image":{"@id":"https:\/\/4000mil.se\/index.php\/vad-gor-man-i-belgrad-nar-det-regnar\/#primaryimage"},"thumbnailUrl":"https:\/\/4000mil.se\/wp-content\/uploads\/2026\/03\/IMG_6979.jpg","datePublished":"2026-03-31T04:00:00+00:00","dateModified":"2026-04-06T06:37:19+00:00","description":"Vad g\u00f6r man i Belgrad n\u00e4r det regnar? Jag finner mig till r\u00e4tta p\u00e5 min centraleuropeiska p\u00e4rla till hotell och bes\u00f6ker ett museum.","breadcrumb":{"@id":"https:\/\/4000mil.se\/index.php\/vad-gor-man-i-belgrad-nar-det-regnar\/#breadcrumb"},"inLanguage":"sv-SE","potentialAction":[{"@type":"ReadAction","target":["https:\/\/4000mil.se\/index.php\/vad-gor-man-i-belgrad-nar-det-regnar\/"]}]},{"@type":"ImageObject","inLanguage":"sv-SE","@id":"https:\/\/4000mil.se\/index.php\/vad-gor-man-i-belgrad-nar-det-regnar\/#primaryimage","url":"https:\/\/4000mil.se\/wp-content\/uploads\/2026\/03\/IMG_6979.jpg","contentUrl":"https:\/\/4000mil.se\/wp-content\/uploads\/2026\/03\/IMG_6979.jpg","width":2048,"height":1365},{"@type":"BreadcrumbList","@id":"https:\/\/4000mil.se\/index.php\/vad-gor-man-i-belgrad-nar-det-regnar\/#breadcrumb","itemListElement":[{"@type":"ListItem","position":1,"name":"Home","item":"https:\/\/4000mil.se\/"},{"@type":"ListItem","position":2,"name":"Vad g\u00f6r man i Belgrad n\u00e4r det regnar?"}]},{"@type":"WebSite","@id":"https:\/\/4000mil.se\/#website","url":"https:\/\/4000mil.se\/","name":"4000 mil - en reseblogg","description":"We haven&#039;t been everywhere, but it is on our list.","publisher":{"@id":"https:\/\/4000mil.se\/#organization"},"potentialAction":[{"@type":"SearchAction","target":{"@type":"EntryPoint","urlTemplate":"https:\/\/4000mil.se\/?s={search_term_string}"},"query-input":{"@type":"PropertyValueSpecification","valueRequired":true,"valueName":"search_term_string"}}],"inLanguage":"sv-SE"},{"@type":"Organization","@id":"https:\/\/4000mil.se\/#organization","name":"4000mil","url":"https:\/\/4000mil.se\/","logo":{"@type":"ImageObject","inLanguage":"sv-SE","@id":"https:\/\/4000mil.se\/#\/schema\/logo\/image\/","url":"https:\/\/4000mil.se\/wp-content\/uploads\/2017\/07\/rsz_img_5178-e1511641744338.jpg","contentUrl":"https:\/\/4000mil.se\/wp-content\/uploads\/2017\/07\/rsz_img_5178-e1511641744338.jpg","width":1000,"height":667,"caption":"4000mil"},"image":{"@id":"https:\/\/4000mil.se\/#\/schema\/logo\/image\/"},"sameAs":["https:\/\/www.facebook.com\/4000mil\/","https:\/\/x.com\/4000mil_se","https:\/\/www.instagram.com\/4000mil.se\/","https:\/\/www.youtube.com\/channel\/UCJ-arZd2a7dT4Kqq5GtVbXQ"]},{"@type":"Person","@id":"https:\/\/4000mil.se\/#\/schema\/person\/cda463da9f6f2c4d9bbc173471184a73","name":"Gunilla Yourstone","image":{"@type":"ImageObject","inLanguage":"sv-SE","@id":"https:\/\/secure.gravatar.com\/avatar\/2df85d0820b33bffdd86a729d25273c6153c1cc9b1338f26ef0c98d01163520d?s=96&d=mm&r=g","url":"https:\/\/secure.gravatar.com\/avatar\/2df85d0820b33bffdd86a729d25273c6153c1cc9b1338f26ef0c98d01163520d?s=96&d=mm&r=g","contentUrl":"https:\/\/secure.gravatar.com\/avatar\/2df85d0820b33bffdd86a729d25273c6153c1cc9b1338f26ef0c98d01163520d?s=96&d=mm&r=g","caption":"Gunilla Yourstone"},"url":"https:\/\/4000mil.se\/index.php\/author\/gunillay\/"}]}},"_links":{"self":[{"href":"https:\/\/4000mil.se\/index.php\/wp-json\/wp\/v2\/posts\/86068","targetHints":{"allow":["GET"]}}],"collection":[{"href":"https:\/\/4000mil.se\/index.php\/wp-json\/wp\/v2\/posts"}],"about":[{"href":"https:\/\/4000mil.se\/index.php\/wp-json\/wp\/v2\/types\/post"}],"author":[{"embeddable":true,"href":"https:\/\/4000mil.se\/index.php\/wp-json\/wp\/v2\/users\/3"}],"replies":[{"embeddable":true,"href":"https:\/\/4000mil.se\/index.php\/wp-json\/wp\/v2\/comments?post=86068"}],"version-history":[{"count":43,"href":"https:\/\/4000mil.se\/index.php\/wp-json\/wp\/v2\/posts\/86068\/revisions"}],"predecessor-version":[{"id":86378,"href":"https:\/\/4000mil.se\/index.php\/wp-json\/wp\/v2\/posts\/86068\/revisions\/86378"}],"wp:featuredmedia":[{"embeddable":true,"href":"https:\/\/4000mil.se\/index.php\/wp-json\/wp\/v2\/media\/86118"}],"wp:attachment":[{"href":"https:\/\/4000mil.se\/index.php\/wp-json\/wp\/v2\/media?parent=86068"}],"wp:term":[{"taxonomy":"category","embeddable":true,"href":"https:\/\/4000mil.se\/index.php\/wp-json\/wp\/v2\/categories?post=86068"},{"taxonomy":"post_tag","embeddable":true,"href":"https:\/\/4000mil.se\/index.php\/wp-json\/wp\/v2\/tags?post=86068"}],"curies":[{"name":"wp","href":"https:\/\/api.w.org\/{rel}","templated":true}]}}